{"id":25688,"date":"2014-11-19T17:58:06","date_gmt":"2014-11-19T15:58:06","guid":{"rendered":"http:\/\/esplac.cat\/?p=5798"},"modified":"2014-11-19T17:58:06","modified_gmt":"2014-11-19T15:58:06","slug":"lesplai-es-espai-de-drets","status":"publish","type":"post","link":"https:\/\/www.esplac.cat\/en\/lesplai-es-espai-de-drets\/","title":{"rendered":"L&#8217;esplai \u00e9s espai de drets"},"content":{"rendered":"<p><!--:CA-->Els esplais d\u2019Esplac eduquem a infants i joves des del voluntariat mitjan\u00e7ant el treball dels drets dels infants. La promoci\u00f3 i sensibilitzaci\u00f3 han sigut i segueixen sent un tret diferencial de la feina que duem a terme. Considerem essencial posar en valor els drets que tenen els infants: cal que els coneguin i els puguin posar en pr\u00e0ctica. Perqu\u00e8 tenir drets nom\u00e9s serveix per poder-los exercir o poder-los reivindicar en el cas que se\u2019t limitin.<\/p>\n<p align=\"justify\">Actualment a Catalunya,\u00a0hem assumit que l&#8217;etapa des dels 0 fins als 18 anys\u00a0\u00e9s una etapa diferent i amb unes particularitats molt concretes que cal treballar. Per\u00f2 malgrat aquest fet, no es permet que els infants es puguin desenvolupar en tota la seva amplitud. Segurament tenim assumit que en aquestes edats son m\u00e9s vulnerables i necessiten una certa protecci\u00f3 del m\u00f3n adult, la qual cosa no deixa de ser certa. Per\u00f2 aix\u00f2 no ha de fer que perdem oportunitats, viv\u00e8ncies o aprenentatges que cal que es visquin i s\u2019experimentin en aquestes edats.<\/p>\n<p align=\"justify\">Per una banda se\u2019ls tracta en funci\u00f3 del que seran en un futur, cosa que fa que els sotmetem a una pressi\u00f3 excessiva (dies llargu\u00edssims i setmanes plenes d\u2019activitats). Per altra banda, tot i tenir drets garantits, tenen unes limitacions brutals per poder-los exercir: vivim en espais que no estan pensats per a qu\u00e8 hi visquin infants i joves, no participen de la vida col\u00b7lectiva com a uns ciutadans m\u00e9s, no tenen veu,&#8230;<\/p>\n<p align=\"justify\">I estem parlant de drets que tenen infants i joves pel sol fet de ser-ho. Massa sovint lliguem el debat de drets al de deures i, malgrat tots dos son necessaris en el fet comunitari, no podem oblidar parlar dels drets que tenim per ells mateixos.<\/p>\n<p align=\"justify\"><strong>Espai de llibertat i ciutadania<\/strong><\/p>\n<p align=\"justify\">A l\u2019esplai, eduquem a trav\u00e9s dels drets dels infants m\u00e9s enll\u00e0 del 20-N. Eduquem tots els dissabtes del curs, d\u2019excursi\u00f3, col\u00f2nies i campaments. Mitjan\u00e7ant el joc, com a principal eina pedag\u00f2gica, els monitors i monitores executen els projectes educatius que tenen tots i cadascun dels esplais. \u00c9s a trav\u00e9s del joc que treballem amb els infants quins drets tenim i, el que \u00e9s m\u00e9s important, els portem a la pr\u00e0ctica.<\/p>\n<p align=\"justify\">A l\u2019esplai, els infants participen de la vida quotidiana. Participar no nom\u00e9s vol dir donar la teva opini\u00f3 sin\u00f3 que vol dir saber escoltar i ser escoltat i escoltada, aprendre a formar part d\u2019un col\u00b7lectiu, estar informat\/da, i poder i saber assumir responsabilitats.<\/p>\n<p align=\"justify\">A l\u2019esplai, acompanyem als infants i joves en el cam\u00ed de la creaci\u00f3 d\u2019una pr\u00f2pia identitat, d&#8217;aprendre a treballar en equip i de descobrir el m\u00f3n que ens envolta. Els mostrem diferents opcions i posem les eines necess\u00e0ries per tal de qu\u00e8 puguin escollir les que m\u00e9s els convingui.<\/p>\n<p align=\"justify\">L\u2019esplai per nosaltres \u00e9s un espai de llibertat i de ciutadania; per esdevenir ciutadans amb drets no cal esperar a tenir 18 anys. Els infants i joves tenen opini\u00f3, tenen veu i poden assumir responsabilitats. Per aix\u00f2 diem que m\u00e9s que ciutadans del futur son ciutadans del present; i no podem entendre ser ciutad\u00e0 sense que aix\u00f2 vagi lligat a tenir uns drets garantits i poder-los exercir.<\/p>\n<p><!--:--><!--:es--><\/p>\n<p><!--:--><!--:en--><\/p>\n<p><!--:--><!--:fr--><\/p>\n<p><!--:--><\/p>\n","protected":false},"excerpt":{"rendered":"<p>Els esplais d\u2019Esplac eduquem a infants i joves des del [&hellip;]<\/p>\n","protected":false},"author":3,"featured_media":25689,"comment_status":"open","ping_status":"open","sticky":false,"template":"","format":"standard","meta":{"om_disable_all_campaigns":false,"_monsterinsights_skip_tracking":false,"_monsterinsights_sitenote_active":false,"_monsterinsights_sitenote_note":"","_monsterinsights_sitenote_category":0,"_uf_show_specific_survey":0,"_uf_disable_surveys":false,"footnotes":""},"categories":[1135,1127],"tags":[384,45,376,326],"class_list":["post-25688","post","type-post","status-publish","format-standard","has-post-thumbnail","hentry","category-20-n-drets-dels-infants","category-comunicats-posicionaments","tag-20-n","tag-drets-dels-infants","tag-dudi","tag-posicionament"],"yoast_head":"<!-- This site is optimized with the Yoast SEO plugin v27.5 - https:\/\/yoast.com\/product\/yoast-seo-wordpress\/ -->\n<title>L&#039;esplai \u00e9s espai de drets - Esplac<\/title>\n<meta name=\"robots\" content=\"index, follow, max-snippet:-1, max-image-preview:large, max-video-preview:-1\" \/>\n<link rel=\"canonical\" href=\"https:\/\/www.esplac.cat\/lesplai-es-espai-de-drets\/\" \/>\n<meta property=\"og:locale\" content=\"en_US\" \/>\n<meta property=\"og:type\" content=\"article\" \/>\n<meta property=\"og:title\" content=\"L&#039;esplai \u00e9s espai de drets - Esplac\" \/>\n<meta property=\"og:description\" content=\"Els esplais d\u2019Esplac eduquem a infants i joves des del [&hellip;]\" \/>\n<meta property=\"og:url\" content=\"https:\/\/www.esplac.cat\/lesplai-es-espai-de-drets\/\" \/>\n<meta property=\"og:site_name\" content=\"Esplac\" \/>\n<meta property=\"article:published_time\" content=\"2014-11-19T15:58:06+00:00\" \/>\n<meta property=\"og:image\" content=\"https:\/\/www.esplac.cat\/wp-content\/uploads\/2014\/11\/20141119_espai-drets.jpg\" \/>\n\t<meta property=\"og:image:width\" content=\"847\" \/>\n\t<meta property=\"og:image:height\" content=\"350\" \/>\n\t<meta property=\"og:image:type\" content=\"image\/jpeg\" \/>\n<meta name=\"author\" content=\"Comunicaci\u00f3 Esplac\" \/>\n<meta name=\"twitter:card\" content=\"summary_large_image\" \/>\n<meta name=\"twitter:label1\" content=\"Written by\" \/>\n\t<meta name=\"twitter:data1\" content=\"Comunicaci\u00f3 Esplac\" \/>\n\t<meta name=\"twitter:label2\" content=\"Est. reading time\" \/>\n\t<meta name=\"twitter:data2\" content=\"3 minutes\" \/>\n<script type=\"application\/ld+json\" class=\"yoast-schema-graph\">{\"@context\":\"https:\\\/\\\/schema.org\",\"@graph\":[{\"@type\":\"Article\",\"@id\":\"https:\\\/\\\/www.esplac.cat\\\/lesplai-es-espai-de-drets\\\/#article\",\"isPartOf\":{\"@id\":\"https:\\\/\\\/www.esplac.cat\\\/lesplai-es-espai-de-drets\\\/\"},\"author\":{\"name\":\"Comunicaci\u00f3 Esplac\",\"@id\":\"https:\\\/\\\/www.esplac.cat\\\/#\\\/schema\\\/person\\\/908383cf240be18b68f8855d0583faca\"},\"headline\":\"L&#8217;esplai \u00e9s espai de drets\",\"datePublished\":\"2014-11-19T15:58:06+00:00\",\"mainEntityOfPage\":{\"@id\":\"https:\\\/\\\/www.esplac.cat\\\/lesplai-es-espai-de-drets\\\/\"},\"wordCount\":563,\"commentCount\":0,\"publisher\":{\"@id\":\"https:\\\/\\\/www.esplac.cat\\\/#organization\"},\"image\":{\"@id\":\"https:\\\/\\\/www.esplac.cat\\\/lesplai-es-espai-de-drets\\\/#primaryimage\"},\"thumbnailUrl\":\"https:\\\/\\\/www.esplac.cat\\\/wp-content\\\/uploads\\\/2014\\\/11\\\/20141119_espai-drets.jpg\",\"keywords\":[\"20-N\",\"drets dels infants\",\"DUDI\",\"posicionament\"],\"articleSection\":[\"20-N: Drets dels infants\",\"Comunicats i posicionaments\"],\"inLanguage\":\"en-US\",\"potentialAction\":[{\"@type\":\"CommentAction\",\"name\":\"Comment\",\"target\":[\"https:\\\/\\\/www.esplac.cat\\\/lesplai-es-espai-de-drets\\\/#respond\"]}]},{\"@type\":\"WebPage\",\"@id\":\"https:\\\/\\\/www.esplac.cat\\\/lesplai-es-espai-de-drets\\\/\",\"url\":\"https:\\\/\\\/www.esplac.cat\\\/lesplai-es-espai-de-drets\\\/\",\"name\":\"L'esplai \u00e9s espai de drets - Esplac\",\"isPartOf\":{\"@id\":\"https:\\\/\\\/www.esplac.cat\\\/#website\"},\"primaryImageOfPage\":{\"@id\":\"https:\\\/\\\/www.esplac.cat\\\/lesplai-es-espai-de-drets\\\/#primaryimage\"},\"image\":{\"@id\":\"https:\\\/\\\/www.esplac.cat\\\/lesplai-es-espai-de-drets\\\/#primaryimage\"},\"thumbnailUrl\":\"https:\\\/\\\/www.esplac.cat\\\/wp-content\\\/uploads\\\/2014\\\/11\\\/20141119_espai-drets.jpg\",\"datePublished\":\"2014-11-19T15:58:06+00:00\",\"breadcrumb\":{\"@id\":\"https:\\\/\\\/www.esplac.cat\\\/lesplai-es-espai-de-drets\\\/#breadcrumb\"},\"inLanguage\":\"en-US\",\"potentialAction\":[{\"@type\":\"ReadAction\",\"target\":[\"https:\\\/\\\/www.esplac.cat\\\/lesplai-es-espai-de-drets\\\/\"]}]},{\"@type\":\"ImageObject\",\"inLanguage\":\"en-US\",\"@id\":\"https:\\\/\\\/www.esplac.cat\\\/lesplai-es-espai-de-drets\\\/#primaryimage\",\"url\":\"https:\\\/\\\/www.esplac.cat\\\/wp-content\\\/uploads\\\/2014\\\/11\\\/20141119_espai-drets.jpg\",\"contentUrl\":\"https:\\\/\\\/www.esplac.cat\\\/wp-content\\\/uploads\\\/2014\\\/11\\\/20141119_espai-drets.jpg\",\"width\":847,\"height\":350},{\"@type\":\"BreadcrumbList\",\"@id\":\"https:\\\/\\\/www.esplac.cat\\\/lesplai-es-espai-de-drets\\\/#breadcrumb\",\"itemListElement\":[{\"@type\":\"ListItem\",\"position\":1,\"name\":\"Inici\",\"item\":\"https:\\\/\\\/www.esplac.cat\\\/en\\\/\"},{\"@type\":\"ListItem\",\"position\":2,\"name\":\"L&#8217;esplai \u00e9s espai de drets\"}]},{\"@type\":\"WebSite\",\"@id\":\"https:\\\/\\\/www.esplac.cat\\\/#website\",\"url\":\"https:\\\/\\\/www.esplac.cat\\\/\",\"name\":\"Esplac\",\"description\":\"Esplais Catalans\",\"publisher\":{\"@id\":\"https:\\\/\\\/www.esplac.cat\\\/#organization\"},\"potentialAction\":[{\"@type\":\"SearchAction\",\"target\":{\"@type\":\"EntryPoint\",\"urlTemplate\":\"https:\\\/\\\/www.esplac.cat\\\/?s={search_term_string}\"},\"query-input\":{\"@type\":\"PropertyValueSpecification\",\"valueRequired\":true,\"valueName\":\"search_term_string\"}}],\"inLanguage\":\"en-US\"},{\"@type\":\"Organization\",\"@id\":\"https:\\\/\\\/www.esplac.cat\\\/#organization\",\"name\":\"Esplac\",\"url\":\"https:\\\/\\\/www.esplac.cat\\\/\",\"logo\":{\"@type\":\"ImageObject\",\"inLanguage\":\"en-US\",\"@id\":\"https:\\\/\\\/www.esplac.cat\\\/#\\\/schema\\\/logo\\\/image\\\/\",\"url\":\"https:\\\/\\\/www.esplac.cat\\\/wp-content\\\/uploads\\\/2019\\\/08\\\/logox2.png\",\"contentUrl\":\"https:\\\/\\\/www.esplac.cat\\\/wp-content\\\/uploads\\\/2019\\\/08\\\/logox2.png\",\"width\":600,\"height\":295,\"caption\":\"Esplac\"},\"image\":{\"@id\":\"https:\\\/\\\/www.esplac.cat\\\/#\\\/schema\\\/logo\\\/image\\\/\"}},{\"@type\":\"Person\",\"@id\":\"https:\\\/\\\/www.esplac.cat\\\/#\\\/schema\\\/person\\\/908383cf240be18b68f8855d0583faca\",\"name\":\"Comunicaci\u00f3 Esplac\",\"image\":{\"@type\":\"ImageObject\",\"inLanguage\":\"en-US\",\"@id\":\"https:\\\/\\\/secure.gravatar.com\\\/avatar\\\/7a4cf8feb412a76ea4a740ca02d95b06b2907b5a6c648c2dd0a1082a093c3141?s=96&d=mm&r=g\",\"url\":\"https:\\\/\\\/secure.gravatar.com\\\/avatar\\\/7a4cf8feb412a76ea4a740ca02d95b06b2907b5a6c648c2dd0a1082a093c3141?s=96&d=mm&r=g\",\"contentUrl\":\"https:\\\/\\\/secure.gravatar.com\\\/avatar\\\/7a4cf8feb412a76ea4a740ca02d95b06b2907b5a6c648c2dd0a1082a093c3141?s=96&d=mm&r=g\",\"caption\":\"Comunicaci\u00f3 Esplac\"}}]}<\/script>\n<!-- \/ Yoast SEO plugin. -->","yoast_head_json":{"title":"L'esplai \u00e9s espai de drets - Esplac","robots":{"index":"index","follow":"follow","max-snippet":"max-snippet:-1","max-image-preview":"max-image-preview:large","max-video-preview":"max-video-preview:-1"},"canonical":"https:\/\/www.esplac.cat\/lesplai-es-espai-de-drets\/","og_locale":"en_US","og_type":"article","og_title":"L'esplai \u00e9s espai de drets - Esplac","og_description":"Els esplais d\u2019Esplac eduquem a infants i joves des del [&hellip;]","og_url":"https:\/\/www.esplac.cat\/lesplai-es-espai-de-drets\/","og_site_name":"Esplac","article_published_time":"2014-11-19T15:58:06+00:00","og_image":[{"width":847,"height":350,"url":"https:\/\/www.esplac.cat\/wp-content\/uploads\/2014\/11\/20141119_espai-drets.jpg","type":"image\/jpeg"}],"author":"Comunicaci\u00f3 Esplac","twitter_card":"summary_large_image","twitter_misc":{"Written by":"Comunicaci\u00f3 Esplac","Est. reading time":"3 minutes"},"schema":{"@context":"https:\/\/schema.org","@graph":[{"@type":"Article","@id":"https:\/\/www.esplac.cat\/lesplai-es-espai-de-drets\/#article","isPartOf":{"@id":"https:\/\/www.esplac.cat\/lesplai-es-espai-de-drets\/"},"author":{"name":"Comunicaci\u00f3 Esplac","@id":"https:\/\/www.esplac.cat\/#\/schema\/person\/908383cf240be18b68f8855d0583faca"},"headline":"L&#8217;esplai \u00e9s espai de drets","datePublished":"2014-11-19T15:58:06+00:00","mainEntityOfPage":{"@id":"https:\/\/www.esplac.cat\/lesplai-es-espai-de-drets\/"},"wordCount":563,"commentCount":0,"publisher":{"@id":"https:\/\/www.esplac.cat\/#organization"},"image":{"@id":"https:\/\/www.esplac.cat\/lesplai-es-espai-de-drets\/#primaryimage"},"thumbnailUrl":"https:\/\/www.esplac.cat\/wp-content\/uploads\/2014\/11\/20141119_espai-drets.jpg","keywords":["20-N","drets dels infants","DUDI","posicionament"],"articleSection":["20-N: Drets dels infants","Comunicats i posicionaments"],"inLanguage":"en-US","potentialAction":[{"@type":"CommentAction","name":"Comment","target":["https:\/\/www.esplac.cat\/lesplai-es-espai-de-drets\/#respond"]}]},{"@type":"WebPage","@id":"https:\/\/www.esplac.cat\/lesplai-es-espai-de-drets\/","url":"https:\/\/www.esplac.cat\/lesplai-es-espai-de-drets\/","name":"L'esplai \u00e9s espai de drets - Esplac","isPartOf":{"@id":"https:\/\/www.esplac.cat\/#website"},"primaryImageOfPage":{"@id":"https:\/\/www.esplac.cat\/lesplai-es-espai-de-drets\/#primaryimage"},"image":{"@id":"https:\/\/www.esplac.cat\/lesplai-es-espai-de-drets\/#primaryimage"},"thumbnailUrl":"https:\/\/www.esplac.cat\/wp-content\/uploads\/2014\/11\/20141119_espai-drets.jpg","datePublished":"2014-11-19T15:58:06+00:00","breadcrumb":{"@id":"https:\/\/www.esplac.cat\/lesplai-es-espai-de-drets\/#breadcrumb"},"inLanguage":"en-US","potentialAction":[{"@type":"ReadAction","target":["https:\/\/www.esplac.cat\/lesplai-es-espai-de-drets\/"]}]},{"@type":"ImageObject","inLanguage":"en-US","@id":"https:\/\/www.esplac.cat\/lesplai-es-espai-de-drets\/#primaryimage","url":"https:\/\/www.esplac.cat\/wp-content\/uploads\/2014\/11\/20141119_espai-drets.jpg","contentUrl":"https:\/\/www.esplac.cat\/wp-content\/uploads\/2014\/11\/20141119_espai-drets.jpg","width":847,"height":350},{"@type":"BreadcrumbList","@id":"https:\/\/www.esplac.cat\/lesplai-es-espai-de-drets\/#breadcrumb","itemListElement":[{"@type":"ListItem","position":1,"name":"Inici","item":"https:\/\/www.esplac.cat\/en\/"},{"@type":"ListItem","position":2,"name":"L&#8217;esplai \u00e9s espai de drets"}]},{"@type":"WebSite","@id":"https:\/\/www.esplac.cat\/#website","url":"https:\/\/www.esplac.cat\/","name":"Esplac","description":"Esplais Catalans","publisher":{"@id":"https:\/\/www.esplac.cat\/#organization"},"potentialAction":[{"@type":"SearchAction","target":{"@type":"EntryPoint","urlTemplate":"https:\/\/www.esplac.cat\/?s={search_term_string}"},"query-input":{"@type":"PropertyValueSpecification","valueRequired":true,"valueName":"search_term_string"}}],"inLanguage":"en-US"},{"@type":"Organization","@id":"https:\/\/www.esplac.cat\/#organization","name":"Esplac","url":"https:\/\/www.esplac.cat\/","logo":{"@type":"ImageObject","inLanguage":"en-US","@id":"https:\/\/www.esplac.cat\/#\/schema\/logo\/image\/","url":"https:\/\/www.esplac.cat\/wp-content\/uploads\/2019\/08\/logox2.png","contentUrl":"https:\/\/www.esplac.cat\/wp-content\/uploads\/2019\/08\/logox2.png","width":600,"height":295,"caption":"Esplac"},"image":{"@id":"https:\/\/www.esplac.cat\/#\/schema\/logo\/image\/"}},{"@type":"Person","@id":"https:\/\/www.esplac.cat\/#\/schema\/person\/908383cf240be18b68f8855d0583faca","name":"Comunicaci\u00f3 Esplac","image":{"@type":"ImageObject","inLanguage":"en-US","@id":"https:\/\/secure.gravatar.com\/avatar\/7a4cf8feb412a76ea4a740ca02d95b06b2907b5a6c648c2dd0a1082a093c3141?s=96&d=mm&r=g","url":"https:\/\/secure.gravatar.com\/avatar\/7a4cf8feb412a76ea4a740ca02d95b06b2907b5a6c648c2dd0a1082a093c3141?s=96&d=mm&r=g","contentUrl":"https:\/\/secure.gravatar.com\/avatar\/7a4cf8feb412a76ea4a740ca02d95b06b2907b5a6c648c2dd0a1082a093c3141?s=96&d=mm&r=g","caption":"Comunicaci\u00f3 Esplac"}}]}},"_links":{"self":[{"href":"https:\/\/www.esplac.cat\/en\/wp-json\/wp\/v2\/posts\/25688","targetHints":{"allow":["GET"]}}],"collection":[{"href":"https:\/\/www.esplac.cat\/en\/wp-json\/wp\/v2\/posts"}],"about":[{"href":"https:\/\/www.esplac.cat\/en\/wp-json\/wp\/v2\/types\/post"}],"author":[{"embeddable":true,"href":"https:\/\/www.esplac.cat\/en\/wp-json\/wp\/v2\/users\/3"}],"replies":[{"embeddable":true,"href":"https:\/\/www.esplac.cat\/en\/wp-json\/wp\/v2\/comments?post=25688"}],"version-history":[{"count":0,"href":"https:\/\/www.esplac.cat\/en\/wp-json\/wp\/v2\/posts\/25688\/revisions"}],"wp:featuredmedia":[{"embeddable":true,"href":"https:\/\/www.esplac.cat\/en\/wp-json\/wp\/v2\/media\/25689"}],"wp:attachment":[{"href":"https:\/\/www.esplac.cat\/en\/wp-json\/wp\/v2\/media?parent=25688"}],"wp:term":[{"taxonomy":"category","embeddable":true,"href":"https:\/\/www.esplac.cat\/en\/wp-json\/wp\/v2\/categories?post=25688"},{"taxonomy":"post_tag","embeddable":true,"href":"https:\/\/www.esplac.cat\/en\/wp-json\/wp\/v2\/tags?post=25688"}],"curies":[{"name":"wp","href":"https:\/\/api.w.org\/{rel}","templated":true}]}}