{"id":25690,"date":"2014-11-18T15:32:11","date_gmt":"2014-11-18T13:32:11","guid":{"rendered":"http:\/\/esplac.cat\/?p=5792"},"modified":"2014-11-18T15:32:11","modified_gmt":"2014-11-18T13:32:11","slug":"bona-practica-gestio-i-difusio-de-les-fotografies-de-lesplai","status":"publish","type":"post","link":"https:\/\/www.esplac.cat\/en\/bona-practica-gestio-i-difusio-de-les-fotografies-de-lesplai\/","title":{"rendered":"Bona pr\u00e0ctica: gesti\u00f3 i difusi\u00f3 de les fotografies de l&#8217;esplai"},"content":{"rendered":"<p><!--:CA-->Compartir totes aquelles fotografies que hem fet al llarg de les nostres activitats \u00e9s una manera d&#8217;explicar qu\u00e8 \u00e9s el que fem a l&#8217;esplai. Quan decidim publicar una imatge a la xarxa, el primer que hem de fer \u00e9s un exercici de reflexi\u00f3: <strong>a les nostres fotografies hi sortiran persones, la gran majoria de les quals seran infants i, per tant, menors d&#8217;edat. Siguem conscients que tamb\u00e9 estarem mostrant cares i identitats.\u00a0<\/strong><\/p>\n<p>Cal que tinguem mecanismes que previnguin possibles situacions de risc on es pugui fer un mal \u00fas de les fotografies, i aix\u00f2 passa per ser conscients i curosos. Per aix\u00f2 avui us presentem una bona pr\u00e0ctica i us expliquem algunes recomenacions importants.<\/p>\n<p>A l&#8217;esplai <a href=\"http:\/\/esplac.cat\/mapa\/?esplai=floresta&amp;poblacio=\" target=\"_blank\" rel=\"noopener noreferrer\">La Floresta<\/a> s&#8217;han plantejat quina ha de ser la seva gesti\u00f3 i difusi\u00f3 de les imatges. La seva p\u00e0gina web \u00e9s una eina important per fer-ho. Obertament, hi podem accedir i consultar la\u00a0hist\u00f2ria, objectius, projecte educatiu i altres aspectes\u00a0referents a l&#8217;esplai. La p\u00e0gina tamb\u00e9 t\u00e9 una part destinada al treball i comunicaci\u00f3 interna i, per tant, nom\u00e9s s&#8217;hi pot accedir amb un usuari personal i una contrassenya secreta. Per un costat, els monitors i monitores tenen un apartat pel seu treball intern i, per l&#8217;altre, les fam\u00edlies tamb\u00e9 tenen usuaris que els permeten accedir a informacions d&#8217;inter\u00e8s i a les fotografis de les activitats. Aquesta eina la complementen fent pedagogia: les imatges no es poden difondre sense perm\u00eds per respectar la intimitat individual dels infants.<\/p>\n<p>Gestionar imatges implica tenir previament les autoritzacions pertinents; nom\u00e9s \u00e9s el pare, la mare o el tutor legal de l&#8217;infant qui haur\u00e0 de decidir si vol o no donar-nos els permisos. Per a m\u00e9s informaci\u00f3, podeu consultar la normativa al reglament de la Llei Org\u00e0nica de Protecci\u00f3 de dades (LOPD).<\/p>\n<p><strong>Feu una bona selecci\u00f3.<\/strong> \u00c9s preferible aportar poques imatges per\u00f2 que siguin representatives enlloc de penjar imatges massa concretes, o moltes que no aporten res. Recordeu que a internet no hi ha l\u00edmits i que a la xarxa hi t\u00e9 acc\u00e9s molta gent. Les imatges que publicarem estaran a l&#8217;abast de tothom i, per aix\u00f2, cal que les seleccionem a consci\u00e8ncia. Evitem penjar imatges d&#8217;infants en banyador, o altres que puguin ser compromeses, alg\u00fa en podria fer un mal \u00fas!<\/p>\n<p>Per \u00faltim -i molt important-, penseu que sempre \u00e9s millor no aportar dades personals. Eviteu etiquetar persones, especialment a infants, ja que no coneixem quina \u00e9s la configuraci\u00f3 de privacitat dels seus comptes. Podria ser una via per treure&#8217;n informaci\u00f3 \u00edntima i personal.<\/p>\n<p>Esperem que aquest article us pugui donar eines i idees per gestionar les imatges. Si en teniu m\u00e9s, no dubteu en explicar-nos-les!<!--:--><!--:es-->&nbsp;<\/p>\n<p><!--:--><!--:en-->&nbsp;<\/p>\n<p><!--:--><!--:fr-->&nbsp;<\/p>\n<p><!--:--><\/p>\n","protected":false},"excerpt":{"rendered":"<p>Compartir totes aquelles fotografies que hem fet al llarg de [&hellip;]<\/p>\n","protected":false},"author":3,"featured_media":0,"comment_status":"open","ping_status":"open","sticky":false,"template":"","format":"standard","meta":{"om_disable_all_campaigns":false,"_monsterinsights_skip_tracking":false,"_monsterinsights_sitenote_active":false,"_monsterinsights_sitenote_note":"","_monsterinsights_sitenote_category":0,"_uf_show_specific_survey":0,"_uf_disable_surveys":false,"footnotes":""},"categories":[1121],"tags":[67,380,381,382,383],"class_list":["post-25690","post","type-post","status-publish","format-standard","hentry","category-bones-practiques-2","tag-bones-practiques","tag-eines-pels-esplais","tag-fotografia","tag-imatges","tag-proteccio-de-dades"],"yoast_head":"<!-- This site is optimized with the Yoast SEO plugin v27.4 - https:\/\/yoast.com\/product\/yoast-seo-wordpress\/ -->\n<title>Bona pr\u00e0ctica: gesti\u00f3 i difusi\u00f3 de les fotografies de l&#039;esplai - Esplac<\/title>\n<meta name=\"robots\" content=\"index, follow, max-snippet:-1, max-image-preview:large, max-video-preview:-1\" \/>\n<link rel=\"canonical\" href=\"https:\/\/www.esplac.cat\/bona-practica-gestio-i-difusio-de-les-fotografies-de-lesplai\/\" \/>\n<meta property=\"og:locale\" content=\"en_US\" \/>\n<meta property=\"og:type\" content=\"article\" \/>\n<meta property=\"og:title\" content=\"Bona pr\u00e0ctica: gesti\u00f3 i difusi\u00f3 de les fotografies de l&#039;esplai - Esplac\" \/>\n<meta property=\"og:description\" content=\"Compartir totes aquelles fotografies que hem fet al llarg de [&hellip;]\" \/>\n<meta property=\"og:url\" content=\"https:\/\/www.esplac.cat\/bona-practica-gestio-i-difusio-de-les-fotografies-de-lesplai\/\" \/>\n<meta property=\"og:site_name\" content=\"Esplac\" \/>\n<meta property=\"article:published_time\" content=\"2014-11-18T13:32:11+00:00\" \/>\n<meta property=\"og:image\" content=\"https:\/\/www.esplac.cat\/wp-content\/uploads\/2019\/11\/logo-open.jpg\" \/>\n\t<meta property=\"og:image:width\" content=\"1200\" \/>\n\t<meta property=\"og:image:height\" content=\"630\" \/>\n\t<meta property=\"og:image:type\" content=\"image\/jpeg\" \/>\n<meta name=\"author\" content=\"Comunicaci\u00f3 Esplac\" \/>\n<meta name=\"twitter:card\" content=\"summary_large_image\" \/>\n<meta name=\"twitter:label1\" content=\"Written by\" \/>\n\t<meta name=\"twitter:data1\" content=\"Comunicaci\u00f3 Esplac\" \/>\n\t<meta name=\"twitter:label2\" content=\"Est. reading time\" \/>\n\t<meta name=\"twitter:data2\" content=\"2 minutes\" \/>\n<script type=\"application\/ld+json\" class=\"yoast-schema-graph\">{\"@context\":\"https:\\\/\\\/schema.org\",\"@graph\":[{\"@type\":\"Article\",\"@id\":\"https:\\\/\\\/www.esplac.cat\\\/bona-practica-gestio-i-difusio-de-les-fotografies-de-lesplai\\\/#article\",\"isPartOf\":{\"@id\":\"https:\\\/\\\/www.esplac.cat\\\/bona-practica-gestio-i-difusio-de-les-fotografies-de-lesplai\\\/\"},\"author\":{\"name\":\"Comunicaci\u00f3 Esplac\",\"@id\":\"https:\\\/\\\/www.esplac.cat\\\/#\\\/schema\\\/person\\\/908383cf240be18b68f8855d0583faca\"},\"headline\":\"Bona pr\u00e0ctica: gesti\u00f3 i difusi\u00f3 de les fotografies de l&#8217;esplai\",\"datePublished\":\"2014-11-18T13:32:11+00:00\",\"mainEntityOfPage\":{\"@id\":\"https:\\\/\\\/www.esplac.cat\\\/bona-practica-gestio-i-difusio-de-les-fotografies-de-lesplai\\\/\"},\"wordCount\":481,\"commentCount\":0,\"publisher\":{\"@id\":\"https:\\\/\\\/www.esplac.cat\\\/#organization\"},\"keywords\":[\"bones pr\u00e0ctiques\",\"eines pels esplais\",\"fotografia\",\"imatges\",\"protecci\u00f3 de dades\"],\"articleSection\":[\"Bones pr\u00e0ctiques\"],\"inLanguage\":\"en-US\",\"potentialAction\":[{\"@type\":\"CommentAction\",\"name\":\"Comment\",\"target\":[\"https:\\\/\\\/www.esplac.cat\\\/bona-practica-gestio-i-difusio-de-les-fotografies-de-lesplai\\\/#respond\"]}]},{\"@type\":\"WebPage\",\"@id\":\"https:\\\/\\\/www.esplac.cat\\\/bona-practica-gestio-i-difusio-de-les-fotografies-de-lesplai\\\/\",\"url\":\"https:\\\/\\\/www.esplac.cat\\\/bona-practica-gestio-i-difusio-de-les-fotografies-de-lesplai\\\/\",\"name\":\"Bona pr\u00e0ctica: gesti\u00f3 i difusi\u00f3 de les fotografies de l'esplai - Esplac\",\"isPartOf\":{\"@id\":\"https:\\\/\\\/www.esplac.cat\\\/#website\"},\"datePublished\":\"2014-11-18T13:32:11+00:00\",\"breadcrumb\":{\"@id\":\"https:\\\/\\\/www.esplac.cat\\\/bona-practica-gestio-i-difusio-de-les-fotografies-de-lesplai\\\/#breadcrumb\"},\"inLanguage\":\"en-US\",\"potentialAction\":[{\"@type\":\"ReadAction\",\"target\":[\"https:\\\/\\\/www.esplac.cat\\\/bona-practica-gestio-i-difusio-de-les-fotografies-de-lesplai\\\/\"]}]},{\"@type\":\"BreadcrumbList\",\"@id\":\"https:\\\/\\\/www.esplac.cat\\\/bona-practica-gestio-i-difusio-de-les-fotografies-de-lesplai\\\/#breadcrumb\",\"itemListElement\":[{\"@type\":\"ListItem\",\"position\":1,\"name\":\"Inici\",\"item\":\"https:\\\/\\\/www.esplac.cat\\\/en\\\/\"},{\"@type\":\"ListItem\",\"position\":2,\"name\":\"Bona pr\u00e0ctica: gesti\u00f3 i difusi\u00f3 de les fotografies de l&#8217;esplai\"}]},{\"@type\":\"WebSite\",\"@id\":\"https:\\\/\\\/www.esplac.cat\\\/#website\",\"url\":\"https:\\\/\\\/www.esplac.cat\\\/\",\"name\":\"Esplac\",\"description\":\"Esplais Catalans\",\"publisher\":{\"@id\":\"https:\\\/\\\/www.esplac.cat\\\/#organization\"},\"potentialAction\":[{\"@type\":\"SearchAction\",\"target\":{\"@type\":\"EntryPoint\",\"urlTemplate\":\"https:\\\/\\\/www.esplac.cat\\\/?s={search_term_string}\"},\"query-input\":{\"@type\":\"PropertyValueSpecification\",\"valueRequired\":true,\"valueName\":\"search_term_string\"}}],\"inLanguage\":\"en-US\"},{\"@type\":\"Organization\",\"@id\":\"https:\\\/\\\/www.esplac.cat\\\/#organization\",\"name\":\"Esplac\",\"url\":\"https:\\\/\\\/www.esplac.cat\\\/\",\"logo\":{\"@type\":\"ImageObject\",\"inLanguage\":\"en-US\",\"@id\":\"https:\\\/\\\/www.esplac.cat\\\/#\\\/schema\\\/logo\\\/image\\\/\",\"url\":\"https:\\\/\\\/www.esplac.cat\\\/wp-content\\\/uploads\\\/2019\\\/08\\\/logox2.png\",\"contentUrl\":\"https:\\\/\\\/www.esplac.cat\\\/wp-content\\\/uploads\\\/2019\\\/08\\\/logox2.png\",\"width\":600,\"height\":295,\"caption\":\"Esplac\"},\"image\":{\"@id\":\"https:\\\/\\\/www.esplac.cat\\\/#\\\/schema\\\/logo\\\/image\\\/\"}},{\"@type\":\"Person\",\"@id\":\"https:\\\/\\\/www.esplac.cat\\\/#\\\/schema\\\/person\\\/908383cf240be18b68f8855d0583faca\",\"name\":\"Comunicaci\u00f3 Esplac\",\"image\":{\"@type\":\"ImageObject\",\"inLanguage\":\"en-US\",\"@id\":\"https:\\\/\\\/secure.gravatar.com\\\/avatar\\\/7a4cf8feb412a76ea4a740ca02d95b06b2907b5a6c648c2dd0a1082a093c3141?s=96&d=mm&r=g\",\"url\":\"https:\\\/\\\/secure.gravatar.com\\\/avatar\\\/7a4cf8feb412a76ea4a740ca02d95b06b2907b5a6c648c2dd0a1082a093c3141?s=96&d=mm&r=g\",\"contentUrl\":\"https:\\\/\\\/secure.gravatar.com\\\/avatar\\\/7a4cf8feb412a76ea4a740ca02d95b06b2907b5a6c648c2dd0a1082a093c3141?s=96&d=mm&r=g\",\"caption\":\"Comunicaci\u00f3 Esplac\"}}]}<\/script>\n<!-- \/ Yoast SEO plugin. -->","yoast_head_json":{"title":"Bona pr\u00e0ctica: gesti\u00f3 i difusi\u00f3 de les fotografies de l'esplai - Esplac","robots":{"index":"index","follow":"follow","max-snippet":"max-snippet:-1","max-image-preview":"max-image-preview:large","max-video-preview":"max-video-preview:-1"},"canonical":"https:\/\/www.esplac.cat\/bona-practica-gestio-i-difusio-de-les-fotografies-de-lesplai\/","og_locale":"en_US","og_type":"article","og_title":"Bona pr\u00e0ctica: gesti\u00f3 i difusi\u00f3 de les fotografies de l'esplai - Esplac","og_description":"Compartir totes aquelles fotografies que hem fet al llarg de [&hellip;]","og_url":"https:\/\/www.esplac.cat\/bona-practica-gestio-i-difusio-de-les-fotografies-de-lesplai\/","og_site_name":"Esplac","article_published_time":"2014-11-18T13:32:11+00:00","og_image":[{"width":1200,"height":630,"url":"https:\/\/www.esplac.cat\/wp-content\/uploads\/2019\/11\/logo-open.jpg","type":"image\/jpeg"}],"author":"Comunicaci\u00f3 Esplac","twitter_card":"summary_large_image","twitter_misc":{"Written by":"Comunicaci\u00f3 Esplac","Est. reading time":"2 minutes"},"schema":{"@context":"https:\/\/schema.org","@graph":[{"@type":"Article","@id":"https:\/\/www.esplac.cat\/bona-practica-gestio-i-difusio-de-les-fotografies-de-lesplai\/#article","isPartOf":{"@id":"https:\/\/www.esplac.cat\/bona-practica-gestio-i-difusio-de-les-fotografies-de-lesplai\/"},"author":{"name":"Comunicaci\u00f3 Esplac","@id":"https:\/\/www.esplac.cat\/#\/schema\/person\/908383cf240be18b68f8855d0583faca"},"headline":"Bona pr\u00e0ctica: gesti\u00f3 i difusi\u00f3 de les fotografies de l&#8217;esplai","datePublished":"2014-11-18T13:32:11+00:00","mainEntityOfPage":{"@id":"https:\/\/www.esplac.cat\/bona-practica-gestio-i-difusio-de-les-fotografies-de-lesplai\/"},"wordCount":481,"commentCount":0,"publisher":{"@id":"https:\/\/www.esplac.cat\/#organization"},"keywords":["bones pr\u00e0ctiques","eines pels esplais","fotografia","imatges","protecci\u00f3 de dades"],"articleSection":["Bones pr\u00e0ctiques"],"inLanguage":"en-US","potentialAction":[{"@type":"CommentAction","name":"Comment","target":["https:\/\/www.esplac.cat\/bona-practica-gestio-i-difusio-de-les-fotografies-de-lesplai\/#respond"]}]},{"@type":"WebPage","@id":"https:\/\/www.esplac.cat\/bona-practica-gestio-i-difusio-de-les-fotografies-de-lesplai\/","url":"https:\/\/www.esplac.cat\/bona-practica-gestio-i-difusio-de-les-fotografies-de-lesplai\/","name":"Bona pr\u00e0ctica: gesti\u00f3 i difusi\u00f3 de les fotografies de l'esplai - Esplac","isPartOf":{"@id":"https:\/\/www.esplac.cat\/#website"},"datePublished":"2014-11-18T13:32:11+00:00","breadcrumb":{"@id":"https:\/\/www.esplac.cat\/bona-practica-gestio-i-difusio-de-les-fotografies-de-lesplai\/#breadcrumb"},"inLanguage":"en-US","potentialAction":[{"@type":"ReadAction","target":["https:\/\/www.esplac.cat\/bona-practica-gestio-i-difusio-de-les-fotografies-de-lesplai\/"]}]},{"@type":"BreadcrumbList","@id":"https:\/\/www.esplac.cat\/bona-practica-gestio-i-difusio-de-les-fotografies-de-lesplai\/#breadcrumb","itemListElement":[{"@type":"ListItem","position":1,"name":"Inici","item":"https:\/\/www.esplac.cat\/en\/"},{"@type":"ListItem","position":2,"name":"Bona pr\u00e0ctica: gesti\u00f3 i difusi\u00f3 de les fotografies de l&#8217;esplai"}]},{"@type":"WebSite","@id":"https:\/\/www.esplac.cat\/#website","url":"https:\/\/www.esplac.cat\/","name":"Esplac","description":"Esplais Catalans","publisher":{"@id":"https:\/\/www.esplac.cat\/#organization"},"potentialAction":[{"@type":"SearchAction","target":{"@type":"EntryPoint","urlTemplate":"https:\/\/www.esplac.cat\/?s={search_term_string}"},"query-input":{"@type":"PropertyValueSpecification","valueRequired":true,"valueName":"search_term_string"}}],"inLanguage":"en-US"},{"@type":"Organization","@id":"https:\/\/www.esplac.cat\/#organization","name":"Esplac","url":"https:\/\/www.esplac.cat\/","logo":{"@type":"ImageObject","inLanguage":"en-US","@id":"https:\/\/www.esplac.cat\/#\/schema\/logo\/image\/","url":"https:\/\/www.esplac.cat\/wp-content\/uploads\/2019\/08\/logox2.png","contentUrl":"https:\/\/www.esplac.cat\/wp-content\/uploads\/2019\/08\/logox2.png","width":600,"height":295,"caption":"Esplac"},"image":{"@id":"https:\/\/www.esplac.cat\/#\/schema\/logo\/image\/"}},{"@type":"Person","@id":"https:\/\/www.esplac.cat\/#\/schema\/person\/908383cf240be18b68f8855d0583faca","name":"Comunicaci\u00f3 Esplac","image":{"@type":"ImageObject","inLanguage":"en-US","@id":"https:\/\/secure.gravatar.com\/avatar\/7a4cf8feb412a76ea4a740ca02d95b06b2907b5a6c648c2dd0a1082a093c3141?s=96&d=mm&r=g","url":"https:\/\/secure.gravatar.com\/avatar\/7a4cf8feb412a76ea4a740ca02d95b06b2907b5a6c648c2dd0a1082a093c3141?s=96&d=mm&r=g","contentUrl":"https:\/\/secure.gravatar.com\/avatar\/7a4cf8feb412a76ea4a740ca02d95b06b2907b5a6c648c2dd0a1082a093c3141?s=96&d=mm&r=g","caption":"Comunicaci\u00f3 Esplac"}}]}},"_links":{"self":[{"href":"https:\/\/www.esplac.cat\/en\/wp-json\/wp\/v2\/posts\/25690","targetHints":{"allow":["GET"]}}],"collection":[{"href":"https:\/\/www.esplac.cat\/en\/wp-json\/wp\/v2\/posts"}],"about":[{"href":"https:\/\/www.esplac.cat\/en\/wp-json\/wp\/v2\/types\/post"}],"author":[{"embeddable":true,"href":"https:\/\/www.esplac.cat\/en\/wp-json\/wp\/v2\/users\/3"}],"replies":[{"embeddable":true,"href":"https:\/\/www.esplac.cat\/en\/wp-json\/wp\/v2\/comments?post=25690"}],"version-history":[{"count":0,"href":"https:\/\/www.esplac.cat\/en\/wp-json\/wp\/v2\/posts\/25690\/revisions"}],"wp:attachment":[{"href":"https:\/\/www.esplac.cat\/en\/wp-json\/wp\/v2\/media?parent=25690"}],"wp:term":[{"taxonomy":"category","embeddable":true,"href":"https:\/\/www.esplac.cat\/en\/wp-json\/wp\/v2\/categories?post=25690"},{"taxonomy":"post_tag","embeddable":true,"href":"https:\/\/www.esplac.cat\/en\/wp-json\/wp\/v2\/tags?post=25690"}],"curies":[{"name":"wp","href":"https:\/\/api.w.org\/{rel}","templated":true}]}}