{"id":25696,"date":"2014-11-11T10:00:37","date_gmt":"2014-11-11T08:00:37","guid":{"rendered":"http:\/\/esplac.cat\/?p=6534"},"modified":"2014-11-11T10:00:37","modified_gmt":"2014-11-11T08:00:37","slug":"mes-de-160-esplaieros-i-esplaieres-a-la-trobada-de-monis-de-barcelona","status":"publish","type":"post","link":"https:\/\/www.esplac.cat\/en\/mes-de-160-esplaieros-i-esplaieres-a-la-trobada-de-monis-de-barcelona\/","title":{"rendered":"M\u00e9s de 160 esplaieros i esplaieres a la Trobada de Monis de Barcelona"},"content":{"rendered":"<p><!--:CA-->El dissabte 25 d\u2019Octubre es va donar el tret de sortida a la <strong>Trobada de Monitors i Monitores del Sector Barcelona<\/strong>, que va agrudar a m\u00e9s de 160 esplaieros i esplaieres amb ganes de formar-se i con\u00e8ixer altres maneres de fer del sector barcelon\u00ed.<\/p>\n<p>Comen\u00e7ant per aprofundir en temes interessants pels projectes dels esplais totes les monitores i monitors van tenir l\u2019oportunitat d\u2019empapar-se de l\u2019experi\u00e8ncia, tot podent escollir formacions de tot tipus; des del teatre fins, educaci\u00f3 ambiental, musical fins a g\u00e8nere i relacions, per exemple.<\/p>\n<p>Les formacions van deixar el fruit que els monitors i monitores van recollir i quan creien que havien apr\u00e8s prou de la trobada, es van sorprendre de la gent que van poder con\u00e8ixer despr\u00e9s. Un sopar de germanor va ser el protagonista de la nit i els i les monis van poder riure amb les persones que en prenien part. Tot sopant, s\u2019anaven preguntant com es va crear el seu esplai\u2026 Per qu\u00e8 aquesta pregunta? \u00c9s clar, l\u2019obra de teatre! Per suposat! Com cada any, el sector Barcelona va organitzar el concurs d\u2019obres teatrals r\u00e0pides, on cada esplai busca el seu moment de gl\u00f2ria i aquest any, la creaci\u00f3 i la hist\u00f2ria de cada esplais era la tem\u00e0tica. Sabr\u00edeu dir-nos com es fa fundar el vostre?<\/p>\n<p>Un cap de Setmana on es va respirar i\u00a0absorbir\u00a0molta energia de l\u2019esplai, il.lusi\u00f3 i moltes ganes d\u2019aprendre, con\u00e8ixer i compartir experi\u00e8ncies entre els esplais del sector.<!--:--><!--:es--><\/p>\n<p><!--:--><!--:en--><\/p>\n<p><!--:--><!--:fr--><\/p>\n<p><!--:--><\/p>\n","protected":false},"excerpt":{"rendered":"<p>El dissabte 25 d\u2019Octubre es va donar el tret de [&hellip;]<\/p>\n","protected":false},"author":3,"featured_media":25644,"comment_status":"open","ping_status":"open","sticky":false,"template":"","format":"standard","meta":{"om_disable_all_campaigns":false,"_monsterinsights_skip_tracking":false,"_monsterinsights_sitenote_active":false,"_monsterinsights_sitenote_note":"","_monsterinsights_sitenote_category":0,"_uf_show_specific_survey":0,"_uf_disable_surveys":false,"footnotes":""},"categories":[1110,1128],"tags":[54,119,390,57],"class_list":["post-25696","post","type-post","status-publish","format-standard","has-post-thumbnail","hentry","category-activitats-sectors","category-sector-barcelona","tag-formacio","tag-sector-barcelona","tag-trobada-de-monis","tag-trobada-de-monitors"],"yoast_head":"<!-- This site is optimized with the Yoast SEO plugin v27.5 - https:\/\/yoast.com\/product\/yoast-seo-wordpress\/ -->\n<title>M\u00e9s de 160 esplaieros i esplaieres a la Trobada de Monis de Barcelona - Esplac<\/title>\n<meta name=\"robots\" content=\"index, follow, max-snippet:-1, max-image-preview:large, max-video-preview:-1\" \/>\n<link rel=\"canonical\" href=\"https:\/\/www.esplac.cat\/mes-de-160-esplaieros-i-esplaieres-a-la-trobada-de-monis-de-barcelona\/\" \/>\n<meta property=\"og:locale\" content=\"en_US\" \/>\n<meta property=\"og:type\" content=\"article\" \/>\n<meta property=\"og:title\" content=\"M\u00e9s de 160 esplaieros i esplaieres a la Trobada de Monis de Barcelona - Esplac\" \/>\n<meta property=\"og:description\" content=\"El dissabte 25 d\u2019Octubre es va donar el tret de [&hellip;]\" \/>\n<meta property=\"og:url\" content=\"https:\/\/www.esplac.cat\/mes-de-160-esplaieros-i-esplaieres-a-la-trobada-de-monis-de-barcelona\/\" \/>\n<meta property=\"og:site_name\" content=\"Esplac\" \/>\n<meta property=\"article:published_time\" content=\"2014-11-11T08:00:37+00:00\" \/>\n<meta property=\"og:image\" content=\"https:\/\/www.esplac.cat\/wp-content\/uploads\/2015\/11\/bcnvesprades.jpg\" \/>\n\t<meta property=\"og:image:width\" content=\"847\" \/>\n\t<meta property=\"og:image:height\" content=\"350\" \/>\n\t<meta property=\"og:image:type\" content=\"image\/jpeg\" \/>\n<meta name=\"author\" content=\"Comunicaci\u00f3 Esplac\" \/>\n<meta name=\"twitter:card\" content=\"summary_large_image\" \/>\n<meta name=\"twitter:label1\" content=\"Written by\" \/>\n\t<meta name=\"twitter:data1\" content=\"Comunicaci\u00f3 Esplac\" \/>\n\t<meta name=\"twitter:label2\" content=\"Est. reading time\" \/>\n\t<meta name=\"twitter:data2\" content=\"1 minute\" \/>\n<script type=\"application\/ld+json\" class=\"yoast-schema-graph\">{\"@context\":\"https:\\\/\\\/schema.org\",\"@graph\":[{\"@type\":\"Article\",\"@id\":\"https:\\\/\\\/www.esplac.cat\\\/mes-de-160-esplaieros-i-esplaieres-a-la-trobada-de-monis-de-barcelona\\\/#article\",\"isPartOf\":{\"@id\":\"https:\\\/\\\/www.esplac.cat\\\/mes-de-160-esplaieros-i-esplaieres-a-la-trobada-de-monis-de-barcelona\\\/\"},\"author\":{\"name\":\"Comunicaci\u00f3 Esplac\",\"@id\":\"https:\\\/\\\/www.esplac.cat\\\/#\\\/schema\\\/person\\\/908383cf240be18b68f8855d0583faca\"},\"headline\":\"M\u00e9s de 160 esplaieros i esplaieres a la Trobada de Monis de Barcelona\",\"datePublished\":\"2014-11-11T08:00:37+00:00\",\"mainEntityOfPage\":{\"@id\":\"https:\\\/\\\/www.esplac.cat\\\/mes-de-160-esplaieros-i-esplaieres-a-la-trobada-de-monis-de-barcelona\\\/\"},\"wordCount\":276,\"commentCount\":0,\"publisher\":{\"@id\":\"https:\\\/\\\/www.esplac.cat\\\/#organization\"},\"image\":{\"@id\":\"https:\\\/\\\/www.esplac.cat\\\/mes-de-160-esplaieros-i-esplaieres-a-la-trobada-de-monis-de-barcelona\\\/#primaryimage\"},\"thumbnailUrl\":\"https:\\\/\\\/www.esplac.cat\\\/wp-content\\\/uploads\\\/2015\\\/11\\\/bcnvesprades.jpg\",\"keywords\":[\"formaci\u00f3\",\"sector Barcelona\",\"trobada de monis\",\"trobada de monitors\"],\"articleSection\":[\"Activitats sectors\",\"Sector Barcelona\"],\"inLanguage\":\"en-US\",\"potentialAction\":[{\"@type\":\"CommentAction\",\"name\":\"Comment\",\"target\":[\"https:\\\/\\\/www.esplac.cat\\\/mes-de-160-esplaieros-i-esplaieres-a-la-trobada-de-monis-de-barcelona\\\/#respond\"]}]},{\"@type\":\"WebPage\",\"@id\":\"https:\\\/\\\/www.esplac.cat\\\/mes-de-160-esplaieros-i-esplaieres-a-la-trobada-de-monis-de-barcelona\\\/\",\"url\":\"https:\\\/\\\/www.esplac.cat\\\/mes-de-160-esplaieros-i-esplaieres-a-la-trobada-de-monis-de-barcelona\\\/\",\"name\":\"M\u00e9s de 160 esplaieros i esplaieres a la Trobada de Monis de Barcelona - Esplac\",\"isPartOf\":{\"@id\":\"https:\\\/\\\/www.esplac.cat\\\/#website\"},\"primaryImageOfPage\":{\"@id\":\"https:\\\/\\\/www.esplac.cat\\\/mes-de-160-esplaieros-i-esplaieres-a-la-trobada-de-monis-de-barcelona\\\/#primaryimage\"},\"image\":{\"@id\":\"https:\\\/\\\/www.esplac.cat\\\/mes-de-160-esplaieros-i-esplaieres-a-la-trobada-de-monis-de-barcelona\\\/#primaryimage\"},\"thumbnailUrl\":\"https:\\\/\\\/www.esplac.cat\\\/wp-content\\\/uploads\\\/2015\\\/11\\\/bcnvesprades.jpg\",\"datePublished\":\"2014-11-11T08:00:37+00:00\",\"breadcrumb\":{\"@id\":\"https:\\\/\\\/www.esplac.cat\\\/mes-de-160-esplaieros-i-esplaieres-a-la-trobada-de-monis-de-barcelona\\\/#breadcrumb\"},\"inLanguage\":\"en-US\",\"potentialAction\":[{\"@type\":\"ReadAction\",\"target\":[\"https:\\\/\\\/www.esplac.cat\\\/mes-de-160-esplaieros-i-esplaieres-a-la-trobada-de-monis-de-barcelona\\\/\"]}]},{\"@type\":\"ImageObject\",\"inLanguage\":\"en-US\",\"@id\":\"https:\\\/\\\/www.esplac.cat\\\/mes-de-160-esplaieros-i-esplaieres-a-la-trobada-de-monis-de-barcelona\\\/#primaryimage\",\"url\":\"https:\\\/\\\/www.esplac.cat\\\/wp-content\\\/uploads\\\/2015\\\/11\\\/bcnvesprades.jpg\",\"contentUrl\":\"https:\\\/\\\/www.esplac.cat\\\/wp-content\\\/uploads\\\/2015\\\/11\\\/bcnvesprades.jpg\",\"width\":847,\"height\":350},{\"@type\":\"BreadcrumbList\",\"@id\":\"https:\\\/\\\/www.esplac.cat\\\/mes-de-160-esplaieros-i-esplaieres-a-la-trobada-de-monis-de-barcelona\\\/#breadcrumb\",\"itemListElement\":[{\"@type\":\"ListItem\",\"position\":1,\"name\":\"Inici\",\"item\":\"https:\\\/\\\/www.esplac.cat\\\/en\\\/\"},{\"@type\":\"ListItem\",\"position\":2,\"name\":\"M\u00e9s de 160 esplaieros i esplaieres a la Trobada de Monis de Barcelona\"}]},{\"@type\":\"WebSite\",\"@id\":\"https:\\\/\\\/www.esplac.cat\\\/#website\",\"url\":\"https:\\\/\\\/www.esplac.cat\\\/\",\"name\":\"Esplac\",\"description\":\"Esplais Catalans\",\"publisher\":{\"@id\":\"https:\\\/\\\/www.esplac.cat\\\/#organization\"},\"potentialAction\":[{\"@type\":\"SearchAction\",\"target\":{\"@type\":\"EntryPoint\",\"urlTemplate\":\"https:\\\/\\\/www.esplac.cat\\\/?s={search_term_string}\"},\"query-input\":{\"@type\":\"PropertyValueSpecification\",\"valueRequired\":true,\"valueName\":\"search_term_string\"}}],\"inLanguage\":\"en-US\"},{\"@type\":\"Organization\",\"@id\":\"https:\\\/\\\/www.esplac.cat\\\/#organization\",\"name\":\"Esplac\",\"url\":\"https:\\\/\\\/www.esplac.cat\\\/\",\"logo\":{\"@type\":\"ImageObject\",\"inLanguage\":\"en-US\",\"@id\":\"https:\\\/\\\/www.esplac.cat\\\/#\\\/schema\\\/logo\\\/image\\\/\",\"url\":\"https:\\\/\\\/www.esplac.cat\\\/wp-content\\\/uploads\\\/2019\\\/08\\\/logox2.png\",\"contentUrl\":\"https:\\\/\\\/www.esplac.cat\\\/wp-content\\\/uploads\\\/2019\\\/08\\\/logox2.png\",\"width\":600,\"height\":295,\"caption\":\"Esplac\"},\"image\":{\"@id\":\"https:\\\/\\\/www.esplac.cat\\\/#\\\/schema\\\/logo\\\/image\\\/\"}},{\"@type\":\"Person\",\"@id\":\"https:\\\/\\\/www.esplac.cat\\\/#\\\/schema\\\/person\\\/908383cf240be18b68f8855d0583faca\",\"name\":\"Comunicaci\u00f3 Esplac\",\"image\":{\"@type\":\"ImageObject\",\"inLanguage\":\"en-US\",\"@id\":\"https:\\\/\\\/secure.gravatar.com\\\/avatar\\\/7a4cf8feb412a76ea4a740ca02d95b06b2907b5a6c648c2dd0a1082a093c3141?s=96&d=mm&r=g\",\"url\":\"https:\\\/\\\/secure.gravatar.com\\\/avatar\\\/7a4cf8feb412a76ea4a740ca02d95b06b2907b5a6c648c2dd0a1082a093c3141?s=96&d=mm&r=g\",\"contentUrl\":\"https:\\\/\\\/secure.gravatar.com\\\/avatar\\\/7a4cf8feb412a76ea4a740ca02d95b06b2907b5a6c648c2dd0a1082a093c3141?s=96&d=mm&r=g\",\"caption\":\"Comunicaci\u00f3 Esplac\"}}]}<\/script>\n<!-- \/ Yoast SEO plugin. -->","yoast_head_json":{"title":"M\u00e9s de 160 esplaieros i esplaieres a la Trobada de Monis de Barcelona - Esplac","robots":{"index":"index","follow":"follow","max-snippet":"max-snippet:-1","max-image-preview":"max-image-preview:large","max-video-preview":"max-video-preview:-1"},"canonical":"https:\/\/www.esplac.cat\/mes-de-160-esplaieros-i-esplaieres-a-la-trobada-de-monis-de-barcelona\/","og_locale":"en_US","og_type":"article","og_title":"M\u00e9s de 160 esplaieros i esplaieres a la Trobada de Monis de Barcelona - Esplac","og_description":"El dissabte 25 d\u2019Octubre es va donar el tret de [&hellip;]","og_url":"https:\/\/www.esplac.cat\/mes-de-160-esplaieros-i-esplaieres-a-la-trobada-de-monis-de-barcelona\/","og_site_name":"Esplac","article_published_time":"2014-11-11T08:00:37+00:00","og_image":[{"width":847,"height":350,"url":"https:\/\/www.esplac.cat\/wp-content\/uploads\/2015\/11\/bcnvesprades.jpg","type":"image\/jpeg"}],"author":"Comunicaci\u00f3 Esplac","twitter_card":"summary_large_image","twitter_misc":{"Written by":"Comunicaci\u00f3 Esplac","Est. reading time":"1 minute"},"schema":{"@context":"https:\/\/schema.org","@graph":[{"@type":"Article","@id":"https:\/\/www.esplac.cat\/mes-de-160-esplaieros-i-esplaieres-a-la-trobada-de-monis-de-barcelona\/#article","isPartOf":{"@id":"https:\/\/www.esplac.cat\/mes-de-160-esplaieros-i-esplaieres-a-la-trobada-de-monis-de-barcelona\/"},"author":{"name":"Comunicaci\u00f3 Esplac","@id":"https:\/\/www.esplac.cat\/#\/schema\/person\/908383cf240be18b68f8855d0583faca"},"headline":"M\u00e9s de 160 esplaieros i esplaieres a la Trobada de Monis de Barcelona","datePublished":"2014-11-11T08:00:37+00:00","mainEntityOfPage":{"@id":"https:\/\/www.esplac.cat\/mes-de-160-esplaieros-i-esplaieres-a-la-trobada-de-monis-de-barcelona\/"},"wordCount":276,"commentCount":0,"publisher":{"@id":"https:\/\/www.esplac.cat\/#organization"},"image":{"@id":"https:\/\/www.esplac.cat\/mes-de-160-esplaieros-i-esplaieres-a-la-trobada-de-monis-de-barcelona\/#primaryimage"},"thumbnailUrl":"https:\/\/www.esplac.cat\/wp-content\/uploads\/2015\/11\/bcnvesprades.jpg","keywords":["formaci\u00f3","sector Barcelona","trobada de monis","trobada de monitors"],"articleSection":["Activitats sectors","Sector Barcelona"],"inLanguage":"en-US","potentialAction":[{"@type":"CommentAction","name":"Comment","target":["https:\/\/www.esplac.cat\/mes-de-160-esplaieros-i-esplaieres-a-la-trobada-de-monis-de-barcelona\/#respond"]}]},{"@type":"WebPage","@id":"https:\/\/www.esplac.cat\/mes-de-160-esplaieros-i-esplaieres-a-la-trobada-de-monis-de-barcelona\/","url":"https:\/\/www.esplac.cat\/mes-de-160-esplaieros-i-esplaieres-a-la-trobada-de-monis-de-barcelona\/","name":"M\u00e9s de 160 esplaieros i esplaieres a la Trobada de Monis de Barcelona - Esplac","isPartOf":{"@id":"https:\/\/www.esplac.cat\/#website"},"primaryImageOfPage":{"@id":"https:\/\/www.esplac.cat\/mes-de-160-esplaieros-i-esplaieres-a-la-trobada-de-monis-de-barcelona\/#primaryimage"},"image":{"@id":"https:\/\/www.esplac.cat\/mes-de-160-esplaieros-i-esplaieres-a-la-trobada-de-monis-de-barcelona\/#primaryimage"},"thumbnailUrl":"https:\/\/www.esplac.cat\/wp-content\/uploads\/2015\/11\/bcnvesprades.jpg","datePublished":"2014-11-11T08:00:37+00:00","breadcrumb":{"@id":"https:\/\/www.esplac.cat\/mes-de-160-esplaieros-i-esplaieres-a-la-trobada-de-monis-de-barcelona\/#breadcrumb"},"inLanguage":"en-US","potentialAction":[{"@type":"ReadAction","target":["https:\/\/www.esplac.cat\/mes-de-160-esplaieros-i-esplaieres-a-la-trobada-de-monis-de-barcelona\/"]}]},{"@type":"ImageObject","inLanguage":"en-US","@id":"https:\/\/www.esplac.cat\/mes-de-160-esplaieros-i-esplaieres-a-la-trobada-de-monis-de-barcelona\/#primaryimage","url":"https:\/\/www.esplac.cat\/wp-content\/uploads\/2015\/11\/bcnvesprades.jpg","contentUrl":"https:\/\/www.esplac.cat\/wp-content\/uploads\/2015\/11\/bcnvesprades.jpg","width":847,"height":350},{"@type":"BreadcrumbList","@id":"https:\/\/www.esplac.cat\/mes-de-160-esplaieros-i-esplaieres-a-la-trobada-de-monis-de-barcelona\/#breadcrumb","itemListElement":[{"@type":"ListItem","position":1,"name":"Inici","item":"https:\/\/www.esplac.cat\/en\/"},{"@type":"ListItem","position":2,"name":"M\u00e9s de 160 esplaieros i esplaieres a la Trobada de Monis de Barcelona"}]},{"@type":"WebSite","@id":"https:\/\/www.esplac.cat\/#website","url":"https:\/\/www.esplac.cat\/","name":"Esplac","description":"Esplais Catalans","publisher":{"@id":"https:\/\/www.esplac.cat\/#organization"},"potentialAction":[{"@type":"SearchAction","target":{"@type":"EntryPoint","urlTemplate":"https:\/\/www.esplac.cat\/?s={search_term_string}"},"query-input":{"@type":"PropertyValueSpecification","valueRequired":true,"valueName":"search_term_string"}}],"inLanguage":"en-US"},{"@type":"Organization","@id":"https:\/\/www.esplac.cat\/#organization","name":"Esplac","url":"https:\/\/www.esplac.cat\/","logo":{"@type":"ImageObject","inLanguage":"en-US","@id":"https:\/\/www.esplac.cat\/#\/schema\/logo\/image\/","url":"https:\/\/www.esplac.cat\/wp-content\/uploads\/2019\/08\/logox2.png","contentUrl":"https:\/\/www.esplac.cat\/wp-content\/uploads\/2019\/08\/logox2.png","width":600,"height":295,"caption":"Esplac"},"image":{"@id":"https:\/\/www.esplac.cat\/#\/schema\/logo\/image\/"}},{"@type":"Person","@id":"https:\/\/www.esplac.cat\/#\/schema\/person\/908383cf240be18b68f8855d0583faca","name":"Comunicaci\u00f3 Esplac","image":{"@type":"ImageObject","inLanguage":"en-US","@id":"https:\/\/secure.gravatar.com\/avatar\/7a4cf8feb412a76ea4a740ca02d95b06b2907b5a6c648c2dd0a1082a093c3141?s=96&d=mm&r=g","url":"https:\/\/secure.gravatar.com\/avatar\/7a4cf8feb412a76ea4a740ca02d95b06b2907b5a6c648c2dd0a1082a093c3141?s=96&d=mm&r=g","contentUrl":"https:\/\/secure.gravatar.com\/avatar\/7a4cf8feb412a76ea4a740ca02d95b06b2907b5a6c648c2dd0a1082a093c3141?s=96&d=mm&r=g","caption":"Comunicaci\u00f3 Esplac"}}]}},"_links":{"self":[{"href":"https:\/\/www.esplac.cat\/en\/wp-json\/wp\/v2\/posts\/25696","targetHints":{"allow":["GET"]}}],"collection":[{"href":"https:\/\/www.esplac.cat\/en\/wp-json\/wp\/v2\/posts"}],"about":[{"href":"https:\/\/www.esplac.cat\/en\/wp-json\/wp\/v2\/types\/post"}],"author":[{"embeddable":true,"href":"https:\/\/www.esplac.cat\/en\/wp-json\/wp\/v2\/users\/3"}],"replies":[{"embeddable":true,"href":"https:\/\/www.esplac.cat\/en\/wp-json\/wp\/v2\/comments?post=25696"}],"version-history":[{"count":0,"href":"https:\/\/www.esplac.cat\/en\/wp-json\/wp\/v2\/posts\/25696\/revisions"}],"wp:featuredmedia":[{"embeddable":true,"href":"https:\/\/www.esplac.cat\/en\/wp-json\/wp\/v2\/media\/25644"}],"wp:attachment":[{"href":"https:\/\/www.esplac.cat\/en\/wp-json\/wp\/v2\/media?parent=25696"}],"wp:term":[{"taxonomy":"category","embeddable":true,"href":"https:\/\/www.esplac.cat\/en\/wp-json\/wp\/v2\/categories?post=25696"},{"taxonomy":"post_tag","embeddable":true,"href":"https:\/\/www.esplac.cat\/en\/wp-json\/wp\/v2\/tags?post=25696"}],"curies":[{"name":"wp","href":"https:\/\/api.w.org\/{rel}","templated":true}]}}