{"id":25727,"date":"2014-09-23T13:40:46","date_gmt":"2014-09-23T11:40:46","guid":{"rendered":"http:\/\/esplac.cat\/?p=5456"},"modified":"2014-09-23T13:40:46","modified_gmt":"2014-09-23T11:40:46","slug":"tancarem-el-cie-de-barcelona","status":"publish","type":"post","link":"https:\/\/www.esplac.cat\/en\/tancarem-el-cie-de-barcelona\/","title":{"rendered":"Tancarem el CIE de Barcelona"},"content":{"rendered":"<h4 style=\"text-align: justify;\">Esplais Catalans ens hem adherit al manifest &#8220;Tancarem el CIE de Barcelona&#8221; impulsat per <a title=\"sos racisme\" href=\"http:\/\/www.sosracisme.org\/\" target=\"_blank\" rel=\"noopener noreferrer\">SOS Racisme<\/a><\/h4>\n<div style=\"text-align: justify;\">Us animem a participar a les mobilitzacions que s&#8217;estan preparant per mostrar el rebuig <strong>de les catalanes i els catalans davant l&#8217;exist\u00e8ncia dels\u00a0CIE<\/strong>\u00a0i les vulneracions que all\u00e0 s&#8217;hi donen:<\/div>\n<div style=\"text-align: justify;\"><\/div>\n<div style=\"text-align: justify;\">\n<ul>\n<li><strong>Divendres 17 d&#8217;octubre, 19h: M\u00cdTING PIULADA<\/strong>\u00a0(100 veus contra el\u00a0CIE) a Cotxeres de Sants.<\/li>\n<li><strong>Dissabte 18 d&#8217;octubre, tarda: ENCERCLAR el\u00a0CIE.<\/strong><\/li>\n<\/ul>\n<div>Al web <a title=\"tancarem el cie\" href=\"http:\/\/www.tancaremelcie.cat\" target=\"_blank\" rel=\"noopener noreferrer\">tancaremelcie.cat<\/a> trobareu tota la informaci\u00f3 de la campanya, m\u00e9s detalls sobre les mobilitzacions i podreu adherir-vos individualment o en el nom del vostre esplai \u00a0o associaci\u00f3 al manifest que compartim tot seguit.<\/div>\n<div><\/div>\n<div style=\"text-align: center;\"><strong>Manifest\u00a0<\/strong><\/div>\n<div><\/div>\n<blockquote>\n<div>Nosaltres, associacions, ciutadanes i ciutadans de Catalunya, hem decidit tancar el Centre d\u2019Internament d\u2019Estrangers (CIE) de Barcelona.<\/div>\n<div><\/div>\n<div>No entenem ni acceptem l\u2019exist\u00e8ncia de llocs on es poden retenir, fins a dos mesos, persones que no han com\u00e8s cap delicte, sin\u00f3 tan sols una falta administrativa, i fer-ho amb menys garanties que en una pres\u00f3. Un espai on es vulneren de forma sistem\u00e0tica els Drets Humans, un lloc on ning\u00fa va poder evitar que persones com tu -el Jonathan, l\u2019Idrissa, el Mohamed i l\u2019Alik-, hi perdessin la vida o decidissin posar-hi fi.<\/div>\n<div><\/div>\n<div>El CIE \u00e9s un espai totalment opac, al qual les organitzacions i institucions que vetllen pels Drets humans no poden accedir ni exercir cap control, on els abusos i les agressions per part dels policies a les persones retingudes s\u00f3n freq\u00fcents, i on no es garanteix el dret a la tutela judicial per tal de poder denunciar aquestes situacions.<\/div>\n<div><\/div>\n<div>Tot aix\u00f2 passa al CIE de Barcelona per\u00f2 tamb\u00e9 a la resta de CIEs de l\u2019Estat espanyol. I \u00e9s per aix\u00f2 que no els volem, ni aqu\u00ed ni enlloc. L\u2019exist\u00e8ncia d\u2019un CIE a Barcelona suposa un dram\u00e0tic retroc\u00e9s en el compliment dels Drets humans a la nostra ciutat i al nostre pa\u00eds: efectivament, els CIEs s\u00f3n incompatibles amb els Drets humans i amb la igualtat de les persones, i s\u00f3n totalment impensables en un nou model de pa\u00eds.<\/div>\n<div><\/div>\n<div>Hi ha moltes m\u00e9s raons per tancar el CIE de Barcelona, per\u00f2 una sola de les anteriors ja \u00e9s suficient per fer-ho.<\/div>\n<div><\/div>\n<div>Per Vergonya!<\/div>\n<div>Per Just\u00edcia!<\/div>\n<div>Per Dignitat!<\/div>\n<div><\/div>\n<div>No volem ser-ne c\u00f2mplices.<\/div>\n<\/blockquote>\n<\/div>\n<p style=\"text-align: justify;\"><!--:--><!--:es--><\/p>\n<p style=\"text-align: justify;\"><!--:--><!--:en--><\/p>\n<p style=\"text-align: justify;\"><!--:--><!--:fr--><\/p>\n<p><!--:--><\/p>\n","protected":false},"excerpt":{"rendered":"<p>Esplais Catalans ens hem adherit al manifest &#8220;Tancarem el CIE [&hellip;]<\/p>\n","protected":false},"author":3,"featured_media":25728,"comment_status":"open","ping_status":"open","sticky":false,"template":"","format":"standard","meta":{"om_disable_all_campaigns":false,"_monsterinsights_skip_tracking":false,"_monsterinsights_sitenote_active":false,"_monsterinsights_sitenote_note":"","_monsterinsights_sitenote_category":0,"_uf_show_specific_survey":0,"_uf_disable_surveys":false,"footnotes":""},"categories":[1127,1],"tags":[325,264,170,326,327,328],"class_list":["post-25727","post","type-post","status-publish","format-standard","has-post-thumbnail","hentry","category-comunicats-posicionaments","category-sense-categoria","tag-cie","tag-drets-humans","tag-manifest","tag-posicionament","tag-sos-racisme","tag-tancaremelcie"],"yoast_head":"<!-- This site is optimized with the Yoast SEO plugin v27.4 - https:\/\/yoast.com\/product\/yoast-seo-wordpress\/ -->\n<title>Tancarem el CIE de Barcelona - Esplac<\/title>\n<meta name=\"robots\" content=\"index, follow, max-snippet:-1, max-image-preview:large, max-video-preview:-1\" \/>\n<link rel=\"canonical\" href=\"https:\/\/www.esplac.cat\/tancarem-el-cie-de-barcelona\/\" \/>\n<meta property=\"og:locale\" content=\"en_US\" \/>\n<meta property=\"og:type\" content=\"article\" \/>\n<meta property=\"og:title\" content=\"Tancarem el CIE de Barcelona - Esplac\" \/>\n<meta property=\"og:description\" content=\"Esplais Catalans ens hem adherit al manifest &#8220;Tancarem el CIE [&hellip;]\" \/>\n<meta property=\"og:url\" content=\"https:\/\/www.esplac.cat\/tancarem-el-cie-de-barcelona\/\" \/>\n<meta property=\"og:site_name\" content=\"Esplac\" \/>\n<meta property=\"article:published_time\" content=\"2014-09-23T11:40:46+00:00\" \/>\n<meta property=\"og:image\" content=\"https:\/\/www.esplac.cat\/wp-content\/uploads\/2014\/09\/20140923_tanquem-CIE.jpg\" \/>\n\t<meta property=\"og:image:width\" content=\"847\" \/>\n\t<meta property=\"og:image:height\" content=\"350\" \/>\n\t<meta property=\"og:image:type\" content=\"image\/jpeg\" \/>\n<meta name=\"author\" content=\"Comunicaci\u00f3 Esplac\" \/>\n<meta name=\"twitter:card\" content=\"summary_large_image\" \/>\n<meta name=\"twitter:label1\" content=\"Written by\" \/>\n\t<meta name=\"twitter:data1\" content=\"Comunicaci\u00f3 Esplac\" \/>\n\t<meta name=\"twitter:label2\" content=\"Est. reading time\" \/>\n\t<meta name=\"twitter:data2\" content=\"2 minutes\" \/>\n<script type=\"application\/ld+json\" class=\"yoast-schema-graph\">{\"@context\":\"https:\\\/\\\/schema.org\",\"@graph\":[{\"@type\":\"Article\",\"@id\":\"https:\\\/\\\/www.esplac.cat\\\/tancarem-el-cie-de-barcelona\\\/#article\",\"isPartOf\":{\"@id\":\"https:\\\/\\\/www.esplac.cat\\\/tancarem-el-cie-de-barcelona\\\/\"},\"author\":{\"name\":\"Comunicaci\u00f3 Esplac\",\"@id\":\"https:\\\/\\\/www.esplac.cat\\\/#\\\/schema\\\/person\\\/908383cf240be18b68f8855d0583faca\"},\"headline\":\"Tancarem el CIE de Barcelona\",\"datePublished\":\"2014-09-23T11:40:46+00:00\",\"mainEntityOfPage\":{\"@id\":\"https:\\\/\\\/www.esplac.cat\\\/tancarem-el-cie-de-barcelona\\\/\"},\"wordCount\":398,\"commentCount\":0,\"publisher\":{\"@id\":\"https:\\\/\\\/www.esplac.cat\\\/#organization\"},\"image\":{\"@id\":\"https:\\\/\\\/www.esplac.cat\\\/tancarem-el-cie-de-barcelona\\\/#primaryimage\"},\"thumbnailUrl\":\"https:\\\/\\\/www.esplac.cat\\\/wp-content\\\/uploads\\\/2014\\\/09\\\/20140923_tanquem-CIE.jpg\",\"keywords\":[\"cie\",\"drets humans\",\"manifest\",\"posicionament\",\"sos racisme\",\"tancaremelCIE\"],\"articleSection\":[\"Comunicats i posicionaments\",\"Sense categoria\"],\"inLanguage\":\"en-US\",\"potentialAction\":[{\"@type\":\"CommentAction\",\"name\":\"Comment\",\"target\":[\"https:\\\/\\\/www.esplac.cat\\\/tancarem-el-cie-de-barcelona\\\/#respond\"]}]},{\"@type\":\"WebPage\",\"@id\":\"https:\\\/\\\/www.esplac.cat\\\/tancarem-el-cie-de-barcelona\\\/\",\"url\":\"https:\\\/\\\/www.esplac.cat\\\/tancarem-el-cie-de-barcelona\\\/\",\"name\":\"Tancarem el CIE de Barcelona - Esplac\",\"isPartOf\":{\"@id\":\"https:\\\/\\\/www.esplac.cat\\\/#website\"},\"primaryImageOfPage\":{\"@id\":\"https:\\\/\\\/www.esplac.cat\\\/tancarem-el-cie-de-barcelona\\\/#primaryimage\"},\"image\":{\"@id\":\"https:\\\/\\\/www.esplac.cat\\\/tancarem-el-cie-de-barcelona\\\/#primaryimage\"},\"thumbnailUrl\":\"https:\\\/\\\/www.esplac.cat\\\/wp-content\\\/uploads\\\/2014\\\/09\\\/20140923_tanquem-CIE.jpg\",\"datePublished\":\"2014-09-23T11:40:46+00:00\",\"breadcrumb\":{\"@id\":\"https:\\\/\\\/www.esplac.cat\\\/tancarem-el-cie-de-barcelona\\\/#breadcrumb\"},\"inLanguage\":\"en-US\",\"potentialAction\":[{\"@type\":\"ReadAction\",\"target\":[\"https:\\\/\\\/www.esplac.cat\\\/tancarem-el-cie-de-barcelona\\\/\"]}]},{\"@type\":\"ImageObject\",\"inLanguage\":\"en-US\",\"@id\":\"https:\\\/\\\/www.esplac.cat\\\/tancarem-el-cie-de-barcelona\\\/#primaryimage\",\"url\":\"https:\\\/\\\/www.esplac.cat\\\/wp-content\\\/uploads\\\/2014\\\/09\\\/20140923_tanquem-CIE.jpg\",\"contentUrl\":\"https:\\\/\\\/www.esplac.cat\\\/wp-content\\\/uploads\\\/2014\\\/09\\\/20140923_tanquem-CIE.jpg\",\"width\":847,\"height\":350},{\"@type\":\"BreadcrumbList\",\"@id\":\"https:\\\/\\\/www.esplac.cat\\\/tancarem-el-cie-de-barcelona\\\/#breadcrumb\",\"itemListElement\":[{\"@type\":\"ListItem\",\"position\":1,\"name\":\"Inici\",\"item\":\"https:\\\/\\\/www.esplac.cat\\\/en\\\/\"},{\"@type\":\"ListItem\",\"position\":2,\"name\":\"Tancarem el CIE de Barcelona\"}]},{\"@type\":\"WebSite\",\"@id\":\"https:\\\/\\\/www.esplac.cat\\\/#website\",\"url\":\"https:\\\/\\\/www.esplac.cat\\\/\",\"name\":\"Esplac\",\"description\":\"Esplais Catalans\",\"publisher\":{\"@id\":\"https:\\\/\\\/www.esplac.cat\\\/#organization\"},\"potentialAction\":[{\"@type\":\"SearchAction\",\"target\":{\"@type\":\"EntryPoint\",\"urlTemplate\":\"https:\\\/\\\/www.esplac.cat\\\/?s={search_term_string}\"},\"query-input\":{\"@type\":\"PropertyValueSpecification\",\"valueRequired\":true,\"valueName\":\"search_term_string\"}}],\"inLanguage\":\"en-US\"},{\"@type\":\"Organization\",\"@id\":\"https:\\\/\\\/www.esplac.cat\\\/#organization\",\"name\":\"Esplac\",\"url\":\"https:\\\/\\\/www.esplac.cat\\\/\",\"logo\":{\"@type\":\"ImageObject\",\"inLanguage\":\"en-US\",\"@id\":\"https:\\\/\\\/www.esplac.cat\\\/#\\\/schema\\\/logo\\\/image\\\/\",\"url\":\"https:\\\/\\\/www.esplac.cat\\\/wp-content\\\/uploads\\\/2019\\\/08\\\/logox2.png\",\"contentUrl\":\"https:\\\/\\\/www.esplac.cat\\\/wp-content\\\/uploads\\\/2019\\\/08\\\/logox2.png\",\"width\":600,\"height\":295,\"caption\":\"Esplac\"},\"image\":{\"@id\":\"https:\\\/\\\/www.esplac.cat\\\/#\\\/schema\\\/logo\\\/image\\\/\"}},{\"@type\":\"Person\",\"@id\":\"https:\\\/\\\/www.esplac.cat\\\/#\\\/schema\\\/person\\\/908383cf240be18b68f8855d0583faca\",\"name\":\"Comunicaci\u00f3 Esplac\",\"image\":{\"@type\":\"ImageObject\",\"inLanguage\":\"en-US\",\"@id\":\"https:\\\/\\\/secure.gravatar.com\\\/avatar\\\/7a4cf8feb412a76ea4a740ca02d95b06b2907b5a6c648c2dd0a1082a093c3141?s=96&d=mm&r=g\",\"url\":\"https:\\\/\\\/secure.gravatar.com\\\/avatar\\\/7a4cf8feb412a76ea4a740ca02d95b06b2907b5a6c648c2dd0a1082a093c3141?s=96&d=mm&r=g\",\"contentUrl\":\"https:\\\/\\\/secure.gravatar.com\\\/avatar\\\/7a4cf8feb412a76ea4a740ca02d95b06b2907b5a6c648c2dd0a1082a093c3141?s=96&d=mm&r=g\",\"caption\":\"Comunicaci\u00f3 Esplac\"}}]}<\/script>\n<!-- \/ Yoast SEO plugin. -->","yoast_head_json":{"title":"Tancarem el CIE de Barcelona - Esplac","robots":{"index":"index","follow":"follow","max-snippet":"max-snippet:-1","max-image-preview":"max-image-preview:large","max-video-preview":"max-video-preview:-1"},"canonical":"https:\/\/www.esplac.cat\/tancarem-el-cie-de-barcelona\/","og_locale":"en_US","og_type":"article","og_title":"Tancarem el CIE de Barcelona - Esplac","og_description":"Esplais Catalans ens hem adherit al manifest &#8220;Tancarem el CIE [&hellip;]","og_url":"https:\/\/www.esplac.cat\/tancarem-el-cie-de-barcelona\/","og_site_name":"Esplac","article_published_time":"2014-09-23T11:40:46+00:00","og_image":[{"width":847,"height":350,"url":"https:\/\/www.esplac.cat\/wp-content\/uploads\/2014\/09\/20140923_tanquem-CIE.jpg","type":"image\/jpeg"}],"author":"Comunicaci\u00f3 Esplac","twitter_card":"summary_large_image","twitter_misc":{"Written by":"Comunicaci\u00f3 Esplac","Est. reading time":"2 minutes"},"schema":{"@context":"https:\/\/schema.org","@graph":[{"@type":"Article","@id":"https:\/\/www.esplac.cat\/tancarem-el-cie-de-barcelona\/#article","isPartOf":{"@id":"https:\/\/www.esplac.cat\/tancarem-el-cie-de-barcelona\/"},"author":{"name":"Comunicaci\u00f3 Esplac","@id":"https:\/\/www.esplac.cat\/#\/schema\/person\/908383cf240be18b68f8855d0583faca"},"headline":"Tancarem el CIE de Barcelona","datePublished":"2014-09-23T11:40:46+00:00","mainEntityOfPage":{"@id":"https:\/\/www.esplac.cat\/tancarem-el-cie-de-barcelona\/"},"wordCount":398,"commentCount":0,"publisher":{"@id":"https:\/\/www.esplac.cat\/#organization"},"image":{"@id":"https:\/\/www.esplac.cat\/tancarem-el-cie-de-barcelona\/#primaryimage"},"thumbnailUrl":"https:\/\/www.esplac.cat\/wp-content\/uploads\/2014\/09\/20140923_tanquem-CIE.jpg","keywords":["cie","drets humans","manifest","posicionament","sos racisme","tancaremelCIE"],"articleSection":["Comunicats i posicionaments","Sense categoria"],"inLanguage":"en-US","potentialAction":[{"@type":"CommentAction","name":"Comment","target":["https:\/\/www.esplac.cat\/tancarem-el-cie-de-barcelona\/#respond"]}]},{"@type":"WebPage","@id":"https:\/\/www.esplac.cat\/tancarem-el-cie-de-barcelona\/","url":"https:\/\/www.esplac.cat\/tancarem-el-cie-de-barcelona\/","name":"Tancarem el CIE de Barcelona - Esplac","isPartOf":{"@id":"https:\/\/www.esplac.cat\/#website"},"primaryImageOfPage":{"@id":"https:\/\/www.esplac.cat\/tancarem-el-cie-de-barcelona\/#primaryimage"},"image":{"@id":"https:\/\/www.esplac.cat\/tancarem-el-cie-de-barcelona\/#primaryimage"},"thumbnailUrl":"https:\/\/www.esplac.cat\/wp-content\/uploads\/2014\/09\/20140923_tanquem-CIE.jpg","datePublished":"2014-09-23T11:40:46+00:00","breadcrumb":{"@id":"https:\/\/www.esplac.cat\/tancarem-el-cie-de-barcelona\/#breadcrumb"},"inLanguage":"en-US","potentialAction":[{"@type":"ReadAction","target":["https:\/\/www.esplac.cat\/tancarem-el-cie-de-barcelona\/"]}]},{"@type":"ImageObject","inLanguage":"en-US","@id":"https:\/\/www.esplac.cat\/tancarem-el-cie-de-barcelona\/#primaryimage","url":"https:\/\/www.esplac.cat\/wp-content\/uploads\/2014\/09\/20140923_tanquem-CIE.jpg","contentUrl":"https:\/\/www.esplac.cat\/wp-content\/uploads\/2014\/09\/20140923_tanquem-CIE.jpg","width":847,"height":350},{"@type":"BreadcrumbList","@id":"https:\/\/www.esplac.cat\/tancarem-el-cie-de-barcelona\/#breadcrumb","itemListElement":[{"@type":"ListItem","position":1,"name":"Inici","item":"https:\/\/www.esplac.cat\/en\/"},{"@type":"ListItem","position":2,"name":"Tancarem el CIE de Barcelona"}]},{"@type":"WebSite","@id":"https:\/\/www.esplac.cat\/#website","url":"https:\/\/www.esplac.cat\/","name":"Esplac","description":"Esplais Catalans","publisher":{"@id":"https:\/\/www.esplac.cat\/#organization"},"potentialAction":[{"@type":"SearchAction","target":{"@type":"EntryPoint","urlTemplate":"https:\/\/www.esplac.cat\/?s={search_term_string}"},"query-input":{"@type":"PropertyValueSpecification","valueRequired":true,"valueName":"search_term_string"}}],"inLanguage":"en-US"},{"@type":"Organization","@id":"https:\/\/www.esplac.cat\/#organization","name":"Esplac","url":"https:\/\/www.esplac.cat\/","logo":{"@type":"ImageObject","inLanguage":"en-US","@id":"https:\/\/www.esplac.cat\/#\/schema\/logo\/image\/","url":"https:\/\/www.esplac.cat\/wp-content\/uploads\/2019\/08\/logox2.png","contentUrl":"https:\/\/www.esplac.cat\/wp-content\/uploads\/2019\/08\/logox2.png","width":600,"height":295,"caption":"Esplac"},"image":{"@id":"https:\/\/www.esplac.cat\/#\/schema\/logo\/image\/"}},{"@type":"Person","@id":"https:\/\/www.esplac.cat\/#\/schema\/person\/908383cf240be18b68f8855d0583faca","name":"Comunicaci\u00f3 Esplac","image":{"@type":"ImageObject","inLanguage":"en-US","@id":"https:\/\/secure.gravatar.com\/avatar\/7a4cf8feb412a76ea4a740ca02d95b06b2907b5a6c648c2dd0a1082a093c3141?s=96&d=mm&r=g","url":"https:\/\/secure.gravatar.com\/avatar\/7a4cf8feb412a76ea4a740ca02d95b06b2907b5a6c648c2dd0a1082a093c3141?s=96&d=mm&r=g","contentUrl":"https:\/\/secure.gravatar.com\/avatar\/7a4cf8feb412a76ea4a740ca02d95b06b2907b5a6c648c2dd0a1082a093c3141?s=96&d=mm&r=g","caption":"Comunicaci\u00f3 Esplac"}}]}},"_links":{"self":[{"href":"https:\/\/www.esplac.cat\/en\/wp-json\/wp\/v2\/posts\/25727","targetHints":{"allow":["GET"]}}],"collection":[{"href":"https:\/\/www.esplac.cat\/en\/wp-json\/wp\/v2\/posts"}],"about":[{"href":"https:\/\/www.esplac.cat\/en\/wp-json\/wp\/v2\/types\/post"}],"author":[{"embeddable":true,"href":"https:\/\/www.esplac.cat\/en\/wp-json\/wp\/v2\/users\/3"}],"replies":[{"embeddable":true,"href":"https:\/\/www.esplac.cat\/en\/wp-json\/wp\/v2\/comments?post=25727"}],"version-history":[{"count":0,"href":"https:\/\/www.esplac.cat\/en\/wp-json\/wp\/v2\/posts\/25727\/revisions"}],"wp:featuredmedia":[{"embeddable":true,"href":"https:\/\/www.esplac.cat\/en\/wp-json\/wp\/v2\/media\/25728"}],"wp:attachment":[{"href":"https:\/\/www.esplac.cat\/en\/wp-json\/wp\/v2\/media?parent=25727"}],"wp:term":[{"taxonomy":"category","embeddable":true,"href":"https:\/\/www.esplac.cat\/en\/wp-json\/wp\/v2\/categories?post=25727"},{"taxonomy":"post_tag","embeddable":true,"href":"https:\/\/www.esplac.cat\/en\/wp-json\/wp\/v2\/tags?post=25727"}],"curies":[{"name":"wp","href":"https:\/\/api.w.org\/{rel}","templated":true}]}}