{"id":25733,"date":"2014-09-08T17:23:50","date_gmt":"2014-09-08T15:23:50","guid":{"rendered":"http:\/\/esplac.cat\/?p=5433"},"modified":"2014-09-08T17:23:50","modified_gmt":"2014-09-08T15:23:50","slug":"els-esplais-decidim-decidir","status":"publish","type":"post","link":"https:\/\/www.esplac.cat\/en\/els-esplais-decidim-decidir\/","title":{"rendered":"Els esplais decidim decidir"},"content":{"rendered":"<p><!--:CA-->Com sabeu, l\u2019autodeterminaci\u00f3 \u00e9s un element fonamental per al projecte dels Esplais Catalans, ja que entenem que l&#8217;associacionisme \u00e9s el resultat de l\u2019autodeterminaci\u00f3 de les persones i l\u2019autogesti\u00f3 dels grups a trav\u00e9s de la participaci\u00f3 democr\u00e0tica. \u00c9s per aix\u00f2 que a l\u2019Assemblea del 2012 ja vam aprovar una <a title=\"resoluci\u00f3 els esplais decidim decidir\" href=\"http:\/\/esplac.cat\/wp-content\/uploads\/2012\/10\/decidim_decidir.pdf\" target=\"_blank\" rel=\"noopener noreferrer\">resoluci\u00f3<\/a> en favor de les possibles consultes que es f\u00e9ssin a la ciutadania en la que deman\u00e0vem que:<\/p>\n<ul>\n<li>La presa de decisions ha de respondre a la voluntat col\u00b7lectiva del conjunt dels ciutadans i ciutadanes. Cal que apostem per la radicalitat democr\u00e0tica i reivindiquem amb tota la nostra energia el dret a poder decidir el nostre futur sigui quina sigui la lliure elecci\u00f3 de cadasc\u00fa.<\/li>\n<li>Considerem oport\u00fa i necessari que es consulti a la ciutadania sobre quin model de pa\u00eds desitja, entenent que tota reivindicaci\u00f3 nacional \u00e9s indestriable dels drets i la cohesi\u00f3 social. Nom\u00e9s d\u2019aquesta manera construirem una societat m\u00e9s lliure, m\u00e9s democr\u00e0tica i m\u00e9s justa.<\/li>\n<li>Volem fer p\u00fablic el nostre posicionament a favor d&#8217;avan\u00e7ar cap a escenaris de presa de decisions col\u00b7lectives i d&#8217;aprofundiment democr\u00e0tic i instar a prendre posici\u00f3 a favor de les possibles consultes a la ciutadania que puguin esdevenir en un futur proper.<\/li>\n<\/ul>\n<p>El Moviment Laic i Progressista (MLP) i les organitzacions sindicals, associacions ve\u00efnals i diverses entitats de les agrupades en la campanya Per una Catalunya Social, vam acordar el passat mes de juliol\u00a0participar activament en les accions reivindicatives que el 11 de setembre es realitzar\u00e0 a Barcelona a favor del dret a decidir i de la convocat\u00f2ria de la consulta ciutadana del 9-N.\u00a0\u00c9s per aix\u00f2 que fem una crida a fer palesa aquesta voluntat participant en el\u00a0bloc<strong> Per una Catalunya Social que s&#8217;ubicar\u00e0 a la Gran Via de Barcelona, entre Balmes i Rambla Catalunya (TRAMS 57 i 58) formant part de la V de la Via Catalana 2014. Us animem a participar-hi!<\/strong><!--:--><!--:es-->&nbsp;<\/p>\n<p><!--:--><!--:en-->&nbsp;<\/p>\n<p><!--:--><!--:fr-->&nbsp;<\/p>\n<p><!--:--><\/p>\n","protected":false},"excerpt":{"rendered":"<p>Com sabeu, l\u2019autodeterminaci\u00f3 \u00e9s un element fonamental per al projecte [&hellip;]<\/p>\n","protected":false},"author":3,"featured_media":0,"comment_status":"open","ping_status":"open","sticky":false,"template":"","format":"standard","meta":{"om_disable_all_campaigns":false,"_monsterinsights_skip_tracking":false,"_monsterinsights_sitenote_active":false,"_monsterinsights_sitenote_note":"","_monsterinsights_sitenote_category":0,"_uf_show_specific_survey":0,"_uf_disable_surveys":false,"footnotes":""},"categories":[1127],"tags":[317,318,319,320,321,322],"class_list":["post-25733","post","type-post","status-publish","format-standard","hentry","category-comunicats-posicionaments","tag-11s","tag-9n","tag-autodeterminacio","tag-catalunya","tag-per-una-catalunya-social","tag-v"],"yoast_head":"<!-- This site is optimized with the Yoast SEO plugin v27.4 - https:\/\/yoast.com\/product\/yoast-seo-wordpress\/ -->\n<title>Els esplais decidim decidir - Esplac<\/title>\n<meta name=\"robots\" content=\"index, follow, max-snippet:-1, max-image-preview:large, max-video-preview:-1\" \/>\n<link rel=\"canonical\" href=\"https:\/\/www.esplac.cat\/els-esplais-decidim-decidir\/\" \/>\n<meta property=\"og:locale\" content=\"en_US\" \/>\n<meta property=\"og:type\" content=\"article\" \/>\n<meta property=\"og:title\" content=\"Els esplais decidim decidir - Esplac\" \/>\n<meta property=\"og:description\" content=\"Com sabeu, l\u2019autodeterminaci\u00f3 \u00e9s un element fonamental per al projecte [&hellip;]\" \/>\n<meta property=\"og:url\" content=\"https:\/\/www.esplac.cat\/els-esplais-decidim-decidir\/\" \/>\n<meta property=\"og:site_name\" content=\"Esplac\" \/>\n<meta property=\"article:published_time\" content=\"2014-09-08T15:23:50+00:00\" \/>\n<meta property=\"og:image\" content=\"https:\/\/www.esplac.cat\/wp-content\/uploads\/2019\/11\/logo-open.jpg\" \/>\n\t<meta property=\"og:image:width\" content=\"1200\" \/>\n\t<meta property=\"og:image:height\" content=\"630\" \/>\n\t<meta property=\"og:image:type\" content=\"image\/jpeg\" \/>\n<meta name=\"author\" content=\"Comunicaci\u00f3 Esplac\" \/>\n<meta name=\"twitter:card\" content=\"summary_large_image\" \/>\n<meta name=\"twitter:label1\" content=\"Written by\" \/>\n\t<meta name=\"twitter:data1\" content=\"Comunicaci\u00f3 Esplac\" \/>\n\t<meta name=\"twitter:label2\" content=\"Est. reading time\" \/>\n\t<meta name=\"twitter:data2\" content=\"2 minutes\" \/>\n<script type=\"application\/ld+json\" class=\"yoast-schema-graph\">{\"@context\":\"https:\\\/\\\/schema.org\",\"@graph\":[{\"@type\":\"Article\",\"@id\":\"https:\\\/\\\/www.esplac.cat\\\/els-esplais-decidim-decidir\\\/#article\",\"isPartOf\":{\"@id\":\"https:\\\/\\\/www.esplac.cat\\\/els-esplais-decidim-decidir\\\/\"},\"author\":{\"name\":\"Comunicaci\u00f3 Esplac\",\"@id\":\"https:\\\/\\\/www.esplac.cat\\\/#\\\/schema\\\/person\\\/908383cf240be18b68f8855d0583faca\"},\"headline\":\"Els esplais decidim decidir\",\"datePublished\":\"2014-09-08T15:23:50+00:00\",\"mainEntityOfPage\":{\"@id\":\"https:\\\/\\\/www.esplac.cat\\\/els-esplais-decidim-decidir\\\/\"},\"wordCount\":339,\"commentCount\":0,\"publisher\":{\"@id\":\"https:\\\/\\\/www.esplac.cat\\\/#organization\"},\"keywords\":[\"11S\",\"9N\",\"autodeterminaci\u00f3\",\"catalunya\",\"Per una Catalunya social\",\"V\"],\"articleSection\":[\"Comunicats i posicionaments\"],\"inLanguage\":\"en-US\",\"potentialAction\":[{\"@type\":\"CommentAction\",\"name\":\"Comment\",\"target\":[\"https:\\\/\\\/www.esplac.cat\\\/els-esplais-decidim-decidir\\\/#respond\"]}]},{\"@type\":\"WebPage\",\"@id\":\"https:\\\/\\\/www.esplac.cat\\\/els-esplais-decidim-decidir\\\/\",\"url\":\"https:\\\/\\\/www.esplac.cat\\\/els-esplais-decidim-decidir\\\/\",\"name\":\"Els esplais decidim decidir - Esplac\",\"isPartOf\":{\"@id\":\"https:\\\/\\\/www.esplac.cat\\\/#website\"},\"datePublished\":\"2014-09-08T15:23:50+00:00\",\"breadcrumb\":{\"@id\":\"https:\\\/\\\/www.esplac.cat\\\/els-esplais-decidim-decidir\\\/#breadcrumb\"},\"inLanguage\":\"en-US\",\"potentialAction\":[{\"@type\":\"ReadAction\",\"target\":[\"https:\\\/\\\/www.esplac.cat\\\/els-esplais-decidim-decidir\\\/\"]}]},{\"@type\":\"BreadcrumbList\",\"@id\":\"https:\\\/\\\/www.esplac.cat\\\/els-esplais-decidim-decidir\\\/#breadcrumb\",\"itemListElement\":[{\"@type\":\"ListItem\",\"position\":1,\"name\":\"Inici\",\"item\":\"https:\\\/\\\/www.esplac.cat\\\/en\\\/\"},{\"@type\":\"ListItem\",\"position\":2,\"name\":\"Els esplais decidim decidir\"}]},{\"@type\":\"WebSite\",\"@id\":\"https:\\\/\\\/www.esplac.cat\\\/#website\",\"url\":\"https:\\\/\\\/www.esplac.cat\\\/\",\"name\":\"Esplac\",\"description\":\"Esplais Catalans\",\"publisher\":{\"@id\":\"https:\\\/\\\/www.esplac.cat\\\/#organization\"},\"potentialAction\":[{\"@type\":\"SearchAction\",\"target\":{\"@type\":\"EntryPoint\",\"urlTemplate\":\"https:\\\/\\\/www.esplac.cat\\\/?s={search_term_string}\"},\"query-input\":{\"@type\":\"PropertyValueSpecification\",\"valueRequired\":true,\"valueName\":\"search_term_string\"}}],\"inLanguage\":\"en-US\"},{\"@type\":\"Organization\",\"@id\":\"https:\\\/\\\/www.esplac.cat\\\/#organization\",\"name\":\"Esplac\",\"url\":\"https:\\\/\\\/www.esplac.cat\\\/\",\"logo\":{\"@type\":\"ImageObject\",\"inLanguage\":\"en-US\",\"@id\":\"https:\\\/\\\/www.esplac.cat\\\/#\\\/schema\\\/logo\\\/image\\\/\",\"url\":\"https:\\\/\\\/www.esplac.cat\\\/wp-content\\\/uploads\\\/2019\\\/08\\\/logox2.png\",\"contentUrl\":\"https:\\\/\\\/www.esplac.cat\\\/wp-content\\\/uploads\\\/2019\\\/08\\\/logox2.png\",\"width\":600,\"height\":295,\"caption\":\"Esplac\"},\"image\":{\"@id\":\"https:\\\/\\\/www.esplac.cat\\\/#\\\/schema\\\/logo\\\/image\\\/\"}},{\"@type\":\"Person\",\"@id\":\"https:\\\/\\\/www.esplac.cat\\\/#\\\/schema\\\/person\\\/908383cf240be18b68f8855d0583faca\",\"name\":\"Comunicaci\u00f3 Esplac\",\"image\":{\"@type\":\"ImageObject\",\"inLanguage\":\"en-US\",\"@id\":\"https:\\\/\\\/secure.gravatar.com\\\/avatar\\\/7a4cf8feb412a76ea4a740ca02d95b06b2907b5a6c648c2dd0a1082a093c3141?s=96&d=mm&r=g\",\"url\":\"https:\\\/\\\/secure.gravatar.com\\\/avatar\\\/7a4cf8feb412a76ea4a740ca02d95b06b2907b5a6c648c2dd0a1082a093c3141?s=96&d=mm&r=g\",\"contentUrl\":\"https:\\\/\\\/secure.gravatar.com\\\/avatar\\\/7a4cf8feb412a76ea4a740ca02d95b06b2907b5a6c648c2dd0a1082a093c3141?s=96&d=mm&r=g\",\"caption\":\"Comunicaci\u00f3 Esplac\"}}]}<\/script>\n<!-- \/ Yoast SEO plugin. -->","yoast_head_json":{"title":"Els esplais decidim decidir - Esplac","robots":{"index":"index","follow":"follow","max-snippet":"max-snippet:-1","max-image-preview":"max-image-preview:large","max-video-preview":"max-video-preview:-1"},"canonical":"https:\/\/www.esplac.cat\/els-esplais-decidim-decidir\/","og_locale":"en_US","og_type":"article","og_title":"Els esplais decidim decidir - Esplac","og_description":"Com sabeu, l\u2019autodeterminaci\u00f3 \u00e9s un element fonamental per al projecte [&hellip;]","og_url":"https:\/\/www.esplac.cat\/els-esplais-decidim-decidir\/","og_site_name":"Esplac","article_published_time":"2014-09-08T15:23:50+00:00","og_image":[{"width":1200,"height":630,"url":"https:\/\/www.esplac.cat\/wp-content\/uploads\/2019\/11\/logo-open.jpg","type":"image\/jpeg"}],"author":"Comunicaci\u00f3 Esplac","twitter_card":"summary_large_image","twitter_misc":{"Written by":"Comunicaci\u00f3 Esplac","Est. reading time":"2 minutes"},"schema":{"@context":"https:\/\/schema.org","@graph":[{"@type":"Article","@id":"https:\/\/www.esplac.cat\/els-esplais-decidim-decidir\/#article","isPartOf":{"@id":"https:\/\/www.esplac.cat\/els-esplais-decidim-decidir\/"},"author":{"name":"Comunicaci\u00f3 Esplac","@id":"https:\/\/www.esplac.cat\/#\/schema\/person\/908383cf240be18b68f8855d0583faca"},"headline":"Els esplais decidim decidir","datePublished":"2014-09-08T15:23:50+00:00","mainEntityOfPage":{"@id":"https:\/\/www.esplac.cat\/els-esplais-decidim-decidir\/"},"wordCount":339,"commentCount":0,"publisher":{"@id":"https:\/\/www.esplac.cat\/#organization"},"keywords":["11S","9N","autodeterminaci\u00f3","catalunya","Per una Catalunya social","V"],"articleSection":["Comunicats i posicionaments"],"inLanguage":"en-US","potentialAction":[{"@type":"CommentAction","name":"Comment","target":["https:\/\/www.esplac.cat\/els-esplais-decidim-decidir\/#respond"]}]},{"@type":"WebPage","@id":"https:\/\/www.esplac.cat\/els-esplais-decidim-decidir\/","url":"https:\/\/www.esplac.cat\/els-esplais-decidim-decidir\/","name":"Els esplais decidim decidir - Esplac","isPartOf":{"@id":"https:\/\/www.esplac.cat\/#website"},"datePublished":"2014-09-08T15:23:50+00:00","breadcrumb":{"@id":"https:\/\/www.esplac.cat\/els-esplais-decidim-decidir\/#breadcrumb"},"inLanguage":"en-US","potentialAction":[{"@type":"ReadAction","target":["https:\/\/www.esplac.cat\/els-esplais-decidim-decidir\/"]}]},{"@type":"BreadcrumbList","@id":"https:\/\/www.esplac.cat\/els-esplais-decidim-decidir\/#breadcrumb","itemListElement":[{"@type":"ListItem","position":1,"name":"Inici","item":"https:\/\/www.esplac.cat\/en\/"},{"@type":"ListItem","position":2,"name":"Els esplais decidim decidir"}]},{"@type":"WebSite","@id":"https:\/\/www.esplac.cat\/#website","url":"https:\/\/www.esplac.cat\/","name":"Esplac","description":"Esplais Catalans","publisher":{"@id":"https:\/\/www.esplac.cat\/#organization"},"potentialAction":[{"@type":"SearchAction","target":{"@type":"EntryPoint","urlTemplate":"https:\/\/www.esplac.cat\/?s={search_term_string}"},"query-input":{"@type":"PropertyValueSpecification","valueRequired":true,"valueName":"search_term_string"}}],"inLanguage":"en-US"},{"@type":"Organization","@id":"https:\/\/www.esplac.cat\/#organization","name":"Esplac","url":"https:\/\/www.esplac.cat\/","logo":{"@type":"ImageObject","inLanguage":"en-US","@id":"https:\/\/www.esplac.cat\/#\/schema\/logo\/image\/","url":"https:\/\/www.esplac.cat\/wp-content\/uploads\/2019\/08\/logox2.png","contentUrl":"https:\/\/www.esplac.cat\/wp-content\/uploads\/2019\/08\/logox2.png","width":600,"height":295,"caption":"Esplac"},"image":{"@id":"https:\/\/www.esplac.cat\/#\/schema\/logo\/image\/"}},{"@type":"Person","@id":"https:\/\/www.esplac.cat\/#\/schema\/person\/908383cf240be18b68f8855d0583faca","name":"Comunicaci\u00f3 Esplac","image":{"@type":"ImageObject","inLanguage":"en-US","@id":"https:\/\/secure.gravatar.com\/avatar\/7a4cf8feb412a76ea4a740ca02d95b06b2907b5a6c648c2dd0a1082a093c3141?s=96&d=mm&r=g","url":"https:\/\/secure.gravatar.com\/avatar\/7a4cf8feb412a76ea4a740ca02d95b06b2907b5a6c648c2dd0a1082a093c3141?s=96&d=mm&r=g","contentUrl":"https:\/\/secure.gravatar.com\/avatar\/7a4cf8feb412a76ea4a740ca02d95b06b2907b5a6c648c2dd0a1082a093c3141?s=96&d=mm&r=g","caption":"Comunicaci\u00f3 Esplac"}}]}},"_links":{"self":[{"href":"https:\/\/www.esplac.cat\/en\/wp-json\/wp\/v2\/posts\/25733","targetHints":{"allow":["GET"]}}],"collection":[{"href":"https:\/\/www.esplac.cat\/en\/wp-json\/wp\/v2\/posts"}],"about":[{"href":"https:\/\/www.esplac.cat\/en\/wp-json\/wp\/v2\/types\/post"}],"author":[{"embeddable":true,"href":"https:\/\/www.esplac.cat\/en\/wp-json\/wp\/v2\/users\/3"}],"replies":[{"embeddable":true,"href":"https:\/\/www.esplac.cat\/en\/wp-json\/wp\/v2\/comments?post=25733"}],"version-history":[{"count":0,"href":"https:\/\/www.esplac.cat\/en\/wp-json\/wp\/v2\/posts\/25733\/revisions"}],"wp:attachment":[{"href":"https:\/\/www.esplac.cat\/en\/wp-json\/wp\/v2\/media?parent=25733"}],"wp:term":[{"taxonomy":"category","embeddable":true,"href":"https:\/\/www.esplac.cat\/en\/wp-json\/wp\/v2\/categories?post=25733"},{"taxonomy":"post_tag","embeddable":true,"href":"https:\/\/www.esplac.cat\/en\/wp-json\/wp\/v2\/tags?post=25733"}],"curies":[{"name":"wp","href":"https:\/\/api.w.org\/{rel}","templated":true}]}}