{"id":25743,"date":"2014-06-17T15:40:43","date_gmt":"2014-06-17T13:40:43","guid":{"rendered":"http:\/\/esplac.cat\/?p=5322"},"modified":"2014-06-17T15:40:43","modified_gmt":"2014-06-17T13:40:43","slug":"convocatories-coordinacio-de-projectes-del-sector-maresme-i-sector-valles","status":"publish","type":"post","link":"https:\/\/www.esplac.cat\/en\/convocatories-coordinacio-de-projectes-del-sector-maresme-i-sector-valles\/","title":{"rendered":"Convocat\u00f2ries Coordinaci\u00f3 de projectes del Sector Maresme i Sector Vall\u00e8s"},"content":{"rendered":"<p><!--:CA-->Hem obert un termini per a la presentaci\u00f3 de curr\u00edculums amb l\u2019objectiu de cobrir una pla\u00e7a de Coordinador\/a de Projectes del Sector Geogr\u00e0fic del Maresme i una pla\u00e7a de Coordinador\/a de Projectes del Sector Geogr\u00e0fic del Vall\u00e8s d&#8217;Esplais Catalans.<\/p>\n<p>El termini finalitza el dia<strong> 29 de juny de 2014<\/strong>. Els curr\u00edculums i la carta de motivaci\u00f3 els heu de fer arribar a esplac@esplac.cat.<\/p>\n<p>Abans de fer-ho, llegiu atentament i comproveu que acompliu els requisits de les convocat\u00f2ries:<\/p>\n<ul>\n<li><a href=\"http:\/\/esplac.cat\/wp-content\/uploads\/2014\/06\/convocatoria_sector_Maresme.pdf\">Convocat\u00f2ria coordinador\/a de projectes sector Maresme<\/a><\/li>\n<li><a href=\"http:\/\/esplac.cat\/wp-content\/uploads\/2014\/06\/convocatoria_sector_Valles.pdf\">Convocat\u00f2ria coordinador\/a de projectes sector Vall\u00e8s<\/a><\/li>\n<\/ul>\n<p><!--:--><!--:es-->&nbsp;<\/p>\n<p><!--:--><!--:en-->&nbsp;<\/p>\n<p><!--:--><!--:fr-->&nbsp;<\/p>\n<p><!--:--><\/p>\n","protected":false},"excerpt":{"rendered":"<p>Hem obert un termini per a la presentaci\u00f3 de curr\u00edculums [&hellip;]<\/p>\n","protected":false},"author":3,"featured_media":0,"comment_status":"open","ping_status":"open","sticky":false,"template":"","format":"standard","meta":{"om_disable_all_campaigns":false,"_monsterinsights_skip_tracking":false,"_monsterinsights_sitenote_active":false,"_monsterinsights_sitenote_note":"","_monsterinsights_sitenote_category":0,"_uf_show_specific_survey":0,"_uf_disable_surveys":false,"footnotes":""},"categories":[1110,1116,1113,1137],"tags":[297,298,250,21,122],"class_list":["post-25743","post","type-post","status-publish","format-standard","hentry","category-activitats-sectors","category-secretaria-esplac","category-sector-maresme","category-sector-valles","tag-convocatories-de-feina","tag-coordinacio-de-projectes","tag-secretaria-tecnica","tag-sector-maresme","tag-sector-valles"],"yoast_head":"<!-- This site is optimized with the Yoast SEO plugin v27.4 - https:\/\/yoast.com\/product\/yoast-seo-wordpress\/ -->\n<title>Convocat\u00f2ries Coordinaci\u00f3 de projectes del Sector Maresme i Sector Vall\u00e8s - Esplac<\/title>\n<meta name=\"robots\" content=\"index, follow, max-snippet:-1, max-image-preview:large, max-video-preview:-1\" \/>\n<link rel=\"canonical\" href=\"https:\/\/www.esplac.cat\/es\/convocatories-coordinacio-de-projectes-del-sector-maresme-i-sector-valles\/\" \/>\n<meta property=\"og:locale\" content=\"en_US\" \/>\n<meta property=\"og:type\" content=\"article\" \/>\n<meta property=\"og:title\" content=\"Convocat\u00f2ries Coordinaci\u00f3 de projectes del Sector Maresme i Sector Vall\u00e8s - Esplac\" \/>\n<meta property=\"og:description\" content=\"Hem obert un termini per a la presentaci\u00f3 de curr\u00edculums [&hellip;]\" \/>\n<meta property=\"og:url\" content=\"https:\/\/www.esplac.cat\/es\/convocatories-coordinacio-de-projectes-del-sector-maresme-i-sector-valles\/\" \/>\n<meta property=\"og:site_name\" content=\"Esplac\" \/>\n<meta property=\"article:published_time\" content=\"2014-06-17T13:40:43+00:00\" \/>\n<meta property=\"og:image\" content=\"https:\/\/www.esplac.cat\/wp-content\/uploads\/2019\/11\/logo-open.jpg\" \/>\n\t<meta property=\"og:image:width\" content=\"1200\" \/>\n\t<meta property=\"og:image:height\" content=\"630\" \/>\n\t<meta property=\"og:image:type\" content=\"image\/jpeg\" \/>\n<meta name=\"author\" content=\"Comunicaci\u00f3 Esplac\" \/>\n<meta name=\"twitter:card\" content=\"summary_large_image\" \/>\n<meta name=\"twitter:label1\" content=\"Written by\" \/>\n\t<meta name=\"twitter:data1\" content=\"Comunicaci\u00f3 Esplac\" \/>\n\t<meta name=\"twitter:label2\" content=\"Est. reading time\" \/>\n\t<meta name=\"twitter:data2\" content=\"1 minute\" \/>\n<script type=\"application\/ld+json\" class=\"yoast-schema-graph\">{\"@context\":\"https:\\\/\\\/schema.org\",\"@graph\":[{\"@type\":\"Article\",\"@id\":\"https:\\\/\\\/www.esplac.cat\\\/es\\\/convocatories-coordinacio-de-projectes-del-sector-maresme-i-sector-valles\\\/#article\",\"isPartOf\":{\"@id\":\"https:\\\/\\\/www.esplac.cat\\\/es\\\/convocatories-coordinacio-de-projectes-del-sector-maresme-i-sector-valles\\\/\"},\"author\":{\"name\":\"Comunicaci\u00f3 Esplac\",\"@id\":\"https:\\\/\\\/www.esplac.cat\\\/#\\\/schema\\\/person\\\/908383cf240be18b68f8855d0583faca\"},\"headline\":\"Convocat\u00f2ries Coordinaci\u00f3 de projectes del Sector Maresme i Sector Vall\u00e8s\",\"datePublished\":\"2014-06-17T13:40:43+00:00\",\"mainEntityOfPage\":{\"@id\":\"https:\\\/\\\/www.esplac.cat\\\/es\\\/convocatories-coordinacio-de-projectes-del-sector-maresme-i-sector-valles\\\/\"},\"wordCount\":121,\"commentCount\":0,\"publisher\":{\"@id\":\"https:\\\/\\\/www.esplac.cat\\\/#organization\"},\"keywords\":[\"convocat\u00f2ries de feina\",\"coordinaci\u00f3 de projectes\",\"secretaria t\u00e8cnica\",\"sector Maresme\",\"sector Vall\u00e8s\"],\"articleSection\":[\"Activitats sectors\",\"Secretaria T\u00e8cnica\",\"Sector Maresme\",\"Sector Vall\u00e8s\"],\"inLanguage\":\"en-US\",\"potentialAction\":[{\"@type\":\"CommentAction\",\"name\":\"Comment\",\"target\":[\"https:\\\/\\\/www.esplac.cat\\\/es\\\/convocatories-coordinacio-de-projectes-del-sector-maresme-i-sector-valles\\\/#respond\"]}]},{\"@type\":\"WebPage\",\"@id\":\"https:\\\/\\\/www.esplac.cat\\\/es\\\/convocatories-coordinacio-de-projectes-del-sector-maresme-i-sector-valles\\\/\",\"url\":\"https:\\\/\\\/www.esplac.cat\\\/es\\\/convocatories-coordinacio-de-projectes-del-sector-maresme-i-sector-valles\\\/\",\"name\":\"Convocat\u00f2ries Coordinaci\u00f3 de projectes del Sector Maresme i Sector Vall\u00e8s - Esplac\",\"isPartOf\":{\"@id\":\"https:\\\/\\\/www.esplac.cat\\\/#website\"},\"datePublished\":\"2014-06-17T13:40:43+00:00\",\"breadcrumb\":{\"@id\":\"https:\\\/\\\/www.esplac.cat\\\/es\\\/convocatories-coordinacio-de-projectes-del-sector-maresme-i-sector-valles\\\/#breadcrumb\"},\"inLanguage\":\"en-US\",\"potentialAction\":[{\"@type\":\"ReadAction\",\"target\":[\"https:\\\/\\\/www.esplac.cat\\\/es\\\/convocatories-coordinacio-de-projectes-del-sector-maresme-i-sector-valles\\\/\"]}]},{\"@type\":\"BreadcrumbList\",\"@id\":\"https:\\\/\\\/www.esplac.cat\\\/es\\\/convocatories-coordinacio-de-projectes-del-sector-maresme-i-sector-valles\\\/#breadcrumb\",\"itemListElement\":[{\"@type\":\"ListItem\",\"position\":1,\"name\":\"Inici\",\"item\":\"https:\\\/\\\/www.esplac.cat\\\/en\\\/\"},{\"@type\":\"ListItem\",\"position\":2,\"name\":\"Convocat\u00f2ries Coordinaci\u00f3 de projectes del Sector Maresme i Sector Vall\u00e8s\"}]},{\"@type\":\"WebSite\",\"@id\":\"https:\\\/\\\/www.esplac.cat\\\/#website\",\"url\":\"https:\\\/\\\/www.esplac.cat\\\/\",\"name\":\"Esplac\",\"description\":\"Esplais Catalans\",\"publisher\":{\"@id\":\"https:\\\/\\\/www.esplac.cat\\\/#organization\"},\"potentialAction\":[{\"@type\":\"SearchAction\",\"target\":{\"@type\":\"EntryPoint\",\"urlTemplate\":\"https:\\\/\\\/www.esplac.cat\\\/?s={search_term_string}\"},\"query-input\":{\"@type\":\"PropertyValueSpecification\",\"valueRequired\":true,\"valueName\":\"search_term_string\"}}],\"inLanguage\":\"en-US\"},{\"@type\":\"Organization\",\"@id\":\"https:\\\/\\\/www.esplac.cat\\\/#organization\",\"name\":\"Esplac\",\"url\":\"https:\\\/\\\/www.esplac.cat\\\/\",\"logo\":{\"@type\":\"ImageObject\",\"inLanguage\":\"en-US\",\"@id\":\"https:\\\/\\\/www.esplac.cat\\\/#\\\/schema\\\/logo\\\/image\\\/\",\"url\":\"https:\\\/\\\/www.esplac.cat\\\/wp-content\\\/uploads\\\/2019\\\/08\\\/logox2.png\",\"contentUrl\":\"https:\\\/\\\/www.esplac.cat\\\/wp-content\\\/uploads\\\/2019\\\/08\\\/logox2.png\",\"width\":600,\"height\":295,\"caption\":\"Esplac\"},\"image\":{\"@id\":\"https:\\\/\\\/www.esplac.cat\\\/#\\\/schema\\\/logo\\\/image\\\/\"}},{\"@type\":\"Person\",\"@id\":\"https:\\\/\\\/www.esplac.cat\\\/#\\\/schema\\\/person\\\/908383cf240be18b68f8855d0583faca\",\"name\":\"Comunicaci\u00f3 Esplac\",\"image\":{\"@type\":\"ImageObject\",\"inLanguage\":\"en-US\",\"@id\":\"https:\\\/\\\/secure.gravatar.com\\\/avatar\\\/7a4cf8feb412a76ea4a740ca02d95b06b2907b5a6c648c2dd0a1082a093c3141?s=96&d=mm&r=g\",\"url\":\"https:\\\/\\\/secure.gravatar.com\\\/avatar\\\/7a4cf8feb412a76ea4a740ca02d95b06b2907b5a6c648c2dd0a1082a093c3141?s=96&d=mm&r=g\",\"contentUrl\":\"https:\\\/\\\/secure.gravatar.com\\\/avatar\\\/7a4cf8feb412a76ea4a740ca02d95b06b2907b5a6c648c2dd0a1082a093c3141?s=96&d=mm&r=g\",\"caption\":\"Comunicaci\u00f3 Esplac\"}}]}<\/script>\n<!-- \/ Yoast SEO plugin. -->","yoast_head_json":{"title":"Convocat\u00f2ries Coordinaci\u00f3 de projectes del Sector Maresme i Sector Vall\u00e8s - Esplac","robots":{"index":"index","follow":"follow","max-snippet":"max-snippet:-1","max-image-preview":"max-image-preview:large","max-video-preview":"max-video-preview:-1"},"canonical":"https:\/\/www.esplac.cat\/es\/convocatories-coordinacio-de-projectes-del-sector-maresme-i-sector-valles\/","og_locale":"en_US","og_type":"article","og_title":"Convocat\u00f2ries Coordinaci\u00f3 de projectes del Sector Maresme i Sector Vall\u00e8s - Esplac","og_description":"Hem obert un termini per a la presentaci\u00f3 de curr\u00edculums [&hellip;]","og_url":"https:\/\/www.esplac.cat\/es\/convocatories-coordinacio-de-projectes-del-sector-maresme-i-sector-valles\/","og_site_name":"Esplac","article_published_time":"2014-06-17T13:40:43+00:00","og_image":[{"width":1200,"height":630,"url":"https:\/\/www.esplac.cat\/wp-content\/uploads\/2019\/11\/logo-open.jpg","type":"image\/jpeg"}],"author":"Comunicaci\u00f3 Esplac","twitter_card":"summary_large_image","twitter_misc":{"Written by":"Comunicaci\u00f3 Esplac","Est. reading time":"1 minute"},"schema":{"@context":"https:\/\/schema.org","@graph":[{"@type":"Article","@id":"https:\/\/www.esplac.cat\/es\/convocatories-coordinacio-de-projectes-del-sector-maresme-i-sector-valles\/#article","isPartOf":{"@id":"https:\/\/www.esplac.cat\/es\/convocatories-coordinacio-de-projectes-del-sector-maresme-i-sector-valles\/"},"author":{"name":"Comunicaci\u00f3 Esplac","@id":"https:\/\/www.esplac.cat\/#\/schema\/person\/908383cf240be18b68f8855d0583faca"},"headline":"Convocat\u00f2ries Coordinaci\u00f3 de projectes del Sector Maresme i Sector Vall\u00e8s","datePublished":"2014-06-17T13:40:43+00:00","mainEntityOfPage":{"@id":"https:\/\/www.esplac.cat\/es\/convocatories-coordinacio-de-projectes-del-sector-maresme-i-sector-valles\/"},"wordCount":121,"commentCount":0,"publisher":{"@id":"https:\/\/www.esplac.cat\/#organization"},"keywords":["convocat\u00f2ries de feina","coordinaci\u00f3 de projectes","secretaria t\u00e8cnica","sector Maresme","sector Vall\u00e8s"],"articleSection":["Activitats sectors","Secretaria T\u00e8cnica","Sector Maresme","Sector Vall\u00e8s"],"inLanguage":"en-US","potentialAction":[{"@type":"CommentAction","name":"Comment","target":["https:\/\/www.esplac.cat\/es\/convocatories-coordinacio-de-projectes-del-sector-maresme-i-sector-valles\/#respond"]}]},{"@type":"WebPage","@id":"https:\/\/www.esplac.cat\/es\/convocatories-coordinacio-de-projectes-del-sector-maresme-i-sector-valles\/","url":"https:\/\/www.esplac.cat\/es\/convocatories-coordinacio-de-projectes-del-sector-maresme-i-sector-valles\/","name":"Convocat\u00f2ries Coordinaci\u00f3 de projectes del Sector Maresme i Sector Vall\u00e8s - Esplac","isPartOf":{"@id":"https:\/\/www.esplac.cat\/#website"},"datePublished":"2014-06-17T13:40:43+00:00","breadcrumb":{"@id":"https:\/\/www.esplac.cat\/es\/convocatories-coordinacio-de-projectes-del-sector-maresme-i-sector-valles\/#breadcrumb"},"inLanguage":"en-US","potentialAction":[{"@type":"ReadAction","target":["https:\/\/www.esplac.cat\/es\/convocatories-coordinacio-de-projectes-del-sector-maresme-i-sector-valles\/"]}]},{"@type":"BreadcrumbList","@id":"https:\/\/www.esplac.cat\/es\/convocatories-coordinacio-de-projectes-del-sector-maresme-i-sector-valles\/#breadcrumb","itemListElement":[{"@type":"ListItem","position":1,"name":"Inici","item":"https:\/\/www.esplac.cat\/en\/"},{"@type":"ListItem","position":2,"name":"Convocat\u00f2ries Coordinaci\u00f3 de projectes del Sector Maresme i Sector Vall\u00e8s"}]},{"@type":"WebSite","@id":"https:\/\/www.esplac.cat\/#website","url":"https:\/\/www.esplac.cat\/","name":"Esplac","description":"Esplais Catalans","publisher":{"@id":"https:\/\/www.esplac.cat\/#organization"},"potentialAction":[{"@type":"SearchAction","target":{"@type":"EntryPoint","urlTemplate":"https:\/\/www.esplac.cat\/?s={search_term_string}"},"query-input":{"@type":"PropertyValueSpecification","valueRequired":true,"valueName":"search_term_string"}}],"inLanguage":"en-US"},{"@type":"Organization","@id":"https:\/\/www.esplac.cat\/#organization","name":"Esplac","url":"https:\/\/www.esplac.cat\/","logo":{"@type":"ImageObject","inLanguage":"en-US","@id":"https:\/\/www.esplac.cat\/#\/schema\/logo\/image\/","url":"https:\/\/www.esplac.cat\/wp-content\/uploads\/2019\/08\/logox2.png","contentUrl":"https:\/\/www.esplac.cat\/wp-content\/uploads\/2019\/08\/logox2.png","width":600,"height":295,"caption":"Esplac"},"image":{"@id":"https:\/\/www.esplac.cat\/#\/schema\/logo\/image\/"}},{"@type":"Person","@id":"https:\/\/www.esplac.cat\/#\/schema\/person\/908383cf240be18b68f8855d0583faca","name":"Comunicaci\u00f3 Esplac","image":{"@type":"ImageObject","inLanguage":"en-US","@id":"https:\/\/secure.gravatar.com\/avatar\/7a4cf8feb412a76ea4a740ca02d95b06b2907b5a6c648c2dd0a1082a093c3141?s=96&d=mm&r=g","url":"https:\/\/secure.gravatar.com\/avatar\/7a4cf8feb412a76ea4a740ca02d95b06b2907b5a6c648c2dd0a1082a093c3141?s=96&d=mm&r=g","contentUrl":"https:\/\/secure.gravatar.com\/avatar\/7a4cf8feb412a76ea4a740ca02d95b06b2907b5a6c648c2dd0a1082a093c3141?s=96&d=mm&r=g","caption":"Comunicaci\u00f3 Esplac"}}]}},"_links":{"self":[{"href":"https:\/\/www.esplac.cat\/en\/wp-json\/wp\/v2\/posts\/25743","targetHints":{"allow":["GET"]}}],"collection":[{"href":"https:\/\/www.esplac.cat\/en\/wp-json\/wp\/v2\/posts"}],"about":[{"href":"https:\/\/www.esplac.cat\/en\/wp-json\/wp\/v2\/types\/post"}],"author":[{"embeddable":true,"href":"https:\/\/www.esplac.cat\/en\/wp-json\/wp\/v2\/users\/3"}],"replies":[{"embeddable":true,"href":"https:\/\/www.esplac.cat\/en\/wp-json\/wp\/v2\/comments?post=25743"}],"version-history":[{"count":0,"href":"https:\/\/www.esplac.cat\/en\/wp-json\/wp\/v2\/posts\/25743\/revisions"}],"wp:attachment":[{"href":"https:\/\/www.esplac.cat\/en\/wp-json\/wp\/v2\/media?parent=25743"}],"wp:term":[{"taxonomy":"category","embeddable":true,"href":"https:\/\/www.esplac.cat\/en\/wp-json\/wp\/v2\/categories?post=25743"},{"taxonomy":"post_tag","embeddable":true,"href":"https:\/\/www.esplac.cat\/en\/wp-json\/wp\/v2\/tags?post=25743"}],"curies":[{"name":"wp","href":"https:\/\/api.w.org\/{rel}","templated":true}]}}