{"id":25744,"date":"2014-06-17T13:56:51","date_gmt":"2014-06-17T11:56:51","guid":{"rendered":"http:\/\/esplac.cat\/?p=5315"},"modified":"2019-11-14T13:15:32","modified_gmt":"2019-11-14T11:15:32","slug":"repensem-el-genere","status":"publish","type":"post","link":"https:\/\/www.esplac.cat\/en\/repensem-el-genere\/","title":{"rendered":"Repensem el g\u00e8nere"},"content":{"rendered":"<p><!--:CA-->Des de la comissi\u00f3 de G\u00e8nere del Baix Llobregat estem organitzant una jornada formativa per al proper DIUMENGE 22 DE JUNY, a l&#8217;Ateneu de Sant Boi, Avinguda Maria Girona n\u00ba2, Sant Boi de Llobregat.<\/p>\n<p>La jornada rep el nom &#8220;Repensem el g\u00e8nere&#8221; i <strong>sorgeix de la necessitat i preocupaci\u00f3 d&#8217;abordar la q\u00fcesti\u00f3 de g\u00e8nere i el patriarcat als nostres esplais.<\/strong><\/p>\n<p>Les formacions les dinamitzar\u00e0 <strong>Col\u00b7lectiva Calidosc\u00f2pia<\/strong>, una nova associaci\u00f3 nascuda a Girona en proc\u00e9s de constituci\u00f3 i creaci\u00f3. L&#8217;Associaci\u00f3 la formen 5 noies vingudes de \u00e0mbit educatiu i feminista, que intervenen en \u00e0mbits formals i no formals, dirigida a infants, adolescents i persones educadores.<\/p>\n<p>La jornada es desenvolupar\u00e0 amb el seg\u00fcent horari:<\/p>\n<ul>\n<li>10:00 Mat\u00ed de conceptes: Qu\u00e8 \u00e9s el patriarcat? Quins s\u00f3n els seus pilars? Definim des de la pr\u00f2pia experi\u00e8ncia i la quotidianitat de les nostres vides,<\/li>\n<li>14:00 Dinar de &#8220;traje&#8221;<\/li>\n<li>16:00 Tarda d&#8217;an\u00e0lisi i propostes: Aportaci\u00f3 d&#8217;experi\u00e8ncies i recursos per a l&#8217;aplicaci\u00f3 pr\u00e0ctica als nostres esplais<\/li>\n<\/ul>\n<p>Ens fa molta il\u00b7lusi\u00f3 convidar-vos a participar d&#8217;aquest espai de formaci\u00f3, debat, trobada i intercanvi d&#8217;experi\u00e8ncies i opinions. Ser\u00e0 molt \u00fatil i profitosa!<\/p>\n<p>Ja podeu fer les inscripcions a trav\u00e9s de l&#8217;ASSAC, per\u00f2 recordeu que les places s\u00f3n limitades!<\/p>\n<p style=\"text-align: center;\"><a href=\"http:\/\/esplac.cat\/wp-content\/uploads\/2014\/06\/Captura-de-pantalla-2014-06-17-a-las-13.49.55.png\"><img decoding=\"async\" class=\"aligncenter  wp-image-5316\" title=\"repensem-genere\" src=\"http:\/\/esplac.cat\/wp-content\/uploads\/2014\/06\/Captura-de-pantalla-2014-06-17-a-las-13.49.55.png\" alt=\"\" width=\"400\" \/><\/a><\/p>\n<p><!--:--><!--:es-->&nbsp;<\/p>\n<p><!--:--><!--:en-->&nbsp;<\/p>\n<p><!--:--><!--:fr-->&nbsp;<\/p>\n<p><!--:--><\/p>\n","protected":false},"excerpt":{"rendered":"<p>Des de la comissi\u00f3 de G\u00e8nere del Baix Llobregat estem [&hellip;]<\/p>\n","protected":false},"author":3,"featured_media":7830,"comment_status":"open","ping_status":"open","sticky":false,"template":"","format":"standard","meta":{"om_disable_all_campaigns":false,"_monsterinsights_skip_tracking":false,"_monsterinsights_sitenote_active":false,"_monsterinsights_sitenote_note":"","_monsterinsights_sitenote_category":0,"_uf_show_specific_survey":0,"_uf_disable_surveys":false,"footnotes":""},"categories":[1160,1131],"tags":[58,296,114],"class_list":["post-25744","post","type-post","status-publish","format-standard","has-post-thumbnail","hentry","category-comissio-gsdd","category-cursos-formacions","tag-genere","tag-partiarcat","tag-sector-baix-llobregat"],"yoast_head":"<!-- This site is optimized with the Yoast SEO plugin v27.5 - https:\/\/yoast.com\/product\/yoast-seo-wordpress\/ -->\n<title>Repensem el g\u00e8nere - Esplac<\/title>\n<meta name=\"robots\" content=\"index, follow, max-snippet:-1, max-image-preview:large, max-video-preview:-1\" \/>\n<link rel=\"canonical\" href=\"https:\/\/www.esplac.cat\/repensem-el-genere\/\" \/>\n<meta property=\"og:locale\" content=\"en_US\" \/>\n<meta property=\"og:type\" content=\"article\" \/>\n<meta property=\"og:title\" content=\"Repensem el g\u00e8nere - Esplac\" \/>\n<meta property=\"og:description\" content=\"Des de la comissi\u00f3 de G\u00e8nere del Baix Llobregat estem [&hellip;]\" \/>\n<meta property=\"og:url\" content=\"https:\/\/www.esplac.cat\/repensem-el-genere\/\" \/>\n<meta property=\"og:site_name\" content=\"Esplac\" \/>\n<meta property=\"article:published_time\" content=\"2014-06-17T11:56:51+00:00\" \/>\n<meta property=\"article:modified_time\" content=\"2019-11-14T11:15:32+00:00\" \/>\n<meta property=\"og:image\" content=\"https:\/\/www.esplac.cat\/wp-content\/uploads\/2019\/11\/logo-open.jpg\" \/>\n\t<meta property=\"og:image:width\" content=\"1200\" \/>\n\t<meta property=\"og:image:height\" content=\"630\" \/>\n\t<meta property=\"og:image:type\" content=\"image\/jpeg\" \/>\n<meta name=\"author\" content=\"Comunicaci\u00f3 Esplac\" \/>\n<meta name=\"twitter:card\" content=\"summary_large_image\" \/>\n<meta name=\"twitter:label1\" content=\"Written by\" \/>\n\t<meta name=\"twitter:data1\" content=\"Comunicaci\u00f3 Esplac\" \/>\n\t<meta name=\"twitter:label2\" content=\"Est. reading time\" \/>\n\t<meta name=\"twitter:data2\" content=\"1 minute\" \/>\n<script type=\"application\/ld+json\" class=\"yoast-schema-graph\">{\"@context\":\"https:\\\/\\\/schema.org\",\"@graph\":[{\"@type\":\"Article\",\"@id\":\"https:\\\/\\\/www.esplac.cat\\\/repensem-el-genere\\\/#article\",\"isPartOf\":{\"@id\":\"https:\\\/\\\/www.esplac.cat\\\/repensem-el-genere\\\/\"},\"author\":{\"name\":\"Comunicaci\u00f3 Esplac\",\"@id\":\"https:\\\/\\\/www.esplac.cat\\\/#\\\/schema\\\/person\\\/908383cf240be18b68f8855d0583faca\"},\"headline\":\"Repensem el g\u00e8nere\",\"datePublished\":\"2014-06-17T11:56:51+00:00\",\"dateModified\":\"2019-11-14T11:15:32+00:00\",\"mainEntityOfPage\":{\"@id\":\"https:\\\/\\\/www.esplac.cat\\\/repensem-el-genere\\\/\"},\"wordCount\":226,\"commentCount\":0,\"publisher\":{\"@id\":\"https:\\\/\\\/www.esplac.cat\\\/#organization\"},\"image\":{\"@id\":\"https:\\\/\\\/www.esplac.cat\\\/repensem-el-genere\\\/#primaryimage\"},\"thumbnailUrl\":\"\",\"keywords\":[\"g\u00e8nere\",\"partiarcat\",\"sector Baix Llobregat\"],\"articleSection\":[\"Comissi\u00f3 GSDD\",\"Cursos i formacions\"],\"inLanguage\":\"en-US\",\"potentialAction\":[{\"@type\":\"CommentAction\",\"name\":\"Comment\",\"target\":[\"https:\\\/\\\/www.esplac.cat\\\/repensem-el-genere\\\/#respond\"]}]},{\"@type\":\"WebPage\",\"@id\":\"https:\\\/\\\/www.esplac.cat\\\/repensem-el-genere\\\/\",\"url\":\"https:\\\/\\\/www.esplac.cat\\\/repensem-el-genere\\\/\",\"name\":\"Repensem el g\u00e8nere - Esplac\",\"isPartOf\":{\"@id\":\"https:\\\/\\\/www.esplac.cat\\\/#website\"},\"primaryImageOfPage\":{\"@id\":\"https:\\\/\\\/www.esplac.cat\\\/repensem-el-genere\\\/#primaryimage\"},\"image\":{\"@id\":\"https:\\\/\\\/www.esplac.cat\\\/repensem-el-genere\\\/#primaryimage\"},\"thumbnailUrl\":\"\",\"datePublished\":\"2014-06-17T11:56:51+00:00\",\"dateModified\":\"2019-11-14T11:15:32+00:00\",\"breadcrumb\":{\"@id\":\"https:\\\/\\\/www.esplac.cat\\\/repensem-el-genere\\\/#breadcrumb\"},\"inLanguage\":\"en-US\",\"potentialAction\":[{\"@type\":\"ReadAction\",\"target\":[\"https:\\\/\\\/www.esplac.cat\\\/repensem-el-genere\\\/\"]}]},{\"@type\":\"ImageObject\",\"inLanguage\":\"en-US\",\"@id\":\"https:\\\/\\\/www.esplac.cat\\\/repensem-el-genere\\\/#primaryimage\",\"url\":\"\",\"contentUrl\":\"\"},{\"@type\":\"BreadcrumbList\",\"@id\":\"https:\\\/\\\/www.esplac.cat\\\/repensem-el-genere\\\/#breadcrumb\",\"itemListElement\":[{\"@type\":\"ListItem\",\"position\":1,\"name\":\"Inici\",\"item\":\"https:\\\/\\\/www.esplac.cat\\\/en\\\/\"},{\"@type\":\"ListItem\",\"position\":2,\"name\":\"Repensem el g\u00e8nere\"}]},{\"@type\":\"WebSite\",\"@id\":\"https:\\\/\\\/www.esplac.cat\\\/#website\",\"url\":\"https:\\\/\\\/www.esplac.cat\\\/\",\"name\":\"Esplac\",\"description\":\"Esplais Catalans\",\"publisher\":{\"@id\":\"https:\\\/\\\/www.esplac.cat\\\/#organization\"},\"potentialAction\":[{\"@type\":\"SearchAction\",\"target\":{\"@type\":\"EntryPoint\",\"urlTemplate\":\"https:\\\/\\\/www.esplac.cat\\\/?s={search_term_string}\"},\"query-input\":{\"@type\":\"PropertyValueSpecification\",\"valueRequired\":true,\"valueName\":\"search_term_string\"}}],\"inLanguage\":\"en-US\"},{\"@type\":\"Organization\",\"@id\":\"https:\\\/\\\/www.esplac.cat\\\/#organization\",\"name\":\"Esplac\",\"url\":\"https:\\\/\\\/www.esplac.cat\\\/\",\"logo\":{\"@type\":\"ImageObject\",\"inLanguage\":\"en-US\",\"@id\":\"https:\\\/\\\/www.esplac.cat\\\/#\\\/schema\\\/logo\\\/image\\\/\",\"url\":\"https:\\\/\\\/www.esplac.cat\\\/wp-content\\\/uploads\\\/2019\\\/08\\\/logox2.png\",\"contentUrl\":\"https:\\\/\\\/www.esplac.cat\\\/wp-content\\\/uploads\\\/2019\\\/08\\\/logox2.png\",\"width\":600,\"height\":295,\"caption\":\"Esplac\"},\"image\":{\"@id\":\"https:\\\/\\\/www.esplac.cat\\\/#\\\/schema\\\/logo\\\/image\\\/\"}},{\"@type\":\"Person\",\"@id\":\"https:\\\/\\\/www.esplac.cat\\\/#\\\/schema\\\/person\\\/908383cf240be18b68f8855d0583faca\",\"name\":\"Comunicaci\u00f3 Esplac\",\"image\":{\"@type\":\"ImageObject\",\"inLanguage\":\"en-US\",\"@id\":\"https:\\\/\\\/secure.gravatar.com\\\/avatar\\\/7a4cf8feb412a76ea4a740ca02d95b06b2907b5a6c648c2dd0a1082a093c3141?s=96&d=mm&r=g\",\"url\":\"https:\\\/\\\/secure.gravatar.com\\\/avatar\\\/7a4cf8feb412a76ea4a740ca02d95b06b2907b5a6c648c2dd0a1082a093c3141?s=96&d=mm&r=g\",\"contentUrl\":\"https:\\\/\\\/secure.gravatar.com\\\/avatar\\\/7a4cf8feb412a76ea4a740ca02d95b06b2907b5a6c648c2dd0a1082a093c3141?s=96&d=mm&r=g\",\"caption\":\"Comunicaci\u00f3 Esplac\"}}]}<\/script>\n<!-- \/ Yoast SEO plugin. -->","yoast_head_json":{"title":"Repensem el g\u00e8nere - Esplac","robots":{"index":"index","follow":"follow","max-snippet":"max-snippet:-1","max-image-preview":"max-image-preview:large","max-video-preview":"max-video-preview:-1"},"canonical":"https:\/\/www.esplac.cat\/repensem-el-genere\/","og_locale":"en_US","og_type":"article","og_title":"Repensem el g\u00e8nere - Esplac","og_description":"Des de la comissi\u00f3 de G\u00e8nere del Baix Llobregat estem [&hellip;]","og_url":"https:\/\/www.esplac.cat\/repensem-el-genere\/","og_site_name":"Esplac","article_published_time":"2014-06-17T11:56:51+00:00","article_modified_time":"2019-11-14T11:15:32+00:00","og_image":[{"width":1200,"height":630,"url":"https:\/\/www.esplac.cat\/wp-content\/uploads\/2019\/11\/logo-open.jpg","type":"image\/jpeg"}],"author":"Comunicaci\u00f3 Esplac","twitter_card":"summary_large_image","twitter_misc":{"Written by":"Comunicaci\u00f3 Esplac","Est. reading time":"1 minute"},"schema":{"@context":"https:\/\/schema.org","@graph":[{"@type":"Article","@id":"https:\/\/www.esplac.cat\/repensem-el-genere\/#article","isPartOf":{"@id":"https:\/\/www.esplac.cat\/repensem-el-genere\/"},"author":{"name":"Comunicaci\u00f3 Esplac","@id":"https:\/\/www.esplac.cat\/#\/schema\/person\/908383cf240be18b68f8855d0583faca"},"headline":"Repensem el g\u00e8nere","datePublished":"2014-06-17T11:56:51+00:00","dateModified":"2019-11-14T11:15:32+00:00","mainEntityOfPage":{"@id":"https:\/\/www.esplac.cat\/repensem-el-genere\/"},"wordCount":226,"commentCount":0,"publisher":{"@id":"https:\/\/www.esplac.cat\/#organization"},"image":{"@id":"https:\/\/www.esplac.cat\/repensem-el-genere\/#primaryimage"},"thumbnailUrl":"","keywords":["g\u00e8nere","partiarcat","sector Baix Llobregat"],"articleSection":["Comissi\u00f3 GSDD","Cursos i formacions"],"inLanguage":"en-US","potentialAction":[{"@type":"CommentAction","name":"Comment","target":["https:\/\/www.esplac.cat\/repensem-el-genere\/#respond"]}]},{"@type":"WebPage","@id":"https:\/\/www.esplac.cat\/repensem-el-genere\/","url":"https:\/\/www.esplac.cat\/repensem-el-genere\/","name":"Repensem el g\u00e8nere - Esplac","isPartOf":{"@id":"https:\/\/www.esplac.cat\/#website"},"primaryImageOfPage":{"@id":"https:\/\/www.esplac.cat\/repensem-el-genere\/#primaryimage"},"image":{"@id":"https:\/\/www.esplac.cat\/repensem-el-genere\/#primaryimage"},"thumbnailUrl":"","datePublished":"2014-06-17T11:56:51+00:00","dateModified":"2019-11-14T11:15:32+00:00","breadcrumb":{"@id":"https:\/\/www.esplac.cat\/repensem-el-genere\/#breadcrumb"},"inLanguage":"en-US","potentialAction":[{"@type":"ReadAction","target":["https:\/\/www.esplac.cat\/repensem-el-genere\/"]}]},{"@type":"ImageObject","inLanguage":"en-US","@id":"https:\/\/www.esplac.cat\/repensem-el-genere\/#primaryimage","url":"","contentUrl":""},{"@type":"BreadcrumbList","@id":"https:\/\/www.esplac.cat\/repensem-el-genere\/#breadcrumb","itemListElement":[{"@type":"ListItem","position":1,"name":"Inici","item":"https:\/\/www.esplac.cat\/en\/"},{"@type":"ListItem","position":2,"name":"Repensem el g\u00e8nere"}]},{"@type":"WebSite","@id":"https:\/\/www.esplac.cat\/#website","url":"https:\/\/www.esplac.cat\/","name":"Esplac","description":"Esplais Catalans","publisher":{"@id":"https:\/\/www.esplac.cat\/#organization"},"potentialAction":[{"@type":"SearchAction","target":{"@type":"EntryPoint","urlTemplate":"https:\/\/www.esplac.cat\/?s={search_term_string}"},"query-input":{"@type":"PropertyValueSpecification","valueRequired":true,"valueName":"search_term_string"}}],"inLanguage":"en-US"},{"@type":"Organization","@id":"https:\/\/www.esplac.cat\/#organization","name":"Esplac","url":"https:\/\/www.esplac.cat\/","logo":{"@type":"ImageObject","inLanguage":"en-US","@id":"https:\/\/www.esplac.cat\/#\/schema\/logo\/image\/","url":"https:\/\/www.esplac.cat\/wp-content\/uploads\/2019\/08\/logox2.png","contentUrl":"https:\/\/www.esplac.cat\/wp-content\/uploads\/2019\/08\/logox2.png","width":600,"height":295,"caption":"Esplac"},"image":{"@id":"https:\/\/www.esplac.cat\/#\/schema\/logo\/image\/"}},{"@type":"Person","@id":"https:\/\/www.esplac.cat\/#\/schema\/person\/908383cf240be18b68f8855d0583faca","name":"Comunicaci\u00f3 Esplac","image":{"@type":"ImageObject","inLanguage":"en-US","@id":"https:\/\/secure.gravatar.com\/avatar\/7a4cf8feb412a76ea4a740ca02d95b06b2907b5a6c648c2dd0a1082a093c3141?s=96&d=mm&r=g","url":"https:\/\/secure.gravatar.com\/avatar\/7a4cf8feb412a76ea4a740ca02d95b06b2907b5a6c648c2dd0a1082a093c3141?s=96&d=mm&r=g","contentUrl":"https:\/\/secure.gravatar.com\/avatar\/7a4cf8feb412a76ea4a740ca02d95b06b2907b5a6c648c2dd0a1082a093c3141?s=96&d=mm&r=g","caption":"Comunicaci\u00f3 Esplac"}}]}},"_links":{"self":[{"href":"https:\/\/www.esplac.cat\/en\/wp-json\/wp\/v2\/posts\/25744","targetHints":{"allow":["GET"]}}],"collection":[{"href":"https:\/\/www.esplac.cat\/en\/wp-json\/wp\/v2\/posts"}],"about":[{"href":"https:\/\/www.esplac.cat\/en\/wp-json\/wp\/v2\/types\/post"}],"author":[{"embeddable":true,"href":"https:\/\/www.esplac.cat\/en\/wp-json\/wp\/v2\/users\/3"}],"replies":[{"embeddable":true,"href":"https:\/\/www.esplac.cat\/en\/wp-json\/wp\/v2\/comments?post=25744"}],"version-history":[{"count":0,"href":"https:\/\/www.esplac.cat\/en\/wp-json\/wp\/v2\/posts\/25744\/revisions"}],"wp:featuredmedia":[{"embeddable":true,"href":"https:\/\/www.esplac.cat\/en\/wp-json\/"}],"wp:attachment":[{"href":"https:\/\/www.esplac.cat\/en\/wp-json\/wp\/v2\/media?parent=25744"}],"wp:term":[{"taxonomy":"category","embeddable":true,"href":"https:\/\/www.esplac.cat\/en\/wp-json\/wp\/v2\/categories?post=25744"},{"taxonomy":"post_tag","embeddable":true,"href":"https:\/\/www.esplac.cat\/en\/wp-json\/wp\/v2\/tags?post=25744"}],"curies":[{"name":"wp","href":"https:\/\/api.w.org\/{rel}","templated":true}]}}