{"id":25745,"date":"2014-06-17T11:57:30","date_gmt":"2014-06-17T09:57:30","guid":{"rendered":"http:\/\/esplac.cat\/?p=5311"},"modified":"2014-06-17T11:57:30","modified_gmt":"2014-06-17T09:57:30","slug":"festa-20e-aniversari-esplai-geps","status":"publish","type":"post","link":"https:\/\/www.esplac.cat\/en\/festa-20e-aniversari-esplai-geps\/","title":{"rendered":"Festa del 20\u00e8 aniversari de l&#8217;esplai GEPS"},"content":{"rendered":"<p><!--:CA--><strong>Redacci\u00f3:<\/strong> monitores i monitors de l&#8217;<a title=\"esplai geps\" href=\"http:\/\/esplaigepssantpedor.wordpress.com\/\" target=\"_blank\" rel=\"noopener noreferrer\">esplai Geps<\/a><\/p>\n<p>Ara va de bo! De ben segur que ja sabeu que <a title=\"aniversari geps\" href=\"http:\/\/esplac.cat\/exposicio-fotografies-inicia-actes-20e-aniversari-esplai-geps\/\" target=\"_blank\" rel=\"noopener noreferrer\">aquest any estem de celebracions<\/a>, per\u00f2 aquest cop la farem ben grossa! Us informem que<strong> el proper dissabte 21 de juny, durant tot el dia, celebrarem l&#8217;esperada festa dels 20 anys!<\/strong> Per\u00f2 amb aix\u00f2 no en ten\u00edem prou, i com que vol\u00edem que fos una festa ben sonada, la farem per triplicat i tamb\u00e9 celebrarem l&#8217;arribada de l&#8217;estiu i el final de curs!<\/p>\n<p>Com est\u00e0 ben explicat en el cartell adjunt, per donar el tret de sortida a l&#8217;estiu, farem una caminadeta pels voltants de Santpedor, i de tornada, per fer passar la calor, ens remullarem i ens divertirem amb la festa de l&#8217;espuma!<\/p>\n<p>I a la tarda no s&#8217;atura la festa! Primer gaudirem tot jugant amb companyia a la Pla\u00e7a de l&#8217;Esgl\u00e9sia, des d&#8217;on anirem fent cercavila fins a la Pla\u00e7a Gran on ens esperaran, a petits i grans, per continuar fent festa amb la Sal dels Mars!<\/p>\n<p>No marxarem per\u00f2, sense acomiadar aquest curs, tant intens com ha estat, per comen\u00e7ar les vacances d&#8217;estiu amb bon peu!<\/p>\n<p>A veure si amb tota aquesta moguda, ens fem notar a Santpedor, i animem a tot al poble a que ho celebrin amb nosaltres! Us hi esperem a tots i totes!<\/p>\n<p style=\"text-align: center;\"><a href=\"http:\/\/esplac.cat\/wp-content\/uploads\/2014\/06\/Cartell-Festa-21-juny-1-page-001.jpg\"><img decoding=\"async\" class=\"aligncenter  wp-image-5313\" title=\"cartell-festa-esplai-geps\" src=\"http:\/\/esplac.cat\/wp-content\/uploads\/2014\/06\/Cartell-Festa-21-juny-1-page-001.jpg\" alt=\"\" width=\"400\" \/><\/a><\/p>\n<p><!--:--><!--:es-->&nbsp;<\/p>\n<p><!--:--><!--:en-->&nbsp;<\/p>\n<p><!--:--><!--:fr-->&nbsp;<\/p>\n<p><!--:--><\/p>\n","protected":false},"excerpt":{"rendered":"<p>Redacci\u00f3: monitores i monitors de l&#8217;esplai Geps Ara va de [&hellip;]<\/p>\n","protected":false},"author":3,"featured_media":7829,"comment_status":"open","ping_status":"open","sticky":false,"template":"","format":"standard","meta":{"om_disable_all_campaigns":false,"_monsterinsights_skip_tracking":false,"_monsterinsights_sitenote_active":false,"_monsterinsights_sitenote_note":"","_monsterinsights_sitenote_category":0,"_uf_show_specific_survey":0,"_uf_disable_surveys":false,"footnotes":""},"categories":[1117],"tags":[236,199,118],"class_list":["post-25745","post","type-post","status-publish","format-standard","has-post-thumbnail","hentry","category-activitats-esplais","tag-aniversaris","tag-esplai-geps","tag-sector-bages-bergueda"],"yoast_head":"<!-- This site is optimized with the Yoast SEO plugin v27.4 - https:\/\/yoast.com\/product\/yoast-seo-wordpress\/ -->\n<title>Festa del 20\u00e8 aniversari de l&#039;esplai GEPS - Esplac<\/title>\n<meta name=\"robots\" content=\"index, follow, max-snippet:-1, max-image-preview:large, max-video-preview:-1\" \/>\n<link rel=\"canonical\" href=\"https:\/\/www.esplac.cat\/festa-20e-aniversari-esplai-geps\/\" \/>\n<meta property=\"og:locale\" content=\"en_US\" \/>\n<meta property=\"og:type\" content=\"article\" \/>\n<meta property=\"og:title\" content=\"Festa del 20\u00e8 aniversari de l&#039;esplai GEPS - Esplac\" \/>\n<meta property=\"og:description\" content=\"Redacci\u00f3: monitores i monitors de l&#8217;esplai Geps Ara va de [&hellip;]\" \/>\n<meta property=\"og:url\" content=\"https:\/\/www.esplac.cat\/festa-20e-aniversari-esplai-geps\/\" \/>\n<meta property=\"og:site_name\" content=\"Esplac\" \/>\n<meta property=\"article:published_time\" content=\"2014-06-17T09:57:30+00:00\" \/>\n<meta property=\"og:image\" content=\"https:\/\/www.esplac.cat\/wp-content\/uploads\/2019\/11\/logo-open.jpg\" \/>\n\t<meta property=\"og:image:width\" content=\"1200\" \/>\n\t<meta property=\"og:image:height\" content=\"630\" \/>\n\t<meta property=\"og:image:type\" content=\"image\/jpeg\" \/>\n<meta name=\"author\" content=\"Comunicaci\u00f3 Esplac\" \/>\n<meta name=\"twitter:card\" content=\"summary_large_image\" \/>\n<meta name=\"twitter:label1\" content=\"Written by\" \/>\n\t<meta name=\"twitter:data1\" content=\"Comunicaci\u00f3 Esplac\" \/>\n\t<meta name=\"twitter:label2\" content=\"Est. reading time\" \/>\n\t<meta name=\"twitter:data2\" content=\"1 minute\" \/>\n<script type=\"application\/ld+json\" class=\"yoast-schema-graph\">{\"@context\":\"https:\\\/\\\/schema.org\",\"@graph\":[{\"@type\":\"Article\",\"@id\":\"https:\\\/\\\/www.esplac.cat\\\/festa-20e-aniversari-esplai-geps\\\/#article\",\"isPartOf\":{\"@id\":\"https:\\\/\\\/www.esplac.cat\\\/festa-20e-aniversari-esplai-geps\\\/\"},\"author\":{\"name\":\"Comunicaci\u00f3 Esplac\",\"@id\":\"https:\\\/\\\/www.esplac.cat\\\/#\\\/schema\\\/person\\\/908383cf240be18b68f8855d0583faca\"},\"headline\":\"Festa del 20\u00e8 aniversari de l&#8217;esplai GEPS\",\"datePublished\":\"2014-06-17T09:57:30+00:00\",\"mainEntityOfPage\":{\"@id\":\"https:\\\/\\\/www.esplac.cat\\\/festa-20e-aniversari-esplai-geps\\\/\"},\"wordCount\":242,\"commentCount\":0,\"publisher\":{\"@id\":\"https:\\\/\\\/www.esplac.cat\\\/#organization\"},\"image\":{\"@id\":\"https:\\\/\\\/www.esplac.cat\\\/festa-20e-aniversari-esplai-geps\\\/#primaryimage\"},\"thumbnailUrl\":\"\",\"keywords\":[\"aniversaris\",\"esplai GEPS\",\"Sector Bages-Bergued\u00e0\"],\"articleSection\":[\"Activitats esplais\"],\"inLanguage\":\"en-US\",\"potentialAction\":[{\"@type\":\"CommentAction\",\"name\":\"Comment\",\"target\":[\"https:\\\/\\\/www.esplac.cat\\\/festa-20e-aniversari-esplai-geps\\\/#respond\"]}]},{\"@type\":\"WebPage\",\"@id\":\"https:\\\/\\\/www.esplac.cat\\\/festa-20e-aniversari-esplai-geps\\\/\",\"url\":\"https:\\\/\\\/www.esplac.cat\\\/festa-20e-aniversari-esplai-geps\\\/\",\"name\":\"Festa del 20\u00e8 aniversari de l'esplai GEPS - Esplac\",\"isPartOf\":{\"@id\":\"https:\\\/\\\/www.esplac.cat\\\/#website\"},\"primaryImageOfPage\":{\"@id\":\"https:\\\/\\\/www.esplac.cat\\\/festa-20e-aniversari-esplai-geps\\\/#primaryimage\"},\"image\":{\"@id\":\"https:\\\/\\\/www.esplac.cat\\\/festa-20e-aniversari-esplai-geps\\\/#primaryimage\"},\"thumbnailUrl\":\"\",\"datePublished\":\"2014-06-17T09:57:30+00:00\",\"breadcrumb\":{\"@id\":\"https:\\\/\\\/www.esplac.cat\\\/festa-20e-aniversari-esplai-geps\\\/#breadcrumb\"},\"inLanguage\":\"en-US\",\"potentialAction\":[{\"@type\":\"ReadAction\",\"target\":[\"https:\\\/\\\/www.esplac.cat\\\/festa-20e-aniversari-esplai-geps\\\/\"]}]},{\"@type\":\"ImageObject\",\"inLanguage\":\"en-US\",\"@id\":\"https:\\\/\\\/www.esplac.cat\\\/festa-20e-aniversari-esplai-geps\\\/#primaryimage\",\"url\":\"\",\"contentUrl\":\"\"},{\"@type\":\"BreadcrumbList\",\"@id\":\"https:\\\/\\\/www.esplac.cat\\\/festa-20e-aniversari-esplai-geps\\\/#breadcrumb\",\"itemListElement\":[{\"@type\":\"ListItem\",\"position\":1,\"name\":\"Inici\",\"item\":\"https:\\\/\\\/www.esplac.cat\\\/en\\\/\"},{\"@type\":\"ListItem\",\"position\":2,\"name\":\"Festa del 20\u00e8 aniversari de l&#8217;esplai GEPS\"}]},{\"@type\":\"WebSite\",\"@id\":\"https:\\\/\\\/www.esplac.cat\\\/#website\",\"url\":\"https:\\\/\\\/www.esplac.cat\\\/\",\"name\":\"Esplac\",\"description\":\"Esplais Catalans\",\"publisher\":{\"@id\":\"https:\\\/\\\/www.esplac.cat\\\/#organization\"},\"potentialAction\":[{\"@type\":\"SearchAction\",\"target\":{\"@type\":\"EntryPoint\",\"urlTemplate\":\"https:\\\/\\\/www.esplac.cat\\\/?s={search_term_string}\"},\"query-input\":{\"@type\":\"PropertyValueSpecification\",\"valueRequired\":true,\"valueName\":\"search_term_string\"}}],\"inLanguage\":\"en-US\"},{\"@type\":\"Organization\",\"@id\":\"https:\\\/\\\/www.esplac.cat\\\/#organization\",\"name\":\"Esplac\",\"url\":\"https:\\\/\\\/www.esplac.cat\\\/\",\"logo\":{\"@type\":\"ImageObject\",\"inLanguage\":\"en-US\",\"@id\":\"https:\\\/\\\/www.esplac.cat\\\/#\\\/schema\\\/logo\\\/image\\\/\",\"url\":\"https:\\\/\\\/www.esplac.cat\\\/wp-content\\\/uploads\\\/2019\\\/08\\\/logox2.png\",\"contentUrl\":\"https:\\\/\\\/www.esplac.cat\\\/wp-content\\\/uploads\\\/2019\\\/08\\\/logox2.png\",\"width\":600,\"height\":295,\"caption\":\"Esplac\"},\"image\":{\"@id\":\"https:\\\/\\\/www.esplac.cat\\\/#\\\/schema\\\/logo\\\/image\\\/\"}},{\"@type\":\"Person\",\"@id\":\"https:\\\/\\\/www.esplac.cat\\\/#\\\/schema\\\/person\\\/908383cf240be18b68f8855d0583faca\",\"name\":\"Comunicaci\u00f3 Esplac\",\"image\":{\"@type\":\"ImageObject\",\"inLanguage\":\"en-US\",\"@id\":\"https:\\\/\\\/secure.gravatar.com\\\/avatar\\\/7a4cf8feb412a76ea4a740ca02d95b06b2907b5a6c648c2dd0a1082a093c3141?s=96&d=mm&r=g\",\"url\":\"https:\\\/\\\/secure.gravatar.com\\\/avatar\\\/7a4cf8feb412a76ea4a740ca02d95b06b2907b5a6c648c2dd0a1082a093c3141?s=96&d=mm&r=g\",\"contentUrl\":\"https:\\\/\\\/secure.gravatar.com\\\/avatar\\\/7a4cf8feb412a76ea4a740ca02d95b06b2907b5a6c648c2dd0a1082a093c3141?s=96&d=mm&r=g\",\"caption\":\"Comunicaci\u00f3 Esplac\"}}]}<\/script>\n<!-- \/ Yoast SEO plugin. -->","yoast_head_json":{"title":"Festa del 20\u00e8 aniversari de l'esplai GEPS - Esplac","robots":{"index":"index","follow":"follow","max-snippet":"max-snippet:-1","max-image-preview":"max-image-preview:large","max-video-preview":"max-video-preview:-1"},"canonical":"https:\/\/www.esplac.cat\/festa-20e-aniversari-esplai-geps\/","og_locale":"en_US","og_type":"article","og_title":"Festa del 20\u00e8 aniversari de l'esplai GEPS - Esplac","og_description":"Redacci\u00f3: monitores i monitors de l&#8217;esplai Geps Ara va de [&hellip;]","og_url":"https:\/\/www.esplac.cat\/festa-20e-aniversari-esplai-geps\/","og_site_name":"Esplac","article_published_time":"2014-06-17T09:57:30+00:00","og_image":[{"width":1200,"height":630,"url":"https:\/\/www.esplac.cat\/wp-content\/uploads\/2019\/11\/logo-open.jpg","type":"image\/jpeg"}],"author":"Comunicaci\u00f3 Esplac","twitter_card":"summary_large_image","twitter_misc":{"Written by":"Comunicaci\u00f3 Esplac","Est. reading time":"1 minute"},"schema":{"@context":"https:\/\/schema.org","@graph":[{"@type":"Article","@id":"https:\/\/www.esplac.cat\/festa-20e-aniversari-esplai-geps\/#article","isPartOf":{"@id":"https:\/\/www.esplac.cat\/festa-20e-aniversari-esplai-geps\/"},"author":{"name":"Comunicaci\u00f3 Esplac","@id":"https:\/\/www.esplac.cat\/#\/schema\/person\/908383cf240be18b68f8855d0583faca"},"headline":"Festa del 20\u00e8 aniversari de l&#8217;esplai GEPS","datePublished":"2014-06-17T09:57:30+00:00","mainEntityOfPage":{"@id":"https:\/\/www.esplac.cat\/festa-20e-aniversari-esplai-geps\/"},"wordCount":242,"commentCount":0,"publisher":{"@id":"https:\/\/www.esplac.cat\/#organization"},"image":{"@id":"https:\/\/www.esplac.cat\/festa-20e-aniversari-esplai-geps\/#primaryimage"},"thumbnailUrl":"","keywords":["aniversaris","esplai GEPS","Sector Bages-Bergued\u00e0"],"articleSection":["Activitats esplais"],"inLanguage":"en-US","potentialAction":[{"@type":"CommentAction","name":"Comment","target":["https:\/\/www.esplac.cat\/festa-20e-aniversari-esplai-geps\/#respond"]}]},{"@type":"WebPage","@id":"https:\/\/www.esplac.cat\/festa-20e-aniversari-esplai-geps\/","url":"https:\/\/www.esplac.cat\/festa-20e-aniversari-esplai-geps\/","name":"Festa del 20\u00e8 aniversari de l'esplai GEPS - Esplac","isPartOf":{"@id":"https:\/\/www.esplac.cat\/#website"},"primaryImageOfPage":{"@id":"https:\/\/www.esplac.cat\/festa-20e-aniversari-esplai-geps\/#primaryimage"},"image":{"@id":"https:\/\/www.esplac.cat\/festa-20e-aniversari-esplai-geps\/#primaryimage"},"thumbnailUrl":"","datePublished":"2014-06-17T09:57:30+00:00","breadcrumb":{"@id":"https:\/\/www.esplac.cat\/festa-20e-aniversari-esplai-geps\/#breadcrumb"},"inLanguage":"en-US","potentialAction":[{"@type":"ReadAction","target":["https:\/\/www.esplac.cat\/festa-20e-aniversari-esplai-geps\/"]}]},{"@type":"ImageObject","inLanguage":"en-US","@id":"https:\/\/www.esplac.cat\/festa-20e-aniversari-esplai-geps\/#primaryimage","url":"","contentUrl":""},{"@type":"BreadcrumbList","@id":"https:\/\/www.esplac.cat\/festa-20e-aniversari-esplai-geps\/#breadcrumb","itemListElement":[{"@type":"ListItem","position":1,"name":"Inici","item":"https:\/\/www.esplac.cat\/en\/"},{"@type":"ListItem","position":2,"name":"Festa del 20\u00e8 aniversari de l&#8217;esplai GEPS"}]},{"@type":"WebSite","@id":"https:\/\/www.esplac.cat\/#website","url":"https:\/\/www.esplac.cat\/","name":"Esplac","description":"Esplais Catalans","publisher":{"@id":"https:\/\/www.esplac.cat\/#organization"},"potentialAction":[{"@type":"SearchAction","target":{"@type":"EntryPoint","urlTemplate":"https:\/\/www.esplac.cat\/?s={search_term_string}"},"query-input":{"@type":"PropertyValueSpecification","valueRequired":true,"valueName":"search_term_string"}}],"inLanguage":"en-US"},{"@type":"Organization","@id":"https:\/\/www.esplac.cat\/#organization","name":"Esplac","url":"https:\/\/www.esplac.cat\/","logo":{"@type":"ImageObject","inLanguage":"en-US","@id":"https:\/\/www.esplac.cat\/#\/schema\/logo\/image\/","url":"https:\/\/www.esplac.cat\/wp-content\/uploads\/2019\/08\/logox2.png","contentUrl":"https:\/\/www.esplac.cat\/wp-content\/uploads\/2019\/08\/logox2.png","width":600,"height":295,"caption":"Esplac"},"image":{"@id":"https:\/\/www.esplac.cat\/#\/schema\/logo\/image\/"}},{"@type":"Person","@id":"https:\/\/www.esplac.cat\/#\/schema\/person\/908383cf240be18b68f8855d0583faca","name":"Comunicaci\u00f3 Esplac","image":{"@type":"ImageObject","inLanguage":"en-US","@id":"https:\/\/secure.gravatar.com\/avatar\/7a4cf8feb412a76ea4a740ca02d95b06b2907b5a6c648c2dd0a1082a093c3141?s=96&d=mm&r=g","url":"https:\/\/secure.gravatar.com\/avatar\/7a4cf8feb412a76ea4a740ca02d95b06b2907b5a6c648c2dd0a1082a093c3141?s=96&d=mm&r=g","contentUrl":"https:\/\/secure.gravatar.com\/avatar\/7a4cf8feb412a76ea4a740ca02d95b06b2907b5a6c648c2dd0a1082a093c3141?s=96&d=mm&r=g","caption":"Comunicaci\u00f3 Esplac"}}]}},"_links":{"self":[{"href":"https:\/\/www.esplac.cat\/en\/wp-json\/wp\/v2\/posts\/25745","targetHints":{"allow":["GET"]}}],"collection":[{"href":"https:\/\/www.esplac.cat\/en\/wp-json\/wp\/v2\/posts"}],"about":[{"href":"https:\/\/www.esplac.cat\/en\/wp-json\/wp\/v2\/types\/post"}],"author":[{"embeddable":true,"href":"https:\/\/www.esplac.cat\/en\/wp-json\/wp\/v2\/users\/3"}],"replies":[{"embeddable":true,"href":"https:\/\/www.esplac.cat\/en\/wp-json\/wp\/v2\/comments?post=25745"}],"version-history":[{"count":0,"href":"https:\/\/www.esplac.cat\/en\/wp-json\/wp\/v2\/posts\/25745\/revisions"}],"wp:featuredmedia":[{"embeddable":true,"href":"https:\/\/www.esplac.cat\/en\/wp-json\/"}],"wp:attachment":[{"href":"https:\/\/www.esplac.cat\/en\/wp-json\/wp\/v2\/media?parent=25745"}],"wp:term":[{"taxonomy":"category","embeddable":true,"href":"https:\/\/www.esplac.cat\/en\/wp-json\/wp\/v2\/categories?post=25745"},{"taxonomy":"post_tag","embeddable":true,"href":"https:\/\/www.esplac.cat\/en\/wp-json\/wp\/v2\/tags?post=25745"}],"curies":[{"name":"wp","href":"https:\/\/api.w.org\/{rel}","templated":true}]}}