{"id":25747,"date":"2014-06-11T17:38:26","date_gmt":"2014-06-11T15:38:26","guid":{"rendered":"http:\/\/esplac.cat\/?p=5302"},"modified":"2019-11-14T13:17:46","modified_gmt":"2019-11-14T11:17:46","slug":"bona-practica-compres-consum-sostenible-campaments-colonies-rutes","status":"publish","type":"post","link":"https:\/\/www.esplac.cat\/en\/bona-practica-compres-consum-sostenible-campaments-colonies-rutes\/","title":{"rendered":"Bona pr\u00e0ctica: compres i consum sostenible als campaments, col\u00f2nies i rutes"},"content":{"rendered":"<p><!--:CA--><\/p>\n<p style=\"text-align: left;\" lang=\"ca-ES\" align=\"justify\">Esplais Catalans entenem que la transformaci\u00f3 cap a una societat m\u00e9s justa, igualit\u00e0ria i sostenible tamb\u00e9 passa pel tipus de gesti\u00f3 que fem dels nostres propis recursos. Quan marxem de campaments, col\u00f2nies o ruta, \u00e9s un bon moment per explicitar el nostre comprom\u00eds fent un consum responsable i sostenible.<\/p>\n<p style=\"text-align: left;\" lang=\"ca-ES\" align=\"justify\">Us presentem una bona pr\u00e0ctica vinculada al <strong>comer\u00e7 de proximitat i al consum responsable<\/strong>. Al <a title=\"esplai clupi\" href=\"https:\/\/www.facebook.com\/Esplai.Clupi\" target=\"_blank\" rel=\"noopener noreferrer\">C.I. Cerdanyola<\/a>, la intend\u00e8ncia es prepara amb els infants, que cuinen i participen de l&#8217;organitzaci\u00f3, acompanyats d&#8217;una monitora o monitor. D&#8217;aquesta manera prenen consci\u00e8ncia i valoren all\u00f2 que consumeixen. Tamb\u00e9 practiquen la compra en comer\u00e7os de proximitat que, en el context de les col\u00f2nies, els campaments i les rutes, \u00e9s una oportunitat pels productors i comer\u00e7os locals de vendre els seus productes, i per l&#8217;altra, una manera de ser m\u00e9s sostenibles a l&#8217;esplai.<\/p>\n<p style=\"text-align: left;\" lang=\"ca-ES\" align=\"justify\">Alguns consells importants a tenir en compte a l&#8217;hora de fer la compra:<\/p>\n<ul style=\"text-align: left;\">\n<li>\n<p lang=\"ca-ES\" align=\"justify\"><strong>Organitzem b\u00e9 les llistes de compra<\/strong> \u2013 preparem-les pr\u00e8viament i revisem el que ja tenim. Evitarem fer m\u00e9s viatges i optimitzarem el consum de combustible.<\/p>\n<\/li>\n<li>\n<p lang=\"ca-ES\" align=\"justify\"><strong>Comptem amb la qualitat dels aliments i no amb l&#8217;est\u00e8tica<\/strong> \u2013 la bellesa dels aliments \u00e9s una estrat\u00e8gia comercial per vendre m\u00e9s, per\u00f2 no t\u00e9 res a veure amb qu\u00e8 sigui bo o dolent.<\/p>\n<\/li>\n<li>\n<p lang=\"ca-ES\" align=\"justify\"><strong>Optem per aquells aliments de temporada<\/strong> \u2013 adaptem el men\u00fa a la fruita i verdura del temps. Quan mengem aliments fora de temporada \u00e9s perqu\u00e8 es mantenen sotmesos a condicions for\u00e7ades.<\/p>\n<\/li>\n<li>\n<p lang=\"ca-ES\" align=\"justify\"><strong>Preferim aliments propis de la zona i afavorim els que provenen de l&#8217;agricultura ecol\u00f2gica<\/strong> \u2013 estalviarem intermediaris, com el transport o els impostos de duanes, fomentarem la producci\u00f3 ecol\u00f2gica i ajudarem el comer\u00e7 de la zona.<\/p>\n<\/li>\n<li>\n<p lang=\"ca-ES\" align=\"justify\"><strong>Comprem a l&#8217;engr\u00f2s<\/strong> \u2013 d&#8217;aquesta manera estalviem els embalatges superflus. Si no \u00e9s possible, comprem sempre all\u00f2 que generi menys residus.<\/p>\n<\/li>\n<li>\n<p lang=\"ca-ES\" align=\"justify\"><strong>Mirem la composici\u00f3 dels productes<\/strong> \u2013 evitem els additius i els components t\u00f2xics.<\/p>\n<\/li>\n<li>\n<p lang=\"ca-ES\" align=\"justify\"><strong>Evitem productes i recipients d&#8217;un sol \u00fas<\/strong> \u2013 donem prioritat als envasos reutilitzables i reciclables.<\/p>\n<\/li>\n<\/ul>\n<p style=\"text-align: left;\" lang=\"ca-ES\" align=\"justify\">Si us interessa aquest tema, us recordem que podeu formar part de la <strong>comissi\u00f3 <a href=\"http:\/\/esplac.cat\/lesplaier-verd-ens-demana-ajuda\/\">Reduint Petjada<\/a>,<\/strong> que treballa per donar suport als esplais amb la seva tasca sensibilitzadora i educadora envers el medi ambient. Si voleu m\u00e9s informaci\u00f3 sobre temes de consum responsable, finances \u00e8tiques o sobre educaci\u00f3 ambiental, podeu parlar amb l&#8217;Equip General del Sector o els Coordinadors de projectes del territori perqu\u00e8 preparin un <strong>assessorament<\/strong> o per demanar una <strong>c\u00e0psula formativa<\/strong>.<\/p>\n<p style=\"text-align: left;\" lang=\"ca-ES\" align=\"justify\">Per ampliar coneixements, <strong>us recomanem el llibre de \u201c<a href=\"http:\/\/esplac.cat\/banc-recursos\/?gen_3=on&amp;gen_11=on&amp;esp_13=on&amp;esp_31=on&amp;durada=indiferent&amp;edat_ini=4&amp;edat_fi=99&amp;part=&amp;espai=2&amp;data_ini=1998&amp;data_fi=2014&amp;webs=Cerca+webs\">Compartir amb la natura<\/a>\u201d<\/strong>. El trobareu al <a href=\"http:\/\/esplac.cat\/banc-recursos\/?gen_3=on&amp;gen_11=on&amp;esp_13=on&amp;esp_31=on&amp;durada=indiferent&amp;edat_ini=4&amp;edat_fi=99&amp;part=&amp;espai=2&amp;data_ini=1998&amp;data_fi=2014&amp;webs=Cerca+webs\">Banc de recursos<\/a>, juntament amb altres documents, consells, activitats i idees per organitzar activitats m\u00e9s sostenibles.<\/p>\n<p style=\"text-align: left;\" lang=\"ca-ES\" align=\"justify\">Feu-nos arribar les vostres pr\u00e0ctiques de gesti\u00f3 de recursos i consum responsable! Tenim moltes ganes de compartir-les!<\/p>\n<p><!--:--><!--:es-->&nbsp;<\/p>\n<p><!--:--><!--:en-->&nbsp;<\/p>\n<p><!--:--><!--:fr-->&nbsp;<\/p>\n<p><!--:--><\/p>\n","protected":false},"excerpt":{"rendered":"<p>Esplais Catalans entenem que la transformaci\u00f3 cap a una societat [&hellip;]<\/p>\n","protected":false},"author":3,"featured_media":0,"comment_status":"open","ping_status":"open","sticky":false,"template":"","format":"standard","meta":{"om_disable_all_campaigns":false,"_monsterinsights_skip_tracking":false,"_monsterinsights_sitenote_active":false,"_monsterinsights_sitenote_note":"","_monsterinsights_sitenote_category":0,"_uf_show_specific_survey":0,"_uf_disable_surveys":false,"footnotes":""},"categories":[1121,1161],"tags":[67,290,291,292],"class_list":["post-25747","post","type-post","status-publish","format-standard","hentry","category-bones-practiques-2","category-comissio-reduint-petjada","tag-bones-practiques","tag-comerc-de-proximitat","tag-consum-responsable","tag-us-responsable-dels-recursos"],"yoast_head":"<!-- This site is optimized with the Yoast SEO plugin v27.4 - https:\/\/yoast.com\/product\/yoast-seo-wordpress\/ -->\n<title>Bona pr\u00e0ctica: compres i consum sostenible als campaments, col\u00f2nies i rutes - Esplac<\/title>\n<meta name=\"robots\" content=\"index, follow, max-snippet:-1, max-image-preview:large, max-video-preview:-1\" \/>\n<link rel=\"canonical\" href=\"https:\/\/www.esplac.cat\/en\/bona-practica-compres-consum-sostenible-campaments-colonies-rutes\/\" \/>\n<meta property=\"og:locale\" content=\"en_US\" \/>\n<meta property=\"og:type\" content=\"article\" \/>\n<meta property=\"og:title\" content=\"Bona pr\u00e0ctica: compres i consum sostenible als campaments, col\u00f2nies i rutes - Esplac\" \/>\n<meta property=\"og:description\" content=\"Esplais Catalans entenem que la transformaci\u00f3 cap a una societat [&hellip;]\" \/>\n<meta property=\"og:url\" content=\"https:\/\/www.esplac.cat\/en\/bona-practica-compres-consum-sostenible-campaments-colonies-rutes\/\" \/>\n<meta property=\"og:site_name\" content=\"Esplac\" \/>\n<meta property=\"article:published_time\" content=\"2014-06-11T15:38:26+00:00\" \/>\n<meta property=\"article:modified_time\" content=\"2019-11-14T11:17:46+00:00\" \/>\n<meta property=\"og:image\" content=\"https:\/\/www.esplac.cat\/wp-content\/uploads\/2019\/11\/logo-open.jpg\" \/>\n\t<meta property=\"og:image:width\" content=\"1200\" \/>\n\t<meta property=\"og:image:height\" content=\"630\" \/>\n\t<meta property=\"og:image:type\" content=\"image\/jpeg\" \/>\n<meta name=\"author\" content=\"Comunicaci\u00f3 Esplac\" \/>\n<meta name=\"twitter:card\" content=\"summary_large_image\" \/>\n<meta name=\"twitter:label1\" content=\"Written by\" \/>\n\t<meta name=\"twitter:data1\" content=\"Comunicaci\u00f3 Esplac\" \/>\n\t<meta name=\"twitter:label2\" content=\"Est. reading time\" \/>\n\t<meta name=\"twitter:data2\" content=\"2 minutes\" \/>\n<script type=\"application\/ld+json\" class=\"yoast-schema-graph\">{\"@context\":\"https:\\\/\\\/schema.org\",\"@graph\":[{\"@type\":\"Article\",\"@id\":\"https:\\\/\\\/www.esplac.cat\\\/en\\\/bona-practica-compres-consum-sostenible-campaments-colonies-rutes\\\/#article\",\"isPartOf\":{\"@id\":\"https:\\\/\\\/www.esplac.cat\\\/en\\\/bona-practica-compres-consum-sostenible-campaments-colonies-rutes\\\/\"},\"author\":{\"name\":\"Comunicaci\u00f3 Esplac\",\"@id\":\"https:\\\/\\\/www.esplac.cat\\\/#\\\/schema\\\/person\\\/908383cf240be18b68f8855d0583faca\"},\"headline\":\"Bona pr\u00e0ctica: compres i consum sostenible als campaments, col\u00f2nies i rutes\",\"datePublished\":\"2014-06-11T15:38:26+00:00\",\"dateModified\":\"2019-11-14T11:17:46+00:00\",\"mainEntityOfPage\":{\"@id\":\"https:\\\/\\\/www.esplac.cat\\\/en\\\/bona-practica-compres-consum-sostenible-campaments-colonies-rutes\\\/\"},\"wordCount\":493,\"commentCount\":0,\"publisher\":{\"@id\":\"https:\\\/\\\/www.esplac.cat\\\/#organization\"},\"keywords\":[\"bones pr\u00e0ctiques\",\"comer\u00e7 de proximitat\",\"consum responsable\",\"\u00fas responsable dels recursos\"],\"articleSection\":[\"Bones pr\u00e0ctiques\",\"Comissi\u00f3 Reduint Petjada\"],\"inLanguage\":\"en-US\",\"potentialAction\":[{\"@type\":\"CommentAction\",\"name\":\"Comment\",\"target\":[\"https:\\\/\\\/www.esplac.cat\\\/en\\\/bona-practica-compres-consum-sostenible-campaments-colonies-rutes\\\/#respond\"]}]},{\"@type\":\"WebPage\",\"@id\":\"https:\\\/\\\/www.esplac.cat\\\/en\\\/bona-practica-compres-consum-sostenible-campaments-colonies-rutes\\\/\",\"url\":\"https:\\\/\\\/www.esplac.cat\\\/en\\\/bona-practica-compres-consum-sostenible-campaments-colonies-rutes\\\/\",\"name\":\"Bona pr\u00e0ctica: compres i consum sostenible als campaments, col\u00f2nies i rutes - Esplac\",\"isPartOf\":{\"@id\":\"https:\\\/\\\/www.esplac.cat\\\/#website\"},\"datePublished\":\"2014-06-11T15:38:26+00:00\",\"dateModified\":\"2019-11-14T11:17:46+00:00\",\"breadcrumb\":{\"@id\":\"https:\\\/\\\/www.esplac.cat\\\/en\\\/bona-practica-compres-consum-sostenible-campaments-colonies-rutes\\\/#breadcrumb\"},\"inLanguage\":\"en-US\",\"potentialAction\":[{\"@type\":\"ReadAction\",\"target\":[\"https:\\\/\\\/www.esplac.cat\\\/en\\\/bona-practica-compres-consum-sostenible-campaments-colonies-rutes\\\/\"]}]},{\"@type\":\"BreadcrumbList\",\"@id\":\"https:\\\/\\\/www.esplac.cat\\\/en\\\/bona-practica-compres-consum-sostenible-campaments-colonies-rutes\\\/#breadcrumb\",\"itemListElement\":[{\"@type\":\"ListItem\",\"position\":1,\"name\":\"Inici\",\"item\":\"https:\\\/\\\/www.esplac.cat\\\/en\\\/\"},{\"@type\":\"ListItem\",\"position\":2,\"name\":\"Bona pr\u00e0ctica: compres i consum sostenible als campaments, col\u00f2nies i rutes\"}]},{\"@type\":\"WebSite\",\"@id\":\"https:\\\/\\\/www.esplac.cat\\\/#website\",\"url\":\"https:\\\/\\\/www.esplac.cat\\\/\",\"name\":\"Esplac\",\"description\":\"Esplais Catalans\",\"publisher\":{\"@id\":\"https:\\\/\\\/www.esplac.cat\\\/#organization\"},\"potentialAction\":[{\"@type\":\"SearchAction\",\"target\":{\"@type\":\"EntryPoint\",\"urlTemplate\":\"https:\\\/\\\/www.esplac.cat\\\/?s={search_term_string}\"},\"query-input\":{\"@type\":\"PropertyValueSpecification\",\"valueRequired\":true,\"valueName\":\"search_term_string\"}}],\"inLanguage\":\"en-US\"},{\"@type\":\"Organization\",\"@id\":\"https:\\\/\\\/www.esplac.cat\\\/#organization\",\"name\":\"Esplac\",\"url\":\"https:\\\/\\\/www.esplac.cat\\\/\",\"logo\":{\"@type\":\"ImageObject\",\"inLanguage\":\"en-US\",\"@id\":\"https:\\\/\\\/www.esplac.cat\\\/#\\\/schema\\\/logo\\\/image\\\/\",\"url\":\"https:\\\/\\\/www.esplac.cat\\\/wp-content\\\/uploads\\\/2019\\\/08\\\/logox2.png\",\"contentUrl\":\"https:\\\/\\\/www.esplac.cat\\\/wp-content\\\/uploads\\\/2019\\\/08\\\/logox2.png\",\"width\":600,\"height\":295,\"caption\":\"Esplac\"},\"image\":{\"@id\":\"https:\\\/\\\/www.esplac.cat\\\/#\\\/schema\\\/logo\\\/image\\\/\"}},{\"@type\":\"Person\",\"@id\":\"https:\\\/\\\/www.esplac.cat\\\/#\\\/schema\\\/person\\\/908383cf240be18b68f8855d0583faca\",\"name\":\"Comunicaci\u00f3 Esplac\",\"image\":{\"@type\":\"ImageObject\",\"inLanguage\":\"en-US\",\"@id\":\"https:\\\/\\\/secure.gravatar.com\\\/avatar\\\/7a4cf8feb412a76ea4a740ca02d95b06b2907b5a6c648c2dd0a1082a093c3141?s=96&d=mm&r=g\",\"url\":\"https:\\\/\\\/secure.gravatar.com\\\/avatar\\\/7a4cf8feb412a76ea4a740ca02d95b06b2907b5a6c648c2dd0a1082a093c3141?s=96&d=mm&r=g\",\"contentUrl\":\"https:\\\/\\\/secure.gravatar.com\\\/avatar\\\/7a4cf8feb412a76ea4a740ca02d95b06b2907b5a6c648c2dd0a1082a093c3141?s=96&d=mm&r=g\",\"caption\":\"Comunicaci\u00f3 Esplac\"}}]}<\/script>\n<!-- \/ Yoast SEO plugin. -->","yoast_head_json":{"title":"Bona pr\u00e0ctica: compres i consum sostenible als campaments, col\u00f2nies i rutes - Esplac","robots":{"index":"index","follow":"follow","max-snippet":"max-snippet:-1","max-image-preview":"max-image-preview:large","max-video-preview":"max-video-preview:-1"},"canonical":"https:\/\/www.esplac.cat\/en\/bona-practica-compres-consum-sostenible-campaments-colonies-rutes\/","og_locale":"en_US","og_type":"article","og_title":"Bona pr\u00e0ctica: compres i consum sostenible als campaments, col\u00f2nies i rutes - Esplac","og_description":"Esplais Catalans entenem que la transformaci\u00f3 cap a una societat [&hellip;]","og_url":"https:\/\/www.esplac.cat\/en\/bona-practica-compres-consum-sostenible-campaments-colonies-rutes\/","og_site_name":"Esplac","article_published_time":"2014-06-11T15:38:26+00:00","article_modified_time":"2019-11-14T11:17:46+00:00","og_image":[{"width":1200,"height":630,"url":"https:\/\/www.esplac.cat\/wp-content\/uploads\/2019\/11\/logo-open.jpg","type":"image\/jpeg"}],"author":"Comunicaci\u00f3 Esplac","twitter_card":"summary_large_image","twitter_misc":{"Written by":"Comunicaci\u00f3 Esplac","Est. reading time":"2 minutes"},"schema":{"@context":"https:\/\/schema.org","@graph":[{"@type":"Article","@id":"https:\/\/www.esplac.cat\/en\/bona-practica-compres-consum-sostenible-campaments-colonies-rutes\/#article","isPartOf":{"@id":"https:\/\/www.esplac.cat\/en\/bona-practica-compres-consum-sostenible-campaments-colonies-rutes\/"},"author":{"name":"Comunicaci\u00f3 Esplac","@id":"https:\/\/www.esplac.cat\/#\/schema\/person\/908383cf240be18b68f8855d0583faca"},"headline":"Bona pr\u00e0ctica: compres i consum sostenible als campaments, col\u00f2nies i rutes","datePublished":"2014-06-11T15:38:26+00:00","dateModified":"2019-11-14T11:17:46+00:00","mainEntityOfPage":{"@id":"https:\/\/www.esplac.cat\/en\/bona-practica-compres-consum-sostenible-campaments-colonies-rutes\/"},"wordCount":493,"commentCount":0,"publisher":{"@id":"https:\/\/www.esplac.cat\/#organization"},"keywords":["bones pr\u00e0ctiques","comer\u00e7 de proximitat","consum responsable","\u00fas responsable dels recursos"],"articleSection":["Bones pr\u00e0ctiques","Comissi\u00f3 Reduint Petjada"],"inLanguage":"en-US","potentialAction":[{"@type":"CommentAction","name":"Comment","target":["https:\/\/www.esplac.cat\/en\/bona-practica-compres-consum-sostenible-campaments-colonies-rutes\/#respond"]}]},{"@type":"WebPage","@id":"https:\/\/www.esplac.cat\/en\/bona-practica-compres-consum-sostenible-campaments-colonies-rutes\/","url":"https:\/\/www.esplac.cat\/en\/bona-practica-compres-consum-sostenible-campaments-colonies-rutes\/","name":"Bona pr\u00e0ctica: compres i consum sostenible als campaments, col\u00f2nies i rutes - Esplac","isPartOf":{"@id":"https:\/\/www.esplac.cat\/#website"},"datePublished":"2014-06-11T15:38:26+00:00","dateModified":"2019-11-14T11:17:46+00:00","breadcrumb":{"@id":"https:\/\/www.esplac.cat\/en\/bona-practica-compres-consum-sostenible-campaments-colonies-rutes\/#breadcrumb"},"inLanguage":"en-US","potentialAction":[{"@type":"ReadAction","target":["https:\/\/www.esplac.cat\/en\/bona-practica-compres-consum-sostenible-campaments-colonies-rutes\/"]}]},{"@type":"BreadcrumbList","@id":"https:\/\/www.esplac.cat\/en\/bona-practica-compres-consum-sostenible-campaments-colonies-rutes\/#breadcrumb","itemListElement":[{"@type":"ListItem","position":1,"name":"Inici","item":"https:\/\/www.esplac.cat\/en\/"},{"@type":"ListItem","position":2,"name":"Bona pr\u00e0ctica: compres i consum sostenible als campaments, col\u00f2nies i rutes"}]},{"@type":"WebSite","@id":"https:\/\/www.esplac.cat\/#website","url":"https:\/\/www.esplac.cat\/","name":"Esplac","description":"Esplais Catalans","publisher":{"@id":"https:\/\/www.esplac.cat\/#organization"},"potentialAction":[{"@type":"SearchAction","target":{"@type":"EntryPoint","urlTemplate":"https:\/\/www.esplac.cat\/?s={search_term_string}"},"query-input":{"@type":"PropertyValueSpecification","valueRequired":true,"valueName":"search_term_string"}}],"inLanguage":"en-US"},{"@type":"Organization","@id":"https:\/\/www.esplac.cat\/#organization","name":"Esplac","url":"https:\/\/www.esplac.cat\/","logo":{"@type":"ImageObject","inLanguage":"en-US","@id":"https:\/\/www.esplac.cat\/#\/schema\/logo\/image\/","url":"https:\/\/www.esplac.cat\/wp-content\/uploads\/2019\/08\/logox2.png","contentUrl":"https:\/\/www.esplac.cat\/wp-content\/uploads\/2019\/08\/logox2.png","width":600,"height":295,"caption":"Esplac"},"image":{"@id":"https:\/\/www.esplac.cat\/#\/schema\/logo\/image\/"}},{"@type":"Person","@id":"https:\/\/www.esplac.cat\/#\/schema\/person\/908383cf240be18b68f8855d0583faca","name":"Comunicaci\u00f3 Esplac","image":{"@type":"ImageObject","inLanguage":"en-US","@id":"https:\/\/secure.gravatar.com\/avatar\/7a4cf8feb412a76ea4a740ca02d95b06b2907b5a6c648c2dd0a1082a093c3141?s=96&d=mm&r=g","url":"https:\/\/secure.gravatar.com\/avatar\/7a4cf8feb412a76ea4a740ca02d95b06b2907b5a6c648c2dd0a1082a093c3141?s=96&d=mm&r=g","contentUrl":"https:\/\/secure.gravatar.com\/avatar\/7a4cf8feb412a76ea4a740ca02d95b06b2907b5a6c648c2dd0a1082a093c3141?s=96&d=mm&r=g","caption":"Comunicaci\u00f3 Esplac"}}]}},"_links":{"self":[{"href":"https:\/\/www.esplac.cat\/en\/wp-json\/wp\/v2\/posts\/25747","targetHints":{"allow":["GET"]}}],"collection":[{"href":"https:\/\/www.esplac.cat\/en\/wp-json\/wp\/v2\/posts"}],"about":[{"href":"https:\/\/www.esplac.cat\/en\/wp-json\/wp\/v2\/types\/post"}],"author":[{"embeddable":true,"href":"https:\/\/www.esplac.cat\/en\/wp-json\/wp\/v2\/users\/3"}],"replies":[{"embeddable":true,"href":"https:\/\/www.esplac.cat\/en\/wp-json\/wp\/v2\/comments?post=25747"}],"version-history":[{"count":0,"href":"https:\/\/www.esplac.cat\/en\/wp-json\/wp\/v2\/posts\/25747\/revisions"}],"wp:attachment":[{"href":"https:\/\/www.esplac.cat\/en\/wp-json\/wp\/v2\/media?parent=25747"}],"wp:term":[{"taxonomy":"category","embeddable":true,"href":"https:\/\/www.esplac.cat\/en\/wp-json\/wp\/v2\/categories?post=25747"},{"taxonomy":"post_tag","embeddable":true,"href":"https:\/\/www.esplac.cat\/en\/wp-json\/wp\/v2\/tags?post=25747"}],"curies":[{"name":"wp","href":"https:\/\/api.w.org\/{rel}","templated":true}]}}