{"id":25754,"date":"2014-06-04T13:49:41","date_gmt":"2014-06-04T11:49:41","guid":{"rendered":"http:\/\/esplac.cat\/?p=5237"},"modified":"2014-06-04T13:49:41","modified_gmt":"2014-06-04T11:49:41","slug":"jo-tambe-lluito-contra-els-conflictes-de-menors","status":"publish","type":"post","link":"https:\/\/www.esplac.cat\/en\/jo-tambe-lluito-contra-els-conflictes-de-menors\/","title":{"rendered":"Jo tamb\u00e9 lluito contra els conflictes de menors"},"content":{"rendered":"<p><!--:CA--><strong>Redacci\u00f3<\/strong>: Grup de corcons de l&#8217;<a title=\"esplai bitxus\" href=\"http:\/\/esplaibitxus.webnode.es\/\">Esplai Bitxus<\/a><\/p>\n<div>L&#8217;esplai\u00a0Bitxus\u00a0\u00e9s una entitat sense \u00e0nim de lucre de Canet de Mar que acull a infants i joves de 5 a 18 anys. Aquest any, el grup de corcons (de 12 a 15 anys) hem engegat el projecte &#8220;<strong>Conflictes de menors<\/strong>&#8220;. Ens interessa saber quins s\u00f3n els conflictes que afecten als menors d&#8217;edat actualment, on es produeixen i en quina mesura. Per\u00f2 sobretot, ens interessa donar a con\u00e8ixer tota aquesta informaci\u00f3 a les altres persones per tal de conscienciar al poble sobre la gravetat d&#8217;aquesta situaci\u00f3.<\/div>\n<div>Per aquest motiu, hem decidit organitzar una <strong>festa reivindicativa a Canet el dissabte 14 de juny del 2014<\/strong>. La festa es far\u00e0 amb l&#8217;objectiu de fer difusi\u00f3 dels conflictes que afecten als menors d&#8217;edat i tamb\u00e9 per recaptar diners i poder fer una donaci\u00f3 a Amnistia Internacional, que els destinar\u00e0 els diners a promoure i defensar els drets dels infants a tot el m\u00f3n.<\/div>\n<div><strong><span style=\"text-decoration: underline;\"><br \/>\n<\/span><\/strong><\/div>\n<div>La festa es far\u00e0 el dia 14 de juny i es faran les seg\u00fcents activitats:<\/div>\n<div><\/div>\n<div><strong><span style=\"text-decoration: underline;\">De 18.00h a 19.00h:\u00a0<\/span><\/strong><\/div>\n<div><\/div>\n<div>\n<ul>\n<li><strong>18.00h &#8211; 18.30h:<\/strong>\u00a0cercavila amb les b\u00e8sties de l&#8217;escola del Tur\u00f3 del Drac, els grallers i geganters del Barri dels Abells, els percussionistes del Soroll.som, infants i fam\u00edlies de l&#8217;esplai\u00a0Bitxus, gent de Canet&#8230;<\/li>\n<li><strong>18.30h &#8211; 18.40h<\/strong>: arribada a la Pla\u00e7a Maci\u00e0 i ball de gegants.<\/li>\n<li><strong>18.40h &#8211; 18.50h<\/strong>: discurs d&#8217;obertura de la festa a c\u00e0rrec del grup de corcons de l&#8217;esplai\u00a0Bitxus.<\/li>\n<li><strong>18.50h &#8211; 19.00h<\/strong>: discurs a c\u00e0rrec de membres d&#8217;Amnistia Internacional.<\/li>\n<\/ul>\n<div><strong><span style=\"text-decoration: underline;\">De 19.00h a 20.00h:<\/span><\/strong><\/div>\n<\/div>\n<div>\n<ul>\n<li><strong>19.00h &#8211; 19.30h:<\/strong>\u00a0actuaci\u00f3 del Mag Marcel.<\/li>\n<li><strong>19.30h &#8211; 19.45h:<\/strong>\u00a0representaci\u00f3 del conte &#8220;Vet aqu\u00ed els drets&#8221;, a c\u00e0rrec del grup de corcons de l&#8217;esplaiBitxus.<\/li>\n<li><strong>19.45h &#8211; 20.15h:\u00a0<\/strong>trivial sobre els drets dels infants (la participaci\u00f3 \u00e9s gratu\u00efta).<\/li>\n<\/ul>\n<div><strong><span style=\"text-decoration: underline;\">De 20.00h a 21.30h:<\/span><\/strong><\/div>\n<\/div>\n<div>\n<ul>\n<li><strong>20.00h &#8211; 20.30h:<\/strong>\u00a0confer\u00e8ncia sobre els drets dels infants, a c\u00e0rrec d&#8217;esplais catalans (a la sala d&#8217;exposicions de la Pla\u00e7a dels Americanos).<\/li>\n<li><strong><span style=\"text-decoration: underline;\">20.30h &#8211; 21.30h:<\/span><\/strong>\u00a0concert de la Big Band d&#8217;Arenys de Mar.<\/li>\n<li><span style=\"text-decoration: underline;\"><strong>21.30h:<\/strong><\/span>\u00a0inici de la &#8220;Nocturna de Canet&#8221;<\/li>\n<\/ul>\n<div><strong><span style=\"text-decoration: underline;\">De 21.30h a 23.00h:<\/span><\/strong><\/div>\n<\/div>\n<div>\n<ul>\n<li>Botifarrada, sorteig panera&#8230;<\/li>\n<\/ul>\n<div><strong><span style=\"text-decoration: underline;\">De 23.00h a 2.00h:\u00a0<\/span><\/strong><\/div>\n<\/div>\n<div>\n<ul>\n<li><strong><span style=\"text-decoration: underline;\">Concerts dels grups:<br \/>\n<\/span><\/strong>n&#8217;Gai n&#8217;Gai<br \/>\nFitolix i los Drink&#8217;n&#8217;paldis<br \/>\nMishi&#8217;s Crew<\/li>\n<\/ul>\n<ul>\n<li><strong><span style=\"text-decoration: underline;\">A la mitja part:<br \/>\n<\/span><\/strong>Actuaci\u00f3 dels Perkutes de Knet<br \/>\nRepartiment de premis de la &#8220;Nocturna de Canet&#8221;<\/li>\n<\/ul>\n<div>L&#8217;entitat esportiva de Canet &#8220;Triesport&#8221; ha organitzat per al mateix dia la &#8220;Nocturna de Canet&#8221;, una marxa nocturna per als voltants de Canet. Triesport es suma aix\u00ed a aquesta jornada de solidaritat, ja que destinaran una part dels diners recaptats amb les inscripcions de la marxa a Amnistia Inetrnacional.<\/div>\n<div><strong><span style=\"text-decoration: underline;\"><br \/>\n<\/span><\/strong><\/div>\n<div><strong>Us animem a que vingueu i participeu de la Festa!!!!!!<\/strong><\/div>\n<div><\/div>\n<div><strong><a href=\"http:\/\/esplac.cat\/wp-content\/uploads\/2014\/06\/conflictes-menors-esplai-bitxus.jpg\"><img decoding=\"async\" class=\"aligncenter  wp-image-5238\" title=\"conflictes-menors-esplai-bitxus\" src=\"http:\/\/esplac.cat\/wp-content\/uploads\/2014\/06\/conflictes-menors-esplai-bitxus.jpg\" alt=\"\" width=\"400\" \/><\/a><\/strong><\/div>\n<div><\/div>\n<\/div>\n<p><!--:--><!--:es-->&nbsp;<\/p>\n<p><!--:--><!--:en-->&nbsp;<\/p>\n<p><!--:--><!--:fr-->&nbsp;<\/p>\n<p><!--:--><\/p>\n","protected":false},"excerpt":{"rendered":"<p>Redacci\u00f3: Grup de corcons de l&#8217;Esplai Bitxus L&#8217;esplai\u00a0Bitxus\u00a0\u00e9s una entitat [&hellip;]<\/p>\n","protected":false},"author":3,"featured_media":7826,"comment_status":"open","ping_status":"open","sticky":false,"template":"","format":"standard","meta":{"om_disable_all_campaigns":false,"_monsterinsights_skip_tracking":false,"_monsterinsights_sitenote_active":false,"_monsterinsights_sitenote_note":"","_monsterinsights_sitenote_category":0,"_uf_show_specific_survey":0,"_uf_disable_surveys":false,"footnotes":""},"categories":[1117],"tags":[279,280,281],"class_list":["post-25754","post","type-post","status-publish","format-standard","has-post-thumbnail","hentry","category-activitats-esplais","tag-conflictes-de-menors","tag-esplai-bitxus","tag-infancia-en-risc"],"yoast_head":"<!-- This site is optimized with the Yoast SEO plugin v27.5 - https:\/\/yoast.com\/product\/yoast-seo-wordpress\/ -->\n<title>Jo tamb\u00e9 lluito contra els conflictes de menors - Esplac<\/title>\n<meta name=\"robots\" content=\"index, follow, max-snippet:-1, max-image-preview:large, max-video-preview:-1\" \/>\n<link rel=\"canonical\" href=\"https:\/\/www.esplac.cat\/jo-tambe-lluito-contra-els-conflictes-de-menors\/\" \/>\n<meta property=\"og:locale\" content=\"en_US\" \/>\n<meta property=\"og:type\" content=\"article\" \/>\n<meta property=\"og:title\" content=\"Jo tamb\u00e9 lluito contra els conflictes de menors - Esplac\" \/>\n<meta property=\"og:description\" content=\"Redacci\u00f3: Grup de corcons de l&#8217;Esplai Bitxus L&#8217;esplai\u00a0Bitxus\u00a0\u00e9s una entitat [&hellip;]\" \/>\n<meta property=\"og:url\" content=\"https:\/\/www.esplac.cat\/jo-tambe-lluito-contra-els-conflictes-de-menors\/\" \/>\n<meta property=\"og:site_name\" content=\"Esplac\" \/>\n<meta property=\"article:published_time\" content=\"2014-06-04T11:49:41+00:00\" \/>\n<meta property=\"og:image\" content=\"https:\/\/www.esplac.cat\/wp-content\/uploads\/2019\/11\/logo-open.jpg\" \/>\n\t<meta property=\"og:image:width\" content=\"1200\" \/>\n\t<meta property=\"og:image:height\" content=\"630\" \/>\n\t<meta property=\"og:image:type\" content=\"image\/jpeg\" \/>\n<meta name=\"author\" content=\"Comunicaci\u00f3 Esplac\" \/>\n<meta name=\"twitter:card\" content=\"summary_large_image\" \/>\n<meta name=\"twitter:label1\" content=\"Written by\" \/>\n\t<meta name=\"twitter:data1\" content=\"Comunicaci\u00f3 Esplac\" \/>\n\t<meta name=\"twitter:label2\" content=\"Est. reading time\" \/>\n\t<meta name=\"twitter:data2\" content=\"2 minutes\" \/>\n<script type=\"application\/ld+json\" class=\"yoast-schema-graph\">{\"@context\":\"https:\\\/\\\/schema.org\",\"@graph\":[{\"@type\":\"Article\",\"@id\":\"https:\\\/\\\/www.esplac.cat\\\/jo-tambe-lluito-contra-els-conflictes-de-menors\\\/#article\",\"isPartOf\":{\"@id\":\"https:\\\/\\\/www.esplac.cat\\\/jo-tambe-lluito-contra-els-conflictes-de-menors\\\/\"},\"author\":{\"name\":\"Comunicaci\u00f3 Esplac\",\"@id\":\"https:\\\/\\\/www.esplac.cat\\\/#\\\/schema\\\/person\\\/908383cf240be18b68f8855d0583faca\"},\"headline\":\"Jo tamb\u00e9 lluito contra els conflictes de menors\",\"datePublished\":\"2014-06-04T11:49:41+00:00\",\"mainEntityOfPage\":{\"@id\":\"https:\\\/\\\/www.esplac.cat\\\/jo-tambe-lluito-contra-els-conflictes-de-menors\\\/\"},\"wordCount\":474,\"commentCount\":0,\"publisher\":{\"@id\":\"https:\\\/\\\/www.esplac.cat\\\/#organization\"},\"image\":{\"@id\":\"https:\\\/\\\/www.esplac.cat\\\/jo-tambe-lluito-contra-els-conflictes-de-menors\\\/#primaryimage\"},\"thumbnailUrl\":\"\",\"keywords\":[\"conflictes de menors\",\"esplai bitxus\",\"inf\u00e0ncia en risc\"],\"articleSection\":[\"Activitats esplais\"],\"inLanguage\":\"en-US\",\"potentialAction\":[{\"@type\":\"CommentAction\",\"name\":\"Comment\",\"target\":[\"https:\\\/\\\/www.esplac.cat\\\/jo-tambe-lluito-contra-els-conflictes-de-menors\\\/#respond\"]}]},{\"@type\":\"WebPage\",\"@id\":\"https:\\\/\\\/www.esplac.cat\\\/jo-tambe-lluito-contra-els-conflictes-de-menors\\\/\",\"url\":\"https:\\\/\\\/www.esplac.cat\\\/jo-tambe-lluito-contra-els-conflictes-de-menors\\\/\",\"name\":\"Jo tamb\u00e9 lluito contra els conflictes de menors - Esplac\",\"isPartOf\":{\"@id\":\"https:\\\/\\\/www.esplac.cat\\\/#website\"},\"primaryImageOfPage\":{\"@id\":\"https:\\\/\\\/www.esplac.cat\\\/jo-tambe-lluito-contra-els-conflictes-de-menors\\\/#primaryimage\"},\"image\":{\"@id\":\"https:\\\/\\\/www.esplac.cat\\\/jo-tambe-lluito-contra-els-conflictes-de-menors\\\/#primaryimage\"},\"thumbnailUrl\":\"\",\"datePublished\":\"2014-06-04T11:49:41+00:00\",\"breadcrumb\":{\"@id\":\"https:\\\/\\\/www.esplac.cat\\\/jo-tambe-lluito-contra-els-conflictes-de-menors\\\/#breadcrumb\"},\"inLanguage\":\"en-US\",\"potentialAction\":[{\"@type\":\"ReadAction\",\"target\":[\"https:\\\/\\\/www.esplac.cat\\\/jo-tambe-lluito-contra-els-conflictes-de-menors\\\/\"]}]},{\"@type\":\"ImageObject\",\"inLanguage\":\"en-US\",\"@id\":\"https:\\\/\\\/www.esplac.cat\\\/jo-tambe-lluito-contra-els-conflictes-de-menors\\\/#primaryimage\",\"url\":\"\",\"contentUrl\":\"\"},{\"@type\":\"BreadcrumbList\",\"@id\":\"https:\\\/\\\/www.esplac.cat\\\/jo-tambe-lluito-contra-els-conflictes-de-menors\\\/#breadcrumb\",\"itemListElement\":[{\"@type\":\"ListItem\",\"position\":1,\"name\":\"Inici\",\"item\":\"https:\\\/\\\/www.esplac.cat\\\/en\\\/\"},{\"@type\":\"ListItem\",\"position\":2,\"name\":\"Jo tamb\u00e9 lluito contra els conflictes de menors\"}]},{\"@type\":\"WebSite\",\"@id\":\"https:\\\/\\\/www.esplac.cat\\\/#website\",\"url\":\"https:\\\/\\\/www.esplac.cat\\\/\",\"name\":\"Esplac\",\"description\":\"Esplais Catalans\",\"publisher\":{\"@id\":\"https:\\\/\\\/www.esplac.cat\\\/#organization\"},\"potentialAction\":[{\"@type\":\"SearchAction\",\"target\":{\"@type\":\"EntryPoint\",\"urlTemplate\":\"https:\\\/\\\/www.esplac.cat\\\/?s={search_term_string}\"},\"query-input\":{\"@type\":\"PropertyValueSpecification\",\"valueRequired\":true,\"valueName\":\"search_term_string\"}}],\"inLanguage\":\"en-US\"},{\"@type\":\"Organization\",\"@id\":\"https:\\\/\\\/www.esplac.cat\\\/#organization\",\"name\":\"Esplac\",\"url\":\"https:\\\/\\\/www.esplac.cat\\\/\",\"logo\":{\"@type\":\"ImageObject\",\"inLanguage\":\"en-US\",\"@id\":\"https:\\\/\\\/www.esplac.cat\\\/#\\\/schema\\\/logo\\\/image\\\/\",\"url\":\"https:\\\/\\\/www.esplac.cat\\\/wp-content\\\/uploads\\\/2019\\\/08\\\/logox2.png\",\"contentUrl\":\"https:\\\/\\\/www.esplac.cat\\\/wp-content\\\/uploads\\\/2019\\\/08\\\/logox2.png\",\"width\":600,\"height\":295,\"caption\":\"Esplac\"},\"image\":{\"@id\":\"https:\\\/\\\/www.esplac.cat\\\/#\\\/schema\\\/logo\\\/image\\\/\"}},{\"@type\":\"Person\",\"@id\":\"https:\\\/\\\/www.esplac.cat\\\/#\\\/schema\\\/person\\\/908383cf240be18b68f8855d0583faca\",\"name\":\"Comunicaci\u00f3 Esplac\",\"image\":{\"@type\":\"ImageObject\",\"inLanguage\":\"en-US\",\"@id\":\"https:\\\/\\\/secure.gravatar.com\\\/avatar\\\/7a4cf8feb412a76ea4a740ca02d95b06b2907b5a6c648c2dd0a1082a093c3141?s=96&d=mm&r=g\",\"url\":\"https:\\\/\\\/secure.gravatar.com\\\/avatar\\\/7a4cf8feb412a76ea4a740ca02d95b06b2907b5a6c648c2dd0a1082a093c3141?s=96&d=mm&r=g\",\"contentUrl\":\"https:\\\/\\\/secure.gravatar.com\\\/avatar\\\/7a4cf8feb412a76ea4a740ca02d95b06b2907b5a6c648c2dd0a1082a093c3141?s=96&d=mm&r=g\",\"caption\":\"Comunicaci\u00f3 Esplac\"}}]}<\/script>\n<!-- \/ Yoast SEO plugin. -->","yoast_head_json":{"title":"Jo tamb\u00e9 lluito contra els conflictes de menors - Esplac","robots":{"index":"index","follow":"follow","max-snippet":"max-snippet:-1","max-image-preview":"max-image-preview:large","max-video-preview":"max-video-preview:-1"},"canonical":"https:\/\/www.esplac.cat\/jo-tambe-lluito-contra-els-conflictes-de-menors\/","og_locale":"en_US","og_type":"article","og_title":"Jo tamb\u00e9 lluito contra els conflictes de menors - Esplac","og_description":"Redacci\u00f3: Grup de corcons de l&#8217;Esplai Bitxus L&#8217;esplai\u00a0Bitxus\u00a0\u00e9s una entitat [&hellip;]","og_url":"https:\/\/www.esplac.cat\/jo-tambe-lluito-contra-els-conflictes-de-menors\/","og_site_name":"Esplac","article_published_time":"2014-06-04T11:49:41+00:00","og_image":[{"width":1200,"height":630,"url":"https:\/\/www.esplac.cat\/wp-content\/uploads\/2019\/11\/logo-open.jpg","type":"image\/jpeg"}],"author":"Comunicaci\u00f3 Esplac","twitter_card":"summary_large_image","twitter_misc":{"Written by":"Comunicaci\u00f3 Esplac","Est. reading time":"2 minutes"},"schema":{"@context":"https:\/\/schema.org","@graph":[{"@type":"Article","@id":"https:\/\/www.esplac.cat\/jo-tambe-lluito-contra-els-conflictes-de-menors\/#article","isPartOf":{"@id":"https:\/\/www.esplac.cat\/jo-tambe-lluito-contra-els-conflictes-de-menors\/"},"author":{"name":"Comunicaci\u00f3 Esplac","@id":"https:\/\/www.esplac.cat\/#\/schema\/person\/908383cf240be18b68f8855d0583faca"},"headline":"Jo tamb\u00e9 lluito contra els conflictes de menors","datePublished":"2014-06-04T11:49:41+00:00","mainEntityOfPage":{"@id":"https:\/\/www.esplac.cat\/jo-tambe-lluito-contra-els-conflictes-de-menors\/"},"wordCount":474,"commentCount":0,"publisher":{"@id":"https:\/\/www.esplac.cat\/#organization"},"image":{"@id":"https:\/\/www.esplac.cat\/jo-tambe-lluito-contra-els-conflictes-de-menors\/#primaryimage"},"thumbnailUrl":"","keywords":["conflictes de menors","esplai bitxus","inf\u00e0ncia en risc"],"articleSection":["Activitats esplais"],"inLanguage":"en-US","potentialAction":[{"@type":"CommentAction","name":"Comment","target":["https:\/\/www.esplac.cat\/jo-tambe-lluito-contra-els-conflictes-de-menors\/#respond"]}]},{"@type":"WebPage","@id":"https:\/\/www.esplac.cat\/jo-tambe-lluito-contra-els-conflictes-de-menors\/","url":"https:\/\/www.esplac.cat\/jo-tambe-lluito-contra-els-conflictes-de-menors\/","name":"Jo tamb\u00e9 lluito contra els conflictes de menors - Esplac","isPartOf":{"@id":"https:\/\/www.esplac.cat\/#website"},"primaryImageOfPage":{"@id":"https:\/\/www.esplac.cat\/jo-tambe-lluito-contra-els-conflictes-de-menors\/#primaryimage"},"image":{"@id":"https:\/\/www.esplac.cat\/jo-tambe-lluito-contra-els-conflictes-de-menors\/#primaryimage"},"thumbnailUrl":"","datePublished":"2014-06-04T11:49:41+00:00","breadcrumb":{"@id":"https:\/\/www.esplac.cat\/jo-tambe-lluito-contra-els-conflictes-de-menors\/#breadcrumb"},"inLanguage":"en-US","potentialAction":[{"@type":"ReadAction","target":["https:\/\/www.esplac.cat\/jo-tambe-lluito-contra-els-conflictes-de-menors\/"]}]},{"@type":"ImageObject","inLanguage":"en-US","@id":"https:\/\/www.esplac.cat\/jo-tambe-lluito-contra-els-conflictes-de-menors\/#primaryimage","url":"","contentUrl":""},{"@type":"BreadcrumbList","@id":"https:\/\/www.esplac.cat\/jo-tambe-lluito-contra-els-conflictes-de-menors\/#breadcrumb","itemListElement":[{"@type":"ListItem","position":1,"name":"Inici","item":"https:\/\/www.esplac.cat\/en\/"},{"@type":"ListItem","position":2,"name":"Jo tamb\u00e9 lluito contra els conflictes de menors"}]},{"@type":"WebSite","@id":"https:\/\/www.esplac.cat\/#website","url":"https:\/\/www.esplac.cat\/","name":"Esplac","description":"Esplais Catalans","publisher":{"@id":"https:\/\/www.esplac.cat\/#organization"},"potentialAction":[{"@type":"SearchAction","target":{"@type":"EntryPoint","urlTemplate":"https:\/\/www.esplac.cat\/?s={search_term_string}"},"query-input":{"@type":"PropertyValueSpecification","valueRequired":true,"valueName":"search_term_string"}}],"inLanguage":"en-US"},{"@type":"Organization","@id":"https:\/\/www.esplac.cat\/#organization","name":"Esplac","url":"https:\/\/www.esplac.cat\/","logo":{"@type":"ImageObject","inLanguage":"en-US","@id":"https:\/\/www.esplac.cat\/#\/schema\/logo\/image\/","url":"https:\/\/www.esplac.cat\/wp-content\/uploads\/2019\/08\/logox2.png","contentUrl":"https:\/\/www.esplac.cat\/wp-content\/uploads\/2019\/08\/logox2.png","width":600,"height":295,"caption":"Esplac"},"image":{"@id":"https:\/\/www.esplac.cat\/#\/schema\/logo\/image\/"}},{"@type":"Person","@id":"https:\/\/www.esplac.cat\/#\/schema\/person\/908383cf240be18b68f8855d0583faca","name":"Comunicaci\u00f3 Esplac","image":{"@type":"ImageObject","inLanguage":"en-US","@id":"https:\/\/secure.gravatar.com\/avatar\/7a4cf8feb412a76ea4a740ca02d95b06b2907b5a6c648c2dd0a1082a093c3141?s=96&d=mm&r=g","url":"https:\/\/secure.gravatar.com\/avatar\/7a4cf8feb412a76ea4a740ca02d95b06b2907b5a6c648c2dd0a1082a093c3141?s=96&d=mm&r=g","contentUrl":"https:\/\/secure.gravatar.com\/avatar\/7a4cf8feb412a76ea4a740ca02d95b06b2907b5a6c648c2dd0a1082a093c3141?s=96&d=mm&r=g","caption":"Comunicaci\u00f3 Esplac"}}]}},"_links":{"self":[{"href":"https:\/\/www.esplac.cat\/en\/wp-json\/wp\/v2\/posts\/25754","targetHints":{"allow":["GET"]}}],"collection":[{"href":"https:\/\/www.esplac.cat\/en\/wp-json\/wp\/v2\/posts"}],"about":[{"href":"https:\/\/www.esplac.cat\/en\/wp-json\/wp\/v2\/types\/post"}],"author":[{"embeddable":true,"href":"https:\/\/www.esplac.cat\/en\/wp-json\/wp\/v2\/users\/3"}],"replies":[{"embeddable":true,"href":"https:\/\/www.esplac.cat\/en\/wp-json\/wp\/v2\/comments?post=25754"}],"version-history":[{"count":0,"href":"https:\/\/www.esplac.cat\/en\/wp-json\/wp\/v2\/posts\/25754\/revisions"}],"wp:featuredmedia":[{"embeddable":true,"href":"https:\/\/www.esplac.cat\/en\/wp-json\/"}],"wp:attachment":[{"href":"https:\/\/www.esplac.cat\/en\/wp-json\/wp\/v2\/media?parent=25754"}],"wp:term":[{"taxonomy":"category","embeddable":true,"href":"https:\/\/www.esplac.cat\/en\/wp-json\/wp\/v2\/categories?post=25754"},{"taxonomy":"post_tag","embeddable":true,"href":"https:\/\/www.esplac.cat\/en\/wp-json\/wp\/v2\/tags?post=25754"}],"curies":[{"name":"wp","href":"https:\/\/api.w.org\/{rel}","templated":true}]}}