{"id":25761,"date":"2014-05-27T16:13:44","date_gmt":"2014-05-27T14:13:44","guid":{"rendered":"http:\/\/esplac.cat\/?p=5185"},"modified":"2014-05-27T16:13:44","modified_gmt":"2014-05-27T14:13:44","slug":"bona-practica-els-canconers","status":"publish","type":"post","link":"https:\/\/www.esplac.cat\/en\/bona-practica-els-canconers\/","title":{"rendered":"Bona pr\u00e0ctica: els can\u00e7oners"},"content":{"rendered":"<p><!--:CA--><\/p>\n<p lang=\"ca-ES\" align=\"left\">Quan els esplais marxem de campaments, col\u00f2nies i de ruta, hi ha un element que sovint ens emportem: el <strong>can\u00e7oner<\/strong>. I \u00e9s que les danses i les can\u00e7ons formen part de l&#8217;esplai.<\/p>\n<p lang=\"ca-ES\" align=\"left\">L&#8217;esplai \u00e9s un lloc on aprenem a recon\u00e8ixer i expressar els nostres sentiments. <strong>La m\u00fasica \u00e9s una eina educativa m\u00e9s, que ens aporta molts valors i aprenentatges<\/strong> (sensibilitat, llenguatge, motricitat, coneixement del medi, coneixement de cultures, treball en equip&#8230;). A trav\u00e9s de la m\u00fasica podem expressar-nos, cohesionar-nos, ambientar les activitats o marcar els tempos del dia, a m\u00e9s de ser una manera divertida per passar una bona estona.<\/p>\n<p lang=\"ca-ES\" align=\"left\">La m\u00fasica tamb\u00e9 fomenta el sentiment de pertinen\u00e7a a l&#8217;esplai. La lletra pot transmetre molts missatges i \u00e9s per aix\u00f2 que sovint creem o versionem can\u00e7ons, perqu\u00e8 facin de fil conductor a les activitats, o perqu\u00e8 expliquin la nostra identitat com a esplai. Volem compartir les bones pr\u00e0ctiques d&#8217;esplais que preparen els seus can\u00e7oners; perqu\u00e8 tamb\u00e9 donem contingut i \u00fas pedag\u00f2gic a la m\u00fasica!<\/p>\n<ul>\n<li>A l&#8217;esplai\u00a0<a href=\"http:\/\/esplac.cat\/mapa\/?esplai=platgetamarina&amp;poblacio=\">La Platgeta de la Marina<\/a> fan un can\u00e7oner, que passen als infants uns mesos abans de marxar de col\u00f2nies a l&#8217;estiu. Aix\u00ed van practicant les can\u00e7ons pr\u00e8viament i \u00e9s una manera d&#8217;animar als infants a participar de l&#8217;activitat. Durant aquesta, cada infant porta seu can\u00e7oner que utilitza a les estones lliures, moment que, juntament amb els monitors i monitores, seuen a la gespa amb instruments diferents, a disposici\u00f3 de qui els vulgui fer servir. La m\u00fasica serveix per experimentar, compartir i treballar la cohesi\u00f3 a l&#8217;esplai!<\/li>\n<li>Al <a href=\"http:\/\/esplac.cat\/mapa\/?esplai=xirusplai&amp;poblacio=\">Xirusplai<\/a>, aprofiten el fil conductor de les col\u00f2nies o dels campaments, per decorar el can\u00e7oner. Any rere any, programen la \u201cnit de can\u00e7ons\u201d: durant les col\u00f2nies o els campaments, els infants, per grups, versionen can\u00e7ons amb lletres sobre les viv\u00e8ncies all\u00e0. Els monitors i monitores tamb\u00e9 en preparen una i \u00e9s en aquesta nit quan les canten i les comparteixen. Les can\u00e7ons creades les van afegint als can\u00e7oners dels anys seg\u00fcents. La m\u00fasica serveix per expressar-nos! Ens permet imaginar i ser creatius, treballar la pertinen\u00e7a a l&#8217;esplai, i \u00e9s una manera de recordar campaments, col\u00f2nies i rutes passades!<\/li>\n<li>Aquest curs el sector Vall\u00e8s va proposar l&#8217;acci\u00f3 de crear un can\u00e7oner. Aix\u00ed podran compartir noves can\u00e7ons i realitats, a partir de la diversitat musical dels esplais que el formen. Esperem que un cop fet ens l&#8217;ensenyin!<\/li>\n<\/ul>\n<p lang=\"ca-ES\" align=\"left\">Som molts els esplais que tenim can\u00e7oners i can\u00e7ons pr\u00f2pies que ens identifiquen. Ens agradaria que ens ho enseny\u00e9ssiu, pel facebook, twitter o pel correu d&#8217;<a href=\"mailto:esplac@esplac.cat\">esplac@esplac.cat<\/a>. Tamb\u00e9 podeu compartir els vostres can\u00e7oners al <a href=\"http:\/\/esplac.cat\/banc-recursos\/\">Banc de Recursos<\/a>. A m\u00e9s a m\u00e9s hi trobareu el <a href=\"http:\/\/robaisabo.files.wordpress.com\/2011\/06\/canc3a7oner-aec.pdf\">can\u00e7oner d&#8217;Acci\u00f3 Escolta de Catalunya<\/a>, on hi ha un bon repertori de can\u00e7ons que podeu consultar.<\/p>\n<p align=\"left\">Que no s&#8217;aturi l&#8217;<a href=\"http:\/\/esplac.cat\/un-flashmob-per-definir-lenergia-de-lesplai\/\">energia de l&#8217;esplai<\/a>!<\/p>\n<p><!--:--><!--:es-->&nbsp;<\/p>\n<p><!--:--><!--:en-->&nbsp;<\/p>\n<p><!--:--><!--:fr-->&nbsp;<\/p>\n<p><!--:--><\/p>\n","protected":false},"excerpt":{"rendered":"<p>Quan els esplais marxem de campaments, col\u00f2nies i de ruta, [&hellip;]<\/p>\n","protected":false},"author":3,"featured_media":0,"comment_status":"open","ping_status":"open","sticky":false,"template":"","format":"standard","meta":{"om_disable_all_campaigns":false,"_monsterinsights_skip_tracking":false,"_monsterinsights_sitenote_active":false,"_monsterinsights_sitenote_note":"","_monsterinsights_sitenote_category":0,"_uf_show_specific_survey":0,"_uf_disable_surveys":false,"footnotes":""},"categories":[1121],"tags":[67,258,259,260],"class_list":["post-25761","post","type-post","status-publish","format-standard","hentry","category-bones-practiques-2","tag-bones-practiques","tag-canconer","tag-cancons","tag-musica"],"yoast_head":"<!-- This site is optimized with the Yoast SEO plugin v27.4 - https:\/\/yoast.com\/product\/yoast-seo-wordpress\/ -->\n<title>Bona pr\u00e0ctica: els can\u00e7oners - Esplac<\/title>\n<meta name=\"robots\" content=\"index, follow, max-snippet:-1, max-image-preview:large, max-video-preview:-1\" \/>\n<link rel=\"canonical\" href=\"https:\/\/www.esplac.cat\/en\/bona-practica-els-canconers\/\" \/>\n<meta property=\"og:locale\" content=\"en_US\" \/>\n<meta property=\"og:type\" content=\"article\" \/>\n<meta property=\"og:title\" content=\"Bona pr\u00e0ctica: els can\u00e7oners - Esplac\" \/>\n<meta property=\"og:description\" content=\"Quan els esplais marxem de campaments, col\u00f2nies i de ruta, [&hellip;]\" \/>\n<meta property=\"og:url\" content=\"https:\/\/www.esplac.cat\/en\/bona-practica-els-canconers\/\" \/>\n<meta property=\"og:site_name\" content=\"Esplac\" \/>\n<meta property=\"article:published_time\" content=\"2014-05-27T14:13:44+00:00\" \/>\n<meta property=\"og:image\" content=\"https:\/\/www.esplac.cat\/wp-content\/uploads\/2019\/11\/logo-open.jpg\" \/>\n\t<meta property=\"og:image:width\" content=\"1200\" \/>\n\t<meta property=\"og:image:height\" content=\"630\" \/>\n\t<meta property=\"og:image:type\" content=\"image\/jpeg\" \/>\n<meta name=\"author\" content=\"Comunicaci\u00f3 Esplac\" \/>\n<meta name=\"twitter:card\" content=\"summary_large_image\" \/>\n<meta name=\"twitter:label1\" content=\"Written by\" \/>\n\t<meta name=\"twitter:data1\" content=\"Comunicaci\u00f3 Esplac\" \/>\n\t<meta name=\"twitter:label2\" content=\"Est. reading time\" \/>\n\t<meta name=\"twitter:data2\" content=\"3 minutes\" \/>\n<script type=\"application\/ld+json\" class=\"yoast-schema-graph\">{\"@context\":\"https:\\\/\\\/schema.org\",\"@graph\":[{\"@type\":\"Article\",\"@id\":\"https:\\\/\\\/www.esplac.cat\\\/en\\\/bona-practica-els-canconers\\\/#article\",\"isPartOf\":{\"@id\":\"https:\\\/\\\/www.esplac.cat\\\/en\\\/bona-practica-els-canconers\\\/\"},\"author\":{\"name\":\"Comunicaci\u00f3 Esplac\",\"@id\":\"https:\\\/\\\/www.esplac.cat\\\/#\\\/schema\\\/person\\\/908383cf240be18b68f8855d0583faca\"},\"headline\":\"Bona pr\u00e0ctica: els can\u00e7oners\",\"datePublished\":\"2014-05-27T14:13:44+00:00\",\"mainEntityOfPage\":{\"@id\":\"https:\\\/\\\/www.esplac.cat\\\/en\\\/bona-practica-els-canconers\\\/\"},\"wordCount\":527,\"commentCount\":0,\"publisher\":{\"@id\":\"https:\\\/\\\/www.esplac.cat\\\/#organization\"},\"keywords\":[\"bones pr\u00e0ctiques\",\"can\u00e7oner\",\"can\u00e7ons\",\"m\u00fasica\"],\"articleSection\":[\"Bones pr\u00e0ctiques\"],\"inLanguage\":\"en-US\",\"potentialAction\":[{\"@type\":\"CommentAction\",\"name\":\"Comment\",\"target\":[\"https:\\\/\\\/www.esplac.cat\\\/en\\\/bona-practica-els-canconers\\\/#respond\"]}]},{\"@type\":\"WebPage\",\"@id\":\"https:\\\/\\\/www.esplac.cat\\\/en\\\/bona-practica-els-canconers\\\/\",\"url\":\"https:\\\/\\\/www.esplac.cat\\\/en\\\/bona-practica-els-canconers\\\/\",\"name\":\"Bona pr\u00e0ctica: els can\u00e7oners - Esplac\",\"isPartOf\":{\"@id\":\"https:\\\/\\\/www.esplac.cat\\\/#website\"},\"datePublished\":\"2014-05-27T14:13:44+00:00\",\"breadcrumb\":{\"@id\":\"https:\\\/\\\/www.esplac.cat\\\/en\\\/bona-practica-els-canconers\\\/#breadcrumb\"},\"inLanguage\":\"en-US\",\"potentialAction\":[{\"@type\":\"ReadAction\",\"target\":[\"https:\\\/\\\/www.esplac.cat\\\/en\\\/bona-practica-els-canconers\\\/\"]}]},{\"@type\":\"BreadcrumbList\",\"@id\":\"https:\\\/\\\/www.esplac.cat\\\/en\\\/bona-practica-els-canconers\\\/#breadcrumb\",\"itemListElement\":[{\"@type\":\"ListItem\",\"position\":1,\"name\":\"Inici\",\"item\":\"https:\\\/\\\/www.esplac.cat\\\/en\\\/\"},{\"@type\":\"ListItem\",\"position\":2,\"name\":\"Bona pr\u00e0ctica: els can\u00e7oners\"}]},{\"@type\":\"WebSite\",\"@id\":\"https:\\\/\\\/www.esplac.cat\\\/#website\",\"url\":\"https:\\\/\\\/www.esplac.cat\\\/\",\"name\":\"Esplac\",\"description\":\"Esplais Catalans\",\"publisher\":{\"@id\":\"https:\\\/\\\/www.esplac.cat\\\/#organization\"},\"potentialAction\":[{\"@type\":\"SearchAction\",\"target\":{\"@type\":\"EntryPoint\",\"urlTemplate\":\"https:\\\/\\\/www.esplac.cat\\\/?s={search_term_string}\"},\"query-input\":{\"@type\":\"PropertyValueSpecification\",\"valueRequired\":true,\"valueName\":\"search_term_string\"}}],\"inLanguage\":\"en-US\"},{\"@type\":\"Organization\",\"@id\":\"https:\\\/\\\/www.esplac.cat\\\/#organization\",\"name\":\"Esplac\",\"url\":\"https:\\\/\\\/www.esplac.cat\\\/\",\"logo\":{\"@type\":\"ImageObject\",\"inLanguage\":\"en-US\",\"@id\":\"https:\\\/\\\/www.esplac.cat\\\/#\\\/schema\\\/logo\\\/image\\\/\",\"url\":\"https:\\\/\\\/www.esplac.cat\\\/wp-content\\\/uploads\\\/2019\\\/08\\\/logox2.png\",\"contentUrl\":\"https:\\\/\\\/www.esplac.cat\\\/wp-content\\\/uploads\\\/2019\\\/08\\\/logox2.png\",\"width\":600,\"height\":295,\"caption\":\"Esplac\"},\"image\":{\"@id\":\"https:\\\/\\\/www.esplac.cat\\\/#\\\/schema\\\/logo\\\/image\\\/\"}},{\"@type\":\"Person\",\"@id\":\"https:\\\/\\\/www.esplac.cat\\\/#\\\/schema\\\/person\\\/908383cf240be18b68f8855d0583faca\",\"name\":\"Comunicaci\u00f3 Esplac\",\"image\":{\"@type\":\"ImageObject\",\"inLanguage\":\"en-US\",\"@id\":\"https:\\\/\\\/secure.gravatar.com\\\/avatar\\\/7a4cf8feb412a76ea4a740ca02d95b06b2907b5a6c648c2dd0a1082a093c3141?s=96&d=mm&r=g\",\"url\":\"https:\\\/\\\/secure.gravatar.com\\\/avatar\\\/7a4cf8feb412a76ea4a740ca02d95b06b2907b5a6c648c2dd0a1082a093c3141?s=96&d=mm&r=g\",\"contentUrl\":\"https:\\\/\\\/secure.gravatar.com\\\/avatar\\\/7a4cf8feb412a76ea4a740ca02d95b06b2907b5a6c648c2dd0a1082a093c3141?s=96&d=mm&r=g\",\"caption\":\"Comunicaci\u00f3 Esplac\"}}]}<\/script>\n<!-- \/ Yoast SEO plugin. -->","yoast_head_json":{"title":"Bona pr\u00e0ctica: els can\u00e7oners - Esplac","robots":{"index":"index","follow":"follow","max-snippet":"max-snippet:-1","max-image-preview":"max-image-preview:large","max-video-preview":"max-video-preview:-1"},"canonical":"https:\/\/www.esplac.cat\/en\/bona-practica-els-canconers\/","og_locale":"en_US","og_type":"article","og_title":"Bona pr\u00e0ctica: els can\u00e7oners - Esplac","og_description":"Quan els esplais marxem de campaments, col\u00f2nies i de ruta, [&hellip;]","og_url":"https:\/\/www.esplac.cat\/en\/bona-practica-els-canconers\/","og_site_name":"Esplac","article_published_time":"2014-05-27T14:13:44+00:00","og_image":[{"width":1200,"height":630,"url":"https:\/\/www.esplac.cat\/wp-content\/uploads\/2019\/11\/logo-open.jpg","type":"image\/jpeg"}],"author":"Comunicaci\u00f3 Esplac","twitter_card":"summary_large_image","twitter_misc":{"Written by":"Comunicaci\u00f3 Esplac","Est. reading time":"3 minutes"},"schema":{"@context":"https:\/\/schema.org","@graph":[{"@type":"Article","@id":"https:\/\/www.esplac.cat\/en\/bona-practica-els-canconers\/#article","isPartOf":{"@id":"https:\/\/www.esplac.cat\/en\/bona-practica-els-canconers\/"},"author":{"name":"Comunicaci\u00f3 Esplac","@id":"https:\/\/www.esplac.cat\/#\/schema\/person\/908383cf240be18b68f8855d0583faca"},"headline":"Bona pr\u00e0ctica: els can\u00e7oners","datePublished":"2014-05-27T14:13:44+00:00","mainEntityOfPage":{"@id":"https:\/\/www.esplac.cat\/en\/bona-practica-els-canconers\/"},"wordCount":527,"commentCount":0,"publisher":{"@id":"https:\/\/www.esplac.cat\/#organization"},"keywords":["bones pr\u00e0ctiques","can\u00e7oner","can\u00e7ons","m\u00fasica"],"articleSection":["Bones pr\u00e0ctiques"],"inLanguage":"en-US","potentialAction":[{"@type":"CommentAction","name":"Comment","target":["https:\/\/www.esplac.cat\/en\/bona-practica-els-canconers\/#respond"]}]},{"@type":"WebPage","@id":"https:\/\/www.esplac.cat\/en\/bona-practica-els-canconers\/","url":"https:\/\/www.esplac.cat\/en\/bona-practica-els-canconers\/","name":"Bona pr\u00e0ctica: els can\u00e7oners - Esplac","isPartOf":{"@id":"https:\/\/www.esplac.cat\/#website"},"datePublished":"2014-05-27T14:13:44+00:00","breadcrumb":{"@id":"https:\/\/www.esplac.cat\/en\/bona-practica-els-canconers\/#breadcrumb"},"inLanguage":"en-US","potentialAction":[{"@type":"ReadAction","target":["https:\/\/www.esplac.cat\/en\/bona-practica-els-canconers\/"]}]},{"@type":"BreadcrumbList","@id":"https:\/\/www.esplac.cat\/en\/bona-practica-els-canconers\/#breadcrumb","itemListElement":[{"@type":"ListItem","position":1,"name":"Inici","item":"https:\/\/www.esplac.cat\/en\/"},{"@type":"ListItem","position":2,"name":"Bona pr\u00e0ctica: els can\u00e7oners"}]},{"@type":"WebSite","@id":"https:\/\/www.esplac.cat\/#website","url":"https:\/\/www.esplac.cat\/","name":"Esplac","description":"Esplais Catalans","publisher":{"@id":"https:\/\/www.esplac.cat\/#organization"},"potentialAction":[{"@type":"SearchAction","target":{"@type":"EntryPoint","urlTemplate":"https:\/\/www.esplac.cat\/?s={search_term_string}"},"query-input":{"@type":"PropertyValueSpecification","valueRequired":true,"valueName":"search_term_string"}}],"inLanguage":"en-US"},{"@type":"Organization","@id":"https:\/\/www.esplac.cat\/#organization","name":"Esplac","url":"https:\/\/www.esplac.cat\/","logo":{"@type":"ImageObject","inLanguage":"en-US","@id":"https:\/\/www.esplac.cat\/#\/schema\/logo\/image\/","url":"https:\/\/www.esplac.cat\/wp-content\/uploads\/2019\/08\/logox2.png","contentUrl":"https:\/\/www.esplac.cat\/wp-content\/uploads\/2019\/08\/logox2.png","width":600,"height":295,"caption":"Esplac"},"image":{"@id":"https:\/\/www.esplac.cat\/#\/schema\/logo\/image\/"}},{"@type":"Person","@id":"https:\/\/www.esplac.cat\/#\/schema\/person\/908383cf240be18b68f8855d0583faca","name":"Comunicaci\u00f3 Esplac","image":{"@type":"ImageObject","inLanguage":"en-US","@id":"https:\/\/secure.gravatar.com\/avatar\/7a4cf8feb412a76ea4a740ca02d95b06b2907b5a6c648c2dd0a1082a093c3141?s=96&d=mm&r=g","url":"https:\/\/secure.gravatar.com\/avatar\/7a4cf8feb412a76ea4a740ca02d95b06b2907b5a6c648c2dd0a1082a093c3141?s=96&d=mm&r=g","contentUrl":"https:\/\/secure.gravatar.com\/avatar\/7a4cf8feb412a76ea4a740ca02d95b06b2907b5a6c648c2dd0a1082a093c3141?s=96&d=mm&r=g","caption":"Comunicaci\u00f3 Esplac"}}]}},"_links":{"self":[{"href":"https:\/\/www.esplac.cat\/en\/wp-json\/wp\/v2\/posts\/25761","targetHints":{"allow":["GET"]}}],"collection":[{"href":"https:\/\/www.esplac.cat\/en\/wp-json\/wp\/v2\/posts"}],"about":[{"href":"https:\/\/www.esplac.cat\/en\/wp-json\/wp\/v2\/types\/post"}],"author":[{"embeddable":true,"href":"https:\/\/www.esplac.cat\/en\/wp-json\/wp\/v2\/users\/3"}],"replies":[{"embeddable":true,"href":"https:\/\/www.esplac.cat\/en\/wp-json\/wp\/v2\/comments?post=25761"}],"version-history":[{"count":0,"href":"https:\/\/www.esplac.cat\/en\/wp-json\/wp\/v2\/posts\/25761\/revisions"}],"wp:attachment":[{"href":"https:\/\/www.esplac.cat\/en\/wp-json\/wp\/v2\/media?parent=25761"}],"wp:term":[{"taxonomy":"category","embeddable":true,"href":"https:\/\/www.esplac.cat\/en\/wp-json\/wp\/v2\/categories?post=25761"},{"taxonomy":"post_tag","embeddable":true,"href":"https:\/\/www.esplac.cat\/en\/wp-json\/wp\/v2\/tags?post=25761"}],"curies":[{"name":"wp","href":"https:\/\/api.w.org\/{rel}","templated":true}]}}