{"id":25765,"date":"2014-05-20T12:02:24","date_gmt":"2014-05-20T10:02:24","guid":{"rendered":"http:\/\/esplac.cat\/?p=5144"},"modified":"2019-11-14T13:17:47","modified_gmt":"2019-11-14T11:17:47","slug":"jornades-de-lleure-anticapitalista","status":"publish","type":"post","link":"https:\/\/www.esplac.cat\/en\/jornades-de-lleure-anticapitalista\/","title":{"rendered":"Jornada de Lleure anticapitalista"},"content":{"rendered":"<p><!--:CA--><\/p>\n<div dir=\"ltr\">\n<p>La comissi\u00f3 Reduint Petjada us convidem a una jornada de reflexi\u00f3, debat i acci\u00f3 sobre el paper de l&#8217;associacionisme educatiu en l\u2019actual societat de consum.<\/p>\n<p>La jornada de Lleure anticapitalista tindr\u00e0 lloc el diumenge 8 de juny de 2014 a l&#8217;<a title=\"espai germanetes\" href=\"http:\/\/recreantcruilles.wordpress.com\/\" target=\"_blank\" rel=\"noopener noreferrer\">Espai Germanetes<\/a>, de Barcelona.<\/p>\n<p>La pon\u00e8ncia &#8220;<strong>El decreixement: viure feli\u00e7ment amb sobrietat (que no austeritat) en un planeta saturat i reescalfa<\/strong>t&#8221; donar\u00e0 peu a la reflexi\u00f3 sobre el model de consum en que vivim i als posteriors debats sobre quin \u00e9s el paper que juguem l&#8217;associacionisme educatiu en tot plegat.<\/p>\n<p>La pon\u00e8ncia anir\u00e0 a c\u00e0rrec <strong>Gerard Rocher<\/strong> i<strong> Miquel Vallmitjana<\/strong>, d&#8217;<strong>Entesa pel decreixement<\/strong> i els debats i grups de treball ser\u00e0n dinamitzats per la <strong>Comissi\u00f3 Reduint Petjada<\/strong>\u00a0d&#8217;Esplais Catalans.<\/p>\n<p>Perqu\u00e8 des de l&#8217;associacionisme educatiu treballem per la transformaci\u00f3 social, us hi esperem a tots i totes!<\/p>\n<\/div>\n<div style=\"text-align: center;\">Inscriu-te aqu\u00ed!<\/div>\n<div><\/div>\n<div><\/div>\n<div>\n<p><a href=\"http:\/\/esplac.cat\/wp-content\/uploads\/2014\/05\/cartell_jpg.jpg\"><img decoding=\"async\" class=\"aligncenter  wp-image-5145\" title=\"lleure-anticapitalista\" src=\"http:\/\/esplac.cat\/wp-content\/uploads\/2014\/05\/cartell_jpg.jpg\" alt=\"\" width=\"400\" \/><\/a><\/p>\n<div><\/div>\n<\/div>\n<p><!--:--><!--:es-->&nbsp;<\/p>\n<p><!--:--><!--:en-->&nbsp;<\/p>\n<p><!--:--><!--:fr-->&nbsp;<\/p>\n<p><!--:--><\/p>\n","protected":false},"excerpt":{"rendered":"<p>La comissi\u00f3 Reduint Petjada us convidem a una jornada de [&hellip;]<\/p>\n","protected":false},"author":3,"featured_media":7823,"comment_status":"open","ping_status":"open","sticky":false,"template":"","format":"standard","meta":{"om_disable_all_campaigns":false,"_monsterinsights_skip_tracking":false,"_monsterinsights_sitenote_active":false,"_monsterinsights_sitenote_note":"","_monsterinsights_sitenote_category":0,"_uf_show_specific_survey":0,"_uf_disable_surveys":false,"footnotes":""},"categories":[1161,1131],"tags":[251,82,252,83,253],"class_list":["post-25765","post","type-post","status-publish","format-standard","has-post-thumbnail","hentry","category-comissio-reduint-petjada","category-cursos-formacions","tag-comissio-reduint-petjada","tag-educacio-ambiental","tag-lleure-anticapitalista","tag-reduint-petjada","tag-societat-de-consum"],"yoast_head":"<!-- This site is optimized with the Yoast SEO plugin v27.4 - https:\/\/yoast.com\/product\/yoast-seo-wordpress\/ -->\n<title>Jornada de Lleure anticapitalista - Esplac<\/title>\n<meta name=\"robots\" content=\"index, follow, max-snippet:-1, max-image-preview:large, max-video-preview:-1\" \/>\n<link rel=\"canonical\" href=\"https:\/\/www.esplac.cat\/en\/jornades-de-lleure-anticapitalista\/\" \/>\n<meta property=\"og:locale\" content=\"en_US\" \/>\n<meta property=\"og:type\" content=\"article\" \/>\n<meta property=\"og:title\" content=\"Jornada de Lleure anticapitalista - Esplac\" \/>\n<meta property=\"og:description\" content=\"La comissi\u00f3 Reduint Petjada us convidem a una jornada de [&hellip;]\" \/>\n<meta property=\"og:url\" content=\"https:\/\/www.esplac.cat\/en\/jornades-de-lleure-anticapitalista\/\" \/>\n<meta property=\"og:site_name\" content=\"Esplac\" \/>\n<meta property=\"article:published_time\" content=\"2014-05-20T10:02:24+00:00\" \/>\n<meta property=\"article:modified_time\" content=\"2019-11-14T11:17:47+00:00\" \/>\n<meta property=\"og:image\" content=\"https:\/\/www.esplac.cat\/wp-content\/uploads\/2019\/11\/logo-open.jpg\" \/>\n\t<meta property=\"og:image:width\" content=\"1200\" \/>\n\t<meta property=\"og:image:height\" content=\"630\" \/>\n\t<meta property=\"og:image:type\" content=\"image\/jpeg\" \/>\n<meta name=\"author\" content=\"Comunicaci\u00f3 Esplac\" \/>\n<meta name=\"twitter:card\" content=\"summary_large_image\" \/>\n<meta name=\"twitter:label1\" content=\"Written by\" \/>\n\t<meta name=\"twitter:data1\" content=\"Comunicaci\u00f3 Esplac\" \/>\n\t<meta name=\"twitter:label2\" content=\"Est. reading time\" \/>\n\t<meta name=\"twitter:data2\" content=\"1 minute\" \/>\n<script type=\"application\/ld+json\" class=\"yoast-schema-graph\">{\"@context\":\"https:\\\/\\\/schema.org\",\"@graph\":[{\"@type\":\"Article\",\"@id\":\"https:\\\/\\\/www.esplac.cat\\\/en\\\/jornades-de-lleure-anticapitalista\\\/#article\",\"isPartOf\":{\"@id\":\"https:\\\/\\\/www.esplac.cat\\\/en\\\/jornades-de-lleure-anticapitalista\\\/\"},\"author\":{\"name\":\"Comunicaci\u00f3 Esplac\",\"@id\":\"https:\\\/\\\/www.esplac.cat\\\/#\\\/schema\\\/person\\\/908383cf240be18b68f8855d0583faca\"},\"headline\":\"Jornada de Lleure anticapitalista\",\"datePublished\":\"2014-05-20T10:02:24+00:00\",\"dateModified\":\"2019-11-14T11:17:47+00:00\",\"mainEntityOfPage\":{\"@id\":\"https:\\\/\\\/www.esplac.cat\\\/en\\\/jornades-de-lleure-anticapitalista\\\/\"},\"wordCount\":181,\"commentCount\":0,\"publisher\":{\"@id\":\"https:\\\/\\\/www.esplac.cat\\\/#organization\"},\"image\":{\"@id\":\"https:\\\/\\\/www.esplac.cat\\\/en\\\/jornades-de-lleure-anticapitalista\\\/#primaryimage\"},\"thumbnailUrl\":\"\",\"keywords\":[\"comissi\u00f3 reduint petjada\",\"educacio ambiental\",\"lleure anticapitalista\",\"reduint petjada\",\"societat de consum\"],\"articleSection\":[\"Comissi\u00f3 Reduint Petjada\",\"Cursos i formacions\"],\"inLanguage\":\"en-US\",\"potentialAction\":[{\"@type\":\"CommentAction\",\"name\":\"Comment\",\"target\":[\"https:\\\/\\\/www.esplac.cat\\\/en\\\/jornades-de-lleure-anticapitalista\\\/#respond\"]}]},{\"@type\":\"WebPage\",\"@id\":\"https:\\\/\\\/www.esplac.cat\\\/en\\\/jornades-de-lleure-anticapitalista\\\/\",\"url\":\"https:\\\/\\\/www.esplac.cat\\\/en\\\/jornades-de-lleure-anticapitalista\\\/\",\"name\":\"Jornada de Lleure anticapitalista - Esplac\",\"isPartOf\":{\"@id\":\"https:\\\/\\\/www.esplac.cat\\\/#website\"},\"primaryImageOfPage\":{\"@id\":\"https:\\\/\\\/www.esplac.cat\\\/en\\\/jornades-de-lleure-anticapitalista\\\/#primaryimage\"},\"image\":{\"@id\":\"https:\\\/\\\/www.esplac.cat\\\/en\\\/jornades-de-lleure-anticapitalista\\\/#primaryimage\"},\"thumbnailUrl\":\"\",\"datePublished\":\"2014-05-20T10:02:24+00:00\",\"dateModified\":\"2019-11-14T11:17:47+00:00\",\"breadcrumb\":{\"@id\":\"https:\\\/\\\/www.esplac.cat\\\/en\\\/jornades-de-lleure-anticapitalista\\\/#breadcrumb\"},\"inLanguage\":\"en-US\",\"potentialAction\":[{\"@type\":\"ReadAction\",\"target\":[\"https:\\\/\\\/www.esplac.cat\\\/en\\\/jornades-de-lleure-anticapitalista\\\/\"]}]},{\"@type\":\"ImageObject\",\"inLanguage\":\"en-US\",\"@id\":\"https:\\\/\\\/www.esplac.cat\\\/en\\\/jornades-de-lleure-anticapitalista\\\/#primaryimage\",\"url\":\"\",\"contentUrl\":\"\"},{\"@type\":\"BreadcrumbList\",\"@id\":\"https:\\\/\\\/www.esplac.cat\\\/en\\\/jornades-de-lleure-anticapitalista\\\/#breadcrumb\",\"itemListElement\":[{\"@type\":\"ListItem\",\"position\":1,\"name\":\"Inici\",\"item\":\"https:\\\/\\\/www.esplac.cat\\\/en\\\/\"},{\"@type\":\"ListItem\",\"position\":2,\"name\":\"Jornada de Lleure anticapitalista\"}]},{\"@type\":\"WebSite\",\"@id\":\"https:\\\/\\\/www.esplac.cat\\\/#website\",\"url\":\"https:\\\/\\\/www.esplac.cat\\\/\",\"name\":\"Esplac\",\"description\":\"Esplais Catalans\",\"publisher\":{\"@id\":\"https:\\\/\\\/www.esplac.cat\\\/#organization\"},\"potentialAction\":[{\"@type\":\"SearchAction\",\"target\":{\"@type\":\"EntryPoint\",\"urlTemplate\":\"https:\\\/\\\/www.esplac.cat\\\/?s={search_term_string}\"},\"query-input\":{\"@type\":\"PropertyValueSpecification\",\"valueRequired\":true,\"valueName\":\"search_term_string\"}}],\"inLanguage\":\"en-US\"},{\"@type\":\"Organization\",\"@id\":\"https:\\\/\\\/www.esplac.cat\\\/#organization\",\"name\":\"Esplac\",\"url\":\"https:\\\/\\\/www.esplac.cat\\\/\",\"logo\":{\"@type\":\"ImageObject\",\"inLanguage\":\"en-US\",\"@id\":\"https:\\\/\\\/www.esplac.cat\\\/#\\\/schema\\\/logo\\\/image\\\/\",\"url\":\"https:\\\/\\\/www.esplac.cat\\\/wp-content\\\/uploads\\\/2019\\\/08\\\/logox2.png\",\"contentUrl\":\"https:\\\/\\\/www.esplac.cat\\\/wp-content\\\/uploads\\\/2019\\\/08\\\/logox2.png\",\"width\":600,\"height\":295,\"caption\":\"Esplac\"},\"image\":{\"@id\":\"https:\\\/\\\/www.esplac.cat\\\/#\\\/schema\\\/logo\\\/image\\\/\"}},{\"@type\":\"Person\",\"@id\":\"https:\\\/\\\/www.esplac.cat\\\/#\\\/schema\\\/person\\\/908383cf240be18b68f8855d0583faca\",\"name\":\"Comunicaci\u00f3 Esplac\",\"image\":{\"@type\":\"ImageObject\",\"inLanguage\":\"en-US\",\"@id\":\"https:\\\/\\\/secure.gravatar.com\\\/avatar\\\/7a4cf8feb412a76ea4a740ca02d95b06b2907b5a6c648c2dd0a1082a093c3141?s=96&d=mm&r=g\",\"url\":\"https:\\\/\\\/secure.gravatar.com\\\/avatar\\\/7a4cf8feb412a76ea4a740ca02d95b06b2907b5a6c648c2dd0a1082a093c3141?s=96&d=mm&r=g\",\"contentUrl\":\"https:\\\/\\\/secure.gravatar.com\\\/avatar\\\/7a4cf8feb412a76ea4a740ca02d95b06b2907b5a6c648c2dd0a1082a093c3141?s=96&d=mm&r=g\",\"caption\":\"Comunicaci\u00f3 Esplac\"}}]}<\/script>\n<!-- \/ Yoast SEO plugin. -->","yoast_head_json":{"title":"Jornada de Lleure anticapitalista - Esplac","robots":{"index":"index","follow":"follow","max-snippet":"max-snippet:-1","max-image-preview":"max-image-preview:large","max-video-preview":"max-video-preview:-1"},"canonical":"https:\/\/www.esplac.cat\/en\/jornades-de-lleure-anticapitalista\/","og_locale":"en_US","og_type":"article","og_title":"Jornada de Lleure anticapitalista - Esplac","og_description":"La comissi\u00f3 Reduint Petjada us convidem a una jornada de [&hellip;]","og_url":"https:\/\/www.esplac.cat\/en\/jornades-de-lleure-anticapitalista\/","og_site_name":"Esplac","article_published_time":"2014-05-20T10:02:24+00:00","article_modified_time":"2019-11-14T11:17:47+00:00","og_image":[{"width":1200,"height":630,"url":"https:\/\/www.esplac.cat\/wp-content\/uploads\/2019\/11\/logo-open.jpg","type":"image\/jpeg"}],"author":"Comunicaci\u00f3 Esplac","twitter_card":"summary_large_image","twitter_misc":{"Written by":"Comunicaci\u00f3 Esplac","Est. reading time":"1 minute"},"schema":{"@context":"https:\/\/schema.org","@graph":[{"@type":"Article","@id":"https:\/\/www.esplac.cat\/en\/jornades-de-lleure-anticapitalista\/#article","isPartOf":{"@id":"https:\/\/www.esplac.cat\/en\/jornades-de-lleure-anticapitalista\/"},"author":{"name":"Comunicaci\u00f3 Esplac","@id":"https:\/\/www.esplac.cat\/#\/schema\/person\/908383cf240be18b68f8855d0583faca"},"headline":"Jornada de Lleure anticapitalista","datePublished":"2014-05-20T10:02:24+00:00","dateModified":"2019-11-14T11:17:47+00:00","mainEntityOfPage":{"@id":"https:\/\/www.esplac.cat\/en\/jornades-de-lleure-anticapitalista\/"},"wordCount":181,"commentCount":0,"publisher":{"@id":"https:\/\/www.esplac.cat\/#organization"},"image":{"@id":"https:\/\/www.esplac.cat\/en\/jornades-de-lleure-anticapitalista\/#primaryimage"},"thumbnailUrl":"","keywords":["comissi\u00f3 reduint petjada","educacio ambiental","lleure anticapitalista","reduint petjada","societat de consum"],"articleSection":["Comissi\u00f3 Reduint Petjada","Cursos i formacions"],"inLanguage":"en-US","potentialAction":[{"@type":"CommentAction","name":"Comment","target":["https:\/\/www.esplac.cat\/en\/jornades-de-lleure-anticapitalista\/#respond"]}]},{"@type":"WebPage","@id":"https:\/\/www.esplac.cat\/en\/jornades-de-lleure-anticapitalista\/","url":"https:\/\/www.esplac.cat\/en\/jornades-de-lleure-anticapitalista\/","name":"Jornada de Lleure anticapitalista - Esplac","isPartOf":{"@id":"https:\/\/www.esplac.cat\/#website"},"primaryImageOfPage":{"@id":"https:\/\/www.esplac.cat\/en\/jornades-de-lleure-anticapitalista\/#primaryimage"},"image":{"@id":"https:\/\/www.esplac.cat\/en\/jornades-de-lleure-anticapitalista\/#primaryimage"},"thumbnailUrl":"","datePublished":"2014-05-20T10:02:24+00:00","dateModified":"2019-11-14T11:17:47+00:00","breadcrumb":{"@id":"https:\/\/www.esplac.cat\/en\/jornades-de-lleure-anticapitalista\/#breadcrumb"},"inLanguage":"en-US","potentialAction":[{"@type":"ReadAction","target":["https:\/\/www.esplac.cat\/en\/jornades-de-lleure-anticapitalista\/"]}]},{"@type":"ImageObject","inLanguage":"en-US","@id":"https:\/\/www.esplac.cat\/en\/jornades-de-lleure-anticapitalista\/#primaryimage","url":"","contentUrl":""},{"@type":"BreadcrumbList","@id":"https:\/\/www.esplac.cat\/en\/jornades-de-lleure-anticapitalista\/#breadcrumb","itemListElement":[{"@type":"ListItem","position":1,"name":"Inici","item":"https:\/\/www.esplac.cat\/en\/"},{"@type":"ListItem","position":2,"name":"Jornada de Lleure anticapitalista"}]},{"@type":"WebSite","@id":"https:\/\/www.esplac.cat\/#website","url":"https:\/\/www.esplac.cat\/","name":"Esplac","description":"Esplais Catalans","publisher":{"@id":"https:\/\/www.esplac.cat\/#organization"},"potentialAction":[{"@type":"SearchAction","target":{"@type":"EntryPoint","urlTemplate":"https:\/\/www.esplac.cat\/?s={search_term_string}"},"query-input":{"@type":"PropertyValueSpecification","valueRequired":true,"valueName":"search_term_string"}}],"inLanguage":"en-US"},{"@type":"Organization","@id":"https:\/\/www.esplac.cat\/#organization","name":"Esplac","url":"https:\/\/www.esplac.cat\/","logo":{"@type":"ImageObject","inLanguage":"en-US","@id":"https:\/\/www.esplac.cat\/#\/schema\/logo\/image\/","url":"https:\/\/www.esplac.cat\/wp-content\/uploads\/2019\/08\/logox2.png","contentUrl":"https:\/\/www.esplac.cat\/wp-content\/uploads\/2019\/08\/logox2.png","width":600,"height":295,"caption":"Esplac"},"image":{"@id":"https:\/\/www.esplac.cat\/#\/schema\/logo\/image\/"}},{"@type":"Person","@id":"https:\/\/www.esplac.cat\/#\/schema\/person\/908383cf240be18b68f8855d0583faca","name":"Comunicaci\u00f3 Esplac","image":{"@type":"ImageObject","inLanguage":"en-US","@id":"https:\/\/secure.gravatar.com\/avatar\/7a4cf8feb412a76ea4a740ca02d95b06b2907b5a6c648c2dd0a1082a093c3141?s=96&d=mm&r=g","url":"https:\/\/secure.gravatar.com\/avatar\/7a4cf8feb412a76ea4a740ca02d95b06b2907b5a6c648c2dd0a1082a093c3141?s=96&d=mm&r=g","contentUrl":"https:\/\/secure.gravatar.com\/avatar\/7a4cf8feb412a76ea4a740ca02d95b06b2907b5a6c648c2dd0a1082a093c3141?s=96&d=mm&r=g","caption":"Comunicaci\u00f3 Esplac"}}]}},"_links":{"self":[{"href":"https:\/\/www.esplac.cat\/en\/wp-json\/wp\/v2\/posts\/25765","targetHints":{"allow":["GET"]}}],"collection":[{"href":"https:\/\/www.esplac.cat\/en\/wp-json\/wp\/v2\/posts"}],"about":[{"href":"https:\/\/www.esplac.cat\/en\/wp-json\/wp\/v2\/types\/post"}],"author":[{"embeddable":true,"href":"https:\/\/www.esplac.cat\/en\/wp-json\/wp\/v2\/users\/3"}],"replies":[{"embeddable":true,"href":"https:\/\/www.esplac.cat\/en\/wp-json\/wp\/v2\/comments?post=25765"}],"version-history":[{"count":0,"href":"https:\/\/www.esplac.cat\/en\/wp-json\/wp\/v2\/posts\/25765\/revisions"}],"wp:featuredmedia":[{"embeddable":true,"href":"https:\/\/www.esplac.cat\/en\/wp-json\/"}],"wp:attachment":[{"href":"https:\/\/www.esplac.cat\/en\/wp-json\/wp\/v2\/media?parent=25765"}],"wp:term":[{"taxonomy":"category","embeddable":true,"href":"https:\/\/www.esplac.cat\/en\/wp-json\/wp\/v2\/categories?post=25765"},{"taxonomy":"post_tag","embeddable":true,"href":"https:\/\/www.esplac.cat\/en\/wp-json\/wp\/v2\/tags?post=25765"}],"curies":[{"name":"wp","href":"https:\/\/api.w.org\/{rel}","templated":true}]}}