{"id":25768,"date":"2014-05-15T12:59:37","date_gmt":"2014-05-15T10:59:37","guid":{"rendered":"http:\/\/esplac.cat\/?p=5118"},"modified":"2014-05-15T12:59:37","modified_gmt":"2014-05-15T10:59:37","slug":"bones-practiques-carrecs-comissions","status":"publish","type":"post","link":"https:\/\/www.esplac.cat\/en\/bones-practiques-carrecs-comissions\/","title":{"rendered":"Bones pr\u00e0ctiques: c\u00e0rrecs i comissions"},"content":{"rendered":"<p><!--:CA--><\/p>\n<p lang=\"ca-ES\">S&#8217;apropa el final del curs i, amb aquest, arriba l&#8217;estiu. El tercer trimestre \u00e9s un moment clau, perqu\u00e8 la preparaci\u00f3 de les col\u00f2nies, els campaments i les rutes ja ha d&#8217;estar lligada i toca acabar de concretar els detalls d&#8217;aquestes activitats. A m\u00e9s, estem acabant el curs i tamb\u00e9 \u00e9s moment de valorar la feina feta per mirar pel curs que ve.<\/p>\n<p lang=\"ca-ES\">A l&#8217;hora de preparar, implementar i avaluar els nostres projectes, els esplais cal que ens organitzem b\u00e9, fent un treball i un esfor\u00e7 de planificaci\u00f3. Aix\u00ed garantim que treballarem per complir els objectius que ens hem proposat, no ens oblidarem res, podrem fer les gestions necess\u00e0ries a temps i evitarem possibles imprevistos.<\/p>\n<p>Us volem presentar la bona pr\u00e0ctica de l&#8217;esplai <a href=\"http:\/\/esplac.cat\/mapa\/?esplai=kasperle&amp;poblacio=\">Kasperle<\/a>, de Barcelona. Ens proposen un model d&#8217;organitzaci\u00f3 per comissions molt marcada i definida. <strong>Els c\u00e0rrecs o les comissions s\u00f3n petits \u00f2rgans d&#8217;una o poques persones, que creem en el marc de l&#8217;organitzaci\u00f3 de l&#8217;equip de monitors i monitores de l&#8217;esplai.<\/strong>\u00a0Ens permeten assumir algunes tasques que hem planificat amb certa independ\u00e8ncia, partint de les decisions que pr\u00e8viament haurem pres consensuadament. Per garantir el bon funcionament de les comissions i c\u00e0rrecs, \u00e9s necessari que a les reunions de coordinaci\u00f3 de l&#8217;esplai en fem un seguiment.<\/p>\n<p>En el cas de l&#8217;esplai Kasperle, tenen els seg\u00fcents c\u00e0rrecs i comissions:<\/p>\n<ul>\n<li><strong>Secretaria:<\/strong> s&#8217;encarrega de fer totes les tasques vinculades a la burocr\u00e0cia que genera el grup d\u2019esplai (assegurances, tr\u00e0mits legals, dades de participants, actes de reunions, correspond\u00e8ncia i comunicats, arxiu, impressions&#8230;).<\/li>\n<li><strong>Tresoreria:<\/strong> les funcions s\u00f3n portar una relaci\u00f3 actualitzada d\u2019entrades i sortides econ\u00f2miques de l&#8217;esplai, guardar i arxivar els comprovants de compres, presentar a l\u2019assemblea un pressupost i el posterior balan\u00e7 per curs i per col\u00f2nies.<\/li>\n<li><strong>Material:<\/strong> controla el material del centre mitjan\u00e7ant un inventari obert, s&#8217;encarrega de mantenir-lo ordenat i en bon estat, porta el control de l&#8217;\u00fas d&#8217;aquest, fa les compres de material general i de les activitats, sota el pressupost plantejat.<\/li>\n<li><strong>Farmaciola:<\/strong> vetlla pel correcte tractament sanitari dels membres de l\u2019esplai durant la seva estada en el centre, compra el material de farmaciola, la mant\u00e9 en bon estat i fa el seguiment de les fitxes m\u00e8diques dels infants.<\/li>\n<li><strong>Sortides:<\/strong> reserva les cases de col\u00f2nies, albergs, terrenys d\u2019acampada, autocars, i fa un arxiu amb informaci\u00f3 sobre possibles sortides. Fa i\/o facilita els tr\u00e0mits referents a les sortides.<\/li>\n<li><strong>M\u00e0rqueting:<\/strong> troba possibles formes per finan\u00e7ar part de les activitats i abaratir-ne la quota i \u00e9s el responsable de totes les activitats que es realitzin amb aquest prop\u00f2sit. S&#8217;encarrega de la venda de fulards, samarretes i pins&#8230;<\/li>\n<li><strong>Comissi\u00f3 d\u2019Integraci\u00f3:<\/strong> coordina el projecte de \u201cciutadania i immigraci\u00f3\u201d a l\u2019esplai i mant\u00e9 el contacte amb els responsables i coordinadors de projectes d\u2019Esplac (tras\u00e0s d&#8217;informaci\u00f3 a l&#8217;equip i coordinaci\u00f3 de les tasques que s&#8217;hi duguin a terme).<\/li>\n<\/ul>\n<p><strong>Fer c\u00e0rrecs i comissions t\u00e9 un valor afegit, ja que \u00e9s la manera de qu\u00e8 tothom assumeixi part de les responsabilitats i tasques de l&#8217;organitzaci\u00f3 de l&#8217;esplai.<\/strong>\u00a0\u00c9s una manera pr\u00e0ctica de treballar en equip que ajuda a facilitar-nos la feina. Tingueu en compte que\u00a0seran espais on tamb\u00e9 caldr\u00e0 treballar-hi el relleu.<\/p>\n<p>Si creieu que \u00e9s important treballar l&#8217;organitzaci\u00f3 del vostre esplai, us animem a demanar una c\u00e0psula formativa o un assessorament contactant amb l&#8217;Equip General del Sector o el coordinador de projectes del territori. Al <a href=\"http:\/\/esplac.cat\/banc-recursos\/\">banc de recursos<\/a> hi ha bibliografia i din\u00e0miques per treballar en equip i organitzar-vos. Tamb\u00e9 us recomanem el llibre de la col\u00b7lecci\u00f3 l&#8217;Esmolet d&#8217;Esplais Catalans \u201c<a href=\"http:\/\/esplac.cat\/publicacions\/lesmolet\/coordinem-nos\/\">Coordinem-nos: el treball en equip als esplais<\/a>\u201d<!--:--><!--:es-->&nbsp;<\/p>\n<p><!--:--><!--:en-->&nbsp;<\/p>\n<p><!--:--><!--:fr-->&nbsp;<\/p>\n<p><!--:--><\/p>\n","protected":false},"excerpt":{"rendered":"<p>S&#8217;apropa el final del curs i, amb aquest, arriba l&#8217;estiu. [&hellip;]<\/p>\n","protected":false},"author":3,"featured_media":0,"comment_status":"open","ping_status":"open","sticky":false,"template":"","format":"standard","meta":{"om_disable_all_campaigns":false,"_monsterinsights_skip_tracking":false,"_monsterinsights_sitenote_active":false,"_monsterinsights_sitenote_note":"","_monsterinsights_sitenote_category":0,"_uf_show_specific_survey":0,"_uf_disable_surveys":false,"footnotes":""},"categories":[1121],"tags":[67,245,84,246,247,248,119],"class_list":["post-25768","post","type-post","status-publish","format-standard","hentry","category-bones-practiques-2","tag-bones-practiques","tag-carrecs","tag-comissions","tag-equip-de-monitors","tag-esplai-kasperle","tag-organitzacio","tag-sector-barcelona"],"yoast_head":"<!-- This site is optimized with the Yoast SEO plugin v27.4 - https:\/\/yoast.com\/product\/yoast-seo-wordpress\/ -->\n<title>Bones pr\u00e0ctiques: c\u00e0rrecs i comissions - Esplac<\/title>\n<meta name=\"robots\" content=\"index, follow, max-snippet:-1, max-image-preview:large, max-video-preview:-1\" \/>\n<link rel=\"canonical\" href=\"https:\/\/www.esplac.cat\/bones-practiques-carrecs-comissions\/\" \/>\n<meta property=\"og:locale\" content=\"en_US\" \/>\n<meta property=\"og:type\" content=\"article\" \/>\n<meta property=\"og:title\" content=\"Bones pr\u00e0ctiques: c\u00e0rrecs i comissions - Esplac\" \/>\n<meta property=\"og:description\" content=\"S&#8217;apropa el final del curs i, amb aquest, arriba l&#8217;estiu. [&hellip;]\" \/>\n<meta property=\"og:url\" content=\"https:\/\/www.esplac.cat\/bones-practiques-carrecs-comissions\/\" \/>\n<meta property=\"og:site_name\" content=\"Esplac\" \/>\n<meta property=\"article:published_time\" content=\"2014-05-15T10:59:37+00:00\" \/>\n<meta property=\"og:image\" content=\"https:\/\/www.esplac.cat\/wp-content\/uploads\/2019\/11\/logo-open.jpg\" \/>\n\t<meta property=\"og:image:width\" content=\"1200\" \/>\n\t<meta property=\"og:image:height\" content=\"630\" \/>\n\t<meta property=\"og:image:type\" content=\"image\/jpeg\" \/>\n<meta name=\"author\" content=\"Comunicaci\u00f3 Esplac\" \/>\n<meta name=\"twitter:card\" content=\"summary_large_image\" \/>\n<meta name=\"twitter:label1\" content=\"Written by\" \/>\n\t<meta name=\"twitter:data1\" content=\"Comunicaci\u00f3 Esplac\" \/>\n\t<meta name=\"twitter:label2\" content=\"Est. reading time\" \/>\n\t<meta name=\"twitter:data2\" content=\"3 minutes\" \/>\n<script type=\"application\/ld+json\" class=\"yoast-schema-graph\">{\"@context\":\"https:\\\/\\\/schema.org\",\"@graph\":[{\"@type\":\"Article\",\"@id\":\"https:\\\/\\\/www.esplac.cat\\\/bones-practiques-carrecs-comissions\\\/#article\",\"isPartOf\":{\"@id\":\"https:\\\/\\\/www.esplac.cat\\\/bones-practiques-carrecs-comissions\\\/\"},\"author\":{\"name\":\"Comunicaci\u00f3 Esplac\",\"@id\":\"https:\\\/\\\/www.esplac.cat\\\/#\\\/schema\\\/person\\\/908383cf240be18b68f8855d0583faca\"},\"headline\":\"Bones pr\u00e0ctiques: c\u00e0rrecs i comissions\",\"datePublished\":\"2014-05-15T10:59:37+00:00\",\"mainEntityOfPage\":{\"@id\":\"https:\\\/\\\/www.esplac.cat\\\/bones-practiques-carrecs-comissions\\\/\"},\"wordCount\":657,\"commentCount\":0,\"publisher\":{\"@id\":\"https:\\\/\\\/www.esplac.cat\\\/#organization\"},\"keywords\":[\"bones pr\u00e0ctiques\",\"c\u00e0rrecs\",\"comissions\",\"equip de monitors\",\"esplai Kasperle\",\"organitzaci\u00f3\",\"sector Barcelona\"],\"articleSection\":[\"Bones pr\u00e0ctiques\"],\"inLanguage\":\"en-US\",\"potentialAction\":[{\"@type\":\"CommentAction\",\"name\":\"Comment\",\"target\":[\"https:\\\/\\\/www.esplac.cat\\\/bones-practiques-carrecs-comissions\\\/#respond\"]}]},{\"@type\":\"WebPage\",\"@id\":\"https:\\\/\\\/www.esplac.cat\\\/bones-practiques-carrecs-comissions\\\/\",\"url\":\"https:\\\/\\\/www.esplac.cat\\\/bones-practiques-carrecs-comissions\\\/\",\"name\":\"Bones pr\u00e0ctiques: c\u00e0rrecs i comissions - Esplac\",\"isPartOf\":{\"@id\":\"https:\\\/\\\/www.esplac.cat\\\/#website\"},\"datePublished\":\"2014-05-15T10:59:37+00:00\",\"breadcrumb\":{\"@id\":\"https:\\\/\\\/www.esplac.cat\\\/bones-practiques-carrecs-comissions\\\/#breadcrumb\"},\"inLanguage\":\"en-US\",\"potentialAction\":[{\"@type\":\"ReadAction\",\"target\":[\"https:\\\/\\\/www.esplac.cat\\\/bones-practiques-carrecs-comissions\\\/\"]}]},{\"@type\":\"BreadcrumbList\",\"@id\":\"https:\\\/\\\/www.esplac.cat\\\/bones-practiques-carrecs-comissions\\\/#breadcrumb\",\"itemListElement\":[{\"@type\":\"ListItem\",\"position\":1,\"name\":\"Inici\",\"item\":\"https:\\\/\\\/www.esplac.cat\\\/en\\\/\"},{\"@type\":\"ListItem\",\"position\":2,\"name\":\"Bones pr\u00e0ctiques: c\u00e0rrecs i comissions\"}]},{\"@type\":\"WebSite\",\"@id\":\"https:\\\/\\\/www.esplac.cat\\\/#website\",\"url\":\"https:\\\/\\\/www.esplac.cat\\\/\",\"name\":\"Esplac\",\"description\":\"Esplais Catalans\",\"publisher\":{\"@id\":\"https:\\\/\\\/www.esplac.cat\\\/#organization\"},\"potentialAction\":[{\"@type\":\"SearchAction\",\"target\":{\"@type\":\"EntryPoint\",\"urlTemplate\":\"https:\\\/\\\/www.esplac.cat\\\/?s={search_term_string}\"},\"query-input\":{\"@type\":\"PropertyValueSpecification\",\"valueRequired\":true,\"valueName\":\"search_term_string\"}}],\"inLanguage\":\"en-US\"},{\"@type\":\"Organization\",\"@id\":\"https:\\\/\\\/www.esplac.cat\\\/#organization\",\"name\":\"Esplac\",\"url\":\"https:\\\/\\\/www.esplac.cat\\\/\",\"logo\":{\"@type\":\"ImageObject\",\"inLanguage\":\"en-US\",\"@id\":\"https:\\\/\\\/www.esplac.cat\\\/#\\\/schema\\\/logo\\\/image\\\/\",\"url\":\"https:\\\/\\\/www.esplac.cat\\\/wp-content\\\/uploads\\\/2019\\\/08\\\/logox2.png\",\"contentUrl\":\"https:\\\/\\\/www.esplac.cat\\\/wp-content\\\/uploads\\\/2019\\\/08\\\/logox2.png\",\"width\":600,\"height\":295,\"caption\":\"Esplac\"},\"image\":{\"@id\":\"https:\\\/\\\/www.esplac.cat\\\/#\\\/schema\\\/logo\\\/image\\\/\"}},{\"@type\":\"Person\",\"@id\":\"https:\\\/\\\/www.esplac.cat\\\/#\\\/schema\\\/person\\\/908383cf240be18b68f8855d0583faca\",\"name\":\"Comunicaci\u00f3 Esplac\",\"image\":{\"@type\":\"ImageObject\",\"inLanguage\":\"en-US\",\"@id\":\"https:\\\/\\\/secure.gravatar.com\\\/avatar\\\/7a4cf8feb412a76ea4a740ca02d95b06b2907b5a6c648c2dd0a1082a093c3141?s=96&d=mm&r=g\",\"url\":\"https:\\\/\\\/secure.gravatar.com\\\/avatar\\\/7a4cf8feb412a76ea4a740ca02d95b06b2907b5a6c648c2dd0a1082a093c3141?s=96&d=mm&r=g\",\"contentUrl\":\"https:\\\/\\\/secure.gravatar.com\\\/avatar\\\/7a4cf8feb412a76ea4a740ca02d95b06b2907b5a6c648c2dd0a1082a093c3141?s=96&d=mm&r=g\",\"caption\":\"Comunicaci\u00f3 Esplac\"}}]}<\/script>\n<!-- \/ Yoast SEO plugin. -->","yoast_head_json":{"title":"Bones pr\u00e0ctiques: c\u00e0rrecs i comissions - Esplac","robots":{"index":"index","follow":"follow","max-snippet":"max-snippet:-1","max-image-preview":"max-image-preview:large","max-video-preview":"max-video-preview:-1"},"canonical":"https:\/\/www.esplac.cat\/bones-practiques-carrecs-comissions\/","og_locale":"en_US","og_type":"article","og_title":"Bones pr\u00e0ctiques: c\u00e0rrecs i comissions - Esplac","og_description":"S&#8217;apropa el final del curs i, amb aquest, arriba l&#8217;estiu. [&hellip;]","og_url":"https:\/\/www.esplac.cat\/bones-practiques-carrecs-comissions\/","og_site_name":"Esplac","article_published_time":"2014-05-15T10:59:37+00:00","og_image":[{"width":1200,"height":630,"url":"https:\/\/www.esplac.cat\/wp-content\/uploads\/2019\/11\/logo-open.jpg","type":"image\/jpeg"}],"author":"Comunicaci\u00f3 Esplac","twitter_card":"summary_large_image","twitter_misc":{"Written by":"Comunicaci\u00f3 Esplac","Est. reading time":"3 minutes"},"schema":{"@context":"https:\/\/schema.org","@graph":[{"@type":"Article","@id":"https:\/\/www.esplac.cat\/bones-practiques-carrecs-comissions\/#article","isPartOf":{"@id":"https:\/\/www.esplac.cat\/bones-practiques-carrecs-comissions\/"},"author":{"name":"Comunicaci\u00f3 Esplac","@id":"https:\/\/www.esplac.cat\/#\/schema\/person\/908383cf240be18b68f8855d0583faca"},"headline":"Bones pr\u00e0ctiques: c\u00e0rrecs i comissions","datePublished":"2014-05-15T10:59:37+00:00","mainEntityOfPage":{"@id":"https:\/\/www.esplac.cat\/bones-practiques-carrecs-comissions\/"},"wordCount":657,"commentCount":0,"publisher":{"@id":"https:\/\/www.esplac.cat\/#organization"},"keywords":["bones pr\u00e0ctiques","c\u00e0rrecs","comissions","equip de monitors","esplai Kasperle","organitzaci\u00f3","sector Barcelona"],"articleSection":["Bones pr\u00e0ctiques"],"inLanguage":"en-US","potentialAction":[{"@type":"CommentAction","name":"Comment","target":["https:\/\/www.esplac.cat\/bones-practiques-carrecs-comissions\/#respond"]}]},{"@type":"WebPage","@id":"https:\/\/www.esplac.cat\/bones-practiques-carrecs-comissions\/","url":"https:\/\/www.esplac.cat\/bones-practiques-carrecs-comissions\/","name":"Bones pr\u00e0ctiques: c\u00e0rrecs i comissions - Esplac","isPartOf":{"@id":"https:\/\/www.esplac.cat\/#website"},"datePublished":"2014-05-15T10:59:37+00:00","breadcrumb":{"@id":"https:\/\/www.esplac.cat\/bones-practiques-carrecs-comissions\/#breadcrumb"},"inLanguage":"en-US","potentialAction":[{"@type":"ReadAction","target":["https:\/\/www.esplac.cat\/bones-practiques-carrecs-comissions\/"]}]},{"@type":"BreadcrumbList","@id":"https:\/\/www.esplac.cat\/bones-practiques-carrecs-comissions\/#breadcrumb","itemListElement":[{"@type":"ListItem","position":1,"name":"Inici","item":"https:\/\/www.esplac.cat\/en\/"},{"@type":"ListItem","position":2,"name":"Bones pr\u00e0ctiques: c\u00e0rrecs i comissions"}]},{"@type":"WebSite","@id":"https:\/\/www.esplac.cat\/#website","url":"https:\/\/www.esplac.cat\/","name":"Esplac","description":"Esplais Catalans","publisher":{"@id":"https:\/\/www.esplac.cat\/#organization"},"potentialAction":[{"@type":"SearchAction","target":{"@type":"EntryPoint","urlTemplate":"https:\/\/www.esplac.cat\/?s={search_term_string}"},"query-input":{"@type":"PropertyValueSpecification","valueRequired":true,"valueName":"search_term_string"}}],"inLanguage":"en-US"},{"@type":"Organization","@id":"https:\/\/www.esplac.cat\/#organization","name":"Esplac","url":"https:\/\/www.esplac.cat\/","logo":{"@type":"ImageObject","inLanguage":"en-US","@id":"https:\/\/www.esplac.cat\/#\/schema\/logo\/image\/","url":"https:\/\/www.esplac.cat\/wp-content\/uploads\/2019\/08\/logox2.png","contentUrl":"https:\/\/www.esplac.cat\/wp-content\/uploads\/2019\/08\/logox2.png","width":600,"height":295,"caption":"Esplac"},"image":{"@id":"https:\/\/www.esplac.cat\/#\/schema\/logo\/image\/"}},{"@type":"Person","@id":"https:\/\/www.esplac.cat\/#\/schema\/person\/908383cf240be18b68f8855d0583faca","name":"Comunicaci\u00f3 Esplac","image":{"@type":"ImageObject","inLanguage":"en-US","@id":"https:\/\/secure.gravatar.com\/avatar\/7a4cf8feb412a76ea4a740ca02d95b06b2907b5a6c648c2dd0a1082a093c3141?s=96&d=mm&r=g","url":"https:\/\/secure.gravatar.com\/avatar\/7a4cf8feb412a76ea4a740ca02d95b06b2907b5a6c648c2dd0a1082a093c3141?s=96&d=mm&r=g","contentUrl":"https:\/\/secure.gravatar.com\/avatar\/7a4cf8feb412a76ea4a740ca02d95b06b2907b5a6c648c2dd0a1082a093c3141?s=96&d=mm&r=g","caption":"Comunicaci\u00f3 Esplac"}}]}},"_links":{"self":[{"href":"https:\/\/www.esplac.cat\/en\/wp-json\/wp\/v2\/posts\/25768","targetHints":{"allow":["GET"]}}],"collection":[{"href":"https:\/\/www.esplac.cat\/en\/wp-json\/wp\/v2\/posts"}],"about":[{"href":"https:\/\/www.esplac.cat\/en\/wp-json\/wp\/v2\/types\/post"}],"author":[{"embeddable":true,"href":"https:\/\/www.esplac.cat\/en\/wp-json\/wp\/v2\/users\/3"}],"replies":[{"embeddable":true,"href":"https:\/\/www.esplac.cat\/en\/wp-json\/wp\/v2\/comments?post=25768"}],"version-history":[{"count":0,"href":"https:\/\/www.esplac.cat\/en\/wp-json\/wp\/v2\/posts\/25768\/revisions"}],"wp:attachment":[{"href":"https:\/\/www.esplac.cat\/en\/wp-json\/wp\/v2\/media?parent=25768"}],"wp:term":[{"taxonomy":"category","embeddable":true,"href":"https:\/\/www.esplac.cat\/en\/wp-json\/wp\/v2\/categories?post=25768"},{"taxonomy":"post_tag","embeddable":true,"href":"https:\/\/www.esplac.cat\/en\/wp-json\/wp\/v2\/tags?post=25768"}],"curies":[{"name":"wp","href":"https:\/\/api.w.org\/{rel}","templated":true}]}}