{"id":25773,"date":"2014-05-06T18:10:35","date_gmt":"2014-05-06T16:10:35","guid":{"rendered":"http:\/\/esplac.cat\/?p=5085"},"modified":"2014-05-06T18:10:35","modified_gmt":"2014-05-06T16:10:35","slug":"primera-trobada-general-del-sector-barcelones-nord","status":"publish","type":"post","link":"https:\/\/www.esplac.cat\/en\/primera-trobada-general-del-sector-barcelones-nord\/","title":{"rendered":"Primera trobada general del sector Barcelon\u00e8s Nord"},"content":{"rendered":"<p><!--:CA-->Els passats 4, 5 i 6 d&#8217;abril va tenir lloc la primera trobada de sector al Barcelon\u00e8s Nord, on ens vam aconseguir reunir 5 esplais del nostre sector m\u00e9s tots els seus infants, joves, premonitors, premonitores, monitors i monitores, tots junts fent pinya a Sant Adri\u00e0 Del Bes\u00f2s.<\/p>\n<p>Va ser un cap de setmana ple de sorpreses, on joves i premonis, van arribar divendres, de manera que van poder treballar un munt de jocs i din\u00e0miques que farien posteriorment als mes petits i van tenir el seu espai nocturn per a celebrar una &#8220;Cutrenigth&#8221;<\/p>\n<p>Dissabte va comen\u00e7ar amb molta emoci\u00f3, ja que vam ser participes de veure com els MANIPULARTS prenien els poders a les arts que havien vingut a ajudar-nos a expressar les nostres dots art\u00edstiques.<\/p>\n<p>Despr\u00e8s de tot un cap de setmana d&#8217;art i jocs, vam acabar escrivint, utilitzant el nostre cos\u00a0 L&#8217;ART DE VIURE AL BARCELONES NORD a la ribera del riu Bes\u00f2s. Aquest acte, va fer replantejar-se als MANIPULARTS el fet de tornar els poders art\u00edstics a les arts, i es van donar compte que l&#8217; imaginaci\u00f3, l&#8217;expressi\u00f3, i l&#8217;art, son bones formes d&#8217;entendre la vida, i que al Barcelon\u00e9s Nord n&#8217;estem plens d&#8217;aquesta forma d&#8217;entendre la vida i que HO PETEM!<\/p>\n<p style=\"text-align: center;\"><a href=\"http:\/\/esplac.cat\/wp-content\/uploads\/2014\/05\/1a-trobada-esplai-barcelones-nord.jpg\"><img decoding=\"async\" class=\"aligncenter  wp-image-5086\" title=\"1a-trobada-esplai-barcelones-nord\" src=\"http:\/\/esplac.cat\/wp-content\/uploads\/2014\/05\/1a-trobada-esplai-barcelones-nord.jpg\" alt=\"\" width=\"400\" \/><\/a><\/p>\n<p><!--:--><!--:es-->&nbsp;<\/p>\n<p><!--:--><!--:en-->&nbsp;<\/p>\n<p><!--:--><!--:fr-->&nbsp;<\/p>\n<p><!--:--><\/p>\n","protected":false},"excerpt":{"rendered":"<p>Els passats 4, 5 i 6 d&#8217;abril va tenir lloc [&hellip;]<\/p>\n","protected":false},"author":3,"featured_media":7820,"comment_status":"open","ping_status":"open","sticky":false,"template":"","format":"standard","meta":{"om_disable_all_campaigns":false,"_monsterinsights_skip_tracking":false,"_monsterinsights_sitenote_active":false,"_monsterinsights_sitenote_note":"","_monsterinsights_sitenote_category":0,"_uf_show_specific_survey":0,"_uf_disable_surveys":false,"footnotes":""},"categories":[1110,1132],"tags":[146,108],"class_list":["post-25773","post","type-post","status-publish","format-standard","has-post-thumbnail","hentry","category-activitats-sectors","category-baix-besos","tag-sector-barcelones-nord","tag-trobada-general"],"yoast_head":"<!-- This site is optimized with the Yoast SEO plugin v27.4 - https:\/\/yoast.com\/product\/yoast-seo-wordpress\/ -->\n<title>Primera trobada general del sector Barcelon\u00e8s Nord - Esplac<\/title>\n<meta name=\"robots\" content=\"index, follow, max-snippet:-1, max-image-preview:large, max-video-preview:-1\" \/>\n<link rel=\"canonical\" href=\"https:\/\/www.esplac.cat\/primera-trobada-general-del-sector-barcelones-nord\/\" \/>\n<meta property=\"og:locale\" content=\"en_US\" \/>\n<meta property=\"og:type\" content=\"article\" \/>\n<meta property=\"og:title\" content=\"Primera trobada general del sector Barcelon\u00e8s Nord - Esplac\" \/>\n<meta property=\"og:description\" content=\"Els passats 4, 5 i 6 d&#8217;abril va tenir lloc [&hellip;]\" \/>\n<meta property=\"og:url\" content=\"https:\/\/www.esplac.cat\/primera-trobada-general-del-sector-barcelones-nord\/\" \/>\n<meta property=\"og:site_name\" content=\"Esplac\" \/>\n<meta property=\"article:published_time\" content=\"2014-05-06T16:10:35+00:00\" \/>\n<meta property=\"og:image\" content=\"https:\/\/www.esplac.cat\/wp-content\/uploads\/2019\/11\/logo-open.jpg\" \/>\n\t<meta property=\"og:image:width\" content=\"1200\" \/>\n\t<meta property=\"og:image:height\" content=\"630\" \/>\n\t<meta property=\"og:image:type\" content=\"image\/jpeg\" \/>\n<meta name=\"author\" content=\"Comunicaci\u00f3 Esplac\" \/>\n<meta name=\"twitter:card\" content=\"summary_large_image\" \/>\n<meta name=\"twitter:label1\" content=\"Written by\" \/>\n\t<meta name=\"twitter:data1\" content=\"Comunicaci\u00f3 Esplac\" \/>\n\t<meta name=\"twitter:label2\" content=\"Est. reading time\" \/>\n\t<meta name=\"twitter:data2\" content=\"1 minute\" \/>\n<script type=\"application\/ld+json\" class=\"yoast-schema-graph\">{\"@context\":\"https:\\\/\\\/schema.org\",\"@graph\":[{\"@type\":\"Article\",\"@id\":\"https:\\\/\\\/www.esplac.cat\\\/primera-trobada-general-del-sector-barcelones-nord\\\/#article\",\"isPartOf\":{\"@id\":\"https:\\\/\\\/www.esplac.cat\\\/primera-trobada-general-del-sector-barcelones-nord\\\/\"},\"author\":{\"name\":\"Comunicaci\u00f3 Esplac\",\"@id\":\"https:\\\/\\\/www.esplac.cat\\\/#\\\/schema\\\/person\\\/908383cf240be18b68f8855d0583faca\"},\"headline\":\"Primera trobada general del sector Barcelon\u00e8s Nord\",\"datePublished\":\"2014-05-06T16:10:35+00:00\",\"mainEntityOfPage\":{\"@id\":\"https:\\\/\\\/www.esplac.cat\\\/primera-trobada-general-del-sector-barcelones-nord\\\/\"},\"wordCount\":232,\"commentCount\":0,\"publisher\":{\"@id\":\"https:\\\/\\\/www.esplac.cat\\\/#organization\"},\"image\":{\"@id\":\"https:\\\/\\\/www.esplac.cat\\\/primera-trobada-general-del-sector-barcelones-nord\\\/#primaryimage\"},\"thumbnailUrl\":\"\",\"keywords\":[\"sector Barcelon\u00e8s Nord\",\"trobada general\"],\"articleSection\":[\"Activitats sectors\",\"Sector Baix Bes\u00f2s\"],\"inLanguage\":\"en-US\",\"potentialAction\":[{\"@type\":\"CommentAction\",\"name\":\"Comment\",\"target\":[\"https:\\\/\\\/www.esplac.cat\\\/primera-trobada-general-del-sector-barcelones-nord\\\/#respond\"]}]},{\"@type\":\"WebPage\",\"@id\":\"https:\\\/\\\/www.esplac.cat\\\/primera-trobada-general-del-sector-barcelones-nord\\\/\",\"url\":\"https:\\\/\\\/www.esplac.cat\\\/primera-trobada-general-del-sector-barcelones-nord\\\/\",\"name\":\"Primera trobada general del sector Barcelon\u00e8s Nord - Esplac\",\"isPartOf\":{\"@id\":\"https:\\\/\\\/www.esplac.cat\\\/#website\"},\"primaryImageOfPage\":{\"@id\":\"https:\\\/\\\/www.esplac.cat\\\/primera-trobada-general-del-sector-barcelones-nord\\\/#primaryimage\"},\"image\":{\"@id\":\"https:\\\/\\\/www.esplac.cat\\\/primera-trobada-general-del-sector-barcelones-nord\\\/#primaryimage\"},\"thumbnailUrl\":\"\",\"datePublished\":\"2014-05-06T16:10:35+00:00\",\"breadcrumb\":{\"@id\":\"https:\\\/\\\/www.esplac.cat\\\/primera-trobada-general-del-sector-barcelones-nord\\\/#breadcrumb\"},\"inLanguage\":\"en-US\",\"potentialAction\":[{\"@type\":\"ReadAction\",\"target\":[\"https:\\\/\\\/www.esplac.cat\\\/primera-trobada-general-del-sector-barcelones-nord\\\/\"]}]},{\"@type\":\"ImageObject\",\"inLanguage\":\"en-US\",\"@id\":\"https:\\\/\\\/www.esplac.cat\\\/primera-trobada-general-del-sector-barcelones-nord\\\/#primaryimage\",\"url\":\"\",\"contentUrl\":\"\"},{\"@type\":\"BreadcrumbList\",\"@id\":\"https:\\\/\\\/www.esplac.cat\\\/primera-trobada-general-del-sector-barcelones-nord\\\/#breadcrumb\",\"itemListElement\":[{\"@type\":\"ListItem\",\"position\":1,\"name\":\"Inici\",\"item\":\"https:\\\/\\\/www.esplac.cat\\\/en\\\/\"},{\"@type\":\"ListItem\",\"position\":2,\"name\":\"Primera trobada general del sector Barcelon\u00e8s Nord\"}]},{\"@type\":\"WebSite\",\"@id\":\"https:\\\/\\\/www.esplac.cat\\\/#website\",\"url\":\"https:\\\/\\\/www.esplac.cat\\\/\",\"name\":\"Esplac\",\"description\":\"Esplais Catalans\",\"publisher\":{\"@id\":\"https:\\\/\\\/www.esplac.cat\\\/#organization\"},\"potentialAction\":[{\"@type\":\"SearchAction\",\"target\":{\"@type\":\"EntryPoint\",\"urlTemplate\":\"https:\\\/\\\/www.esplac.cat\\\/?s={search_term_string}\"},\"query-input\":{\"@type\":\"PropertyValueSpecification\",\"valueRequired\":true,\"valueName\":\"search_term_string\"}}],\"inLanguage\":\"en-US\"},{\"@type\":\"Organization\",\"@id\":\"https:\\\/\\\/www.esplac.cat\\\/#organization\",\"name\":\"Esplac\",\"url\":\"https:\\\/\\\/www.esplac.cat\\\/\",\"logo\":{\"@type\":\"ImageObject\",\"inLanguage\":\"en-US\",\"@id\":\"https:\\\/\\\/www.esplac.cat\\\/#\\\/schema\\\/logo\\\/image\\\/\",\"url\":\"https:\\\/\\\/www.esplac.cat\\\/wp-content\\\/uploads\\\/2019\\\/08\\\/logox2.png\",\"contentUrl\":\"https:\\\/\\\/www.esplac.cat\\\/wp-content\\\/uploads\\\/2019\\\/08\\\/logox2.png\",\"width\":600,\"height\":295,\"caption\":\"Esplac\"},\"image\":{\"@id\":\"https:\\\/\\\/www.esplac.cat\\\/#\\\/schema\\\/logo\\\/image\\\/\"}},{\"@type\":\"Person\",\"@id\":\"https:\\\/\\\/www.esplac.cat\\\/#\\\/schema\\\/person\\\/908383cf240be18b68f8855d0583faca\",\"name\":\"Comunicaci\u00f3 Esplac\",\"image\":{\"@type\":\"ImageObject\",\"inLanguage\":\"en-US\",\"@id\":\"https:\\\/\\\/secure.gravatar.com\\\/avatar\\\/7a4cf8feb412a76ea4a740ca02d95b06b2907b5a6c648c2dd0a1082a093c3141?s=96&d=mm&r=g\",\"url\":\"https:\\\/\\\/secure.gravatar.com\\\/avatar\\\/7a4cf8feb412a76ea4a740ca02d95b06b2907b5a6c648c2dd0a1082a093c3141?s=96&d=mm&r=g\",\"contentUrl\":\"https:\\\/\\\/secure.gravatar.com\\\/avatar\\\/7a4cf8feb412a76ea4a740ca02d95b06b2907b5a6c648c2dd0a1082a093c3141?s=96&d=mm&r=g\",\"caption\":\"Comunicaci\u00f3 Esplac\"}}]}<\/script>\n<!-- \/ Yoast SEO plugin. -->","yoast_head_json":{"title":"Primera trobada general del sector Barcelon\u00e8s Nord - Esplac","robots":{"index":"index","follow":"follow","max-snippet":"max-snippet:-1","max-image-preview":"max-image-preview:large","max-video-preview":"max-video-preview:-1"},"canonical":"https:\/\/www.esplac.cat\/primera-trobada-general-del-sector-barcelones-nord\/","og_locale":"en_US","og_type":"article","og_title":"Primera trobada general del sector Barcelon\u00e8s Nord - Esplac","og_description":"Els passats 4, 5 i 6 d&#8217;abril va tenir lloc [&hellip;]","og_url":"https:\/\/www.esplac.cat\/primera-trobada-general-del-sector-barcelones-nord\/","og_site_name":"Esplac","article_published_time":"2014-05-06T16:10:35+00:00","og_image":[{"width":1200,"height":630,"url":"https:\/\/www.esplac.cat\/wp-content\/uploads\/2019\/11\/logo-open.jpg","type":"image\/jpeg"}],"author":"Comunicaci\u00f3 Esplac","twitter_card":"summary_large_image","twitter_misc":{"Written by":"Comunicaci\u00f3 Esplac","Est. reading time":"1 minute"},"schema":{"@context":"https:\/\/schema.org","@graph":[{"@type":"Article","@id":"https:\/\/www.esplac.cat\/primera-trobada-general-del-sector-barcelones-nord\/#article","isPartOf":{"@id":"https:\/\/www.esplac.cat\/primera-trobada-general-del-sector-barcelones-nord\/"},"author":{"name":"Comunicaci\u00f3 Esplac","@id":"https:\/\/www.esplac.cat\/#\/schema\/person\/908383cf240be18b68f8855d0583faca"},"headline":"Primera trobada general del sector Barcelon\u00e8s Nord","datePublished":"2014-05-06T16:10:35+00:00","mainEntityOfPage":{"@id":"https:\/\/www.esplac.cat\/primera-trobada-general-del-sector-barcelones-nord\/"},"wordCount":232,"commentCount":0,"publisher":{"@id":"https:\/\/www.esplac.cat\/#organization"},"image":{"@id":"https:\/\/www.esplac.cat\/primera-trobada-general-del-sector-barcelones-nord\/#primaryimage"},"thumbnailUrl":"","keywords":["sector Barcelon\u00e8s Nord","trobada general"],"articleSection":["Activitats sectors","Sector Baix Bes\u00f2s"],"inLanguage":"en-US","potentialAction":[{"@type":"CommentAction","name":"Comment","target":["https:\/\/www.esplac.cat\/primera-trobada-general-del-sector-barcelones-nord\/#respond"]}]},{"@type":"WebPage","@id":"https:\/\/www.esplac.cat\/primera-trobada-general-del-sector-barcelones-nord\/","url":"https:\/\/www.esplac.cat\/primera-trobada-general-del-sector-barcelones-nord\/","name":"Primera trobada general del sector Barcelon\u00e8s Nord - Esplac","isPartOf":{"@id":"https:\/\/www.esplac.cat\/#website"},"primaryImageOfPage":{"@id":"https:\/\/www.esplac.cat\/primera-trobada-general-del-sector-barcelones-nord\/#primaryimage"},"image":{"@id":"https:\/\/www.esplac.cat\/primera-trobada-general-del-sector-barcelones-nord\/#primaryimage"},"thumbnailUrl":"","datePublished":"2014-05-06T16:10:35+00:00","breadcrumb":{"@id":"https:\/\/www.esplac.cat\/primera-trobada-general-del-sector-barcelones-nord\/#breadcrumb"},"inLanguage":"en-US","potentialAction":[{"@type":"ReadAction","target":["https:\/\/www.esplac.cat\/primera-trobada-general-del-sector-barcelones-nord\/"]}]},{"@type":"ImageObject","inLanguage":"en-US","@id":"https:\/\/www.esplac.cat\/primera-trobada-general-del-sector-barcelones-nord\/#primaryimage","url":"","contentUrl":""},{"@type":"BreadcrumbList","@id":"https:\/\/www.esplac.cat\/primera-trobada-general-del-sector-barcelones-nord\/#breadcrumb","itemListElement":[{"@type":"ListItem","position":1,"name":"Inici","item":"https:\/\/www.esplac.cat\/en\/"},{"@type":"ListItem","position":2,"name":"Primera trobada general del sector Barcelon\u00e8s Nord"}]},{"@type":"WebSite","@id":"https:\/\/www.esplac.cat\/#website","url":"https:\/\/www.esplac.cat\/","name":"Esplac","description":"Esplais Catalans","publisher":{"@id":"https:\/\/www.esplac.cat\/#organization"},"potentialAction":[{"@type":"SearchAction","target":{"@type":"EntryPoint","urlTemplate":"https:\/\/www.esplac.cat\/?s={search_term_string}"},"query-input":{"@type":"PropertyValueSpecification","valueRequired":true,"valueName":"search_term_string"}}],"inLanguage":"en-US"},{"@type":"Organization","@id":"https:\/\/www.esplac.cat\/#organization","name":"Esplac","url":"https:\/\/www.esplac.cat\/","logo":{"@type":"ImageObject","inLanguage":"en-US","@id":"https:\/\/www.esplac.cat\/#\/schema\/logo\/image\/","url":"https:\/\/www.esplac.cat\/wp-content\/uploads\/2019\/08\/logox2.png","contentUrl":"https:\/\/www.esplac.cat\/wp-content\/uploads\/2019\/08\/logox2.png","width":600,"height":295,"caption":"Esplac"},"image":{"@id":"https:\/\/www.esplac.cat\/#\/schema\/logo\/image\/"}},{"@type":"Person","@id":"https:\/\/www.esplac.cat\/#\/schema\/person\/908383cf240be18b68f8855d0583faca","name":"Comunicaci\u00f3 Esplac","image":{"@type":"ImageObject","inLanguage":"en-US","@id":"https:\/\/secure.gravatar.com\/avatar\/7a4cf8feb412a76ea4a740ca02d95b06b2907b5a6c648c2dd0a1082a093c3141?s=96&d=mm&r=g","url":"https:\/\/secure.gravatar.com\/avatar\/7a4cf8feb412a76ea4a740ca02d95b06b2907b5a6c648c2dd0a1082a093c3141?s=96&d=mm&r=g","contentUrl":"https:\/\/secure.gravatar.com\/avatar\/7a4cf8feb412a76ea4a740ca02d95b06b2907b5a6c648c2dd0a1082a093c3141?s=96&d=mm&r=g","caption":"Comunicaci\u00f3 Esplac"}}]}},"_links":{"self":[{"href":"https:\/\/www.esplac.cat\/en\/wp-json\/wp\/v2\/posts\/25773","targetHints":{"allow":["GET"]}}],"collection":[{"href":"https:\/\/www.esplac.cat\/en\/wp-json\/wp\/v2\/posts"}],"about":[{"href":"https:\/\/www.esplac.cat\/en\/wp-json\/wp\/v2\/types\/post"}],"author":[{"embeddable":true,"href":"https:\/\/www.esplac.cat\/en\/wp-json\/wp\/v2\/users\/3"}],"replies":[{"embeddable":true,"href":"https:\/\/www.esplac.cat\/en\/wp-json\/wp\/v2\/comments?post=25773"}],"version-history":[{"count":0,"href":"https:\/\/www.esplac.cat\/en\/wp-json\/wp\/v2\/posts\/25773\/revisions"}],"wp:featuredmedia":[{"embeddable":true,"href":"https:\/\/www.esplac.cat\/en\/wp-json\/"}],"wp:attachment":[{"href":"https:\/\/www.esplac.cat\/en\/wp-json\/wp\/v2\/media?parent=25773"}],"wp:term":[{"taxonomy":"category","embeddable":true,"href":"https:\/\/www.esplac.cat\/en\/wp-json\/wp\/v2\/categories?post=25773"},{"taxonomy":"post_tag","embeddable":true,"href":"https:\/\/www.esplac.cat\/en\/wp-json\/wp\/v2\/tags?post=25773"}],"curies":[{"name":"wp","href":"https:\/\/api.w.org\/{rel}","templated":true}]}}