{"id":25774,"date":"2014-05-06T16:13:08","date_gmt":"2014-05-06T14:13:08","guid":{"rendered":"http:\/\/esplac.cat\/?p=5079"},"modified":"2014-05-06T16:13:08","modified_gmt":"2014-05-06T14:13:08","slug":"lesplai-boix-fa-35-anys","status":"publish","type":"post","link":"https:\/\/www.esplac.cat\/en\/lesplai-boix-fa-35-anys\/","title":{"rendered":"L\u2019Esplai Boix fa 35 anys!"},"content":{"rendered":"<p><!--:CA--><\/p>\n<p lang=\"ca-ES\"><strong>Redacci\u00f3<\/strong>: <a title=\"esplai boix\" href=\"http:\/\/www.ceboix.org\" target=\"_blank\" rel=\"noopener noreferrer\">Esplai Boix<\/a><\/p>\n<p lang=\"ca-ES\">Aquest 2014 l\u2019esplai Boix celebra que porta 35 anys fent esplai al cor de Barcelona, i per aquest dissabte han decidit fer-la grossa, i \u00e9s que aquest 10 de maig ser\u00e0 el dia central de la seva celebraci\u00f3!<\/p>\n<p lang=\"ca-ES\">Aquest dissabte no sabeu qu\u00e8 fer? Vosaltres que sou monis d\u2019esplai encara no heu preparat l\u2019activitat per aquest dissabte? Doncs el Boix ha preparat un dia ple d\u2019activitats per a tots els gustos! Al mat\u00ed podreu enfilar-vos en un <strong>roc\u00f2drom<\/strong>, tirar-vos en <strong>tirolina<\/strong>, fer <strong>malabars<\/strong>, <strong>jocs gegants<\/strong>, <strong>xapes<\/strong> i <strong>pintarem <\/strong>la paret de dins del pati del local.<\/p>\n<p lang=\"ca-ES\">Al migdia relaxar-se amb un<strong> dinar<\/strong> de germanor (a preu popular), i despr\u00e8s d\u2019un descans per recuperar forces i pa\u00efr el dinar, farem <strong>gimkana<\/strong> esplaiera! A la tarda tamb\u00e9 hi haur\u00e0 <strong>xocolatada, karaoke, concurs de ball<\/strong> i ho rematarem amb un <strong>CORREFOC<\/strong>!<\/p>\n<p lang=\"ca-ES\">Us convidem a que ens vingueu a visitar i gaudir de totes aquestes i altres sorpreses que tenim preparades. Per a m\u00e9s detalls i horaris xafadejeu la nostre web: <a href=\"http:\/\/www.ceboix.org\">www.ceboix.org<\/a> on hi trobareu tot el que necessiteu! (tamb\u00e9 podreu trobar altres actes i activitats previstes per celebrar l\u2019aniversari fins a finals del 2014).<\/p>\n<p lang=\"ca-ES\">Ens veiem dissabte <a href=\"https:\/\/www.google.es\/maps\/place\/Carrer+de+Rocafort,+236\/@41.3852515,2.145608,18z\/data=!4m2!3m1!1s0x12a4a281e6ca2453:0x6134641431c4983a?hl=ca\">al local de l\u2019esplai Boix!<\/a><\/p>\n<p lang=\"ca-ES\"><a href=\"http:\/\/esplac.cat\/wp-content\/uploads\/2014\/05\/esplai-boix-aniversari.jpg\"><img decoding=\"async\" class=\"aligncenter size-full wp-image-5080\" title=\"esplai-boix-aniversari\" src=\"http:\/\/esplac.cat\/wp-content\/uploads\/2014\/05\/esplai-boix-aniversari.jpg\" alt=\"\" width=\"370\" height=\"523\" \/><\/a><\/p>\n<p><!--:--><\/p>\n","protected":false},"excerpt":{"rendered":"<p>Redacci\u00f3: Esplai Boix Aquest 2014 l\u2019esplai Boix celebra que porta [&hellip;]<\/p>\n","protected":false},"author":3,"featured_media":7819,"comment_status":"open","ping_status":"open","sticky":false,"template":"","format":"standard","meta":{"om_disable_all_campaigns":false,"_monsterinsights_skip_tracking":false,"_monsterinsights_sitenote_active":false,"_monsterinsights_sitenote_note":"","_monsterinsights_sitenote_category":0,"_uf_show_specific_survey":0,"_uf_disable_surveys":false,"footnotes":""},"categories":[1117],"tags":[236,238],"class_list":["post-25774","post","type-post","status-publish","format-standard","has-post-thumbnail","hentry","category-activitats-esplais","tag-aniversaris","tag-esplai-boix"],"yoast_head":"<!-- This site is optimized with the Yoast SEO plugin v27.5 - https:\/\/yoast.com\/product\/yoast-seo-wordpress\/ -->\n<title>L\u2019Esplai Boix fa 35 anys! - Esplac<\/title>\n<meta name=\"robots\" content=\"index, follow, max-snippet:-1, max-image-preview:large, max-video-preview:-1\" \/>\n<link rel=\"canonical\" href=\"https:\/\/www.esplac.cat\/lesplai-boix-fa-35-anys\/\" \/>\n<meta property=\"og:locale\" content=\"en_US\" \/>\n<meta property=\"og:type\" content=\"article\" \/>\n<meta property=\"og:title\" content=\"L\u2019Esplai Boix fa 35 anys! - Esplac\" \/>\n<meta property=\"og:description\" content=\"Redacci\u00f3: Esplai Boix Aquest 2014 l\u2019esplai Boix celebra que porta [&hellip;]\" \/>\n<meta property=\"og:url\" content=\"https:\/\/www.esplac.cat\/lesplai-boix-fa-35-anys\/\" \/>\n<meta property=\"og:site_name\" content=\"Esplac\" \/>\n<meta property=\"article:published_time\" content=\"2014-05-06T14:13:08+00:00\" \/>\n<meta property=\"og:image\" content=\"https:\/\/www.esplac.cat\/wp-content\/uploads\/2019\/11\/logo-open.jpg\" \/>\n\t<meta property=\"og:image:width\" content=\"1200\" \/>\n\t<meta property=\"og:image:height\" content=\"630\" \/>\n\t<meta property=\"og:image:type\" content=\"image\/jpeg\" \/>\n<meta name=\"author\" content=\"Comunicaci\u00f3 Esplac\" \/>\n<meta name=\"twitter:card\" content=\"summary_large_image\" \/>\n<meta name=\"twitter:label1\" content=\"Written by\" \/>\n\t<meta name=\"twitter:data1\" content=\"Comunicaci\u00f3 Esplac\" \/>\n\t<meta name=\"twitter:label2\" content=\"Est. reading time\" \/>\n\t<meta name=\"twitter:data2\" content=\"1 minute\" \/>\n<script type=\"application\/ld+json\" class=\"yoast-schema-graph\">{\"@context\":\"https:\\\/\\\/schema.org\",\"@graph\":[{\"@type\":\"Article\",\"@id\":\"https:\\\/\\\/www.esplac.cat\\\/lesplai-boix-fa-35-anys\\\/#article\",\"isPartOf\":{\"@id\":\"https:\\\/\\\/www.esplac.cat\\\/lesplai-boix-fa-35-anys\\\/\"},\"author\":{\"name\":\"Comunicaci\u00f3 Esplac\",\"@id\":\"https:\\\/\\\/www.esplac.cat\\\/#\\\/schema\\\/person\\\/908383cf240be18b68f8855d0583faca\"},\"headline\":\"L\u2019Esplai Boix fa 35 anys!\",\"datePublished\":\"2014-05-06T14:13:08+00:00\",\"mainEntityOfPage\":{\"@id\":\"https:\\\/\\\/www.esplac.cat\\\/lesplai-boix-fa-35-anys\\\/\"},\"wordCount\":216,\"commentCount\":0,\"publisher\":{\"@id\":\"https:\\\/\\\/www.esplac.cat\\\/#organization\"},\"image\":{\"@id\":\"https:\\\/\\\/www.esplac.cat\\\/lesplai-boix-fa-35-anys\\\/#primaryimage\"},\"thumbnailUrl\":\"\",\"keywords\":[\"aniversaris\",\"esplai boix\"],\"articleSection\":[\"Activitats esplais\"],\"inLanguage\":\"en-US\",\"potentialAction\":[{\"@type\":\"CommentAction\",\"name\":\"Comment\",\"target\":[\"https:\\\/\\\/www.esplac.cat\\\/lesplai-boix-fa-35-anys\\\/#respond\"]}]},{\"@type\":\"WebPage\",\"@id\":\"https:\\\/\\\/www.esplac.cat\\\/lesplai-boix-fa-35-anys\\\/\",\"url\":\"https:\\\/\\\/www.esplac.cat\\\/lesplai-boix-fa-35-anys\\\/\",\"name\":\"L\u2019Esplai Boix fa 35 anys! - Esplac\",\"isPartOf\":{\"@id\":\"https:\\\/\\\/www.esplac.cat\\\/#website\"},\"primaryImageOfPage\":{\"@id\":\"https:\\\/\\\/www.esplac.cat\\\/lesplai-boix-fa-35-anys\\\/#primaryimage\"},\"image\":{\"@id\":\"https:\\\/\\\/www.esplac.cat\\\/lesplai-boix-fa-35-anys\\\/#primaryimage\"},\"thumbnailUrl\":\"\",\"datePublished\":\"2014-05-06T14:13:08+00:00\",\"breadcrumb\":{\"@id\":\"https:\\\/\\\/www.esplac.cat\\\/lesplai-boix-fa-35-anys\\\/#breadcrumb\"},\"inLanguage\":\"en-US\",\"potentialAction\":[{\"@type\":\"ReadAction\",\"target\":[\"https:\\\/\\\/www.esplac.cat\\\/lesplai-boix-fa-35-anys\\\/\"]}]},{\"@type\":\"ImageObject\",\"inLanguage\":\"en-US\",\"@id\":\"https:\\\/\\\/www.esplac.cat\\\/lesplai-boix-fa-35-anys\\\/#primaryimage\",\"url\":\"\",\"contentUrl\":\"\"},{\"@type\":\"BreadcrumbList\",\"@id\":\"https:\\\/\\\/www.esplac.cat\\\/lesplai-boix-fa-35-anys\\\/#breadcrumb\",\"itemListElement\":[{\"@type\":\"ListItem\",\"position\":1,\"name\":\"Inici\",\"item\":\"https:\\\/\\\/www.esplac.cat\\\/en\\\/\"},{\"@type\":\"ListItem\",\"position\":2,\"name\":\"L\u2019Esplai Boix fa 35 anys!\"}]},{\"@type\":\"WebSite\",\"@id\":\"https:\\\/\\\/www.esplac.cat\\\/#website\",\"url\":\"https:\\\/\\\/www.esplac.cat\\\/\",\"name\":\"Esplac\",\"description\":\"Esplais Catalans\",\"publisher\":{\"@id\":\"https:\\\/\\\/www.esplac.cat\\\/#organization\"},\"potentialAction\":[{\"@type\":\"SearchAction\",\"target\":{\"@type\":\"EntryPoint\",\"urlTemplate\":\"https:\\\/\\\/www.esplac.cat\\\/?s={search_term_string}\"},\"query-input\":{\"@type\":\"PropertyValueSpecification\",\"valueRequired\":true,\"valueName\":\"search_term_string\"}}],\"inLanguage\":\"en-US\"},{\"@type\":\"Organization\",\"@id\":\"https:\\\/\\\/www.esplac.cat\\\/#organization\",\"name\":\"Esplac\",\"url\":\"https:\\\/\\\/www.esplac.cat\\\/\",\"logo\":{\"@type\":\"ImageObject\",\"inLanguage\":\"en-US\",\"@id\":\"https:\\\/\\\/www.esplac.cat\\\/#\\\/schema\\\/logo\\\/image\\\/\",\"url\":\"https:\\\/\\\/www.esplac.cat\\\/wp-content\\\/uploads\\\/2019\\\/08\\\/logox2.png\",\"contentUrl\":\"https:\\\/\\\/www.esplac.cat\\\/wp-content\\\/uploads\\\/2019\\\/08\\\/logox2.png\",\"width\":600,\"height\":295,\"caption\":\"Esplac\"},\"image\":{\"@id\":\"https:\\\/\\\/www.esplac.cat\\\/#\\\/schema\\\/logo\\\/image\\\/\"}},{\"@type\":\"Person\",\"@id\":\"https:\\\/\\\/www.esplac.cat\\\/#\\\/schema\\\/person\\\/908383cf240be18b68f8855d0583faca\",\"name\":\"Comunicaci\u00f3 Esplac\",\"image\":{\"@type\":\"ImageObject\",\"inLanguage\":\"en-US\",\"@id\":\"https:\\\/\\\/secure.gravatar.com\\\/avatar\\\/7a4cf8feb412a76ea4a740ca02d95b06b2907b5a6c648c2dd0a1082a093c3141?s=96&d=mm&r=g\",\"url\":\"https:\\\/\\\/secure.gravatar.com\\\/avatar\\\/7a4cf8feb412a76ea4a740ca02d95b06b2907b5a6c648c2dd0a1082a093c3141?s=96&d=mm&r=g\",\"contentUrl\":\"https:\\\/\\\/secure.gravatar.com\\\/avatar\\\/7a4cf8feb412a76ea4a740ca02d95b06b2907b5a6c648c2dd0a1082a093c3141?s=96&d=mm&r=g\",\"caption\":\"Comunicaci\u00f3 Esplac\"}}]}<\/script>\n<!-- \/ Yoast SEO plugin. -->","yoast_head_json":{"title":"L\u2019Esplai Boix fa 35 anys! - Esplac","robots":{"index":"index","follow":"follow","max-snippet":"max-snippet:-1","max-image-preview":"max-image-preview:large","max-video-preview":"max-video-preview:-1"},"canonical":"https:\/\/www.esplac.cat\/lesplai-boix-fa-35-anys\/","og_locale":"en_US","og_type":"article","og_title":"L\u2019Esplai Boix fa 35 anys! - Esplac","og_description":"Redacci\u00f3: Esplai Boix Aquest 2014 l\u2019esplai Boix celebra que porta [&hellip;]","og_url":"https:\/\/www.esplac.cat\/lesplai-boix-fa-35-anys\/","og_site_name":"Esplac","article_published_time":"2014-05-06T14:13:08+00:00","og_image":[{"width":1200,"height":630,"url":"https:\/\/www.esplac.cat\/wp-content\/uploads\/2019\/11\/logo-open.jpg","type":"image\/jpeg"}],"author":"Comunicaci\u00f3 Esplac","twitter_card":"summary_large_image","twitter_misc":{"Written by":"Comunicaci\u00f3 Esplac","Est. reading time":"1 minute"},"schema":{"@context":"https:\/\/schema.org","@graph":[{"@type":"Article","@id":"https:\/\/www.esplac.cat\/lesplai-boix-fa-35-anys\/#article","isPartOf":{"@id":"https:\/\/www.esplac.cat\/lesplai-boix-fa-35-anys\/"},"author":{"name":"Comunicaci\u00f3 Esplac","@id":"https:\/\/www.esplac.cat\/#\/schema\/person\/908383cf240be18b68f8855d0583faca"},"headline":"L\u2019Esplai Boix fa 35 anys!","datePublished":"2014-05-06T14:13:08+00:00","mainEntityOfPage":{"@id":"https:\/\/www.esplac.cat\/lesplai-boix-fa-35-anys\/"},"wordCount":216,"commentCount":0,"publisher":{"@id":"https:\/\/www.esplac.cat\/#organization"},"image":{"@id":"https:\/\/www.esplac.cat\/lesplai-boix-fa-35-anys\/#primaryimage"},"thumbnailUrl":"","keywords":["aniversaris","esplai boix"],"articleSection":["Activitats esplais"],"inLanguage":"en-US","potentialAction":[{"@type":"CommentAction","name":"Comment","target":["https:\/\/www.esplac.cat\/lesplai-boix-fa-35-anys\/#respond"]}]},{"@type":"WebPage","@id":"https:\/\/www.esplac.cat\/lesplai-boix-fa-35-anys\/","url":"https:\/\/www.esplac.cat\/lesplai-boix-fa-35-anys\/","name":"L\u2019Esplai Boix fa 35 anys! - Esplac","isPartOf":{"@id":"https:\/\/www.esplac.cat\/#website"},"primaryImageOfPage":{"@id":"https:\/\/www.esplac.cat\/lesplai-boix-fa-35-anys\/#primaryimage"},"image":{"@id":"https:\/\/www.esplac.cat\/lesplai-boix-fa-35-anys\/#primaryimage"},"thumbnailUrl":"","datePublished":"2014-05-06T14:13:08+00:00","breadcrumb":{"@id":"https:\/\/www.esplac.cat\/lesplai-boix-fa-35-anys\/#breadcrumb"},"inLanguage":"en-US","potentialAction":[{"@type":"ReadAction","target":["https:\/\/www.esplac.cat\/lesplai-boix-fa-35-anys\/"]}]},{"@type":"ImageObject","inLanguage":"en-US","@id":"https:\/\/www.esplac.cat\/lesplai-boix-fa-35-anys\/#primaryimage","url":"","contentUrl":""},{"@type":"BreadcrumbList","@id":"https:\/\/www.esplac.cat\/lesplai-boix-fa-35-anys\/#breadcrumb","itemListElement":[{"@type":"ListItem","position":1,"name":"Inici","item":"https:\/\/www.esplac.cat\/en\/"},{"@type":"ListItem","position":2,"name":"L\u2019Esplai Boix fa 35 anys!"}]},{"@type":"WebSite","@id":"https:\/\/www.esplac.cat\/#website","url":"https:\/\/www.esplac.cat\/","name":"Esplac","description":"Esplais Catalans","publisher":{"@id":"https:\/\/www.esplac.cat\/#organization"},"potentialAction":[{"@type":"SearchAction","target":{"@type":"EntryPoint","urlTemplate":"https:\/\/www.esplac.cat\/?s={search_term_string}"},"query-input":{"@type":"PropertyValueSpecification","valueRequired":true,"valueName":"search_term_string"}}],"inLanguage":"en-US"},{"@type":"Organization","@id":"https:\/\/www.esplac.cat\/#organization","name":"Esplac","url":"https:\/\/www.esplac.cat\/","logo":{"@type":"ImageObject","inLanguage":"en-US","@id":"https:\/\/www.esplac.cat\/#\/schema\/logo\/image\/","url":"https:\/\/www.esplac.cat\/wp-content\/uploads\/2019\/08\/logox2.png","contentUrl":"https:\/\/www.esplac.cat\/wp-content\/uploads\/2019\/08\/logox2.png","width":600,"height":295,"caption":"Esplac"},"image":{"@id":"https:\/\/www.esplac.cat\/#\/schema\/logo\/image\/"}},{"@type":"Person","@id":"https:\/\/www.esplac.cat\/#\/schema\/person\/908383cf240be18b68f8855d0583faca","name":"Comunicaci\u00f3 Esplac","image":{"@type":"ImageObject","inLanguage":"en-US","@id":"https:\/\/secure.gravatar.com\/avatar\/7a4cf8feb412a76ea4a740ca02d95b06b2907b5a6c648c2dd0a1082a093c3141?s=96&d=mm&r=g","url":"https:\/\/secure.gravatar.com\/avatar\/7a4cf8feb412a76ea4a740ca02d95b06b2907b5a6c648c2dd0a1082a093c3141?s=96&d=mm&r=g","contentUrl":"https:\/\/secure.gravatar.com\/avatar\/7a4cf8feb412a76ea4a740ca02d95b06b2907b5a6c648c2dd0a1082a093c3141?s=96&d=mm&r=g","caption":"Comunicaci\u00f3 Esplac"}}]}},"_links":{"self":[{"href":"https:\/\/www.esplac.cat\/en\/wp-json\/wp\/v2\/posts\/25774","targetHints":{"allow":["GET"]}}],"collection":[{"href":"https:\/\/www.esplac.cat\/en\/wp-json\/wp\/v2\/posts"}],"about":[{"href":"https:\/\/www.esplac.cat\/en\/wp-json\/wp\/v2\/types\/post"}],"author":[{"embeddable":true,"href":"https:\/\/www.esplac.cat\/en\/wp-json\/wp\/v2\/users\/3"}],"replies":[{"embeddable":true,"href":"https:\/\/www.esplac.cat\/en\/wp-json\/wp\/v2\/comments?post=25774"}],"version-history":[{"count":0,"href":"https:\/\/www.esplac.cat\/en\/wp-json\/wp\/v2\/posts\/25774\/revisions"}],"wp:featuredmedia":[{"embeddable":true,"href":"https:\/\/www.esplac.cat\/en\/wp-json\/"}],"wp:attachment":[{"href":"https:\/\/www.esplac.cat\/en\/wp-json\/wp\/v2\/media?parent=25774"}],"wp:term":[{"taxonomy":"category","embeddable":true,"href":"https:\/\/www.esplac.cat\/en\/wp-json\/wp\/v2\/categories?post=25774"},{"taxonomy":"post_tag","embeddable":true,"href":"https:\/\/www.esplac.cat\/en\/wp-json\/wp\/v2\/tags?post=25774"}],"curies":[{"name":"wp","href":"https:\/\/api.w.org\/{rel}","templated":true}]}}