{"id":25777,"date":"2014-04-29T12:21:25","date_gmt":"2014-04-29T10:21:25","guid":{"rendered":"http:\/\/esplac.cat\/?p=5046"},"modified":"2014-04-29T12:21:25","modified_gmt":"2014-04-29T10:21:25","slug":"formacio-reivindicacio-i-compromis-amb-leducacio-a-la-monifestat-2014","status":"publish","type":"post","link":"https:\/\/www.esplac.cat\/en\/formacio-reivindicacio-i-compromis-amb-leducacio-a-la-monifestat-2014\/","title":{"rendered":"Formaci\u00f3, reivindicaci\u00f3 i comprom\u00eds amb l\u2019educaci\u00f3 a la Monifesta\u2019t 2014"},"content":{"rendered":"<p><!--:CA--><\/p>\n<h2 style=\"text-align: center;\"><strong>Formaci\u00f3, reivindicaci\u00f3 i comprom\u00eds amb l\u2019educaci\u00f3 a la Monifesta\u2019t, la trobada de monitors i monitores m\u00e9s gran de la hist\u00f2ria d\u2019Esplais Catalans<\/strong><\/h2>\n<ul>\n<li><strong><span style=\"color: #000000;\">Aquest cap de setmana, m\u00e9s de 600 monitores i monitors d\u2019esplais d\u2019arreu de Catalunya han omplert la poblaci\u00f3 de Vila-seca.<\/span><\/strong><\/li>\n<li><strong><span style=\"color: #000000;\">La Monifesta\u2019t 2014<\/span><span style=\"color: #000000;\">\u00a0<\/span><span style=\"color: #000000;\">ha doblat<\/span><span style=\"color: #000000;\">\u00a0<\/span><span style=\"color: #000000;\">el nombre de participant<\/span><span style=\"color: #000000;\">s respecte a l\u2019edici\u00f3 del 2011.<\/span><\/strong><\/li>\n<\/ul>\n<p style=\"text-align: left;\" align=\"JUSTIFY\">El dissabte\u00a0al\u00a0mat\u00ed la Monifesta\u2019t comen\u00e7ava ben d\u2019hora amb jocs de coneixen\u00e7a per trencar el gel entre els <strong>600\u00a0monitors i monitores vinguts de 55\u00a0esplais<\/strong> <strong>de tot el territori catal\u00e0<\/strong>. Cohesionar-nos i contagiar-nos de l\u2019entusiasme de tots i totes pel projecte dels esplais \u00e9s sempre un dels objectius de les trobades de monitors, per\u00f2 la Monifesta\u2019t ha tingut tamb\u00e9 una\u00a0gran dimensi\u00f3 formativa. Durant el migdia i la tarda de dissabte s\u2019han realitzat\u00a0<strong>26 formacions<\/strong>\u00a0per a aprendre i debatre al voltant del projecte educatiu dels esplais\u00a0amb temes com: la participaci\u00f3 dels infants a l&#8217;esplai, el joc, l&#8217;educaci\u00f3 emocional i l&#8217;aprenentatge vivencial entre d&#8217;altres.\u00a0Durant les formacions hem compartit qu\u00e8 fem els esplais sobre diversos temes, identificat nous reptes\u00a0dels monitors i monitores dels esplais en la seva tasca educativa.<\/p>\n<p style=\"text-align: left;\" align=\"JUSTIFY\">El programa de dissabte a la tarda continuava amb la realitzaci\u00f3 de\u00a0<strong>16 tallers<\/strong>\u00a0organitzats pels propis\u00a0monitors i monitores\u00a0id&#8217;entitats\u00a0col\u00b7laboradores\u00a0que han muntat activitats al voltant de diverses tem\u00e0tiques com el g\u00e8nere, l\u2019internacionalisme, els infants i els desnonaments, el circ, el geocaching, l\u2019educaci\u00f3 ambiental, entre d\u2019altres.<\/p>\n<p style=\"text-align: left;\" align=\"JUSTIFY\">La part m\u00e9s festiva de la Monifesta\u2019t l\u2019hem reservada per la nit de dissabte en qu\u00e8 hem pogut \u00a0gaudir d\u2019un\u00a0<strong>concert obert a tota la poblaci\u00f3\u00a0<\/strong>de Vila-seca amb la banda\u00a0<strong>Bossonaya<\/strong>\u00a0i l\u2019<strong>Esplac Soundclash<\/strong>, un concurs de grups DJ\u2019s formats per monitors i monitores d\u2019Esplais Catalans.<\/p>\n<p style=\"text-align: left;\" align=\"JUSTIFY\">El diumenge la trobada ha seguit amb m\u00e9s activitats i jocs per tots els participants fins les 13h en qu\u00e8 hem fet una\u00a0<strong>gran acci\u00f3 conjunta per a reivindicar l\u2019important paper dels monitors i monitores en l\u2019educaci\u00f3 d\u2019infants i joves<\/strong>. L\u2019acci\u00f3 ha consistit en la realitzaci\u00f3 d\u2019un gran mural composat per cartells explicant els trets i els valors que ens defineixen com a monitors i monitores. Paraules com\u00a0educaci\u00f3, il\u00b7lusi\u00f3, transformaci\u00f3 social\u2026 han omplert la Rambla de Catalunya de Vila-seca i hem acabat l\u2019acci\u00f3 fent una gran fotografia de tots els participants cridant el lema de\u00a0la\u00a0Monifestat:\u00a0<strong>Som monis d\u2019esplai, res no ens atura!\u00a0<\/strong>\u00a0Tot el proc\u00e9s ha estat enregistrat per tal de muntar un v\u00eddeo que difondrem posteriorment per sensibilitzar a la ciutadania sobre la tasca educativa de les monitores.<\/p>\n<p style=\"text-align: left;\" align=\"JUSTIFY\">La trobada s\u2019ha acabat en un mutltudinari dinar de germanor a la pla\u00e7a de l\u2019Estudi i amb\u00a0el comiat per part dels esplais que han acollit la trobada, que han destacat la import\u00e0ncia de fer una activitat d&#8217;aquestes caracter\u00edstiques per donar suport a la seva tasca.<\/p>\n<p style=\"text-align: left;\" align=\"JUSTIFY\">Tal i com ha remarcat<strong> Raimon Carreras<\/strong>, president d\u2019Esplais Catalans, \u201cL\u2019\u00e8xit de participaci\u00f3 d\u2019aquesta Monifesta\u2019t ha estat un reflex del bon estat de salut dels esplais associatius.\u00a0Activitats com aquestes reforcen el paper de monitors i monitores dels esplais\u201d.\u00a0A la Monifesta&#8217;t tamb\u00e9 s&#8217;ha demostrat tamb\u00e9, la gran implicaci\u00f3, motivaci\u00f3 i energia que els monitors i monitores aporten a educar a infants i joves en els esplais dissabte rere dissabte.<\/p>\n<p style=\"text-align: center;\" align=\"JUSTIFY\"><a href=\"http:\/\/esplac.cat\/wp-content\/uploads\/2014\/04\/monifestat14-resnoensatura.png\"><img decoding=\"async\" class=\"aligncenter  wp-image-5047\" title=\"monifestat14-resnoensatura\" src=\"http:\/\/esplac.cat\/wp-content\/uploads\/2014\/04\/monifestat14-resnoensatura-652x360.png\" alt=\"\" width=\"400\" \/><\/a><\/p>\n<p><!--:--><!--:es-->&nbsp;<\/p>\n<p><!--:--><!--:en-->&nbsp;<\/p>\n<p><!--:--><!--:fr-->&nbsp;<\/p>\n<p><!--:--><\/p>\n","protected":false},"excerpt":{"rendered":"<p>Formaci\u00f3, reivindicaci\u00f3 i comprom\u00eds amb l\u2019educaci\u00f3 a la Monifesta\u2019t, la [&hellip;]<\/p>\n","protected":false},"author":3,"featured_media":7817,"comment_status":"open","ping_status":"open","sticky":false,"template":"","format":"standard","meta":{"om_disable_all_campaigns":false,"_monsterinsights_skip_tracking":false,"_monsterinsights_sitenote_active":false,"_monsterinsights_sitenote_note":"","_monsterinsights_sitenote_category":0,"_uf_show_specific_survey":0,"_uf_disable_surveys":false,"footnotes":""},"categories":[1111,1127],"tags":[92,54,185,40,57],"class_list":["post-25777","post","type-post","status-publish","format-standard","has-post-thumbnail","hentry","category-activitats-esplac","category-comunicats-posicionaments","tag-educacio","tag-formacio","tag-monifestat","tag-participacio","tag-trobada-de-monitors"],"yoast_head":"<!-- This site is optimized with the Yoast SEO plugin v27.4 - https:\/\/yoast.com\/product\/yoast-seo-wordpress\/ -->\n<title>Formaci\u00f3, reivindicaci\u00f3 i comprom\u00eds amb l\u2019educaci\u00f3 a la Monifesta\u2019t 2014 - Esplac<\/title>\n<meta name=\"robots\" content=\"index, follow, max-snippet:-1, max-image-preview:large, max-video-preview:-1\" \/>\n<link rel=\"canonical\" href=\"https:\/\/www.esplac.cat\/formacio-reivindicacio-i-compromis-amb-leducacio-a-la-monifestat-2014\/\" \/>\n<meta property=\"og:locale\" content=\"en_US\" \/>\n<meta property=\"og:type\" content=\"article\" \/>\n<meta property=\"og:title\" content=\"Formaci\u00f3, reivindicaci\u00f3 i comprom\u00eds amb l\u2019educaci\u00f3 a la Monifesta\u2019t 2014 - Esplac\" \/>\n<meta property=\"og:description\" content=\"Formaci\u00f3, reivindicaci\u00f3 i comprom\u00eds amb l\u2019educaci\u00f3 a la Monifesta\u2019t, la [&hellip;]\" \/>\n<meta property=\"og:url\" content=\"https:\/\/www.esplac.cat\/formacio-reivindicacio-i-compromis-amb-leducacio-a-la-monifestat-2014\/\" \/>\n<meta property=\"og:site_name\" content=\"Esplac\" \/>\n<meta property=\"article:published_time\" content=\"2014-04-29T10:21:25+00:00\" \/>\n<meta property=\"og:image\" content=\"https:\/\/www.esplac.cat\/wp-content\/uploads\/2019\/11\/logo-open.jpg\" \/>\n\t<meta property=\"og:image:width\" content=\"1200\" \/>\n\t<meta property=\"og:image:height\" content=\"630\" \/>\n\t<meta property=\"og:image:type\" content=\"image\/jpeg\" \/>\n<meta name=\"author\" content=\"Comunicaci\u00f3 Esplac\" \/>\n<meta name=\"twitter:card\" content=\"summary_large_image\" \/>\n<meta name=\"twitter:label1\" content=\"Written by\" \/>\n\t<meta name=\"twitter:data1\" content=\"Comunicaci\u00f3 Esplac\" \/>\n\t<meta name=\"twitter:label2\" content=\"Est. reading time\" \/>\n\t<meta name=\"twitter:data2\" content=\"3 minutes\" \/>\n<script type=\"application\/ld+json\" class=\"yoast-schema-graph\">{\"@context\":\"https:\\\/\\\/schema.org\",\"@graph\":[{\"@type\":\"Article\",\"@id\":\"https:\\\/\\\/www.esplac.cat\\\/formacio-reivindicacio-i-compromis-amb-leducacio-a-la-monifestat-2014\\\/#article\",\"isPartOf\":{\"@id\":\"https:\\\/\\\/www.esplac.cat\\\/formacio-reivindicacio-i-compromis-amb-leducacio-a-la-monifestat-2014\\\/\"},\"author\":{\"name\":\"Comunicaci\u00f3 Esplac\",\"@id\":\"https:\\\/\\\/www.esplac.cat\\\/#\\\/schema\\\/person\\\/908383cf240be18b68f8855d0583faca\"},\"headline\":\"Formaci\u00f3, reivindicaci\u00f3 i comprom\u00eds amb l\u2019educaci\u00f3 a la Monifesta\u2019t 2014\",\"datePublished\":\"2014-04-29T10:21:25+00:00\",\"mainEntityOfPage\":{\"@id\":\"https:\\\/\\\/www.esplac.cat\\\/formacio-reivindicacio-i-compromis-amb-leducacio-a-la-monifestat-2014\\\/\"},\"wordCount\":600,\"commentCount\":0,\"publisher\":{\"@id\":\"https:\\\/\\\/www.esplac.cat\\\/#organization\"},\"image\":{\"@id\":\"https:\\\/\\\/www.esplac.cat\\\/formacio-reivindicacio-i-compromis-amb-leducacio-a-la-monifestat-2014\\\/#primaryimage\"},\"thumbnailUrl\":\"\",\"keywords\":[\"educaci\u00f3\",\"formaci\u00f3\",\"monifesta't\",\"participaci\u00f3\",\"trobada de monitors\"],\"articleSection\":[\"Activitats esplac\",\"Comunicats i posicionaments\"],\"inLanguage\":\"en-US\",\"potentialAction\":[{\"@type\":\"CommentAction\",\"name\":\"Comment\",\"target\":[\"https:\\\/\\\/www.esplac.cat\\\/formacio-reivindicacio-i-compromis-amb-leducacio-a-la-monifestat-2014\\\/#respond\"]}]},{\"@type\":\"WebPage\",\"@id\":\"https:\\\/\\\/www.esplac.cat\\\/formacio-reivindicacio-i-compromis-amb-leducacio-a-la-monifestat-2014\\\/\",\"url\":\"https:\\\/\\\/www.esplac.cat\\\/formacio-reivindicacio-i-compromis-amb-leducacio-a-la-monifestat-2014\\\/\",\"name\":\"Formaci\u00f3, reivindicaci\u00f3 i comprom\u00eds amb l\u2019educaci\u00f3 a la Monifesta\u2019t 2014 - Esplac\",\"isPartOf\":{\"@id\":\"https:\\\/\\\/www.esplac.cat\\\/#website\"},\"primaryImageOfPage\":{\"@id\":\"https:\\\/\\\/www.esplac.cat\\\/formacio-reivindicacio-i-compromis-amb-leducacio-a-la-monifestat-2014\\\/#primaryimage\"},\"image\":{\"@id\":\"https:\\\/\\\/www.esplac.cat\\\/formacio-reivindicacio-i-compromis-amb-leducacio-a-la-monifestat-2014\\\/#primaryimage\"},\"thumbnailUrl\":\"\",\"datePublished\":\"2014-04-29T10:21:25+00:00\",\"breadcrumb\":{\"@id\":\"https:\\\/\\\/www.esplac.cat\\\/formacio-reivindicacio-i-compromis-amb-leducacio-a-la-monifestat-2014\\\/#breadcrumb\"},\"inLanguage\":\"en-US\",\"potentialAction\":[{\"@type\":\"ReadAction\",\"target\":[\"https:\\\/\\\/www.esplac.cat\\\/formacio-reivindicacio-i-compromis-amb-leducacio-a-la-monifestat-2014\\\/\"]}]},{\"@type\":\"ImageObject\",\"inLanguage\":\"en-US\",\"@id\":\"https:\\\/\\\/www.esplac.cat\\\/formacio-reivindicacio-i-compromis-amb-leducacio-a-la-monifestat-2014\\\/#primaryimage\",\"url\":\"\",\"contentUrl\":\"\"},{\"@type\":\"BreadcrumbList\",\"@id\":\"https:\\\/\\\/www.esplac.cat\\\/formacio-reivindicacio-i-compromis-amb-leducacio-a-la-monifestat-2014\\\/#breadcrumb\",\"itemListElement\":[{\"@type\":\"ListItem\",\"position\":1,\"name\":\"Inici\",\"item\":\"https:\\\/\\\/www.esplac.cat\\\/en\\\/\"},{\"@type\":\"ListItem\",\"position\":2,\"name\":\"Formaci\u00f3, reivindicaci\u00f3 i comprom\u00eds amb l\u2019educaci\u00f3 a la Monifesta\u2019t 2014\"}]},{\"@type\":\"WebSite\",\"@id\":\"https:\\\/\\\/www.esplac.cat\\\/#website\",\"url\":\"https:\\\/\\\/www.esplac.cat\\\/\",\"name\":\"Esplac\",\"description\":\"Esplais Catalans\",\"publisher\":{\"@id\":\"https:\\\/\\\/www.esplac.cat\\\/#organization\"},\"potentialAction\":[{\"@type\":\"SearchAction\",\"target\":{\"@type\":\"EntryPoint\",\"urlTemplate\":\"https:\\\/\\\/www.esplac.cat\\\/?s={search_term_string}\"},\"query-input\":{\"@type\":\"PropertyValueSpecification\",\"valueRequired\":true,\"valueName\":\"search_term_string\"}}],\"inLanguage\":\"en-US\"},{\"@type\":\"Organization\",\"@id\":\"https:\\\/\\\/www.esplac.cat\\\/#organization\",\"name\":\"Esplac\",\"url\":\"https:\\\/\\\/www.esplac.cat\\\/\",\"logo\":{\"@type\":\"ImageObject\",\"inLanguage\":\"en-US\",\"@id\":\"https:\\\/\\\/www.esplac.cat\\\/#\\\/schema\\\/logo\\\/image\\\/\",\"url\":\"https:\\\/\\\/www.esplac.cat\\\/wp-content\\\/uploads\\\/2019\\\/08\\\/logox2.png\",\"contentUrl\":\"https:\\\/\\\/www.esplac.cat\\\/wp-content\\\/uploads\\\/2019\\\/08\\\/logox2.png\",\"width\":600,\"height\":295,\"caption\":\"Esplac\"},\"image\":{\"@id\":\"https:\\\/\\\/www.esplac.cat\\\/#\\\/schema\\\/logo\\\/image\\\/\"}},{\"@type\":\"Person\",\"@id\":\"https:\\\/\\\/www.esplac.cat\\\/#\\\/schema\\\/person\\\/908383cf240be18b68f8855d0583faca\",\"name\":\"Comunicaci\u00f3 Esplac\",\"image\":{\"@type\":\"ImageObject\",\"inLanguage\":\"en-US\",\"@id\":\"https:\\\/\\\/secure.gravatar.com\\\/avatar\\\/7a4cf8feb412a76ea4a740ca02d95b06b2907b5a6c648c2dd0a1082a093c3141?s=96&d=mm&r=g\",\"url\":\"https:\\\/\\\/secure.gravatar.com\\\/avatar\\\/7a4cf8feb412a76ea4a740ca02d95b06b2907b5a6c648c2dd0a1082a093c3141?s=96&d=mm&r=g\",\"contentUrl\":\"https:\\\/\\\/secure.gravatar.com\\\/avatar\\\/7a4cf8feb412a76ea4a740ca02d95b06b2907b5a6c648c2dd0a1082a093c3141?s=96&d=mm&r=g\",\"caption\":\"Comunicaci\u00f3 Esplac\"}}]}<\/script>\n<!-- \/ Yoast SEO plugin. -->","yoast_head_json":{"title":"Formaci\u00f3, reivindicaci\u00f3 i comprom\u00eds amb l\u2019educaci\u00f3 a la Monifesta\u2019t 2014 - Esplac","robots":{"index":"index","follow":"follow","max-snippet":"max-snippet:-1","max-image-preview":"max-image-preview:large","max-video-preview":"max-video-preview:-1"},"canonical":"https:\/\/www.esplac.cat\/formacio-reivindicacio-i-compromis-amb-leducacio-a-la-monifestat-2014\/","og_locale":"en_US","og_type":"article","og_title":"Formaci\u00f3, reivindicaci\u00f3 i comprom\u00eds amb l\u2019educaci\u00f3 a la Monifesta\u2019t 2014 - Esplac","og_description":"Formaci\u00f3, reivindicaci\u00f3 i comprom\u00eds amb l\u2019educaci\u00f3 a la Monifesta\u2019t, la [&hellip;]","og_url":"https:\/\/www.esplac.cat\/formacio-reivindicacio-i-compromis-amb-leducacio-a-la-monifestat-2014\/","og_site_name":"Esplac","article_published_time":"2014-04-29T10:21:25+00:00","og_image":[{"width":1200,"height":630,"url":"https:\/\/www.esplac.cat\/wp-content\/uploads\/2019\/11\/logo-open.jpg","type":"image\/jpeg"}],"author":"Comunicaci\u00f3 Esplac","twitter_card":"summary_large_image","twitter_misc":{"Written by":"Comunicaci\u00f3 Esplac","Est. reading time":"3 minutes"},"schema":{"@context":"https:\/\/schema.org","@graph":[{"@type":"Article","@id":"https:\/\/www.esplac.cat\/formacio-reivindicacio-i-compromis-amb-leducacio-a-la-monifestat-2014\/#article","isPartOf":{"@id":"https:\/\/www.esplac.cat\/formacio-reivindicacio-i-compromis-amb-leducacio-a-la-monifestat-2014\/"},"author":{"name":"Comunicaci\u00f3 Esplac","@id":"https:\/\/www.esplac.cat\/#\/schema\/person\/908383cf240be18b68f8855d0583faca"},"headline":"Formaci\u00f3, reivindicaci\u00f3 i comprom\u00eds amb l\u2019educaci\u00f3 a la Monifesta\u2019t 2014","datePublished":"2014-04-29T10:21:25+00:00","mainEntityOfPage":{"@id":"https:\/\/www.esplac.cat\/formacio-reivindicacio-i-compromis-amb-leducacio-a-la-monifestat-2014\/"},"wordCount":600,"commentCount":0,"publisher":{"@id":"https:\/\/www.esplac.cat\/#organization"},"image":{"@id":"https:\/\/www.esplac.cat\/formacio-reivindicacio-i-compromis-amb-leducacio-a-la-monifestat-2014\/#primaryimage"},"thumbnailUrl":"","keywords":["educaci\u00f3","formaci\u00f3","monifesta't","participaci\u00f3","trobada de monitors"],"articleSection":["Activitats esplac","Comunicats i posicionaments"],"inLanguage":"en-US","potentialAction":[{"@type":"CommentAction","name":"Comment","target":["https:\/\/www.esplac.cat\/formacio-reivindicacio-i-compromis-amb-leducacio-a-la-monifestat-2014\/#respond"]}]},{"@type":"WebPage","@id":"https:\/\/www.esplac.cat\/formacio-reivindicacio-i-compromis-amb-leducacio-a-la-monifestat-2014\/","url":"https:\/\/www.esplac.cat\/formacio-reivindicacio-i-compromis-amb-leducacio-a-la-monifestat-2014\/","name":"Formaci\u00f3, reivindicaci\u00f3 i comprom\u00eds amb l\u2019educaci\u00f3 a la Monifesta\u2019t 2014 - Esplac","isPartOf":{"@id":"https:\/\/www.esplac.cat\/#website"},"primaryImageOfPage":{"@id":"https:\/\/www.esplac.cat\/formacio-reivindicacio-i-compromis-amb-leducacio-a-la-monifestat-2014\/#primaryimage"},"image":{"@id":"https:\/\/www.esplac.cat\/formacio-reivindicacio-i-compromis-amb-leducacio-a-la-monifestat-2014\/#primaryimage"},"thumbnailUrl":"","datePublished":"2014-04-29T10:21:25+00:00","breadcrumb":{"@id":"https:\/\/www.esplac.cat\/formacio-reivindicacio-i-compromis-amb-leducacio-a-la-monifestat-2014\/#breadcrumb"},"inLanguage":"en-US","potentialAction":[{"@type":"ReadAction","target":["https:\/\/www.esplac.cat\/formacio-reivindicacio-i-compromis-amb-leducacio-a-la-monifestat-2014\/"]}]},{"@type":"ImageObject","inLanguage":"en-US","@id":"https:\/\/www.esplac.cat\/formacio-reivindicacio-i-compromis-amb-leducacio-a-la-monifestat-2014\/#primaryimage","url":"","contentUrl":""},{"@type":"BreadcrumbList","@id":"https:\/\/www.esplac.cat\/formacio-reivindicacio-i-compromis-amb-leducacio-a-la-monifestat-2014\/#breadcrumb","itemListElement":[{"@type":"ListItem","position":1,"name":"Inici","item":"https:\/\/www.esplac.cat\/en\/"},{"@type":"ListItem","position":2,"name":"Formaci\u00f3, reivindicaci\u00f3 i comprom\u00eds amb l\u2019educaci\u00f3 a la Monifesta\u2019t 2014"}]},{"@type":"WebSite","@id":"https:\/\/www.esplac.cat\/#website","url":"https:\/\/www.esplac.cat\/","name":"Esplac","description":"Esplais Catalans","publisher":{"@id":"https:\/\/www.esplac.cat\/#organization"},"potentialAction":[{"@type":"SearchAction","target":{"@type":"EntryPoint","urlTemplate":"https:\/\/www.esplac.cat\/?s={search_term_string}"},"query-input":{"@type":"PropertyValueSpecification","valueRequired":true,"valueName":"search_term_string"}}],"inLanguage":"en-US"},{"@type":"Organization","@id":"https:\/\/www.esplac.cat\/#organization","name":"Esplac","url":"https:\/\/www.esplac.cat\/","logo":{"@type":"ImageObject","inLanguage":"en-US","@id":"https:\/\/www.esplac.cat\/#\/schema\/logo\/image\/","url":"https:\/\/www.esplac.cat\/wp-content\/uploads\/2019\/08\/logox2.png","contentUrl":"https:\/\/www.esplac.cat\/wp-content\/uploads\/2019\/08\/logox2.png","width":600,"height":295,"caption":"Esplac"},"image":{"@id":"https:\/\/www.esplac.cat\/#\/schema\/logo\/image\/"}},{"@type":"Person","@id":"https:\/\/www.esplac.cat\/#\/schema\/person\/908383cf240be18b68f8855d0583faca","name":"Comunicaci\u00f3 Esplac","image":{"@type":"ImageObject","inLanguage":"en-US","@id":"https:\/\/secure.gravatar.com\/avatar\/7a4cf8feb412a76ea4a740ca02d95b06b2907b5a6c648c2dd0a1082a093c3141?s=96&d=mm&r=g","url":"https:\/\/secure.gravatar.com\/avatar\/7a4cf8feb412a76ea4a740ca02d95b06b2907b5a6c648c2dd0a1082a093c3141?s=96&d=mm&r=g","contentUrl":"https:\/\/secure.gravatar.com\/avatar\/7a4cf8feb412a76ea4a740ca02d95b06b2907b5a6c648c2dd0a1082a093c3141?s=96&d=mm&r=g","caption":"Comunicaci\u00f3 Esplac"}}]}},"_links":{"self":[{"href":"https:\/\/www.esplac.cat\/en\/wp-json\/wp\/v2\/posts\/25777","targetHints":{"allow":["GET"]}}],"collection":[{"href":"https:\/\/www.esplac.cat\/en\/wp-json\/wp\/v2\/posts"}],"about":[{"href":"https:\/\/www.esplac.cat\/en\/wp-json\/wp\/v2\/types\/post"}],"author":[{"embeddable":true,"href":"https:\/\/www.esplac.cat\/en\/wp-json\/wp\/v2\/users\/3"}],"replies":[{"embeddable":true,"href":"https:\/\/www.esplac.cat\/en\/wp-json\/wp\/v2\/comments?post=25777"}],"version-history":[{"count":0,"href":"https:\/\/www.esplac.cat\/en\/wp-json\/wp\/v2\/posts\/25777\/revisions"}],"wp:featuredmedia":[{"embeddable":true,"href":"https:\/\/www.esplac.cat\/en\/wp-json\/"}],"wp:attachment":[{"href":"https:\/\/www.esplac.cat\/en\/wp-json\/wp\/v2\/media?parent=25777"}],"wp:term":[{"taxonomy":"category","embeddable":true,"href":"https:\/\/www.esplac.cat\/en\/wp-json\/wp\/v2\/categories?post=25777"},{"taxonomy":"post_tag","embeddable":true,"href":"https:\/\/www.esplac.cat\/en\/wp-json\/wp\/v2\/tags?post=25777"}],"curies":[{"name":"wp","href":"https:\/\/api.w.org\/{rel}","templated":true}]}}