{"id":25778,"date":"2014-04-25T19:03:23","date_gmt":"2014-04-25T17:03:23","guid":{"rendered":"http:\/\/esplac.cat\/?p=5037"},"modified":"2014-04-25T19:03:23","modified_gmt":"2014-04-25T17:03:23","slug":"roda-de-premsa-de-presentacio-de-la-monifestat-2014","status":"publish","type":"post","link":"https:\/\/www.esplac.cat\/en\/roda-de-premsa-de-presentacio-de-la-monifestat-2014\/","title":{"rendered":"Roda de premsa de presentaci\u00f3 de la Monifesta&#8217;t 2014"},"content":{"rendered":"<p><!--:CA--><\/p>\n<h3>&#8220;Els monitors i monitores som joves voluntaris que eduquem i volem reivindicar-ho. En aquesta trobada debatrem i reflexionarem per millorar la nostra tasca i el projecte educatiu dels esplais.&#8221;<\/h3>\n<p><strong>Esplais Catalans presenta la Monifesta\u2019t, la seva trobada de monitors i monitores que se celebrar\u00e0 durant aquest cap de setmana a Vila-seca.<\/strong><\/p>\n<p>Durant l\u2019acte de presentaci\u00f3 <strong>Raimon Carreras<\/strong>, president d\u2019Esplais Catalans, ha explicat els reptes d\u2019aquesta gran trobada que <strong>aplegar\u00e0 a m\u00e9s de 600 joves monitors i monitores d\u2019esplais d\u2019arreu de Catalunya<\/strong>. Per una banda, la Monifesta\u2019t tindr\u00e0 un objectiu formatiu en qu\u00e8 <strong>aprofundirem en la revisi\u00f3 del projecte educatiu dels esplais<\/strong>. S\u2019hi realitzaran <strong>26 formacions<\/strong> en les quals volem compartir qu\u00e8 fem els esplais sobre diversos temes i identificar nous reptes.<\/p>\n<p>D\u2019altra banda, la Monifesta\u2019t ser\u00e0 tamb\u00e9 el moment de <strong>reivindicar l\u2019important paper educatiu dels monitors i monitores dels esplais<\/strong>. \u00c9s per aix\u00f2 que el diumenge farem una acci\u00f3 per fer-nos visibles i explicar a la ciutadania qu\u00e8 fem, qui som i com som els monitors i monitores d\u2019Esplais Catalans. Tal i com ha explicat Raimon Carreras, el lideratge dels esplais recau en els monitors i monitores, \u201cherois quotidians\u201d que destinen el seu temps lliure a la tasca educativa de l\u2019esplai i a organitzar l\u2019associaci\u00f3. L\u2019u\u0301ltim estudi de la Fundacio\u0301 Francesc Ferrer i Gua\u0300rdia sobre la realitat dels Esplais Catalans, destacava les me\u0301s de 7 hores setmanals de mitjana que un monitor o una monitora dedica a l\u2019esplai volunta\u0300riament, que suposen un total de <strong>365 hores anuals de voluntariat<\/strong>. <strong>Segons aquest estudi, el PIB ocult que s\u2019obtindria de remunerar les activitats ordina\u0300ries que realitzen els esplais seria de me\u0301s de 4,8 milions d\u2019euros anuals<\/strong>. Aquestes so\u0301n xifres que posen de manifest la gran dedicacio\u0301 i la importa\u0300ncia de la tasca dels monitors i les monitores en termes econo\u0300mics i que creiem que cal fer visible.<\/p>\n<p>El programa de la Monifesta\u2019t tamb\u00e9 inclou, la nit de dissabte, una part festiva amb un <strong>concert obert a tota la poblaci\u00f3 amb la banda Bossonaya i l\u2019Esplac Soundclash<\/strong>, un concurs de grups DJ\u2019s formats per monitors i monitores d\u2019Esplais Catalans.<\/p>\n<p><strong>Promoure la participaci\u00f3 de tots els esplais<\/strong> en el disseny de la trobada ha estat tamb\u00e9 un dels objectius principals d\u2019Esplais Catalans. En aquest sentit, els esplais del Sector Camp de Tarragona han tingut una especial implicaci\u00f3 en la organitzaci\u00f3. Tal i com ha remarcat en <strong>Joan Albert Besora<\/strong>, monitor de l\u2019esplai La Grapadora de Tarragona, \u201cla Monifesta\u2019t ha implicat a tots els esplais d&#8217;Esplac. S&#8217;han rebut propostes de tots els esplais i sectors i creiem que t\u00e9 sentit. Cada moni d\u2019esplai ha de sentir que forma part de la Monifesta&#8217;t&#8221;. La <strong>Laia Espina<\/strong>, membre de l\u2019Equip General del Sector, ha posat \u00e8mfasi en la import\u00e0ncia d\u2019aquesta trobada com a refor\u00e7 pels esplais d\u2019aquest territori &#8220;el sector Camp de Tarragona t\u00e9 poc m\u00e9s d&#8217;un any i tenim ganes de cr\u00e9ixer&#8221;.<\/p>\n<p><strong>Josep Toquero<\/strong>, Regidor de Relacions Ciutadanes, Cultura i Dinamitzaci\u00f3 Laboral de l&#8217;Ajuntament de Vila-seca, ha tancat l\u2019acte de presentaci\u00f3 posant de manifest el suport de l\u2019Ajuntament a la trobada, aix\u00ed com a la important tasca dels esplais. Ha afirmat, \u201cels esplais s\u00f3n molt importants per a la cohesi\u00f3 social. Que hi hagi moviments com aquests ajuda a millorar la societat&#8221;, &#8220;a Vila-seca estem molt contents de poder acollir una gran activitat com \u00e9s la Monifesta\u2019t\u201d.<\/p>\n<p><strong>Convocat\u00f2ria de premsa durant la Monifesta\u2019t<br \/>\n<\/strong>Convoquem a la premsa durant l\u2019acci\u00f3 reivindicativa sobre el paper dels monitors i monitores, el diumenge 27 a les 13h, a la Rambla de Catalunya de Vila-seca. Preguem confirmar assist\u00e8ncia.<\/p>\n<p><strong>Contacte<\/strong><br \/>\nEva Sanahuja (Cap de comunicaci\u00f3) \u2013 comunicacio@esplac.cat<br \/>\nTel\u00e8fon 6665748 06 \u2013 933026103<\/p>\n<p><!--:--><!--:es-->&nbsp;<\/p>\n<p><!--:--><!--:en-->&nbsp;<\/p>\n<p><!--:--><!--:fr-->&nbsp;<\/p>\n<p><!--:--><\/p>\n","protected":false},"excerpt":{"rendered":"<p>&#8220;Els monitors i monitores som joves voluntaris que eduquem i [&hellip;]<\/p>\n","protected":false},"author":3,"featured_media":25628,"comment_status":"open","ping_status":"open","sticky":false,"template":"","format":"standard","meta":{"om_disable_all_campaigns":false,"_monsterinsights_skip_tracking":false,"_monsterinsights_sitenote_active":false,"_monsterinsights_sitenote_note":"","_monsterinsights_sitenote_category":0,"_uf_show_specific_survey":0,"_uf_disable_surveys":false,"footnotes":""},"categories":[1111,1127],"tags":[92,185,40,57,158],"class_list":["post-25778","post","type-post","status-publish","format-standard","has-post-thumbnail","hentry","category-activitats-esplac","category-comunicats-posicionaments","tag-educacio","tag-monifestat","tag-participacio","tag-trobada-de-monitors","tag-voluntariat"],"yoast_head":"<!-- This site is optimized with the Yoast SEO plugin v27.4 - https:\/\/yoast.com\/product\/yoast-seo-wordpress\/ -->\n<title>Roda de premsa de presentaci\u00f3 de la Monifesta&#039;t 2014 - Esplac<\/title>\n<meta name=\"robots\" content=\"index, follow, max-snippet:-1, max-image-preview:large, max-video-preview:-1\" \/>\n<link rel=\"canonical\" href=\"https:\/\/www.esplac.cat\/roda-de-premsa-de-presentacio-de-la-monifestat-2014\/\" \/>\n<meta property=\"og:locale\" content=\"en_US\" \/>\n<meta property=\"og:type\" content=\"article\" \/>\n<meta property=\"og:title\" content=\"Roda de premsa de presentaci\u00f3 de la Monifesta&#039;t 2014 - Esplac\" \/>\n<meta property=\"og:description\" content=\"&#8220;Els monitors i monitores som joves voluntaris que eduquem i [&hellip;]\" \/>\n<meta property=\"og:url\" content=\"https:\/\/www.esplac.cat\/roda-de-premsa-de-presentacio-de-la-monifestat-2014\/\" \/>\n<meta property=\"og:site_name\" content=\"Esplac\" \/>\n<meta property=\"article:published_time\" content=\"2014-04-25T17:03:23+00:00\" \/>\n<meta property=\"og:image\" content=\"https:\/\/www.esplac.cat\/wp-content\/uploads\/2013\/02\/DSC08098.jpg\" \/>\n\t<meta property=\"og:image:width\" content=\"3872\" \/>\n\t<meta property=\"og:image:height\" content=\"2176\" \/>\n\t<meta property=\"og:image:type\" content=\"image\/jpeg\" \/>\n<meta name=\"author\" content=\"Comunicaci\u00f3 Esplac\" \/>\n<meta name=\"twitter:card\" content=\"summary_large_image\" \/>\n<meta name=\"twitter:label1\" content=\"Written by\" \/>\n\t<meta name=\"twitter:data1\" content=\"Comunicaci\u00f3 Esplac\" \/>\n\t<meta name=\"twitter:label2\" content=\"Est. reading time\" \/>\n\t<meta name=\"twitter:data2\" content=\"3 minutes\" \/>\n<script type=\"application\/ld+json\" class=\"yoast-schema-graph\">{\"@context\":\"https:\\\/\\\/schema.org\",\"@graph\":[{\"@type\":\"Article\",\"@id\":\"https:\\\/\\\/www.esplac.cat\\\/roda-de-premsa-de-presentacio-de-la-monifestat-2014\\\/#article\",\"isPartOf\":{\"@id\":\"https:\\\/\\\/www.esplac.cat\\\/roda-de-premsa-de-presentacio-de-la-monifestat-2014\\\/\"},\"author\":{\"name\":\"Comunicaci\u00f3 Esplac\",\"@id\":\"https:\\\/\\\/www.esplac.cat\\\/#\\\/schema\\\/person\\\/908383cf240be18b68f8855d0583faca\"},\"headline\":\"Roda de premsa de presentaci\u00f3 de la Monifesta&#8217;t 2014\",\"datePublished\":\"2014-04-25T17:03:23+00:00\",\"mainEntityOfPage\":{\"@id\":\"https:\\\/\\\/www.esplac.cat\\\/roda-de-premsa-de-presentacio-de-la-monifestat-2014\\\/\"},\"wordCount\":664,\"commentCount\":0,\"publisher\":{\"@id\":\"https:\\\/\\\/www.esplac.cat\\\/#organization\"},\"image\":{\"@id\":\"https:\\\/\\\/www.esplac.cat\\\/roda-de-premsa-de-presentacio-de-la-monifestat-2014\\\/#primaryimage\"},\"thumbnailUrl\":\"https:\\\/\\\/www.esplac.cat\\\/wp-content\\\/uploads\\\/2013\\\/02\\\/DSC08098.jpg\",\"keywords\":[\"educaci\u00f3\",\"monifesta't\",\"participaci\u00f3\",\"trobada de monitors\",\"voluntariat\"],\"articleSection\":[\"Activitats esplac\",\"Comunicats i posicionaments\"],\"inLanguage\":\"en-US\",\"potentialAction\":[{\"@type\":\"CommentAction\",\"name\":\"Comment\",\"target\":[\"https:\\\/\\\/www.esplac.cat\\\/roda-de-premsa-de-presentacio-de-la-monifestat-2014\\\/#respond\"]}]},{\"@type\":\"WebPage\",\"@id\":\"https:\\\/\\\/www.esplac.cat\\\/roda-de-premsa-de-presentacio-de-la-monifestat-2014\\\/\",\"url\":\"https:\\\/\\\/www.esplac.cat\\\/roda-de-premsa-de-presentacio-de-la-monifestat-2014\\\/\",\"name\":\"Roda de premsa de presentaci\u00f3 de la Monifesta't 2014 - Esplac\",\"isPartOf\":{\"@id\":\"https:\\\/\\\/www.esplac.cat\\\/#website\"},\"primaryImageOfPage\":{\"@id\":\"https:\\\/\\\/www.esplac.cat\\\/roda-de-premsa-de-presentacio-de-la-monifestat-2014\\\/#primaryimage\"},\"image\":{\"@id\":\"https:\\\/\\\/www.esplac.cat\\\/roda-de-premsa-de-presentacio-de-la-monifestat-2014\\\/#primaryimage\"},\"thumbnailUrl\":\"https:\\\/\\\/www.esplac.cat\\\/wp-content\\\/uploads\\\/2013\\\/02\\\/DSC08098.jpg\",\"datePublished\":\"2014-04-25T17:03:23+00:00\",\"breadcrumb\":{\"@id\":\"https:\\\/\\\/www.esplac.cat\\\/roda-de-premsa-de-presentacio-de-la-monifestat-2014\\\/#breadcrumb\"},\"inLanguage\":\"en-US\",\"potentialAction\":[{\"@type\":\"ReadAction\",\"target\":[\"https:\\\/\\\/www.esplac.cat\\\/roda-de-premsa-de-presentacio-de-la-monifestat-2014\\\/\"]}]},{\"@type\":\"ImageObject\",\"inLanguage\":\"en-US\",\"@id\":\"https:\\\/\\\/www.esplac.cat\\\/roda-de-premsa-de-presentacio-de-la-monifestat-2014\\\/#primaryimage\",\"url\":\"https:\\\/\\\/www.esplac.cat\\\/wp-content\\\/uploads\\\/2013\\\/02\\\/DSC08098.jpg\",\"contentUrl\":\"https:\\\/\\\/www.esplac.cat\\\/wp-content\\\/uploads\\\/2013\\\/02\\\/DSC08098.jpg\",\"width\":3872,\"height\":2176},{\"@type\":\"BreadcrumbList\",\"@id\":\"https:\\\/\\\/www.esplac.cat\\\/roda-de-premsa-de-presentacio-de-la-monifestat-2014\\\/#breadcrumb\",\"itemListElement\":[{\"@type\":\"ListItem\",\"position\":1,\"name\":\"Inici\",\"item\":\"https:\\\/\\\/www.esplac.cat\\\/en\\\/\"},{\"@type\":\"ListItem\",\"position\":2,\"name\":\"Roda de premsa de presentaci\u00f3 de la Monifesta&#8217;t 2014\"}]},{\"@type\":\"WebSite\",\"@id\":\"https:\\\/\\\/www.esplac.cat\\\/#website\",\"url\":\"https:\\\/\\\/www.esplac.cat\\\/\",\"name\":\"Esplac\",\"description\":\"Esplais Catalans\",\"publisher\":{\"@id\":\"https:\\\/\\\/www.esplac.cat\\\/#organization\"},\"potentialAction\":[{\"@type\":\"SearchAction\",\"target\":{\"@type\":\"EntryPoint\",\"urlTemplate\":\"https:\\\/\\\/www.esplac.cat\\\/?s={search_term_string}\"},\"query-input\":{\"@type\":\"PropertyValueSpecification\",\"valueRequired\":true,\"valueName\":\"search_term_string\"}}],\"inLanguage\":\"en-US\"},{\"@type\":\"Organization\",\"@id\":\"https:\\\/\\\/www.esplac.cat\\\/#organization\",\"name\":\"Esplac\",\"url\":\"https:\\\/\\\/www.esplac.cat\\\/\",\"logo\":{\"@type\":\"ImageObject\",\"inLanguage\":\"en-US\",\"@id\":\"https:\\\/\\\/www.esplac.cat\\\/#\\\/schema\\\/logo\\\/image\\\/\",\"url\":\"https:\\\/\\\/www.esplac.cat\\\/wp-content\\\/uploads\\\/2019\\\/08\\\/logox2.png\",\"contentUrl\":\"https:\\\/\\\/www.esplac.cat\\\/wp-content\\\/uploads\\\/2019\\\/08\\\/logox2.png\",\"width\":600,\"height\":295,\"caption\":\"Esplac\"},\"image\":{\"@id\":\"https:\\\/\\\/www.esplac.cat\\\/#\\\/schema\\\/logo\\\/image\\\/\"}},{\"@type\":\"Person\",\"@id\":\"https:\\\/\\\/www.esplac.cat\\\/#\\\/schema\\\/person\\\/908383cf240be18b68f8855d0583faca\",\"name\":\"Comunicaci\u00f3 Esplac\",\"image\":{\"@type\":\"ImageObject\",\"inLanguage\":\"en-US\",\"@id\":\"https:\\\/\\\/secure.gravatar.com\\\/avatar\\\/7a4cf8feb412a76ea4a740ca02d95b06b2907b5a6c648c2dd0a1082a093c3141?s=96&d=mm&r=g\",\"url\":\"https:\\\/\\\/secure.gravatar.com\\\/avatar\\\/7a4cf8feb412a76ea4a740ca02d95b06b2907b5a6c648c2dd0a1082a093c3141?s=96&d=mm&r=g\",\"contentUrl\":\"https:\\\/\\\/secure.gravatar.com\\\/avatar\\\/7a4cf8feb412a76ea4a740ca02d95b06b2907b5a6c648c2dd0a1082a093c3141?s=96&d=mm&r=g\",\"caption\":\"Comunicaci\u00f3 Esplac\"}}]}<\/script>\n<!-- \/ Yoast SEO plugin. -->","yoast_head_json":{"title":"Roda de premsa de presentaci\u00f3 de la Monifesta't 2014 - Esplac","robots":{"index":"index","follow":"follow","max-snippet":"max-snippet:-1","max-image-preview":"max-image-preview:large","max-video-preview":"max-video-preview:-1"},"canonical":"https:\/\/www.esplac.cat\/roda-de-premsa-de-presentacio-de-la-monifestat-2014\/","og_locale":"en_US","og_type":"article","og_title":"Roda de premsa de presentaci\u00f3 de la Monifesta't 2014 - Esplac","og_description":"&#8220;Els monitors i monitores som joves voluntaris que eduquem i [&hellip;]","og_url":"https:\/\/www.esplac.cat\/roda-de-premsa-de-presentacio-de-la-monifestat-2014\/","og_site_name":"Esplac","article_published_time":"2014-04-25T17:03:23+00:00","og_image":[{"width":3872,"height":2176,"url":"https:\/\/www.esplac.cat\/wp-content\/uploads\/2013\/02\/DSC08098.jpg","type":"image\/jpeg"}],"author":"Comunicaci\u00f3 Esplac","twitter_card":"summary_large_image","twitter_misc":{"Written by":"Comunicaci\u00f3 Esplac","Est. reading time":"3 minutes"},"schema":{"@context":"https:\/\/schema.org","@graph":[{"@type":"Article","@id":"https:\/\/www.esplac.cat\/roda-de-premsa-de-presentacio-de-la-monifestat-2014\/#article","isPartOf":{"@id":"https:\/\/www.esplac.cat\/roda-de-premsa-de-presentacio-de-la-monifestat-2014\/"},"author":{"name":"Comunicaci\u00f3 Esplac","@id":"https:\/\/www.esplac.cat\/#\/schema\/person\/908383cf240be18b68f8855d0583faca"},"headline":"Roda de premsa de presentaci\u00f3 de la Monifesta&#8217;t 2014","datePublished":"2014-04-25T17:03:23+00:00","mainEntityOfPage":{"@id":"https:\/\/www.esplac.cat\/roda-de-premsa-de-presentacio-de-la-monifestat-2014\/"},"wordCount":664,"commentCount":0,"publisher":{"@id":"https:\/\/www.esplac.cat\/#organization"},"image":{"@id":"https:\/\/www.esplac.cat\/roda-de-premsa-de-presentacio-de-la-monifestat-2014\/#primaryimage"},"thumbnailUrl":"https:\/\/www.esplac.cat\/wp-content\/uploads\/2013\/02\/DSC08098.jpg","keywords":["educaci\u00f3","monifesta't","participaci\u00f3","trobada de monitors","voluntariat"],"articleSection":["Activitats esplac","Comunicats i posicionaments"],"inLanguage":"en-US","potentialAction":[{"@type":"CommentAction","name":"Comment","target":["https:\/\/www.esplac.cat\/roda-de-premsa-de-presentacio-de-la-monifestat-2014\/#respond"]}]},{"@type":"WebPage","@id":"https:\/\/www.esplac.cat\/roda-de-premsa-de-presentacio-de-la-monifestat-2014\/","url":"https:\/\/www.esplac.cat\/roda-de-premsa-de-presentacio-de-la-monifestat-2014\/","name":"Roda de premsa de presentaci\u00f3 de la Monifesta't 2014 - Esplac","isPartOf":{"@id":"https:\/\/www.esplac.cat\/#website"},"primaryImageOfPage":{"@id":"https:\/\/www.esplac.cat\/roda-de-premsa-de-presentacio-de-la-monifestat-2014\/#primaryimage"},"image":{"@id":"https:\/\/www.esplac.cat\/roda-de-premsa-de-presentacio-de-la-monifestat-2014\/#primaryimage"},"thumbnailUrl":"https:\/\/www.esplac.cat\/wp-content\/uploads\/2013\/02\/DSC08098.jpg","datePublished":"2014-04-25T17:03:23+00:00","breadcrumb":{"@id":"https:\/\/www.esplac.cat\/roda-de-premsa-de-presentacio-de-la-monifestat-2014\/#breadcrumb"},"inLanguage":"en-US","potentialAction":[{"@type":"ReadAction","target":["https:\/\/www.esplac.cat\/roda-de-premsa-de-presentacio-de-la-monifestat-2014\/"]}]},{"@type":"ImageObject","inLanguage":"en-US","@id":"https:\/\/www.esplac.cat\/roda-de-premsa-de-presentacio-de-la-monifestat-2014\/#primaryimage","url":"https:\/\/www.esplac.cat\/wp-content\/uploads\/2013\/02\/DSC08098.jpg","contentUrl":"https:\/\/www.esplac.cat\/wp-content\/uploads\/2013\/02\/DSC08098.jpg","width":3872,"height":2176},{"@type":"BreadcrumbList","@id":"https:\/\/www.esplac.cat\/roda-de-premsa-de-presentacio-de-la-monifestat-2014\/#breadcrumb","itemListElement":[{"@type":"ListItem","position":1,"name":"Inici","item":"https:\/\/www.esplac.cat\/en\/"},{"@type":"ListItem","position":2,"name":"Roda de premsa de presentaci\u00f3 de la Monifesta&#8217;t 2014"}]},{"@type":"WebSite","@id":"https:\/\/www.esplac.cat\/#website","url":"https:\/\/www.esplac.cat\/","name":"Esplac","description":"Esplais Catalans","publisher":{"@id":"https:\/\/www.esplac.cat\/#organization"},"potentialAction":[{"@type":"SearchAction","target":{"@type":"EntryPoint","urlTemplate":"https:\/\/www.esplac.cat\/?s={search_term_string}"},"query-input":{"@type":"PropertyValueSpecification","valueRequired":true,"valueName":"search_term_string"}}],"inLanguage":"en-US"},{"@type":"Organization","@id":"https:\/\/www.esplac.cat\/#organization","name":"Esplac","url":"https:\/\/www.esplac.cat\/","logo":{"@type":"ImageObject","inLanguage":"en-US","@id":"https:\/\/www.esplac.cat\/#\/schema\/logo\/image\/","url":"https:\/\/www.esplac.cat\/wp-content\/uploads\/2019\/08\/logox2.png","contentUrl":"https:\/\/www.esplac.cat\/wp-content\/uploads\/2019\/08\/logox2.png","width":600,"height":295,"caption":"Esplac"},"image":{"@id":"https:\/\/www.esplac.cat\/#\/schema\/logo\/image\/"}},{"@type":"Person","@id":"https:\/\/www.esplac.cat\/#\/schema\/person\/908383cf240be18b68f8855d0583faca","name":"Comunicaci\u00f3 Esplac","image":{"@type":"ImageObject","inLanguage":"en-US","@id":"https:\/\/secure.gravatar.com\/avatar\/7a4cf8feb412a76ea4a740ca02d95b06b2907b5a6c648c2dd0a1082a093c3141?s=96&d=mm&r=g","url":"https:\/\/secure.gravatar.com\/avatar\/7a4cf8feb412a76ea4a740ca02d95b06b2907b5a6c648c2dd0a1082a093c3141?s=96&d=mm&r=g","contentUrl":"https:\/\/secure.gravatar.com\/avatar\/7a4cf8feb412a76ea4a740ca02d95b06b2907b5a6c648c2dd0a1082a093c3141?s=96&d=mm&r=g","caption":"Comunicaci\u00f3 Esplac"}}]}},"_links":{"self":[{"href":"https:\/\/www.esplac.cat\/en\/wp-json\/wp\/v2\/posts\/25778","targetHints":{"allow":["GET"]}}],"collection":[{"href":"https:\/\/www.esplac.cat\/en\/wp-json\/wp\/v2\/posts"}],"about":[{"href":"https:\/\/www.esplac.cat\/en\/wp-json\/wp\/v2\/types\/post"}],"author":[{"embeddable":true,"href":"https:\/\/www.esplac.cat\/en\/wp-json\/wp\/v2\/users\/3"}],"replies":[{"embeddable":true,"href":"https:\/\/www.esplac.cat\/en\/wp-json\/wp\/v2\/comments?post=25778"}],"version-history":[{"count":0,"href":"https:\/\/www.esplac.cat\/en\/wp-json\/wp\/v2\/posts\/25778\/revisions"}],"wp:featuredmedia":[{"embeddable":true,"href":"https:\/\/www.esplac.cat\/en\/wp-json\/wp\/v2\/media\/25628"}],"wp:attachment":[{"href":"https:\/\/www.esplac.cat\/en\/wp-json\/wp\/v2\/media?parent=25778"}],"wp:term":[{"taxonomy":"category","embeddable":true,"href":"https:\/\/www.esplac.cat\/en\/wp-json\/wp\/v2\/categories?post=25778"},{"taxonomy":"post_tag","embeddable":true,"href":"https:\/\/www.esplac.cat\/en\/wp-json\/wp\/v2\/tags?post=25778"}],"curies":[{"name":"wp","href":"https:\/\/api.w.org\/{rel}","templated":true}]}}