{"id":25780,"date":"2014-04-15T15:40:37","date_gmt":"2014-04-15T13:40:37","guid":{"rendered":"http:\/\/esplac.cat\/?p=5001"},"modified":"2014-04-15T15:40:37","modified_gmt":"2014-04-15T13:40:37","slug":"1660-infants-750-monis-participen-activitats-primavera-esplais","status":"publish","type":"post","link":"https:\/\/www.esplac.cat\/en\/1660-infants-750-monis-participen-activitats-primavera-esplais\/","title":{"rendered":"M\u00e9s de 1660 infants i 750 monis participen a les activitats de primavera"},"content":{"rendered":"<p><!--:CA--><\/p>\n<h1 style=\"text-align: center;\" dir=\"ltr\">M\u00e9s de 1660 infants i 750 monitors i monitores participen a les activitats de primavera dels esplais<\/h1>\n<h4 dir=\"ltr\"><strong>Enguany 42 esplais d\u2019arreu de Catalunya han preparat 62 activitats de col\u00f2nies, campaments i rutes per aquestes vacances de primavera.<\/strong><\/h4>\n<p dir=\"ltr\">Les activitats de vacances s\u00f3n un dels moments m\u00e9s esperats en el curs dels esplais. Les col\u00f2nies, campaments i rutes donen continu\u00eftat a la tasca educativa feta durant cada dissabte i ens permeten treballar de manera intensa i vivencial convivint plegats a la natura.<\/p>\n<p dir=\"ltr\">Les monitores i monitors de cada esplai preparen i dinamitzen els campaments, col\u00f2nies o rutes d\u2019acord amb el seu projecte educatiu i les necessitats dels seus infants i joves. S\u00f3n un context en el qual es treballen diferents valors com l\u2019autonomia personal, el treball en equip, la conviv\u00e8ncia i el treball en valors com ara el consum responsable, la solidaritat, la cooperaci\u00f3, el respecte i el coneixement de la natura.<\/p>\n<ul>\n<li><strong>Creixement de la participaci\u00f3 en les activitats de vacances dels esplais<\/strong><\/li>\n<\/ul>\n<p dir=\"ltr\">Les activitats de vacances s\u00f3n un fet consolidat en els esplais. La tradici\u00f3 de fer campaments col\u00f2nies i rutes \u00e9s llarga i, a m\u00e9s a m\u00e9s, any rere any el nombre d\u2019activitats i de participants va en augment. Com explic\u00e0vem a l\u2019article <a href=\"http:\/\/www.somesplai.cat\/2013\/06\/25\/esplais-fem-estiu\/\">Els esplais fem l\u2019estiu<\/a>, el passat estiu les activitats dels esplais van cr\u00e8ixer un 11,5% en nombre d\u2019infants i un 12,8% en nombre de monitors i monitores respecte el 2012.<\/p>\n<ul>\n<li><strong>Els esplais, associacionisme educatiu amb valor afegit<\/strong><\/li>\n<\/ul>\n<p dir=\"ltr\">Els esplais som associacions que eduquem infants i joves jugant, fent excursions i activitats, d\u2019acord amb un projecte educatiu i un ideari que ens serveixen de full de ruta. Eduquem en la llibertat, el pluralisme i la toler\u00e0ncia posant la la\u00efcitat en l\u2019eix de la nostra proposta pedag\u00f2gica. Fem una educaci\u00f3 integral per desenvolupar els coneixements, les habilitats i actituds necess\u00e0ries per a una societat de drets i llibertats.<\/p>\n<p dir=\"ltr\">El lideratge dels esplais recau en els monitors i monitores, joves voluntaris que destinen el seu temps lliure a la tasca educativa de l\u2019esplai i a organitzar l\u2019associaci\u00f3. L&#8217;u\u0301ltim <a href=\"http:\/\/esplac.cat\/laportacio-que-les-monitores-i-monitors-dels-esplais-catalans-fan-des-del-voluntariat-correspondria-a-mes-de-48-milions-deuros-anuals\/\">estudi de la Fundacio\u0301 Francesc Ferrer i Gua\u0300rdia sobre la realitat dels Esplais Catalans<\/a>, destacava les me\u0301s de 7 hores de mitjana que un monitor o una monitora dedica a l\u2019esplai volunta\u0300riament, que suposen un total de 365 hores de voluntariat. Tambe\u0301 exposava que, tot i que la participacio\u0301 volunta\u0300ria i la implicacio\u0301 dels i de les joves so\u0301n fets que no es poden quantificar econo\u0300micament, el PIB ocult que s\u2019obtindria de remunerar les activitats ordina\u0300ries que realitzen els esplais seria de me\u0301s de 4,8 milions d\u2019euros anuals. Aquestes so\u0301n xifres que posen de manifest la gran dedicacio\u0301 i la importa\u0300ncia de la tasca dels monitors i les monitores en termes econo\u0300mics i que creiem que cal fer visible.<\/p>\n<ul>\n<li><strong>Esplais Catalans, enfortir els esplais \u00e9s la nostra ra\u00f3 de ser<\/strong><\/li>\n<\/ul>\n<p dir=\"ltr\">Esplais Catalans som una associaci\u00f3 d\u2019esplais laica i progressista que treballem des del voluntariat per a la transformaci\u00f3 social, mitjan\u00e7ant l\u2019educaci\u00f3 en drets dels infants. L\u2019enfortiment dels esplais \u00e9s la nostra ra\u00f3 de ser. Actualment formem Esplais Catalans 107 esplais situats en 64 poblacions catalanes, agrupant a 6200 infants i m\u00e9s de 1500 monitors i monitores .<\/p>\n<p dir=\"ltr\"><strong>Fotografia:<\/strong> Col\u00f2nies de l&#8217;Esplai Matinada-P\u00f2rtics<\/p>\n<p><!--:--><!--:es-->&nbsp;<\/p>\n<p><!--:--><!--:en-->&nbsp;<\/p>\n<p><!--:--><!--:fr-->&nbsp;<\/p>\n<p><!--:--><\/p>\n","protected":false},"excerpt":{"rendered":"<p>M\u00e9s de 1660 infants i 750 monitors i monitores participen [&hellip;]<\/p>\n","protected":false},"author":3,"featured_media":25604,"comment_status":"open","ping_status":"open","sticky":false,"template":"","format":"standard","meta":{"om_disable_all_campaigns":false,"_monsterinsights_skip_tracking":false,"_monsterinsights_sitenote_active":false,"_monsterinsights_sitenote_note":"","_monsterinsights_sitenote_category":0,"_uf_show_specific_survey":0,"_uf_disable_surveys":false,"footnotes":""},"categories":[1127],"tags":[103,53,104,40,115],"class_list":["post-25780","post","type-post","status-publish","format-standard","has-post-thumbnail","hentry","category-comunicats-posicionaments","tag-activitats-primavera","tag-campaments","tag-colonies","tag-participacio","tag-rutes"],"yoast_head":"<!-- This site is optimized with the Yoast SEO plugin v27.4 - https:\/\/yoast.com\/product\/yoast-seo-wordpress\/ -->\n<title>M\u00e9s de 1660 infants i 750 monis participen a les activitats de primavera - Esplac<\/title>\n<meta name=\"robots\" content=\"index, follow, max-snippet:-1, max-image-preview:large, max-video-preview:-1\" \/>\n<link rel=\"canonical\" href=\"https:\/\/www.esplac.cat\/1660-infants-750-monis-participen-activitats-primavera-esplais\/\" \/>\n<meta property=\"og:locale\" content=\"en_US\" \/>\n<meta property=\"og:type\" content=\"article\" \/>\n<meta property=\"og:title\" content=\"M\u00e9s de 1660 infants i 750 monis participen a les activitats de primavera - Esplac\" \/>\n<meta property=\"og:description\" content=\"M\u00e9s de 1660 infants i 750 monitors i monitores participen [&hellip;]\" \/>\n<meta property=\"og:url\" content=\"https:\/\/www.esplac.cat\/1660-infants-750-monis-participen-activitats-primavera-esplais\/\" \/>\n<meta property=\"og:site_name\" content=\"Esplac\" \/>\n<meta property=\"article:published_time\" content=\"2014-04-15T13:40:37+00:00\" \/>\n<meta property=\"og:image\" content=\"https:\/\/www.esplac.cat\/wp-content\/uploads\/2013\/02\/DSC08123-1024x575.jpg\" \/>\n\t<meta property=\"og:image:width\" content=\"1024\" \/>\n\t<meta property=\"og:image:height\" content=\"575\" \/>\n\t<meta property=\"og:image:type\" content=\"image\/jpeg\" \/>\n<meta name=\"author\" content=\"Comunicaci\u00f3 Esplac\" \/>\n<meta name=\"twitter:card\" content=\"summary_large_image\" \/>\n<meta name=\"twitter:label1\" content=\"Written by\" \/>\n\t<meta name=\"twitter:data1\" content=\"Comunicaci\u00f3 Esplac\" \/>\n\t<meta name=\"twitter:label2\" content=\"Est. reading time\" \/>\n\t<meta name=\"twitter:data2\" content=\"3 minutes\" \/>\n<script type=\"application\/ld+json\" class=\"yoast-schema-graph\">{\"@context\":\"https:\\\/\\\/schema.org\",\"@graph\":[{\"@type\":\"Article\",\"@id\":\"https:\\\/\\\/www.esplac.cat\\\/1660-infants-750-monis-participen-activitats-primavera-esplais\\\/#article\",\"isPartOf\":{\"@id\":\"https:\\\/\\\/www.esplac.cat\\\/1660-infants-750-monis-participen-activitats-primavera-esplais\\\/\"},\"author\":{\"name\":\"Comunicaci\u00f3 Esplac\",\"@id\":\"https:\\\/\\\/www.esplac.cat\\\/#\\\/schema\\\/person\\\/908383cf240be18b68f8855d0583faca\"},\"headline\":\"M\u00e9s de 1660 infants i 750 monis participen a les activitats de primavera\",\"datePublished\":\"2014-04-15T13:40:37+00:00\",\"mainEntityOfPage\":{\"@id\":\"https:\\\/\\\/www.esplac.cat\\\/1660-infants-750-monis-participen-activitats-primavera-esplais\\\/\"},\"wordCount\":585,\"commentCount\":0,\"publisher\":{\"@id\":\"https:\\\/\\\/www.esplac.cat\\\/#organization\"},\"image\":{\"@id\":\"https:\\\/\\\/www.esplac.cat\\\/1660-infants-750-monis-participen-activitats-primavera-esplais\\\/#primaryimage\"},\"thumbnailUrl\":\"https:\\\/\\\/www.esplac.cat\\\/wp-content\\\/uploads\\\/2013\\\/02\\\/DSC08123.jpg\",\"keywords\":[\"activitats primavera\",\"campaments\",\"colonies\",\"participaci\u00f3\",\"rutes\"],\"articleSection\":[\"Comunicats i posicionaments\"],\"inLanguage\":\"en-US\",\"potentialAction\":[{\"@type\":\"CommentAction\",\"name\":\"Comment\",\"target\":[\"https:\\\/\\\/www.esplac.cat\\\/1660-infants-750-monis-participen-activitats-primavera-esplais\\\/#respond\"]}]},{\"@type\":\"WebPage\",\"@id\":\"https:\\\/\\\/www.esplac.cat\\\/1660-infants-750-monis-participen-activitats-primavera-esplais\\\/\",\"url\":\"https:\\\/\\\/www.esplac.cat\\\/1660-infants-750-monis-participen-activitats-primavera-esplais\\\/\",\"name\":\"M\u00e9s de 1660 infants i 750 monis participen a les activitats de primavera - Esplac\",\"isPartOf\":{\"@id\":\"https:\\\/\\\/www.esplac.cat\\\/#website\"},\"primaryImageOfPage\":{\"@id\":\"https:\\\/\\\/www.esplac.cat\\\/1660-infants-750-monis-participen-activitats-primavera-esplais\\\/#primaryimage\"},\"image\":{\"@id\":\"https:\\\/\\\/www.esplac.cat\\\/1660-infants-750-monis-participen-activitats-primavera-esplais\\\/#primaryimage\"},\"thumbnailUrl\":\"https:\\\/\\\/www.esplac.cat\\\/wp-content\\\/uploads\\\/2013\\\/02\\\/DSC08123.jpg\",\"datePublished\":\"2014-04-15T13:40:37+00:00\",\"breadcrumb\":{\"@id\":\"https:\\\/\\\/www.esplac.cat\\\/1660-infants-750-monis-participen-activitats-primavera-esplais\\\/#breadcrumb\"},\"inLanguage\":\"en-US\",\"potentialAction\":[{\"@type\":\"ReadAction\",\"target\":[\"https:\\\/\\\/www.esplac.cat\\\/1660-infants-750-monis-participen-activitats-primavera-esplais\\\/\"]}]},{\"@type\":\"ImageObject\",\"inLanguage\":\"en-US\",\"@id\":\"https:\\\/\\\/www.esplac.cat\\\/1660-infants-750-monis-participen-activitats-primavera-esplais\\\/#primaryimage\",\"url\":\"https:\\\/\\\/www.esplac.cat\\\/wp-content\\\/uploads\\\/2013\\\/02\\\/DSC08123.jpg\",\"contentUrl\":\"https:\\\/\\\/www.esplac.cat\\\/wp-content\\\/uploads\\\/2013\\\/02\\\/DSC08123.jpg\",\"width\":3872,\"height\":2176},{\"@type\":\"BreadcrumbList\",\"@id\":\"https:\\\/\\\/www.esplac.cat\\\/1660-infants-750-monis-participen-activitats-primavera-esplais\\\/#breadcrumb\",\"itemListElement\":[{\"@type\":\"ListItem\",\"position\":1,\"name\":\"Inici\",\"item\":\"https:\\\/\\\/www.esplac.cat\\\/en\\\/\"},{\"@type\":\"ListItem\",\"position\":2,\"name\":\"M\u00e9s de 1660 infants i 750 monis participen a les activitats de primavera\"}]},{\"@type\":\"WebSite\",\"@id\":\"https:\\\/\\\/www.esplac.cat\\\/#website\",\"url\":\"https:\\\/\\\/www.esplac.cat\\\/\",\"name\":\"Esplac\",\"description\":\"Esplais Catalans\",\"publisher\":{\"@id\":\"https:\\\/\\\/www.esplac.cat\\\/#organization\"},\"potentialAction\":[{\"@type\":\"SearchAction\",\"target\":{\"@type\":\"EntryPoint\",\"urlTemplate\":\"https:\\\/\\\/www.esplac.cat\\\/?s={search_term_string}\"},\"query-input\":{\"@type\":\"PropertyValueSpecification\",\"valueRequired\":true,\"valueName\":\"search_term_string\"}}],\"inLanguage\":\"en-US\"},{\"@type\":\"Organization\",\"@id\":\"https:\\\/\\\/www.esplac.cat\\\/#organization\",\"name\":\"Esplac\",\"url\":\"https:\\\/\\\/www.esplac.cat\\\/\",\"logo\":{\"@type\":\"ImageObject\",\"inLanguage\":\"en-US\",\"@id\":\"https:\\\/\\\/www.esplac.cat\\\/#\\\/schema\\\/logo\\\/image\\\/\",\"url\":\"https:\\\/\\\/www.esplac.cat\\\/wp-content\\\/uploads\\\/2019\\\/08\\\/logox2.png\",\"contentUrl\":\"https:\\\/\\\/www.esplac.cat\\\/wp-content\\\/uploads\\\/2019\\\/08\\\/logox2.png\",\"width\":600,\"height\":295,\"caption\":\"Esplac\"},\"image\":{\"@id\":\"https:\\\/\\\/www.esplac.cat\\\/#\\\/schema\\\/logo\\\/image\\\/\"}},{\"@type\":\"Person\",\"@id\":\"https:\\\/\\\/www.esplac.cat\\\/#\\\/schema\\\/person\\\/908383cf240be18b68f8855d0583faca\",\"name\":\"Comunicaci\u00f3 Esplac\",\"image\":{\"@type\":\"ImageObject\",\"inLanguage\":\"en-US\",\"@id\":\"https:\\\/\\\/secure.gravatar.com\\\/avatar\\\/7a4cf8feb412a76ea4a740ca02d95b06b2907b5a6c648c2dd0a1082a093c3141?s=96&d=mm&r=g\",\"url\":\"https:\\\/\\\/secure.gravatar.com\\\/avatar\\\/7a4cf8feb412a76ea4a740ca02d95b06b2907b5a6c648c2dd0a1082a093c3141?s=96&d=mm&r=g\",\"contentUrl\":\"https:\\\/\\\/secure.gravatar.com\\\/avatar\\\/7a4cf8feb412a76ea4a740ca02d95b06b2907b5a6c648c2dd0a1082a093c3141?s=96&d=mm&r=g\",\"caption\":\"Comunicaci\u00f3 Esplac\"}}]}<\/script>\n<!-- \/ Yoast SEO plugin. -->","yoast_head_json":{"title":"M\u00e9s de 1660 infants i 750 monis participen a les activitats de primavera - Esplac","robots":{"index":"index","follow":"follow","max-snippet":"max-snippet:-1","max-image-preview":"max-image-preview:large","max-video-preview":"max-video-preview:-1"},"canonical":"https:\/\/www.esplac.cat\/1660-infants-750-monis-participen-activitats-primavera-esplais\/","og_locale":"en_US","og_type":"article","og_title":"M\u00e9s de 1660 infants i 750 monis participen a les activitats de primavera - Esplac","og_description":"M\u00e9s de 1660 infants i 750 monitors i monitores participen [&hellip;]","og_url":"https:\/\/www.esplac.cat\/1660-infants-750-monis-participen-activitats-primavera-esplais\/","og_site_name":"Esplac","article_published_time":"2014-04-15T13:40:37+00:00","og_image":[{"width":1024,"height":575,"url":"https:\/\/www.esplac.cat\/wp-content\/uploads\/2013\/02\/DSC08123-1024x575.jpg","type":"image\/jpeg"}],"author":"Comunicaci\u00f3 Esplac","twitter_card":"summary_large_image","twitter_misc":{"Written by":"Comunicaci\u00f3 Esplac","Est. reading time":"3 minutes"},"schema":{"@context":"https:\/\/schema.org","@graph":[{"@type":"Article","@id":"https:\/\/www.esplac.cat\/1660-infants-750-monis-participen-activitats-primavera-esplais\/#article","isPartOf":{"@id":"https:\/\/www.esplac.cat\/1660-infants-750-monis-participen-activitats-primavera-esplais\/"},"author":{"name":"Comunicaci\u00f3 Esplac","@id":"https:\/\/www.esplac.cat\/#\/schema\/person\/908383cf240be18b68f8855d0583faca"},"headline":"M\u00e9s de 1660 infants i 750 monis participen a les activitats de primavera","datePublished":"2014-04-15T13:40:37+00:00","mainEntityOfPage":{"@id":"https:\/\/www.esplac.cat\/1660-infants-750-monis-participen-activitats-primavera-esplais\/"},"wordCount":585,"commentCount":0,"publisher":{"@id":"https:\/\/www.esplac.cat\/#organization"},"image":{"@id":"https:\/\/www.esplac.cat\/1660-infants-750-monis-participen-activitats-primavera-esplais\/#primaryimage"},"thumbnailUrl":"https:\/\/www.esplac.cat\/wp-content\/uploads\/2013\/02\/DSC08123.jpg","keywords":["activitats primavera","campaments","colonies","participaci\u00f3","rutes"],"articleSection":["Comunicats i posicionaments"],"inLanguage":"en-US","potentialAction":[{"@type":"CommentAction","name":"Comment","target":["https:\/\/www.esplac.cat\/1660-infants-750-monis-participen-activitats-primavera-esplais\/#respond"]}]},{"@type":"WebPage","@id":"https:\/\/www.esplac.cat\/1660-infants-750-monis-participen-activitats-primavera-esplais\/","url":"https:\/\/www.esplac.cat\/1660-infants-750-monis-participen-activitats-primavera-esplais\/","name":"M\u00e9s de 1660 infants i 750 monis participen a les activitats de primavera - Esplac","isPartOf":{"@id":"https:\/\/www.esplac.cat\/#website"},"primaryImageOfPage":{"@id":"https:\/\/www.esplac.cat\/1660-infants-750-monis-participen-activitats-primavera-esplais\/#primaryimage"},"image":{"@id":"https:\/\/www.esplac.cat\/1660-infants-750-monis-participen-activitats-primavera-esplais\/#primaryimage"},"thumbnailUrl":"https:\/\/www.esplac.cat\/wp-content\/uploads\/2013\/02\/DSC08123.jpg","datePublished":"2014-04-15T13:40:37+00:00","breadcrumb":{"@id":"https:\/\/www.esplac.cat\/1660-infants-750-monis-participen-activitats-primavera-esplais\/#breadcrumb"},"inLanguage":"en-US","potentialAction":[{"@type":"ReadAction","target":["https:\/\/www.esplac.cat\/1660-infants-750-monis-participen-activitats-primavera-esplais\/"]}]},{"@type":"ImageObject","inLanguage":"en-US","@id":"https:\/\/www.esplac.cat\/1660-infants-750-monis-participen-activitats-primavera-esplais\/#primaryimage","url":"https:\/\/www.esplac.cat\/wp-content\/uploads\/2013\/02\/DSC08123.jpg","contentUrl":"https:\/\/www.esplac.cat\/wp-content\/uploads\/2013\/02\/DSC08123.jpg","width":3872,"height":2176},{"@type":"BreadcrumbList","@id":"https:\/\/www.esplac.cat\/1660-infants-750-monis-participen-activitats-primavera-esplais\/#breadcrumb","itemListElement":[{"@type":"ListItem","position":1,"name":"Inici","item":"https:\/\/www.esplac.cat\/en\/"},{"@type":"ListItem","position":2,"name":"M\u00e9s de 1660 infants i 750 monis participen a les activitats de primavera"}]},{"@type":"WebSite","@id":"https:\/\/www.esplac.cat\/#website","url":"https:\/\/www.esplac.cat\/","name":"Esplac","description":"Esplais Catalans","publisher":{"@id":"https:\/\/www.esplac.cat\/#organization"},"potentialAction":[{"@type":"SearchAction","target":{"@type":"EntryPoint","urlTemplate":"https:\/\/www.esplac.cat\/?s={search_term_string}"},"query-input":{"@type":"PropertyValueSpecification","valueRequired":true,"valueName":"search_term_string"}}],"inLanguage":"en-US"},{"@type":"Organization","@id":"https:\/\/www.esplac.cat\/#organization","name":"Esplac","url":"https:\/\/www.esplac.cat\/","logo":{"@type":"ImageObject","inLanguage":"en-US","@id":"https:\/\/www.esplac.cat\/#\/schema\/logo\/image\/","url":"https:\/\/www.esplac.cat\/wp-content\/uploads\/2019\/08\/logox2.png","contentUrl":"https:\/\/www.esplac.cat\/wp-content\/uploads\/2019\/08\/logox2.png","width":600,"height":295,"caption":"Esplac"},"image":{"@id":"https:\/\/www.esplac.cat\/#\/schema\/logo\/image\/"}},{"@type":"Person","@id":"https:\/\/www.esplac.cat\/#\/schema\/person\/908383cf240be18b68f8855d0583faca","name":"Comunicaci\u00f3 Esplac","image":{"@type":"ImageObject","inLanguage":"en-US","@id":"https:\/\/secure.gravatar.com\/avatar\/7a4cf8feb412a76ea4a740ca02d95b06b2907b5a6c648c2dd0a1082a093c3141?s=96&d=mm&r=g","url":"https:\/\/secure.gravatar.com\/avatar\/7a4cf8feb412a76ea4a740ca02d95b06b2907b5a6c648c2dd0a1082a093c3141?s=96&d=mm&r=g","contentUrl":"https:\/\/secure.gravatar.com\/avatar\/7a4cf8feb412a76ea4a740ca02d95b06b2907b5a6c648c2dd0a1082a093c3141?s=96&d=mm&r=g","caption":"Comunicaci\u00f3 Esplac"}}]}},"_links":{"self":[{"href":"https:\/\/www.esplac.cat\/en\/wp-json\/wp\/v2\/posts\/25780","targetHints":{"allow":["GET"]}}],"collection":[{"href":"https:\/\/www.esplac.cat\/en\/wp-json\/wp\/v2\/posts"}],"about":[{"href":"https:\/\/www.esplac.cat\/en\/wp-json\/wp\/v2\/types\/post"}],"author":[{"embeddable":true,"href":"https:\/\/www.esplac.cat\/en\/wp-json\/wp\/v2\/users\/3"}],"replies":[{"embeddable":true,"href":"https:\/\/www.esplac.cat\/en\/wp-json\/wp\/v2\/comments?post=25780"}],"version-history":[{"count":0,"href":"https:\/\/www.esplac.cat\/en\/wp-json\/wp\/v2\/posts\/25780\/revisions"}],"wp:featuredmedia":[{"embeddable":true,"href":"https:\/\/www.esplac.cat\/en\/wp-json\/wp\/v2\/media\/25604"}],"wp:attachment":[{"href":"https:\/\/www.esplac.cat\/en\/wp-json\/wp\/v2\/media?parent=25780"}],"wp:term":[{"taxonomy":"category","embeddable":true,"href":"https:\/\/www.esplac.cat\/en\/wp-json\/wp\/v2\/categories?post=25780"},{"taxonomy":"post_tag","embeddable":true,"href":"https:\/\/www.esplac.cat\/en\/wp-json\/wp\/v2\/tags?post=25780"}],"curies":[{"name":"wp","href":"https:\/\/api.w.org\/{rel}","templated":true}]}}