{"id":25783,"date":"2014-04-07T13:51:33","date_gmt":"2014-04-07T11:51:33","guid":{"rendered":"http:\/\/esplac.cat\/?p=4975"},"modified":"2014-04-07T13:51:33","modified_gmt":"2014-04-07T11:51:33","slug":"trobada-general-del-sector-penedes-garraf-2014","status":"publish","type":"post","link":"https:\/\/www.esplac.cat\/en\/trobada-general-del-sector-penedes-garraf-2014\/","title":{"rendered":"Trobada general del sector Pened\u00e8s-Garraf 2014"},"content":{"rendered":"<p><!--:CA--><\/p>\n<p style=\"text-align: left;\" align=\"justify\">Els grans i joves del sector han tingut l&#8217;oportunitat de trobar-se i compartir tot un cap de setmana ple d&#8217;activitats. Enguany hem tornat a celebrar aquesta trobada per edats durant el cap de setmana del 22 i 23 de mar\u00e7 a l&#8217;Arbo\u00e7.<\/p>\n<p style=\"text-align: left;\" align=\"justify\">I perqu\u00e8 a l&#8217;Arbo\u00e7? Ho vam tenir ben clar! Hi pod\u00edem arribar en transport p\u00fablic i aix\u00ed, durant dos dies, ompl\u00edem el lloc d&#8217;infants i alegria d&#8217;esplai en una poblaci\u00f3 propera i sense cap esplai del sector.<\/p>\n<p style=\"text-align: left;\" align=\"justify\">Estem ben contents i contentes d&#8217;explicar-vos que aquesta trobada va reunir m\u00e9s de 100 infants i 25 monitors i monitores dels esplais GEM, GER, Zig-Zag, MIV i Drac M\u00e0gic. Ep! I \u00e9s que som ben grans!<\/p>\n<p style=\"text-align: left;\" align=\"justify\">Les previsions meterol\u00f2giques, no gaire favorables per fer activitats a l&#8217;aire lliure, finalment no ens van fer gaire la guitza. Tot i aix\u00ed, ho ten\u00edem tot pensat per al pla B! Llocs a cobert cedits per entitats de la poblaci\u00f3, sostre on dormir sense aigua (ja que hav\u00edem d&#8217;acampar!)&#8230;<\/p>\n<p style=\"text-align: left;\" align=\"justify\">Totes les activitats, creades i pensades pels diferents esplais participants, van tenir el seu moment. Cal destacar que tamb\u00e9 vam comptar amb un espai de valoraci\u00f3 perqu\u00e8 els mateixos infants poguessin dir la seva sobre la trobada.<\/p>\n<p><!--:--><!--:es-->&nbsp;<\/p>\n<p><!--:--><!--:en-->&nbsp;<\/p>\n<p><!--:--><!--:fr-->&nbsp;<\/p>\n<p><!--:--><\/p>\n","protected":false},"excerpt":{"rendered":"<p>Els grans i joves del sector han tingut l&#8217;oportunitat de [&hellip;]<\/p>\n","protected":false},"author":3,"featured_media":0,"comment_status":"open","ping_status":"open","sticky":false,"template":"","format":"standard","meta":{"om_disable_all_campaigns":false,"_monsterinsights_skip_tracking":false,"_monsterinsights_sitenote_active":false,"_monsterinsights_sitenote_note":"","_monsterinsights_sitenote_category":0,"_uf_show_specific_survey":0,"_uf_disable_surveys":false,"footnotes":""},"categories":[1110,1123],"tags":[106,108],"class_list":["post-25783","post","type-post","status-publish","format-standard","hentry","category-activitats-sectors","category-sector-penedes-garraf-anoia","tag-sector-penedes-garraf","tag-trobada-general"],"yoast_head":"<!-- This site is optimized with the Yoast SEO plugin v27.4 - https:\/\/yoast.com\/product\/yoast-seo-wordpress\/ -->\n<title>Trobada general del sector Pened\u00e8s-Garraf 2014 - Esplac<\/title>\n<meta name=\"robots\" content=\"index, follow, max-snippet:-1, max-image-preview:large, max-video-preview:-1\" \/>\n<link rel=\"canonical\" href=\"https:\/\/www.esplac.cat\/trobada-general-del-sector-penedes-garraf-2014\/\" \/>\n<meta property=\"og:locale\" content=\"en_US\" \/>\n<meta property=\"og:type\" content=\"article\" \/>\n<meta property=\"og:title\" content=\"Trobada general del sector Pened\u00e8s-Garraf 2014 - Esplac\" \/>\n<meta property=\"og:description\" content=\"Els grans i joves del sector han tingut l&#8217;oportunitat de [&hellip;]\" \/>\n<meta property=\"og:url\" content=\"https:\/\/www.esplac.cat\/trobada-general-del-sector-penedes-garraf-2014\/\" \/>\n<meta property=\"og:site_name\" content=\"Esplac\" \/>\n<meta property=\"article:published_time\" content=\"2014-04-07T11:51:33+00:00\" \/>\n<meta property=\"og:image\" content=\"https:\/\/www.esplac.cat\/wp-content\/uploads\/2019\/11\/logo-open.jpg\" \/>\n\t<meta property=\"og:image:width\" content=\"1200\" \/>\n\t<meta property=\"og:image:height\" content=\"630\" \/>\n\t<meta property=\"og:image:type\" content=\"image\/jpeg\" \/>\n<meta name=\"author\" content=\"Comunicaci\u00f3 Esplac\" \/>\n<meta name=\"twitter:card\" content=\"summary_large_image\" \/>\n<meta name=\"twitter:label1\" content=\"Written by\" \/>\n\t<meta name=\"twitter:data1\" content=\"Comunicaci\u00f3 Esplac\" \/>\n\t<meta name=\"twitter:label2\" content=\"Est. reading time\" \/>\n\t<meta name=\"twitter:data2\" content=\"1 minute\" \/>\n<script type=\"application\/ld+json\" class=\"yoast-schema-graph\">{\"@context\":\"https:\\\/\\\/schema.org\",\"@graph\":[{\"@type\":\"Article\",\"@id\":\"https:\\\/\\\/www.esplac.cat\\\/trobada-general-del-sector-penedes-garraf-2014\\\/#article\",\"isPartOf\":{\"@id\":\"https:\\\/\\\/www.esplac.cat\\\/trobada-general-del-sector-penedes-garraf-2014\\\/\"},\"author\":{\"name\":\"Comunicaci\u00f3 Esplac\",\"@id\":\"https:\\\/\\\/www.esplac.cat\\\/#\\\/schema\\\/person\\\/908383cf240be18b68f8855d0583faca\"},\"headline\":\"Trobada general del sector Pened\u00e8s-Garraf 2014\",\"datePublished\":\"2014-04-07T11:51:33+00:00\",\"mainEntityOfPage\":{\"@id\":\"https:\\\/\\\/www.esplac.cat\\\/trobada-general-del-sector-penedes-garraf-2014\\\/\"},\"wordCount\":223,\"commentCount\":0,\"publisher\":{\"@id\":\"https:\\\/\\\/www.esplac.cat\\\/#organization\"},\"keywords\":[\"Sector Pened\u00e8s-Garraf\",\"trobada general\"],\"articleSection\":[\"Activitats sectors\",\"Sector Pened\u00e8s, Garraf i Anoia\"],\"inLanguage\":\"en-US\",\"potentialAction\":[{\"@type\":\"CommentAction\",\"name\":\"Comment\",\"target\":[\"https:\\\/\\\/www.esplac.cat\\\/trobada-general-del-sector-penedes-garraf-2014\\\/#respond\"]}]},{\"@type\":\"WebPage\",\"@id\":\"https:\\\/\\\/www.esplac.cat\\\/trobada-general-del-sector-penedes-garraf-2014\\\/\",\"url\":\"https:\\\/\\\/www.esplac.cat\\\/trobada-general-del-sector-penedes-garraf-2014\\\/\",\"name\":\"Trobada general del sector Pened\u00e8s-Garraf 2014 - Esplac\",\"isPartOf\":{\"@id\":\"https:\\\/\\\/www.esplac.cat\\\/#website\"},\"datePublished\":\"2014-04-07T11:51:33+00:00\",\"breadcrumb\":{\"@id\":\"https:\\\/\\\/www.esplac.cat\\\/trobada-general-del-sector-penedes-garraf-2014\\\/#breadcrumb\"},\"inLanguage\":\"en-US\",\"potentialAction\":[{\"@type\":\"ReadAction\",\"target\":[\"https:\\\/\\\/www.esplac.cat\\\/trobada-general-del-sector-penedes-garraf-2014\\\/\"]}]},{\"@type\":\"BreadcrumbList\",\"@id\":\"https:\\\/\\\/www.esplac.cat\\\/trobada-general-del-sector-penedes-garraf-2014\\\/#breadcrumb\",\"itemListElement\":[{\"@type\":\"ListItem\",\"position\":1,\"name\":\"Inici\",\"item\":\"https:\\\/\\\/www.esplac.cat\\\/en\\\/\"},{\"@type\":\"ListItem\",\"position\":2,\"name\":\"Trobada general del sector Pened\u00e8s-Garraf 2014\"}]},{\"@type\":\"WebSite\",\"@id\":\"https:\\\/\\\/www.esplac.cat\\\/#website\",\"url\":\"https:\\\/\\\/www.esplac.cat\\\/\",\"name\":\"Esplac\",\"description\":\"Esplais Catalans\",\"publisher\":{\"@id\":\"https:\\\/\\\/www.esplac.cat\\\/#organization\"},\"potentialAction\":[{\"@type\":\"SearchAction\",\"target\":{\"@type\":\"EntryPoint\",\"urlTemplate\":\"https:\\\/\\\/www.esplac.cat\\\/?s={search_term_string}\"},\"query-input\":{\"@type\":\"PropertyValueSpecification\",\"valueRequired\":true,\"valueName\":\"search_term_string\"}}],\"inLanguage\":\"en-US\"},{\"@type\":\"Organization\",\"@id\":\"https:\\\/\\\/www.esplac.cat\\\/#organization\",\"name\":\"Esplac\",\"url\":\"https:\\\/\\\/www.esplac.cat\\\/\",\"logo\":{\"@type\":\"ImageObject\",\"inLanguage\":\"en-US\",\"@id\":\"https:\\\/\\\/www.esplac.cat\\\/#\\\/schema\\\/logo\\\/image\\\/\",\"url\":\"https:\\\/\\\/www.esplac.cat\\\/wp-content\\\/uploads\\\/2019\\\/08\\\/logox2.png\",\"contentUrl\":\"https:\\\/\\\/www.esplac.cat\\\/wp-content\\\/uploads\\\/2019\\\/08\\\/logox2.png\",\"width\":600,\"height\":295,\"caption\":\"Esplac\"},\"image\":{\"@id\":\"https:\\\/\\\/www.esplac.cat\\\/#\\\/schema\\\/logo\\\/image\\\/\"}},{\"@type\":\"Person\",\"@id\":\"https:\\\/\\\/www.esplac.cat\\\/#\\\/schema\\\/person\\\/908383cf240be18b68f8855d0583faca\",\"name\":\"Comunicaci\u00f3 Esplac\",\"image\":{\"@type\":\"ImageObject\",\"inLanguage\":\"en-US\",\"@id\":\"https:\\\/\\\/secure.gravatar.com\\\/avatar\\\/7a4cf8feb412a76ea4a740ca02d95b06b2907b5a6c648c2dd0a1082a093c3141?s=96&d=mm&r=g\",\"url\":\"https:\\\/\\\/secure.gravatar.com\\\/avatar\\\/7a4cf8feb412a76ea4a740ca02d95b06b2907b5a6c648c2dd0a1082a093c3141?s=96&d=mm&r=g\",\"contentUrl\":\"https:\\\/\\\/secure.gravatar.com\\\/avatar\\\/7a4cf8feb412a76ea4a740ca02d95b06b2907b5a6c648c2dd0a1082a093c3141?s=96&d=mm&r=g\",\"caption\":\"Comunicaci\u00f3 Esplac\"}}]}<\/script>\n<!-- \/ Yoast SEO plugin. -->","yoast_head_json":{"title":"Trobada general del sector Pened\u00e8s-Garraf 2014 - Esplac","robots":{"index":"index","follow":"follow","max-snippet":"max-snippet:-1","max-image-preview":"max-image-preview:large","max-video-preview":"max-video-preview:-1"},"canonical":"https:\/\/www.esplac.cat\/trobada-general-del-sector-penedes-garraf-2014\/","og_locale":"en_US","og_type":"article","og_title":"Trobada general del sector Pened\u00e8s-Garraf 2014 - Esplac","og_description":"Els grans i joves del sector han tingut l&#8217;oportunitat de [&hellip;]","og_url":"https:\/\/www.esplac.cat\/trobada-general-del-sector-penedes-garraf-2014\/","og_site_name":"Esplac","article_published_time":"2014-04-07T11:51:33+00:00","og_image":[{"width":1200,"height":630,"url":"https:\/\/www.esplac.cat\/wp-content\/uploads\/2019\/11\/logo-open.jpg","type":"image\/jpeg"}],"author":"Comunicaci\u00f3 Esplac","twitter_card":"summary_large_image","twitter_misc":{"Written by":"Comunicaci\u00f3 Esplac","Est. reading time":"1 minute"},"schema":{"@context":"https:\/\/schema.org","@graph":[{"@type":"Article","@id":"https:\/\/www.esplac.cat\/trobada-general-del-sector-penedes-garraf-2014\/#article","isPartOf":{"@id":"https:\/\/www.esplac.cat\/trobada-general-del-sector-penedes-garraf-2014\/"},"author":{"name":"Comunicaci\u00f3 Esplac","@id":"https:\/\/www.esplac.cat\/#\/schema\/person\/908383cf240be18b68f8855d0583faca"},"headline":"Trobada general del sector Pened\u00e8s-Garraf 2014","datePublished":"2014-04-07T11:51:33+00:00","mainEntityOfPage":{"@id":"https:\/\/www.esplac.cat\/trobada-general-del-sector-penedes-garraf-2014\/"},"wordCount":223,"commentCount":0,"publisher":{"@id":"https:\/\/www.esplac.cat\/#organization"},"keywords":["Sector Pened\u00e8s-Garraf","trobada general"],"articleSection":["Activitats sectors","Sector Pened\u00e8s, Garraf i Anoia"],"inLanguage":"en-US","potentialAction":[{"@type":"CommentAction","name":"Comment","target":["https:\/\/www.esplac.cat\/trobada-general-del-sector-penedes-garraf-2014\/#respond"]}]},{"@type":"WebPage","@id":"https:\/\/www.esplac.cat\/trobada-general-del-sector-penedes-garraf-2014\/","url":"https:\/\/www.esplac.cat\/trobada-general-del-sector-penedes-garraf-2014\/","name":"Trobada general del sector Pened\u00e8s-Garraf 2014 - Esplac","isPartOf":{"@id":"https:\/\/www.esplac.cat\/#website"},"datePublished":"2014-04-07T11:51:33+00:00","breadcrumb":{"@id":"https:\/\/www.esplac.cat\/trobada-general-del-sector-penedes-garraf-2014\/#breadcrumb"},"inLanguage":"en-US","potentialAction":[{"@type":"ReadAction","target":["https:\/\/www.esplac.cat\/trobada-general-del-sector-penedes-garraf-2014\/"]}]},{"@type":"BreadcrumbList","@id":"https:\/\/www.esplac.cat\/trobada-general-del-sector-penedes-garraf-2014\/#breadcrumb","itemListElement":[{"@type":"ListItem","position":1,"name":"Inici","item":"https:\/\/www.esplac.cat\/en\/"},{"@type":"ListItem","position":2,"name":"Trobada general del sector Pened\u00e8s-Garraf 2014"}]},{"@type":"WebSite","@id":"https:\/\/www.esplac.cat\/#website","url":"https:\/\/www.esplac.cat\/","name":"Esplac","description":"Esplais Catalans","publisher":{"@id":"https:\/\/www.esplac.cat\/#organization"},"potentialAction":[{"@type":"SearchAction","target":{"@type":"EntryPoint","urlTemplate":"https:\/\/www.esplac.cat\/?s={search_term_string}"},"query-input":{"@type":"PropertyValueSpecification","valueRequired":true,"valueName":"search_term_string"}}],"inLanguage":"en-US"},{"@type":"Organization","@id":"https:\/\/www.esplac.cat\/#organization","name":"Esplac","url":"https:\/\/www.esplac.cat\/","logo":{"@type":"ImageObject","inLanguage":"en-US","@id":"https:\/\/www.esplac.cat\/#\/schema\/logo\/image\/","url":"https:\/\/www.esplac.cat\/wp-content\/uploads\/2019\/08\/logox2.png","contentUrl":"https:\/\/www.esplac.cat\/wp-content\/uploads\/2019\/08\/logox2.png","width":600,"height":295,"caption":"Esplac"},"image":{"@id":"https:\/\/www.esplac.cat\/#\/schema\/logo\/image\/"}},{"@type":"Person","@id":"https:\/\/www.esplac.cat\/#\/schema\/person\/908383cf240be18b68f8855d0583faca","name":"Comunicaci\u00f3 Esplac","image":{"@type":"ImageObject","inLanguage":"en-US","@id":"https:\/\/secure.gravatar.com\/avatar\/7a4cf8feb412a76ea4a740ca02d95b06b2907b5a6c648c2dd0a1082a093c3141?s=96&d=mm&r=g","url":"https:\/\/secure.gravatar.com\/avatar\/7a4cf8feb412a76ea4a740ca02d95b06b2907b5a6c648c2dd0a1082a093c3141?s=96&d=mm&r=g","contentUrl":"https:\/\/secure.gravatar.com\/avatar\/7a4cf8feb412a76ea4a740ca02d95b06b2907b5a6c648c2dd0a1082a093c3141?s=96&d=mm&r=g","caption":"Comunicaci\u00f3 Esplac"}}]}},"_links":{"self":[{"href":"https:\/\/www.esplac.cat\/en\/wp-json\/wp\/v2\/posts\/25783","targetHints":{"allow":["GET"]}}],"collection":[{"href":"https:\/\/www.esplac.cat\/en\/wp-json\/wp\/v2\/posts"}],"about":[{"href":"https:\/\/www.esplac.cat\/en\/wp-json\/wp\/v2\/types\/post"}],"author":[{"embeddable":true,"href":"https:\/\/www.esplac.cat\/en\/wp-json\/wp\/v2\/users\/3"}],"replies":[{"embeddable":true,"href":"https:\/\/www.esplac.cat\/en\/wp-json\/wp\/v2\/comments?post=25783"}],"version-history":[{"count":0,"href":"https:\/\/www.esplac.cat\/en\/wp-json\/wp\/v2\/posts\/25783\/revisions"}],"wp:attachment":[{"href":"https:\/\/www.esplac.cat\/en\/wp-json\/wp\/v2\/media?parent=25783"}],"wp:term":[{"taxonomy":"category","embeddable":true,"href":"https:\/\/www.esplac.cat\/en\/wp-json\/wp\/v2\/categories?post=25783"},{"taxonomy":"post_tag","embeddable":true,"href":"https:\/\/www.esplac.cat\/en\/wp-json\/wp\/v2\/tags?post=25783"}],"curies":[{"name":"wp","href":"https:\/\/api.w.org\/{rel}","templated":true}]}}