{"id":25784,"date":"2014-04-04T13:54:20","date_gmt":"2014-04-04T11:54:20","guid":{"rendered":"http:\/\/esplac.cat\/?p=4967"},"modified":"2014-04-04T13:54:20","modified_gmt":"2014-04-04T11:54:20","slug":"manifestacio-x-una-catalunya-social","status":"publish","type":"post","link":"https:\/\/www.esplac.cat\/en\/manifestacio-x-una-catalunya-social\/","title":{"rendered":"Manifestaci\u00f3 &#8220;X una Catalunya social&#8221;"},"content":{"rendered":"<p><!--:CA--><\/p>\n<p dir=\"ltr\">Esplais Catalans donem suport i us animem a participar a la <strong>manifestaci\u00f3 que es dur\u00e0 a terme a Barcelona el diumenge 6 d&#8217;abril, a les 12:00h<\/strong>, amb l&#8217;objectiu de visualitzar la campanya \u201c<strong><a href=\"https:\/\/www.facebook.com\/PerUnaCatalunyaSocial\">X una Catalunya social<\/a><\/strong>\u201d i situar el model de pa\u00eds que volem construir.<\/p>\n<p>Aquesta iniciativa conjunta de les les organitzacions socials de Catalunya, en la seva \u00e0mplia majoria, fem p\u00fablic <strong><a href=\"http:\/\/esplac.cat\/wp-content\/uploads\/2014\/04\/Resum-prioritats_x-una-Catalunya-social.pdf\">aquest document<\/a><\/strong>, que pret\u00e9n recollir les <strong>bases per a la construcci\u00f3 d\u2019una Catalunya que reconegui els drets socials de tots els ciutadans i ciutadanes del nostre pa\u00eds<\/strong>.<\/p>\n<p dir=\"ltr\">Les mesures per sortir de la crisi s\u2019han de construir escoltant la veu de la ciutadania i no sota els dictats dels interessos econ\u00f2mics d\u2019uns quants, i la construcci\u00f3 d\u2019un pa\u00eds requereix ineludiblement el refor\u00e7ament de l\u2019estat del benestar, garantint uns serveis p\u00fablics de qualitat i amb equitat.<\/p>\n<p>\u00c9s per aix\u00f2 que creiem que cal construir el nostre pa\u00eds des d\u2019unes premisses ben diferents de les que ens han dut fins aqu\u00ed. Per aix\u00f2 impulsem aquesta campanya per una Catalunya \u00a0social.<\/p>\n<p><strong>Us recomanem la lectura del document de propostes i us animem a difondre\u2019l<\/strong> (si ho feu a les xarxes socials podeu fer servir els hashtags <strong>#CatalunyaSocial<\/strong> i <strong>#6ABRIL<\/strong>). Tamb\u00e9 posem al vostre abast el text d\u2019una <strong><a href=\"http:\/\/esplac.cat\/wp-content\/uploads\/2014\/04\/Mocio-Ajuntaments-_X-una-Catalunya-social.docx\">moci\u00f3<\/a>\u00a0<\/strong>per presentar en els plens dels Ajuntaments per tal de promoure-la en tots els municipis on sigui possible.<\/p>\n<p>Amb el debat de l&#8217;Open pobresa encara viu i el Ple monogr\u00e0fic del Parlament encara en marxa, hem de posar la veu de la ciutadania al carrer i fer-la arribar a tot arreu amb for\u00e7a!<\/p>\n<p style=\"text-align: center;\"><a href=\"http:\/\/esplac.cat\/wp-content\/uploads\/2014\/04\/cartell_6abril.jpg\"><img decoding=\"async\" class=\"aligncenter  wp-image-4968\" title=\"proposta_cartell A3_ 6A.indd\" src=\"http:\/\/esplac.cat\/wp-content\/uploads\/2014\/04\/cartell_6abril.jpg\" alt=\"\" width=\"400\" \/><\/a><\/p>\n<p><!--:--><!--:es-->&nbsp;<\/p>\n<p><!--:--><!--:en-->&nbsp;<\/p>\n<p><!--:--><!--:fr-->&nbsp;<\/p>\n<p><!--:--><\/p>\n","protected":false},"excerpt":{"rendered":"<p>Esplais Catalans donem suport i us animem a participar a [&hellip;]<\/p>\n","protected":false},"author":3,"featured_media":7814,"comment_status":"open","ping_status":"open","sticky":false,"template":"","format":"standard","meta":{"om_disable_all_campaigns":false,"_monsterinsights_skip_tracking":false,"_monsterinsights_sitenote_active":false,"_monsterinsights_sitenote_note":"","_monsterinsights_sitenote_category":0,"_uf_show_specific_survey":0,"_uf_disable_surveys":false,"footnotes":""},"categories":[1127],"tags":[134,231],"class_list":["post-25784","post","type-post","status-publish","format-standard","has-post-thumbnail","hentry","category-comunicats-posicionaments","tag-transformacio-social","tag-x-una-catalunya-social"],"yoast_head":"<!-- This site is optimized with the Yoast SEO plugin v27.4 - https:\/\/yoast.com\/product\/yoast-seo-wordpress\/ -->\n<title>Manifestaci\u00f3 &quot;X una Catalunya social&quot; - Esplac<\/title>\n<meta name=\"robots\" content=\"index, follow, max-snippet:-1, max-image-preview:large, max-video-preview:-1\" \/>\n<link rel=\"canonical\" href=\"https:\/\/www.esplac.cat\/manifestacio-x-una-catalunya-social\/\" \/>\n<meta property=\"og:locale\" content=\"en_US\" \/>\n<meta property=\"og:type\" content=\"article\" \/>\n<meta property=\"og:title\" content=\"Manifestaci\u00f3 &quot;X una Catalunya social&quot; - Esplac\" \/>\n<meta property=\"og:description\" content=\"Esplais Catalans donem suport i us animem a participar a [&hellip;]\" \/>\n<meta property=\"og:url\" content=\"https:\/\/www.esplac.cat\/manifestacio-x-una-catalunya-social\/\" \/>\n<meta property=\"og:site_name\" content=\"Esplac\" \/>\n<meta property=\"article:published_time\" content=\"2014-04-04T11:54:20+00:00\" \/>\n<meta property=\"og:image\" content=\"https:\/\/www.esplac.cat\/wp-content\/uploads\/2019\/11\/logo-open.jpg\" \/>\n\t<meta property=\"og:image:width\" content=\"1200\" \/>\n\t<meta property=\"og:image:height\" content=\"630\" \/>\n\t<meta property=\"og:image:type\" content=\"image\/jpeg\" \/>\n<meta name=\"author\" content=\"Comunicaci\u00f3 Esplac\" \/>\n<meta name=\"twitter:card\" content=\"summary_large_image\" \/>\n<meta name=\"twitter:label1\" content=\"Written by\" \/>\n\t<meta name=\"twitter:data1\" content=\"Comunicaci\u00f3 Esplac\" \/>\n\t<meta name=\"twitter:label2\" content=\"Est. reading time\" \/>\n\t<meta name=\"twitter:data2\" content=\"1 minute\" \/>\n<script type=\"application\/ld+json\" class=\"yoast-schema-graph\">{\"@context\":\"https:\\\/\\\/schema.org\",\"@graph\":[{\"@type\":\"Article\",\"@id\":\"https:\\\/\\\/www.esplac.cat\\\/manifestacio-x-una-catalunya-social\\\/#article\",\"isPartOf\":{\"@id\":\"https:\\\/\\\/www.esplac.cat\\\/manifestacio-x-una-catalunya-social\\\/\"},\"author\":{\"name\":\"Comunicaci\u00f3 Esplac\",\"@id\":\"https:\\\/\\\/www.esplac.cat\\\/#\\\/schema\\\/person\\\/908383cf240be18b68f8855d0583faca\"},\"headline\":\"Manifestaci\u00f3 &#8220;X una Catalunya social&#8221;\",\"datePublished\":\"2014-04-04T11:54:20+00:00\",\"mainEntityOfPage\":{\"@id\":\"https:\\\/\\\/www.esplac.cat\\\/manifestacio-x-una-catalunya-social\\\/\"},\"wordCount\":289,\"commentCount\":0,\"publisher\":{\"@id\":\"https:\\\/\\\/www.esplac.cat\\\/#organization\"},\"image\":{\"@id\":\"https:\\\/\\\/www.esplac.cat\\\/manifestacio-x-una-catalunya-social\\\/#primaryimage\"},\"thumbnailUrl\":\"\",\"keywords\":[\"transformaci\u00f3 social\",\"X una Catalunya social\"],\"articleSection\":[\"Comunicats i posicionaments\"],\"inLanguage\":\"en-US\",\"potentialAction\":[{\"@type\":\"CommentAction\",\"name\":\"Comment\",\"target\":[\"https:\\\/\\\/www.esplac.cat\\\/manifestacio-x-una-catalunya-social\\\/#respond\"]}]},{\"@type\":\"WebPage\",\"@id\":\"https:\\\/\\\/www.esplac.cat\\\/manifestacio-x-una-catalunya-social\\\/\",\"url\":\"https:\\\/\\\/www.esplac.cat\\\/manifestacio-x-una-catalunya-social\\\/\",\"name\":\"Manifestaci\u00f3 \\\"X una Catalunya social\\\" - Esplac\",\"isPartOf\":{\"@id\":\"https:\\\/\\\/www.esplac.cat\\\/#website\"},\"primaryImageOfPage\":{\"@id\":\"https:\\\/\\\/www.esplac.cat\\\/manifestacio-x-una-catalunya-social\\\/#primaryimage\"},\"image\":{\"@id\":\"https:\\\/\\\/www.esplac.cat\\\/manifestacio-x-una-catalunya-social\\\/#primaryimage\"},\"thumbnailUrl\":\"\",\"datePublished\":\"2014-04-04T11:54:20+00:00\",\"breadcrumb\":{\"@id\":\"https:\\\/\\\/www.esplac.cat\\\/manifestacio-x-una-catalunya-social\\\/#breadcrumb\"},\"inLanguage\":\"en-US\",\"potentialAction\":[{\"@type\":\"ReadAction\",\"target\":[\"https:\\\/\\\/www.esplac.cat\\\/manifestacio-x-una-catalunya-social\\\/\"]}]},{\"@type\":\"ImageObject\",\"inLanguage\":\"en-US\",\"@id\":\"https:\\\/\\\/www.esplac.cat\\\/manifestacio-x-una-catalunya-social\\\/#primaryimage\",\"url\":\"\",\"contentUrl\":\"\"},{\"@type\":\"BreadcrumbList\",\"@id\":\"https:\\\/\\\/www.esplac.cat\\\/manifestacio-x-una-catalunya-social\\\/#breadcrumb\",\"itemListElement\":[{\"@type\":\"ListItem\",\"position\":1,\"name\":\"Inici\",\"item\":\"https:\\\/\\\/www.esplac.cat\\\/en\\\/\"},{\"@type\":\"ListItem\",\"position\":2,\"name\":\"Manifestaci\u00f3 &#8220;X una Catalunya social&#8221;\"}]},{\"@type\":\"WebSite\",\"@id\":\"https:\\\/\\\/www.esplac.cat\\\/#website\",\"url\":\"https:\\\/\\\/www.esplac.cat\\\/\",\"name\":\"Esplac\",\"description\":\"Esplais Catalans\",\"publisher\":{\"@id\":\"https:\\\/\\\/www.esplac.cat\\\/#organization\"},\"potentialAction\":[{\"@type\":\"SearchAction\",\"target\":{\"@type\":\"EntryPoint\",\"urlTemplate\":\"https:\\\/\\\/www.esplac.cat\\\/?s={search_term_string}\"},\"query-input\":{\"@type\":\"PropertyValueSpecification\",\"valueRequired\":true,\"valueName\":\"search_term_string\"}}],\"inLanguage\":\"en-US\"},{\"@type\":\"Organization\",\"@id\":\"https:\\\/\\\/www.esplac.cat\\\/#organization\",\"name\":\"Esplac\",\"url\":\"https:\\\/\\\/www.esplac.cat\\\/\",\"logo\":{\"@type\":\"ImageObject\",\"inLanguage\":\"en-US\",\"@id\":\"https:\\\/\\\/www.esplac.cat\\\/#\\\/schema\\\/logo\\\/image\\\/\",\"url\":\"https:\\\/\\\/www.esplac.cat\\\/wp-content\\\/uploads\\\/2019\\\/08\\\/logox2.png\",\"contentUrl\":\"https:\\\/\\\/www.esplac.cat\\\/wp-content\\\/uploads\\\/2019\\\/08\\\/logox2.png\",\"width\":600,\"height\":295,\"caption\":\"Esplac\"},\"image\":{\"@id\":\"https:\\\/\\\/www.esplac.cat\\\/#\\\/schema\\\/logo\\\/image\\\/\"}},{\"@type\":\"Person\",\"@id\":\"https:\\\/\\\/www.esplac.cat\\\/#\\\/schema\\\/person\\\/908383cf240be18b68f8855d0583faca\",\"name\":\"Comunicaci\u00f3 Esplac\",\"image\":{\"@type\":\"ImageObject\",\"inLanguage\":\"en-US\",\"@id\":\"https:\\\/\\\/secure.gravatar.com\\\/avatar\\\/7a4cf8feb412a76ea4a740ca02d95b06b2907b5a6c648c2dd0a1082a093c3141?s=96&d=mm&r=g\",\"url\":\"https:\\\/\\\/secure.gravatar.com\\\/avatar\\\/7a4cf8feb412a76ea4a740ca02d95b06b2907b5a6c648c2dd0a1082a093c3141?s=96&d=mm&r=g\",\"contentUrl\":\"https:\\\/\\\/secure.gravatar.com\\\/avatar\\\/7a4cf8feb412a76ea4a740ca02d95b06b2907b5a6c648c2dd0a1082a093c3141?s=96&d=mm&r=g\",\"caption\":\"Comunicaci\u00f3 Esplac\"}}]}<\/script>\n<!-- \/ Yoast SEO plugin. -->","yoast_head_json":{"title":"Manifestaci\u00f3 \"X una Catalunya social\" - Esplac","robots":{"index":"index","follow":"follow","max-snippet":"max-snippet:-1","max-image-preview":"max-image-preview:large","max-video-preview":"max-video-preview:-1"},"canonical":"https:\/\/www.esplac.cat\/manifestacio-x-una-catalunya-social\/","og_locale":"en_US","og_type":"article","og_title":"Manifestaci\u00f3 \"X una Catalunya social\" - Esplac","og_description":"Esplais Catalans donem suport i us animem a participar a [&hellip;]","og_url":"https:\/\/www.esplac.cat\/manifestacio-x-una-catalunya-social\/","og_site_name":"Esplac","article_published_time":"2014-04-04T11:54:20+00:00","og_image":[{"width":1200,"height":630,"url":"https:\/\/www.esplac.cat\/wp-content\/uploads\/2019\/11\/logo-open.jpg","type":"image\/jpeg"}],"author":"Comunicaci\u00f3 Esplac","twitter_card":"summary_large_image","twitter_misc":{"Written by":"Comunicaci\u00f3 Esplac","Est. reading time":"1 minute"},"schema":{"@context":"https:\/\/schema.org","@graph":[{"@type":"Article","@id":"https:\/\/www.esplac.cat\/manifestacio-x-una-catalunya-social\/#article","isPartOf":{"@id":"https:\/\/www.esplac.cat\/manifestacio-x-una-catalunya-social\/"},"author":{"name":"Comunicaci\u00f3 Esplac","@id":"https:\/\/www.esplac.cat\/#\/schema\/person\/908383cf240be18b68f8855d0583faca"},"headline":"Manifestaci\u00f3 &#8220;X una Catalunya social&#8221;","datePublished":"2014-04-04T11:54:20+00:00","mainEntityOfPage":{"@id":"https:\/\/www.esplac.cat\/manifestacio-x-una-catalunya-social\/"},"wordCount":289,"commentCount":0,"publisher":{"@id":"https:\/\/www.esplac.cat\/#organization"},"image":{"@id":"https:\/\/www.esplac.cat\/manifestacio-x-una-catalunya-social\/#primaryimage"},"thumbnailUrl":"","keywords":["transformaci\u00f3 social","X una Catalunya social"],"articleSection":["Comunicats i posicionaments"],"inLanguage":"en-US","potentialAction":[{"@type":"CommentAction","name":"Comment","target":["https:\/\/www.esplac.cat\/manifestacio-x-una-catalunya-social\/#respond"]}]},{"@type":"WebPage","@id":"https:\/\/www.esplac.cat\/manifestacio-x-una-catalunya-social\/","url":"https:\/\/www.esplac.cat\/manifestacio-x-una-catalunya-social\/","name":"Manifestaci\u00f3 \"X una Catalunya social\" - Esplac","isPartOf":{"@id":"https:\/\/www.esplac.cat\/#website"},"primaryImageOfPage":{"@id":"https:\/\/www.esplac.cat\/manifestacio-x-una-catalunya-social\/#primaryimage"},"image":{"@id":"https:\/\/www.esplac.cat\/manifestacio-x-una-catalunya-social\/#primaryimage"},"thumbnailUrl":"","datePublished":"2014-04-04T11:54:20+00:00","breadcrumb":{"@id":"https:\/\/www.esplac.cat\/manifestacio-x-una-catalunya-social\/#breadcrumb"},"inLanguage":"en-US","potentialAction":[{"@type":"ReadAction","target":["https:\/\/www.esplac.cat\/manifestacio-x-una-catalunya-social\/"]}]},{"@type":"ImageObject","inLanguage":"en-US","@id":"https:\/\/www.esplac.cat\/manifestacio-x-una-catalunya-social\/#primaryimage","url":"","contentUrl":""},{"@type":"BreadcrumbList","@id":"https:\/\/www.esplac.cat\/manifestacio-x-una-catalunya-social\/#breadcrumb","itemListElement":[{"@type":"ListItem","position":1,"name":"Inici","item":"https:\/\/www.esplac.cat\/en\/"},{"@type":"ListItem","position":2,"name":"Manifestaci\u00f3 &#8220;X una Catalunya social&#8221;"}]},{"@type":"WebSite","@id":"https:\/\/www.esplac.cat\/#website","url":"https:\/\/www.esplac.cat\/","name":"Esplac","description":"Esplais Catalans","publisher":{"@id":"https:\/\/www.esplac.cat\/#organization"},"potentialAction":[{"@type":"SearchAction","target":{"@type":"EntryPoint","urlTemplate":"https:\/\/www.esplac.cat\/?s={search_term_string}"},"query-input":{"@type":"PropertyValueSpecification","valueRequired":true,"valueName":"search_term_string"}}],"inLanguage":"en-US"},{"@type":"Organization","@id":"https:\/\/www.esplac.cat\/#organization","name":"Esplac","url":"https:\/\/www.esplac.cat\/","logo":{"@type":"ImageObject","inLanguage":"en-US","@id":"https:\/\/www.esplac.cat\/#\/schema\/logo\/image\/","url":"https:\/\/www.esplac.cat\/wp-content\/uploads\/2019\/08\/logox2.png","contentUrl":"https:\/\/www.esplac.cat\/wp-content\/uploads\/2019\/08\/logox2.png","width":600,"height":295,"caption":"Esplac"},"image":{"@id":"https:\/\/www.esplac.cat\/#\/schema\/logo\/image\/"}},{"@type":"Person","@id":"https:\/\/www.esplac.cat\/#\/schema\/person\/908383cf240be18b68f8855d0583faca","name":"Comunicaci\u00f3 Esplac","image":{"@type":"ImageObject","inLanguage":"en-US","@id":"https:\/\/secure.gravatar.com\/avatar\/7a4cf8feb412a76ea4a740ca02d95b06b2907b5a6c648c2dd0a1082a093c3141?s=96&d=mm&r=g","url":"https:\/\/secure.gravatar.com\/avatar\/7a4cf8feb412a76ea4a740ca02d95b06b2907b5a6c648c2dd0a1082a093c3141?s=96&d=mm&r=g","contentUrl":"https:\/\/secure.gravatar.com\/avatar\/7a4cf8feb412a76ea4a740ca02d95b06b2907b5a6c648c2dd0a1082a093c3141?s=96&d=mm&r=g","caption":"Comunicaci\u00f3 Esplac"}}]}},"_links":{"self":[{"href":"https:\/\/www.esplac.cat\/en\/wp-json\/wp\/v2\/posts\/25784","targetHints":{"allow":["GET"]}}],"collection":[{"href":"https:\/\/www.esplac.cat\/en\/wp-json\/wp\/v2\/posts"}],"about":[{"href":"https:\/\/www.esplac.cat\/en\/wp-json\/wp\/v2\/types\/post"}],"author":[{"embeddable":true,"href":"https:\/\/www.esplac.cat\/en\/wp-json\/wp\/v2\/users\/3"}],"replies":[{"embeddable":true,"href":"https:\/\/www.esplac.cat\/en\/wp-json\/wp\/v2\/comments?post=25784"}],"version-history":[{"count":0,"href":"https:\/\/www.esplac.cat\/en\/wp-json\/wp\/v2\/posts\/25784\/revisions"}],"wp:featuredmedia":[{"embeddable":true,"href":"https:\/\/www.esplac.cat\/en\/wp-json\/"}],"wp:attachment":[{"href":"https:\/\/www.esplac.cat\/en\/wp-json\/wp\/v2\/media?parent=25784"}],"wp:term":[{"taxonomy":"category","embeddable":true,"href":"https:\/\/www.esplac.cat\/en\/wp-json\/wp\/v2\/categories?post=25784"},{"taxonomy":"post_tag","embeddable":true,"href":"https:\/\/www.esplac.cat\/en\/wp-json\/wp\/v2\/tags?post=25784"}],"curies":[{"name":"wp","href":"https:\/\/api.w.org\/{rel}","templated":true}]}}