{"id":25786,"date":"2014-04-04T11:05:52","date_gmt":"2014-04-04T09:05:52","guid":{"rendered":"http:\/\/esplac.cat\/?p=4947"},"modified":"2019-11-14T13:35:16","modified_gmt":"2019-11-14T11:35:16","slug":"bona-practica-campanyes-economiques-esplai","status":"publish","type":"post","link":"https:\/\/www.esplac.cat\/en\/bona-practica-campanyes-economiques-esplai\/","title":{"rendered":"Bona pr\u00e0ctica: campanyes econ\u00f2miques a l&#8217;esplai"},"content":{"rendered":"<p><!--:CA--><\/p>\n<p lang=\"ca-ES\"><a href=\"http:\/\/esplac.cat\/wp-content\/uploads\/2014\/04\/esplai-arcsantmarti-fent-boig.png\"><br \/>\n<\/a>A l&#8217;hora de preparar un projecte o activitat hem de plantejar-nos com obtindrem els recursos per poder dur-lo a terme i fer que sigui accessible econon\u00f2micament per a les fam\u00edlies, Hi ha molts esplais que, especialment ara que estem preparant els campaments, les col\u00f2nies i les rutes, ens plantegem fer <strong>campanyes econ\u00f2miques<\/strong> o de recaptaci\u00f3 de material.<\/p>\n<p lang=\"ca-ES\">Volem destacar com a bona pr\u00e0ctica la campanya que est\u00e0 duent a terme l&#8217;esplai <a href=\"http:\/\/esplac.cat\/mapa\/?esplai=arcsantmarti&amp;poblacio=\">Arc de Sant Mart\u00ed<\/a>.<\/p>\n<p>Per recollir diners per al projecte de millora del local, van engrescar a un conjunt de membres i ex-membres de l&#8217;entitat per crear un <a href=\"https:\/\/www.youtube.com\/watch?v=dXTJkr5dSks\">disc<\/a>, aprofitant els coneixements de cadasc\u00fa en l&#8217;\u00e0mbit de la m\u00fasica. El resultat \u00e9s un recull de can\u00e7ons amb tend\u00e8ncia reggae i rumba, per\u00f2 amb estil propi, enganxoses i amb molt de ritme! A m\u00e9s de can\u00e7ons populars, hi ha can\u00e7ons inventades pels centres d&#8217;inter\u00e8s de les col\u00f2nies. De fet, el t\u00edtol del CD &#8220;<strong>Fem el boig<\/strong>&#8221; \u00e9s el nom d&#8217;una de les can\u00e7ons que van compondre fa m\u00e9s de 20 anys, i que ha anat passant de generaci\u00f3 en generaci\u00f3, fins a convertir-se en la can\u00e7\u00f3 de l&#8217;esplai. El proc\u00e9s ha estat una eina de motivaci\u00f3 per totes les persones que formen part de l&#8217;esplai, i el resultat una manera de recaptar diners tot explicant l&#8217;esperit d<a href=\"http:\/\/esplac.cat\/arriba-energia-esplai\/\">&#8216;energia de l&#8217;esplai<\/a> que tant ens caracteritza.<\/p>\n<p lang=\"ca-ES\">Per a fer una campanya econ\u00f2mica ens hem de plantejar:<br \/>\n&#8211; Tenir clar <strong>per a qu\u00e8 necessitem els diners<\/strong>. Les persones que contribuiran amb la campanya han de saber la finalitat de la seva col\u00b7laboraci\u00f3!<br \/>\n&#8211; Decidir <strong>qu\u00e8 \u00e9s el que volem aconseguir<\/strong>: l&#8217;objectiu que ens hem plantejat ha de ser realitzable.<br \/>\n&#8211; <strong>Ens hem d&#8217;organitzar i fer una bona planificaci\u00f3<\/strong> per definir com farem la campanya, les tasques que comporta i el calendari.<br \/>\n&#8211; <strong>Implicar amb entusiasme als infants, les fam\u00edlies i a la resta de l&#8217;equip<\/strong>. La seva participaci\u00f3 \u00e9s un punt clau per l&#8217;\u00e8xit, i ens ajudaran a fer molta difusi\u00f3 \u201cboca a boca\u201d!<\/p>\n<p lang=\"ca-ES\">Altres esplais aprofitem algunes festes populars del barri o del poble per fer iniciatives com vendre roses, llibres i punts de llibre per Sant Jordi, participar de festes d&#8217;entitats, fer activitats obertes, o per exemple, l&#8217;esplai <a href=\"http:\/\/esplac.cat\/mapa\/?esplai=canperellada&amp;poblacio=\">Can Parellada<\/a> prepara un quinto durant les vacances d&#8217;hivern per subvencionar part de les activitats de l&#8217;esplai.<\/p>\n<p lang=\"ca-ES\">Si voleu treballar l&#8217;<strong>economia de l&#8217;esplai<\/strong>, recordeu que hi ha c\u00e0psules formatives que us poden donar eines per organitzar-vos. Per altra banda, tamb\u00e9 hi ha formacions per treballar el finan\u00e7ament \u00e8tic. Per m\u00e9s informaci\u00f3, consulteu als vostres coordinadors de projectes!<\/p>\n<p lang=\"ca-ES\">I vosaltres com feu campanyes econ\u00f2miques al vostre esplai? Expliqueu-nos-les i compartiu-les amb la resta d&#8217;esplais!<\/p>\n<p><!--:--><!--:es-->&nbsp;<\/p>\n<p><!--:--><!--:en-->&nbsp;<\/p>\n<p><!--:--><!--:fr-->&nbsp;<\/p>\n<p><!--:--><\/p>\n","protected":false},"excerpt":{"rendered":"<p>A l&#8217;hora de preparar un projecte o activitat hem de [&hellip;]<\/p>\n","protected":false},"author":3,"featured_media":25600,"comment_status":"open","ping_status":"open","sticky":false,"template":"","format":"standard","meta":{"om_disable_all_campaigns":false,"_monsterinsights_skip_tracking":false,"_monsterinsights_sitenote_active":false,"_monsterinsights_sitenote_note":"","_monsterinsights_sitenote_category":0,"_uf_show_specific_survey":0,"_uf_disable_surveys":false,"footnotes":""},"categories":[1121,1165],"tags":[67,227,230],"class_list":["post-25786","post","type-post","status-publish","format-standard","has-post-thumbnail","hentry","category-bones-practiques-2","category-millora-del-financament","tag-bones-practiques","tag-campanyes-economiques","tag-economia"],"yoast_head":"<!-- This site is optimized with the Yoast SEO plugin v27.4 - https:\/\/yoast.com\/product\/yoast-seo-wordpress\/ -->\n<title>Bona pr\u00e0ctica: campanyes econ\u00f2miques a l&#039;esplai - Esplac<\/title>\n<meta name=\"robots\" content=\"index, follow, max-snippet:-1, max-image-preview:large, max-video-preview:-1\" \/>\n<link rel=\"canonical\" href=\"https:\/\/www.esplac.cat\/bona-practica-campanyes-economiques-esplai\/\" \/>\n<meta property=\"og:locale\" content=\"en_US\" \/>\n<meta property=\"og:type\" content=\"article\" \/>\n<meta property=\"og:title\" content=\"Bona pr\u00e0ctica: campanyes econ\u00f2miques a l&#039;esplai - Esplac\" \/>\n<meta property=\"og:description\" content=\"A l&#8217;hora de preparar un projecte o activitat hem de [&hellip;]\" \/>\n<meta property=\"og:url\" content=\"https:\/\/www.esplac.cat\/bona-practica-campanyes-economiques-esplai\/\" \/>\n<meta property=\"og:site_name\" content=\"Esplac\" \/>\n<meta property=\"article:published_time\" content=\"2014-04-04T09:05:52+00:00\" \/>\n<meta property=\"article:modified_time\" content=\"2019-11-14T11:35:16+00:00\" \/>\n<meta property=\"og:image\" content=\"https:\/\/www.esplac.cat\/wp-content\/uploads\/2012\/10\/curs_monitors_escola_sol-e1351092774841.jpeg\" \/>\n\t<meta property=\"og:image:width\" content=\"719\" \/>\n\t<meta property=\"og:image:height\" content=\"336\" \/>\n\t<meta property=\"og:image:type\" content=\"image\/jpeg\" \/>\n<meta name=\"author\" content=\"Comunicaci\u00f3 Esplac\" \/>\n<meta name=\"twitter:card\" content=\"summary_large_image\" \/>\n<meta name=\"twitter:label1\" content=\"Written by\" \/>\n\t<meta name=\"twitter:data1\" content=\"Comunicaci\u00f3 Esplac\" \/>\n\t<meta name=\"twitter:label2\" content=\"Est. reading time\" \/>\n\t<meta name=\"twitter:data2\" content=\"2 minutes\" \/>\n<script type=\"application\/ld+json\" class=\"yoast-schema-graph\">{\"@context\":\"https:\\\/\\\/schema.org\",\"@graph\":[{\"@type\":\"Article\",\"@id\":\"https:\\\/\\\/www.esplac.cat\\\/bona-practica-campanyes-economiques-esplai\\\/#article\",\"isPartOf\":{\"@id\":\"https:\\\/\\\/www.esplac.cat\\\/bona-practica-campanyes-economiques-esplai\\\/\"},\"author\":{\"name\":\"Comunicaci\u00f3 Esplac\",\"@id\":\"https:\\\/\\\/www.esplac.cat\\\/#\\\/schema\\\/person\\\/908383cf240be18b68f8855d0583faca\"},\"headline\":\"Bona pr\u00e0ctica: campanyes econ\u00f2miques a l&#8217;esplai\",\"datePublished\":\"2014-04-04T09:05:52+00:00\",\"dateModified\":\"2019-11-14T11:35:16+00:00\",\"mainEntityOfPage\":{\"@id\":\"https:\\\/\\\/www.esplac.cat\\\/bona-practica-campanyes-economiques-esplai\\\/\"},\"wordCount\":496,\"commentCount\":0,\"publisher\":{\"@id\":\"https:\\\/\\\/www.esplac.cat\\\/#organization\"},\"image\":{\"@id\":\"https:\\\/\\\/www.esplac.cat\\\/bona-practica-campanyes-economiques-esplai\\\/#primaryimage\"},\"thumbnailUrl\":\"https:\\\/\\\/www.esplac.cat\\\/wp-content\\\/uploads\\\/2012\\\/10\\\/curs_monitors_escola_sol-e1351092774841.jpeg\",\"keywords\":[\"bones pr\u00e0ctiques\",\"campanyes econ\u00f2miques\",\"economia\"],\"articleSection\":[\"Bones pr\u00e0ctiques\",\"Millora del finan\u00e7ament\"],\"inLanguage\":\"en-US\",\"potentialAction\":[{\"@type\":\"CommentAction\",\"name\":\"Comment\",\"target\":[\"https:\\\/\\\/www.esplac.cat\\\/bona-practica-campanyes-economiques-esplai\\\/#respond\"]}]},{\"@type\":\"WebPage\",\"@id\":\"https:\\\/\\\/www.esplac.cat\\\/bona-practica-campanyes-economiques-esplai\\\/\",\"url\":\"https:\\\/\\\/www.esplac.cat\\\/bona-practica-campanyes-economiques-esplai\\\/\",\"name\":\"Bona pr\u00e0ctica: campanyes econ\u00f2miques a l'esplai - Esplac\",\"isPartOf\":{\"@id\":\"https:\\\/\\\/www.esplac.cat\\\/#website\"},\"primaryImageOfPage\":{\"@id\":\"https:\\\/\\\/www.esplac.cat\\\/bona-practica-campanyes-economiques-esplai\\\/#primaryimage\"},\"image\":{\"@id\":\"https:\\\/\\\/www.esplac.cat\\\/bona-practica-campanyes-economiques-esplai\\\/#primaryimage\"},\"thumbnailUrl\":\"https:\\\/\\\/www.esplac.cat\\\/wp-content\\\/uploads\\\/2012\\\/10\\\/curs_monitors_escola_sol-e1351092774841.jpeg\",\"datePublished\":\"2014-04-04T09:05:52+00:00\",\"dateModified\":\"2019-11-14T11:35:16+00:00\",\"breadcrumb\":{\"@id\":\"https:\\\/\\\/www.esplac.cat\\\/bona-practica-campanyes-economiques-esplai\\\/#breadcrumb\"},\"inLanguage\":\"en-US\",\"potentialAction\":[{\"@type\":\"ReadAction\",\"target\":[\"https:\\\/\\\/www.esplac.cat\\\/bona-practica-campanyes-economiques-esplai\\\/\"]}]},{\"@type\":\"ImageObject\",\"inLanguage\":\"en-US\",\"@id\":\"https:\\\/\\\/www.esplac.cat\\\/bona-practica-campanyes-economiques-esplai\\\/#primaryimage\",\"url\":\"https:\\\/\\\/www.esplac.cat\\\/wp-content\\\/uploads\\\/2012\\\/10\\\/curs_monitors_escola_sol-e1351092774841.jpeg\",\"contentUrl\":\"https:\\\/\\\/www.esplac.cat\\\/wp-content\\\/uploads\\\/2012\\\/10\\\/curs_monitors_escola_sol-e1351092774841.jpeg\",\"width\":719,\"height\":336},{\"@type\":\"BreadcrumbList\",\"@id\":\"https:\\\/\\\/www.esplac.cat\\\/bona-practica-campanyes-economiques-esplai\\\/#breadcrumb\",\"itemListElement\":[{\"@type\":\"ListItem\",\"position\":1,\"name\":\"Inici\",\"item\":\"https:\\\/\\\/www.esplac.cat\\\/en\\\/\"},{\"@type\":\"ListItem\",\"position\":2,\"name\":\"Bona pr\u00e0ctica: campanyes econ\u00f2miques a l&#8217;esplai\"}]},{\"@type\":\"WebSite\",\"@id\":\"https:\\\/\\\/www.esplac.cat\\\/#website\",\"url\":\"https:\\\/\\\/www.esplac.cat\\\/\",\"name\":\"Esplac\",\"description\":\"Esplais Catalans\",\"publisher\":{\"@id\":\"https:\\\/\\\/www.esplac.cat\\\/#organization\"},\"potentialAction\":[{\"@type\":\"SearchAction\",\"target\":{\"@type\":\"EntryPoint\",\"urlTemplate\":\"https:\\\/\\\/www.esplac.cat\\\/?s={search_term_string}\"},\"query-input\":{\"@type\":\"PropertyValueSpecification\",\"valueRequired\":true,\"valueName\":\"search_term_string\"}}],\"inLanguage\":\"en-US\"},{\"@type\":\"Organization\",\"@id\":\"https:\\\/\\\/www.esplac.cat\\\/#organization\",\"name\":\"Esplac\",\"url\":\"https:\\\/\\\/www.esplac.cat\\\/\",\"logo\":{\"@type\":\"ImageObject\",\"inLanguage\":\"en-US\",\"@id\":\"https:\\\/\\\/www.esplac.cat\\\/#\\\/schema\\\/logo\\\/image\\\/\",\"url\":\"https:\\\/\\\/www.esplac.cat\\\/wp-content\\\/uploads\\\/2019\\\/08\\\/logox2.png\",\"contentUrl\":\"https:\\\/\\\/www.esplac.cat\\\/wp-content\\\/uploads\\\/2019\\\/08\\\/logox2.png\",\"width\":600,\"height\":295,\"caption\":\"Esplac\"},\"image\":{\"@id\":\"https:\\\/\\\/www.esplac.cat\\\/#\\\/schema\\\/logo\\\/image\\\/\"}},{\"@type\":\"Person\",\"@id\":\"https:\\\/\\\/www.esplac.cat\\\/#\\\/schema\\\/person\\\/908383cf240be18b68f8855d0583faca\",\"name\":\"Comunicaci\u00f3 Esplac\",\"image\":{\"@type\":\"ImageObject\",\"inLanguage\":\"en-US\",\"@id\":\"https:\\\/\\\/secure.gravatar.com\\\/avatar\\\/7a4cf8feb412a76ea4a740ca02d95b06b2907b5a6c648c2dd0a1082a093c3141?s=96&d=mm&r=g\",\"url\":\"https:\\\/\\\/secure.gravatar.com\\\/avatar\\\/7a4cf8feb412a76ea4a740ca02d95b06b2907b5a6c648c2dd0a1082a093c3141?s=96&d=mm&r=g\",\"contentUrl\":\"https:\\\/\\\/secure.gravatar.com\\\/avatar\\\/7a4cf8feb412a76ea4a740ca02d95b06b2907b5a6c648c2dd0a1082a093c3141?s=96&d=mm&r=g\",\"caption\":\"Comunicaci\u00f3 Esplac\"}}]}<\/script>\n<!-- \/ Yoast SEO plugin. -->","yoast_head_json":{"title":"Bona pr\u00e0ctica: campanyes econ\u00f2miques a l'esplai - Esplac","robots":{"index":"index","follow":"follow","max-snippet":"max-snippet:-1","max-image-preview":"max-image-preview:large","max-video-preview":"max-video-preview:-1"},"canonical":"https:\/\/www.esplac.cat\/bona-practica-campanyes-economiques-esplai\/","og_locale":"en_US","og_type":"article","og_title":"Bona pr\u00e0ctica: campanyes econ\u00f2miques a l'esplai - Esplac","og_description":"A l&#8217;hora de preparar un projecte o activitat hem de [&hellip;]","og_url":"https:\/\/www.esplac.cat\/bona-practica-campanyes-economiques-esplai\/","og_site_name":"Esplac","article_published_time":"2014-04-04T09:05:52+00:00","article_modified_time":"2019-11-14T11:35:16+00:00","og_image":[{"width":719,"height":336,"url":"https:\/\/www.esplac.cat\/wp-content\/uploads\/2012\/10\/curs_monitors_escola_sol-e1351092774841.jpeg","type":"image\/jpeg"}],"author":"Comunicaci\u00f3 Esplac","twitter_card":"summary_large_image","twitter_misc":{"Written by":"Comunicaci\u00f3 Esplac","Est. reading time":"2 minutes"},"schema":{"@context":"https:\/\/schema.org","@graph":[{"@type":"Article","@id":"https:\/\/www.esplac.cat\/bona-practica-campanyes-economiques-esplai\/#article","isPartOf":{"@id":"https:\/\/www.esplac.cat\/bona-practica-campanyes-economiques-esplai\/"},"author":{"name":"Comunicaci\u00f3 Esplac","@id":"https:\/\/www.esplac.cat\/#\/schema\/person\/908383cf240be18b68f8855d0583faca"},"headline":"Bona pr\u00e0ctica: campanyes econ\u00f2miques a l&#8217;esplai","datePublished":"2014-04-04T09:05:52+00:00","dateModified":"2019-11-14T11:35:16+00:00","mainEntityOfPage":{"@id":"https:\/\/www.esplac.cat\/bona-practica-campanyes-economiques-esplai\/"},"wordCount":496,"commentCount":0,"publisher":{"@id":"https:\/\/www.esplac.cat\/#organization"},"image":{"@id":"https:\/\/www.esplac.cat\/bona-practica-campanyes-economiques-esplai\/#primaryimage"},"thumbnailUrl":"https:\/\/www.esplac.cat\/wp-content\/uploads\/2012\/10\/curs_monitors_escola_sol-e1351092774841.jpeg","keywords":["bones pr\u00e0ctiques","campanyes econ\u00f2miques","economia"],"articleSection":["Bones pr\u00e0ctiques","Millora del finan\u00e7ament"],"inLanguage":"en-US","potentialAction":[{"@type":"CommentAction","name":"Comment","target":["https:\/\/www.esplac.cat\/bona-practica-campanyes-economiques-esplai\/#respond"]}]},{"@type":"WebPage","@id":"https:\/\/www.esplac.cat\/bona-practica-campanyes-economiques-esplai\/","url":"https:\/\/www.esplac.cat\/bona-practica-campanyes-economiques-esplai\/","name":"Bona pr\u00e0ctica: campanyes econ\u00f2miques a l'esplai - Esplac","isPartOf":{"@id":"https:\/\/www.esplac.cat\/#website"},"primaryImageOfPage":{"@id":"https:\/\/www.esplac.cat\/bona-practica-campanyes-economiques-esplai\/#primaryimage"},"image":{"@id":"https:\/\/www.esplac.cat\/bona-practica-campanyes-economiques-esplai\/#primaryimage"},"thumbnailUrl":"https:\/\/www.esplac.cat\/wp-content\/uploads\/2012\/10\/curs_monitors_escola_sol-e1351092774841.jpeg","datePublished":"2014-04-04T09:05:52+00:00","dateModified":"2019-11-14T11:35:16+00:00","breadcrumb":{"@id":"https:\/\/www.esplac.cat\/bona-practica-campanyes-economiques-esplai\/#breadcrumb"},"inLanguage":"en-US","potentialAction":[{"@type":"ReadAction","target":["https:\/\/www.esplac.cat\/bona-practica-campanyes-economiques-esplai\/"]}]},{"@type":"ImageObject","inLanguage":"en-US","@id":"https:\/\/www.esplac.cat\/bona-practica-campanyes-economiques-esplai\/#primaryimage","url":"https:\/\/www.esplac.cat\/wp-content\/uploads\/2012\/10\/curs_monitors_escola_sol-e1351092774841.jpeg","contentUrl":"https:\/\/www.esplac.cat\/wp-content\/uploads\/2012\/10\/curs_monitors_escola_sol-e1351092774841.jpeg","width":719,"height":336},{"@type":"BreadcrumbList","@id":"https:\/\/www.esplac.cat\/bona-practica-campanyes-economiques-esplai\/#breadcrumb","itemListElement":[{"@type":"ListItem","position":1,"name":"Inici","item":"https:\/\/www.esplac.cat\/en\/"},{"@type":"ListItem","position":2,"name":"Bona pr\u00e0ctica: campanyes econ\u00f2miques a l&#8217;esplai"}]},{"@type":"WebSite","@id":"https:\/\/www.esplac.cat\/#website","url":"https:\/\/www.esplac.cat\/","name":"Esplac","description":"Esplais Catalans","publisher":{"@id":"https:\/\/www.esplac.cat\/#organization"},"potentialAction":[{"@type":"SearchAction","target":{"@type":"EntryPoint","urlTemplate":"https:\/\/www.esplac.cat\/?s={search_term_string}"},"query-input":{"@type":"PropertyValueSpecification","valueRequired":true,"valueName":"search_term_string"}}],"inLanguage":"en-US"},{"@type":"Organization","@id":"https:\/\/www.esplac.cat\/#organization","name":"Esplac","url":"https:\/\/www.esplac.cat\/","logo":{"@type":"ImageObject","inLanguage":"en-US","@id":"https:\/\/www.esplac.cat\/#\/schema\/logo\/image\/","url":"https:\/\/www.esplac.cat\/wp-content\/uploads\/2019\/08\/logox2.png","contentUrl":"https:\/\/www.esplac.cat\/wp-content\/uploads\/2019\/08\/logox2.png","width":600,"height":295,"caption":"Esplac"},"image":{"@id":"https:\/\/www.esplac.cat\/#\/schema\/logo\/image\/"}},{"@type":"Person","@id":"https:\/\/www.esplac.cat\/#\/schema\/person\/908383cf240be18b68f8855d0583faca","name":"Comunicaci\u00f3 Esplac","image":{"@type":"ImageObject","inLanguage":"en-US","@id":"https:\/\/secure.gravatar.com\/avatar\/7a4cf8feb412a76ea4a740ca02d95b06b2907b5a6c648c2dd0a1082a093c3141?s=96&d=mm&r=g","url":"https:\/\/secure.gravatar.com\/avatar\/7a4cf8feb412a76ea4a740ca02d95b06b2907b5a6c648c2dd0a1082a093c3141?s=96&d=mm&r=g","contentUrl":"https:\/\/secure.gravatar.com\/avatar\/7a4cf8feb412a76ea4a740ca02d95b06b2907b5a6c648c2dd0a1082a093c3141?s=96&d=mm&r=g","caption":"Comunicaci\u00f3 Esplac"}}]}},"_links":{"self":[{"href":"https:\/\/www.esplac.cat\/en\/wp-json\/wp\/v2\/posts\/25786","targetHints":{"allow":["GET"]}}],"collection":[{"href":"https:\/\/www.esplac.cat\/en\/wp-json\/wp\/v2\/posts"}],"about":[{"href":"https:\/\/www.esplac.cat\/en\/wp-json\/wp\/v2\/types\/post"}],"author":[{"embeddable":true,"href":"https:\/\/www.esplac.cat\/en\/wp-json\/wp\/v2\/users\/3"}],"replies":[{"embeddable":true,"href":"https:\/\/www.esplac.cat\/en\/wp-json\/wp\/v2\/comments?post=25786"}],"version-history":[{"count":0,"href":"https:\/\/www.esplac.cat\/en\/wp-json\/wp\/v2\/posts\/25786\/revisions"}],"wp:featuredmedia":[{"embeddable":true,"href":"https:\/\/www.esplac.cat\/en\/wp-json\/wp\/v2\/media\/25600"}],"wp:attachment":[{"href":"https:\/\/www.esplac.cat\/en\/wp-json\/wp\/v2\/media?parent=25786"}],"wp:term":[{"taxonomy":"category","embeddable":true,"href":"https:\/\/www.esplac.cat\/en\/wp-json\/wp\/v2\/categories?post=25786"},{"taxonomy":"post_tag","embeddable":true,"href":"https:\/\/www.esplac.cat\/en\/wp-json\/wp\/v2\/tags?post=25786"}],"curies":[{"name":"wp","href":"https:\/\/api.w.org\/{rel}","templated":true}]}}