{"id":25799,"date":"2014-03-19T13:51:31","date_gmt":"2014-03-19T11:51:31","guid":{"rendered":"http:\/\/esplac.cat\/?p=4791"},"modified":"2014-03-19T13:51:31","modified_gmt":"2014-03-19T11:51:31","slug":"el-dia-localitzat-aplegara-a-mes-de-600-persones-dels-esplais-de-barcelona","status":"publish","type":"post","link":"https:\/\/www.esplac.cat\/en\/el-dia-localitzat-aplegara-a-mes-de-600-persones-dels-esplais-de-barcelona\/","title":{"rendered":"El Dia Localitza&#8217;t aplegara a m\u00e9s de 600 persones dels esplais de Barcelona"},"content":{"rendered":"<p><!--:CA--><\/p>\n<h3 align=\"center\"><span style=\"color: #222222;\">El 22 de mar\u00e7 m\u00e9s de 600 infants, monitors, monitores i fam\u00edlies dels esplais de Barcelona demanaran locals dignes per fer-hi la seva activitat educativa.<\/span><\/h3>\n<p align=\"center\"><strong>\u00a0Durant tot el Dia Localitza&#8217;t els esplais sortiran als carrers de Barcelona per fer activitats i acabaran la jornada amb una manifestaci\u00f3 i la lectura d&#8217;un manifest.<\/strong><\/p>\n<p>El Dia Localitza\u2019t -22 de mar\u00e7- \u00e9s el dia que els esplais membres d\u2019Esplais Catalans sortirem al carrer per fer visible la nostra tasca educativa i demanar locals dignes on dur a terme la nostra activitat. El Projecte Localitza\u2019t ha organitzat aquesta jornada que pret\u00e9n ser festiva i reivindicativa alhora per donar a con\u00e8ixer la problem\u00e0tica de la manca de locals que pateixen moltes entitats de lleure infantil i juvenil. Aix\u00ed mateix, l\u2019acte pret\u00e9n ser un reconeixement al pes que tenen l\u2019educaci\u00f3 no formal i al voluntariat en el dia a dia dels esplais del nostre pa\u00eds.<\/p>\n<p align=\"justify\">Durant el Dia Localitza\u2019t traurem l\u2019esplai al carrer. \u00c9s per aix\u00f2 que al llarg de tot el mat\u00ed, i en diferents places del centre de Barcelona, realitzarem un seguit d\u2019activitats. A les 16h, i despr\u00e9s d\u2019un dinar de carmanyola a la Pla\u00e7a de Catalunya, iniciarem una manifestaci\u00f3 que pret\u00e9n agrupar infants, joves, fam\u00edlies, monitors i monitores, i que acabar\u00e0 a la Pla\u00e7a de Sant Miquel. All\u00e0 farem una lectura del manifest del Projecte Localitza\u2019t i tancarem la jornada amb animaci\u00f3 infantil.<\/p>\n<p align=\"justify\">Horari detallat de les diverses activitats de la jornada:<\/p>\n<table style=\"width: 400px;\" cellspacing=\"0\" cellpadding=\"7\">\n<colgroup>\n<col width=\"93\" \/>\n<col width=\"234\" \/>\n<col width=\"172\" \/> <\/colgroup>\n<tbody>\n<tr style=\"background-color: #ff6600;\">\n<td style=\"border: 1px solid #000000;\">\n<p align=\"center\"><strong>HORARI<\/strong><\/p>\n<\/td>\n<td style=\"border: 1px solid #000000;\">\n<p align=\"center\"><strong>ACTIVITAT<\/strong><\/p>\n<\/td>\n<td style=\"border: 1px solid #000000;\">\n<p align=\"center\"><strong>LLOC<\/strong><\/p>\n<\/td>\n<\/tr>\n<tr>\n<td style=\"border: 1px solid #000000;\">\n<p align=\"center\">11.30<\/p>\n<\/td>\n<td style=\"border: 1px solid #000000;\">\n<p align=\"center\">Trobada i explicaci\u00f3 de les activitats amb els infants<\/p>\n<\/td>\n<td style=\"border: 1px solid #000000;\" rowspan=\"2\">\n<p align=\"center\">Places assignades<\/p>\n<\/td>\n<\/tr>\n<tr>\n<td style=\"border: 1px solid #000000;\">\n<p align=\"center\">12.00<\/p>\n<\/td>\n<td style=\"border: 1px solid #000000;\">\n<p align=\"center\">Realitzaci\u00f3 de les activitats*<\/p>\n<\/td>\n<\/tr>\n<tr>\n<td style=\"border: 1px solid #000000;\">\n<p align=\"center\">14.00<\/p>\n<\/td>\n<td style=\"border: 1px solid #000000;\">\n<p align=\"center\">Dinar de germanor<\/p>\n<\/td>\n<td style=\"border: 1px solid #000000;\" rowspan=\"3\">\n<p align=\"center\">Pla\u00e7a Catalunya<\/p>\n<\/td>\n<\/tr>\n<tr>\n<td style=\"border: 1px solid #000000;\">\n<p align=\"center\">15.00<\/p>\n<\/td>\n<td style=\"border: 1px solid #000000;\">\n<p align=\"center\">Migdiada popular i descans<\/p>\n<\/td>\n<\/tr>\n<tr>\n<td style=\"border: 1px solid #000000;\">\n<p align=\"center\">16.00<\/p>\n<\/td>\n<td style=\"border: 1px solid #000000;\">\n<p align=\"center\">Trobada amb les fam\u00edlies<\/p>\n<\/td>\n<\/tr>\n<tr>\n<td style=\"border: 1px solid #000000;\">\n<p align=\"center\">16.30<\/p>\n<\/td>\n<td style=\"border: 1px solid #000000;\" rowspan=\"2\">\n<p align=\"center\">Manifestaci\u00f3*<\/p>\n<p align=\"center\">Lectura del manifest<\/p>\n<\/td>\n<td style=\"border: 1px solid #000000;\" rowspan=\"2\">\n<p align=\"center\">Pla\u00e7a Catalunya &#8211; Portal de l&#8217;\u00c0ngel &#8211; Pla\u00e7a Nova &#8211; Carrer del Bisbe &#8211; Pla\u00e7a Sant Jaume &#8211; Pla\u00e7a Sant Miquel<\/p>\n<\/td>\n<\/tr>\n<tr>\n<td style=\"border: 1px solid #000000;\">\n<p align=\"center\">18.00<\/p>\n<\/td>\n<\/tr>\n<tr>\n<td style=\"border: 1px solid #000000;\">\n<p align=\"center\">18.30<\/p>\n<\/td>\n<td style=\"border: 1px solid #000000;\">\n<p align=\"center\">\u00a0Animaci\u00f3 infantil<\/p>\n<p align=\"center\">(No\u00e8 Rivas)<\/p>\n<\/td>\n<td style=\"border: 1px solid #000000;\">\n<p align=\"center\">Pla\u00e7a Sant Miquel<\/p>\n<\/td>\n<\/tr>\n<\/tbody>\n<\/table>\n<p style=\"text-align: left;\" align=\"justify\"><strong>* Activitats del mat\u00ed<\/strong><\/p>\n<p style=\"text-align: left;\" align=\"justify\">Durant tot el mat\u00ed realitzarem activitats segons diferents grups d\u2019edat en places del centre de Barcelona. Les activitats comen\u00e7aran a les 11,30h i la distribuci\u00f3 dels espais ser\u00e0 la seg\u00fcent:<\/p>\n<ul>\n<li>Pla\u00e7a Sant Felip Neri: Xics (4-7 anys)<\/li>\n<li>Pla\u00e7a del Rei: Petits (7-9 anys)<\/li>\n<li>Pla\u00e7a Sant Miquel: Mitjans (9-12 anys)<\/li>\n<li>Avinguda de la Catedral: Grans (12-15 anys)<\/li>\n<li>Pla\u00e7a de la Merc\u00e8: Joves (15-17 anys)<\/li>\n<\/ul>\n<p style=\"text-align: left;\"><strong>* Manifestaci\u00f3<\/strong><\/p>\n<p style=\"text-align: left;\" align=\"justify\">La concentraci\u00f3 est\u00e0 programada sobre les 16h a la Pla\u00e7a Catalunya per tal de poder iniciar la manifestaci\u00f3 a les 16,30h. El recorregut transcorrer\u00e0 pel Portal de l\u2019\u00c0ngel, l\u2019Avinguda de la Catedral, el carrer del Bisbe, la Pla\u00e7a de Sant Jaume i la Pla\u00e7a de Sant Miquel, on acabar\u00e0. Aproximadament a les 18,30h farem la lectura del manifest i tancarem la jornada amb l\u2019animaci\u00f3 infantil a c\u00e0rrec de No\u00e8 Rivas.<\/p>\n<p style=\"text-align: left;\" align=\"justify\">Tot i que l\u2019acte est\u00e0 organitzat pel Projecte Localitza\u2019t, d\u2019Esplais Catalanas, la manifestaci\u00f3 est\u00e0 oberta a que hi puguin participar d\u2019altres entitats educatives. Aix\u00ed doncs, s\u2019espera una nombrosa participaci\u00f3 d\u2019esplais, caus i d\u2019altres entitats d\u2019arreu de Catalunya. Al llarg de tot el recorregut estarem acompanyats per grups de percussi\u00f3, gegants, capgrossos i d\u2019altres sorpreses que ja descobrireu.<\/p>\n<p style=\"text-align: left;\" align=\"justify\"><strong>* Premsa<\/strong><\/p>\n<p style=\"text-align: left;\" align=\"justify\">Per donar a con\u00e8ixer a la ciutadania aquesta activitat i fer ress\u00f3 de les nostres demandes, convoquem a la premsa a venir a cobrir el Dia Localitza&#8217;t. Per a m\u00e9s informaci\u00f3 descarregueu el dossier de premsa.<\/p>\n<p style=\"text-align: left;\" align=\"justify\"> Descarregar dossier de premsa\u00a0<\/p>\n<p><!--:--><!--:es-->&nbsp;<\/p>\n<p><!--:--><!--:en-->&nbsp;<\/p>\n<p><!--:--><!--:fr-->&nbsp;<\/p>\n<p><!--:--><\/p>\n","protected":false},"excerpt":{"rendered":"<p>El 22 de mar\u00e7 m\u00e9s de 600 infants, monitors, monitores [&hellip;]<\/p>\n","protected":false},"author":3,"featured_media":25604,"comment_status":"open","ping_status":"open","sticky":false,"template":"","format":"standard","meta":{"om_disable_all_campaigns":false,"_monsterinsights_skip_tracking":false,"_monsterinsights_sitenote_active":false,"_monsterinsights_sitenote_note":"","_monsterinsights_sitenote_category":0,"_uf_show_specific_survey":0,"_uf_disable_surveys":false,"footnotes":""},"categories":[1110,1128],"tags":[208,223,119],"class_list":["post-25799","post","type-post","status-publish","format-standard","has-post-thumbnail","hentry","category-activitats-sectors","category-sector-barcelona","tag-localitzat","tag-locals-i-equipaments","tag-sector-barcelona"],"yoast_head":"<!-- This site is optimized with the Yoast SEO plugin v27.5 - https:\/\/yoast.com\/product\/yoast-seo-wordpress\/ -->\n<title>El Dia Localitza&#039;t aplegara a m\u00e9s de 600 persones dels esplais de Barcelona - Esplac<\/title>\n<meta name=\"robots\" content=\"index, follow, max-snippet:-1, max-image-preview:large, max-video-preview:-1\" \/>\n<link rel=\"canonical\" href=\"https:\/\/www.esplac.cat\/el-dia-localitzat-aplegara-a-mes-de-600-persones-dels-esplais-de-barcelona\/\" \/>\n<meta property=\"og:locale\" content=\"en_US\" \/>\n<meta property=\"og:type\" content=\"article\" \/>\n<meta property=\"og:title\" content=\"El Dia Localitza&#039;t aplegara a m\u00e9s de 600 persones dels esplais de Barcelona - Esplac\" \/>\n<meta property=\"og:description\" content=\"El 22 de mar\u00e7 m\u00e9s de 600 infants, monitors, monitores [&hellip;]\" \/>\n<meta property=\"og:url\" content=\"https:\/\/www.esplac.cat\/el-dia-localitzat-aplegara-a-mes-de-600-persones-dels-esplais-de-barcelona\/\" \/>\n<meta property=\"og:site_name\" content=\"Esplac\" \/>\n<meta property=\"article:published_time\" content=\"2014-03-19T11:51:31+00:00\" \/>\n<meta property=\"og:image\" content=\"https:\/\/www.esplac.cat\/wp-content\/uploads\/2013\/02\/DSC08123-1024x575.jpg\" \/>\n\t<meta property=\"og:image:width\" content=\"1024\" \/>\n\t<meta property=\"og:image:height\" content=\"575\" \/>\n\t<meta property=\"og:image:type\" content=\"image\/jpeg\" \/>\n<meta name=\"author\" content=\"Comunicaci\u00f3 Esplac\" \/>\n<meta name=\"twitter:card\" content=\"summary_large_image\" \/>\n<meta name=\"twitter:label1\" content=\"Written by\" \/>\n\t<meta name=\"twitter:data1\" content=\"Comunicaci\u00f3 Esplac\" \/>\n\t<meta name=\"twitter:label2\" content=\"Est. reading time\" \/>\n\t<meta name=\"twitter:data2\" content=\"3 minutes\" \/>\n<script type=\"application\/ld+json\" class=\"yoast-schema-graph\">{\"@context\":\"https:\\\/\\\/schema.org\",\"@graph\":[{\"@type\":\"Article\",\"@id\":\"https:\\\/\\\/www.esplac.cat\\\/el-dia-localitzat-aplegara-a-mes-de-600-persones-dels-esplais-de-barcelona\\\/#article\",\"isPartOf\":{\"@id\":\"https:\\\/\\\/www.esplac.cat\\\/el-dia-localitzat-aplegara-a-mes-de-600-persones-dels-esplais-de-barcelona\\\/\"},\"author\":{\"name\":\"Comunicaci\u00f3 Esplac\",\"@id\":\"https:\\\/\\\/www.esplac.cat\\\/#\\\/schema\\\/person\\\/908383cf240be18b68f8855d0583faca\"},\"headline\":\"El Dia Localitza&#8217;t aplegara a m\u00e9s de 600 persones dels esplais de Barcelona\",\"datePublished\":\"2014-03-19T11:51:31+00:00\",\"mainEntityOfPage\":{\"@id\":\"https:\\\/\\\/www.esplac.cat\\\/el-dia-localitzat-aplegara-a-mes-de-600-persones-dels-esplais-de-barcelona\\\/\"},\"wordCount\":627,\"commentCount\":0,\"publisher\":{\"@id\":\"https:\\\/\\\/www.esplac.cat\\\/#organization\"},\"image\":{\"@id\":\"https:\\\/\\\/www.esplac.cat\\\/el-dia-localitzat-aplegara-a-mes-de-600-persones-dels-esplais-de-barcelona\\\/#primaryimage\"},\"thumbnailUrl\":\"https:\\\/\\\/www.esplac.cat\\\/wp-content\\\/uploads\\\/2013\\\/02\\\/DSC08123.jpg\",\"keywords\":[\"localitza't\",\"locals i equipaments\",\"sector Barcelona\"],\"articleSection\":[\"Activitats sectors\",\"Sector Barcelona\"],\"inLanguage\":\"en-US\",\"potentialAction\":[{\"@type\":\"CommentAction\",\"name\":\"Comment\",\"target\":[\"https:\\\/\\\/www.esplac.cat\\\/el-dia-localitzat-aplegara-a-mes-de-600-persones-dels-esplais-de-barcelona\\\/#respond\"]}]},{\"@type\":\"WebPage\",\"@id\":\"https:\\\/\\\/www.esplac.cat\\\/el-dia-localitzat-aplegara-a-mes-de-600-persones-dels-esplais-de-barcelona\\\/\",\"url\":\"https:\\\/\\\/www.esplac.cat\\\/el-dia-localitzat-aplegara-a-mes-de-600-persones-dels-esplais-de-barcelona\\\/\",\"name\":\"El Dia Localitza't aplegara a m\u00e9s de 600 persones dels esplais de Barcelona - Esplac\",\"isPartOf\":{\"@id\":\"https:\\\/\\\/www.esplac.cat\\\/#website\"},\"primaryImageOfPage\":{\"@id\":\"https:\\\/\\\/www.esplac.cat\\\/el-dia-localitzat-aplegara-a-mes-de-600-persones-dels-esplais-de-barcelona\\\/#primaryimage\"},\"image\":{\"@id\":\"https:\\\/\\\/www.esplac.cat\\\/el-dia-localitzat-aplegara-a-mes-de-600-persones-dels-esplais-de-barcelona\\\/#primaryimage\"},\"thumbnailUrl\":\"https:\\\/\\\/www.esplac.cat\\\/wp-content\\\/uploads\\\/2013\\\/02\\\/DSC08123.jpg\",\"datePublished\":\"2014-03-19T11:51:31+00:00\",\"breadcrumb\":{\"@id\":\"https:\\\/\\\/www.esplac.cat\\\/el-dia-localitzat-aplegara-a-mes-de-600-persones-dels-esplais-de-barcelona\\\/#breadcrumb\"},\"inLanguage\":\"en-US\",\"potentialAction\":[{\"@type\":\"ReadAction\",\"target\":[\"https:\\\/\\\/www.esplac.cat\\\/el-dia-localitzat-aplegara-a-mes-de-600-persones-dels-esplais-de-barcelona\\\/\"]}]},{\"@type\":\"ImageObject\",\"inLanguage\":\"en-US\",\"@id\":\"https:\\\/\\\/www.esplac.cat\\\/el-dia-localitzat-aplegara-a-mes-de-600-persones-dels-esplais-de-barcelona\\\/#primaryimage\",\"url\":\"https:\\\/\\\/www.esplac.cat\\\/wp-content\\\/uploads\\\/2013\\\/02\\\/DSC08123.jpg\",\"contentUrl\":\"https:\\\/\\\/www.esplac.cat\\\/wp-content\\\/uploads\\\/2013\\\/02\\\/DSC08123.jpg\",\"width\":3872,\"height\":2176},{\"@type\":\"BreadcrumbList\",\"@id\":\"https:\\\/\\\/www.esplac.cat\\\/el-dia-localitzat-aplegara-a-mes-de-600-persones-dels-esplais-de-barcelona\\\/#breadcrumb\",\"itemListElement\":[{\"@type\":\"ListItem\",\"position\":1,\"name\":\"Inici\",\"item\":\"https:\\\/\\\/www.esplac.cat\\\/en\\\/\"},{\"@type\":\"ListItem\",\"position\":2,\"name\":\"El Dia Localitza&#8217;t aplegara a m\u00e9s de 600 persones dels esplais de Barcelona\"}]},{\"@type\":\"WebSite\",\"@id\":\"https:\\\/\\\/www.esplac.cat\\\/#website\",\"url\":\"https:\\\/\\\/www.esplac.cat\\\/\",\"name\":\"Esplac\",\"description\":\"Esplais Catalans\",\"publisher\":{\"@id\":\"https:\\\/\\\/www.esplac.cat\\\/#organization\"},\"potentialAction\":[{\"@type\":\"SearchAction\",\"target\":{\"@type\":\"EntryPoint\",\"urlTemplate\":\"https:\\\/\\\/www.esplac.cat\\\/?s={search_term_string}\"},\"query-input\":{\"@type\":\"PropertyValueSpecification\",\"valueRequired\":true,\"valueName\":\"search_term_string\"}}],\"inLanguage\":\"en-US\"},{\"@type\":\"Organization\",\"@id\":\"https:\\\/\\\/www.esplac.cat\\\/#organization\",\"name\":\"Esplac\",\"url\":\"https:\\\/\\\/www.esplac.cat\\\/\",\"logo\":{\"@type\":\"ImageObject\",\"inLanguage\":\"en-US\",\"@id\":\"https:\\\/\\\/www.esplac.cat\\\/#\\\/schema\\\/logo\\\/image\\\/\",\"url\":\"https:\\\/\\\/www.esplac.cat\\\/wp-content\\\/uploads\\\/2019\\\/08\\\/logox2.png\",\"contentUrl\":\"https:\\\/\\\/www.esplac.cat\\\/wp-content\\\/uploads\\\/2019\\\/08\\\/logox2.png\",\"width\":600,\"height\":295,\"caption\":\"Esplac\"},\"image\":{\"@id\":\"https:\\\/\\\/www.esplac.cat\\\/#\\\/schema\\\/logo\\\/image\\\/\"}},{\"@type\":\"Person\",\"@id\":\"https:\\\/\\\/www.esplac.cat\\\/#\\\/schema\\\/person\\\/908383cf240be18b68f8855d0583faca\",\"name\":\"Comunicaci\u00f3 Esplac\",\"image\":{\"@type\":\"ImageObject\",\"inLanguage\":\"en-US\",\"@id\":\"https:\\\/\\\/secure.gravatar.com\\\/avatar\\\/7a4cf8feb412a76ea4a740ca02d95b06b2907b5a6c648c2dd0a1082a093c3141?s=96&d=mm&r=g\",\"url\":\"https:\\\/\\\/secure.gravatar.com\\\/avatar\\\/7a4cf8feb412a76ea4a740ca02d95b06b2907b5a6c648c2dd0a1082a093c3141?s=96&d=mm&r=g\",\"contentUrl\":\"https:\\\/\\\/secure.gravatar.com\\\/avatar\\\/7a4cf8feb412a76ea4a740ca02d95b06b2907b5a6c648c2dd0a1082a093c3141?s=96&d=mm&r=g\",\"caption\":\"Comunicaci\u00f3 Esplac\"}}]}<\/script>\n<!-- \/ Yoast SEO plugin. -->","yoast_head_json":{"title":"El Dia Localitza't aplegara a m\u00e9s de 600 persones dels esplais de Barcelona - Esplac","robots":{"index":"index","follow":"follow","max-snippet":"max-snippet:-1","max-image-preview":"max-image-preview:large","max-video-preview":"max-video-preview:-1"},"canonical":"https:\/\/www.esplac.cat\/el-dia-localitzat-aplegara-a-mes-de-600-persones-dels-esplais-de-barcelona\/","og_locale":"en_US","og_type":"article","og_title":"El Dia Localitza't aplegara a m\u00e9s de 600 persones dels esplais de Barcelona - Esplac","og_description":"El 22 de mar\u00e7 m\u00e9s de 600 infants, monitors, monitores [&hellip;]","og_url":"https:\/\/www.esplac.cat\/el-dia-localitzat-aplegara-a-mes-de-600-persones-dels-esplais-de-barcelona\/","og_site_name":"Esplac","article_published_time":"2014-03-19T11:51:31+00:00","og_image":[{"width":1024,"height":575,"url":"https:\/\/www.esplac.cat\/wp-content\/uploads\/2013\/02\/DSC08123-1024x575.jpg","type":"image\/jpeg"}],"author":"Comunicaci\u00f3 Esplac","twitter_card":"summary_large_image","twitter_misc":{"Written by":"Comunicaci\u00f3 Esplac","Est. reading time":"3 minutes"},"schema":{"@context":"https:\/\/schema.org","@graph":[{"@type":"Article","@id":"https:\/\/www.esplac.cat\/el-dia-localitzat-aplegara-a-mes-de-600-persones-dels-esplais-de-barcelona\/#article","isPartOf":{"@id":"https:\/\/www.esplac.cat\/el-dia-localitzat-aplegara-a-mes-de-600-persones-dels-esplais-de-barcelona\/"},"author":{"name":"Comunicaci\u00f3 Esplac","@id":"https:\/\/www.esplac.cat\/#\/schema\/person\/908383cf240be18b68f8855d0583faca"},"headline":"El Dia Localitza&#8217;t aplegara a m\u00e9s de 600 persones dels esplais de Barcelona","datePublished":"2014-03-19T11:51:31+00:00","mainEntityOfPage":{"@id":"https:\/\/www.esplac.cat\/el-dia-localitzat-aplegara-a-mes-de-600-persones-dels-esplais-de-barcelona\/"},"wordCount":627,"commentCount":0,"publisher":{"@id":"https:\/\/www.esplac.cat\/#organization"},"image":{"@id":"https:\/\/www.esplac.cat\/el-dia-localitzat-aplegara-a-mes-de-600-persones-dels-esplais-de-barcelona\/#primaryimage"},"thumbnailUrl":"https:\/\/www.esplac.cat\/wp-content\/uploads\/2013\/02\/DSC08123.jpg","keywords":["localitza't","locals i equipaments","sector Barcelona"],"articleSection":["Activitats sectors","Sector Barcelona"],"inLanguage":"en-US","potentialAction":[{"@type":"CommentAction","name":"Comment","target":["https:\/\/www.esplac.cat\/el-dia-localitzat-aplegara-a-mes-de-600-persones-dels-esplais-de-barcelona\/#respond"]}]},{"@type":"WebPage","@id":"https:\/\/www.esplac.cat\/el-dia-localitzat-aplegara-a-mes-de-600-persones-dels-esplais-de-barcelona\/","url":"https:\/\/www.esplac.cat\/el-dia-localitzat-aplegara-a-mes-de-600-persones-dels-esplais-de-barcelona\/","name":"El Dia Localitza't aplegara a m\u00e9s de 600 persones dels esplais de Barcelona - Esplac","isPartOf":{"@id":"https:\/\/www.esplac.cat\/#website"},"primaryImageOfPage":{"@id":"https:\/\/www.esplac.cat\/el-dia-localitzat-aplegara-a-mes-de-600-persones-dels-esplais-de-barcelona\/#primaryimage"},"image":{"@id":"https:\/\/www.esplac.cat\/el-dia-localitzat-aplegara-a-mes-de-600-persones-dels-esplais-de-barcelona\/#primaryimage"},"thumbnailUrl":"https:\/\/www.esplac.cat\/wp-content\/uploads\/2013\/02\/DSC08123.jpg","datePublished":"2014-03-19T11:51:31+00:00","breadcrumb":{"@id":"https:\/\/www.esplac.cat\/el-dia-localitzat-aplegara-a-mes-de-600-persones-dels-esplais-de-barcelona\/#breadcrumb"},"inLanguage":"en-US","potentialAction":[{"@type":"ReadAction","target":["https:\/\/www.esplac.cat\/el-dia-localitzat-aplegara-a-mes-de-600-persones-dels-esplais-de-barcelona\/"]}]},{"@type":"ImageObject","inLanguage":"en-US","@id":"https:\/\/www.esplac.cat\/el-dia-localitzat-aplegara-a-mes-de-600-persones-dels-esplais-de-barcelona\/#primaryimage","url":"https:\/\/www.esplac.cat\/wp-content\/uploads\/2013\/02\/DSC08123.jpg","contentUrl":"https:\/\/www.esplac.cat\/wp-content\/uploads\/2013\/02\/DSC08123.jpg","width":3872,"height":2176},{"@type":"BreadcrumbList","@id":"https:\/\/www.esplac.cat\/el-dia-localitzat-aplegara-a-mes-de-600-persones-dels-esplais-de-barcelona\/#breadcrumb","itemListElement":[{"@type":"ListItem","position":1,"name":"Inici","item":"https:\/\/www.esplac.cat\/en\/"},{"@type":"ListItem","position":2,"name":"El Dia Localitza&#8217;t aplegara a m\u00e9s de 600 persones dels esplais de Barcelona"}]},{"@type":"WebSite","@id":"https:\/\/www.esplac.cat\/#website","url":"https:\/\/www.esplac.cat\/","name":"Esplac","description":"Esplais Catalans","publisher":{"@id":"https:\/\/www.esplac.cat\/#organization"},"potentialAction":[{"@type":"SearchAction","target":{"@type":"EntryPoint","urlTemplate":"https:\/\/www.esplac.cat\/?s={search_term_string}"},"query-input":{"@type":"PropertyValueSpecification","valueRequired":true,"valueName":"search_term_string"}}],"inLanguage":"en-US"},{"@type":"Organization","@id":"https:\/\/www.esplac.cat\/#organization","name":"Esplac","url":"https:\/\/www.esplac.cat\/","logo":{"@type":"ImageObject","inLanguage":"en-US","@id":"https:\/\/www.esplac.cat\/#\/schema\/logo\/image\/","url":"https:\/\/www.esplac.cat\/wp-content\/uploads\/2019\/08\/logox2.png","contentUrl":"https:\/\/www.esplac.cat\/wp-content\/uploads\/2019\/08\/logox2.png","width":600,"height":295,"caption":"Esplac"},"image":{"@id":"https:\/\/www.esplac.cat\/#\/schema\/logo\/image\/"}},{"@type":"Person","@id":"https:\/\/www.esplac.cat\/#\/schema\/person\/908383cf240be18b68f8855d0583faca","name":"Comunicaci\u00f3 Esplac","image":{"@type":"ImageObject","inLanguage":"en-US","@id":"https:\/\/secure.gravatar.com\/avatar\/7a4cf8feb412a76ea4a740ca02d95b06b2907b5a6c648c2dd0a1082a093c3141?s=96&d=mm&r=g","url":"https:\/\/secure.gravatar.com\/avatar\/7a4cf8feb412a76ea4a740ca02d95b06b2907b5a6c648c2dd0a1082a093c3141?s=96&d=mm&r=g","contentUrl":"https:\/\/secure.gravatar.com\/avatar\/7a4cf8feb412a76ea4a740ca02d95b06b2907b5a6c648c2dd0a1082a093c3141?s=96&d=mm&r=g","caption":"Comunicaci\u00f3 Esplac"}}]}},"_links":{"self":[{"href":"https:\/\/www.esplac.cat\/en\/wp-json\/wp\/v2\/posts\/25799","targetHints":{"allow":["GET"]}}],"collection":[{"href":"https:\/\/www.esplac.cat\/en\/wp-json\/wp\/v2\/posts"}],"about":[{"href":"https:\/\/www.esplac.cat\/en\/wp-json\/wp\/v2\/types\/post"}],"author":[{"embeddable":true,"href":"https:\/\/www.esplac.cat\/en\/wp-json\/wp\/v2\/users\/3"}],"replies":[{"embeddable":true,"href":"https:\/\/www.esplac.cat\/en\/wp-json\/wp\/v2\/comments?post=25799"}],"version-history":[{"count":0,"href":"https:\/\/www.esplac.cat\/en\/wp-json\/wp\/v2\/posts\/25799\/revisions"}],"wp:featuredmedia":[{"embeddable":true,"href":"https:\/\/www.esplac.cat\/en\/wp-json\/wp\/v2\/media\/25604"}],"wp:attachment":[{"href":"https:\/\/www.esplac.cat\/en\/wp-json\/wp\/v2\/media?parent=25799"}],"wp:term":[{"taxonomy":"category","embeddable":true,"href":"https:\/\/www.esplac.cat\/en\/wp-json\/wp\/v2\/categories?post=25799"},{"taxonomy":"post_tag","embeddable":true,"href":"https:\/\/www.esplac.cat\/en\/wp-json\/wp\/v2\/tags?post=25799"}],"curies":[{"name":"wp","href":"https:\/\/api.w.org\/{rel}","templated":true}]}}