{"id":25800,"date":"2014-03-14T13:55:36","date_gmt":"2014-03-14T11:55:36","guid":{"rendered":"http:\/\/esplac.cat\/?p=4759"},"modified":"2014-03-14T13:55:36","modified_gmt":"2014-03-14T11:55:36","slug":"camm-al-sector-baix-llobregat-un-curs-molt-especial","status":"publish","type":"post","link":"https:\/\/www.esplac.cat\/en\/camm-al-sector-baix-llobregat-un-curs-molt-especial\/","title":{"rendered":"CAMM al Sector Baix Llobregat: un curs molt especial"},"content":{"rendered":"<p><!--:CA--><\/p>\n<p align=\"justify\"><strong>Redacci\u00f3<\/strong>:\u00a0Joana Vil\u00e0 Soriano de l\u2019Esplai Pa amb Tom\u00e0quet (El Papiol)<\/p>\n<p align=\"justify\">El Sector Baix Llobregat va organitzar un <strong>Curs d&#8217;Acollida del Programa Marta Mata<\/strong>\u00a0(CAMM) durant el 15 i 16 de febrer, on hi vam participar 30 joves aproximadament. El curs va tenir lloc a El Papiol i van participar dos esplais del sector, l\u2019esplai <a title=\"esplai pa amb tom\u00e0quet\" href=\"https:\/\/www.facebook.com\/esplaipamtu\" target=\"_blank\" rel=\"noopener noreferrer\">Pa amb Tom\u00e0que<\/a>t (El Papiol) i l\u2019esplai <a title=\"esplai arc de sant mart\u00ed\" href=\"https:\/\/sites.google.com\/site\/esplaisantmartitorrelles\/\" target=\"_blank\" rel=\"noopener noreferrer\">Arc de Sant Mart\u00ed<\/a> (Torrelles de Llobregat).<\/p>\n<p lang=\"es-ES\" align=\"justify\">Se suposa, o almenys \u00e9s el que es diu, que quan vas a un curs \u00e9s per aprendre coses noves per\u00f2 d\u2019una forma seriosa, assegut en una cadira i davant d\u2019una taula, prenent apunts o escoltant atentament. Els cursos, per\u00f2, acostumen a ser intensius, 14 o m\u00e9s hores de curs en dos dies. De manera que et pots acabar avorrint o si m\u00e9s no, cansant, ja que tantes hores poden resultar pesades. Nosaltres ho vam fer diferent.<\/p>\n<p lang=\"es-ES\" align=\"justify\">L\u2019objectiu d\u2019aquest curs, com b\u00e9 indica el nom, era instruir-nos i orientar-nos per ser conscients de la important tasca del monitor i monitora d\u2019esplai, per\u00f2 d\u2019una manera divertida, participativa i din\u00e0mica.<\/p>\n<p align=\"justify\">La primera activitat que vam fer, va ser intentar, per grups i mitjan\u00e7ant una subhasta, aconseguir el m\u00e0xim de valors que pogu\u00e9ssim. Despr\u00e9s, a tots els grups se\u2019ls plantejaven diferents situacions imaginades, per\u00f2 possibles. Amb els valors que tenia cada grup, hav\u00edem d\u2019intentar resoldre-les. Va ser una tasca complicada per\u00f2 molt interessant, perqu\u00e8 vam veure que s\u2019ha d\u2019anar molt amb compte a l\u2019hora de resoldre segons quines situacions, ja que hi ha molts factors que poden intervenir-hi. A la vegada ens vam divertir intentant buscar les millors solucions possibles, aprenent els uns dels altres.<\/p>\n<p align=\"justify\">Una altra activitat que vam fer, i potser la m\u00e9s llarga de totes, va ser inventar-nos dues o tres activitats que duressin mitja hora per despr\u00e9s posar-les en pr\u00e0ctica. Ens vam posar en grups de 4 o 5 persones i cada grup s\u2019havia d\u2019inventar una activitat. Ten\u00edem diferents grups d&#8217;edats i les activitats havien d\u2019estar adaptades a les seves necessitats i interessos. Despr\u00e9s, els creadors havien de fer de monitors i els altres havien de comportar-se com a infants de l\u2019edat corresponent al grup per intentar fer les activitats. Va ser molt interessant perqu\u00e8 vam comprovar que planificar activitats no \u00e9s tan f\u00e0cil com sembla, s\u2019han de tenir en compte els objectius que vols assolir, de quins recursos i materials disposem, la metodologia i moltes m\u00e9s coses. A la vegada vam riure molt perqu\u00e8 interpretar el rol d&#8217;un nen o nena de diferent edat i posar-se a la seva pell, ens va semblar molt divertit.<\/p>\n<p align=\"justify\">Per \u00faltim, a la formaci\u00f3 del diumenge al mat\u00ed, vam recuperar el tema dels valors, intentant recopilar tots els que un monitor\/a hauria de tenir, que no s\u00f3n pocs!<\/p>\n<p align=\"justify\">Va ser un cap de setmana molt profit\u00f3s i ens ho vam passar genial. A part d\u2019aprendre molt\u00edssim sobre la tasca de ser monitor\/a, vam compartir moments incre\u00efbles amb la gent de l\u2019altre esplai. Van ser 24 hores molt intenses que se\u2019ns van fer molt curtes. Els dos esplais ens vam entendre de meravella i tots tenim moltes ganes de repetir.<\/p>\n<p><!--:--><!--:es-->&nbsp;<\/p>\n<p><!--:--><!--:en-->&nbsp;<\/p>\n<p><!--:--><!--:fr-->&nbsp;<\/p>\n<p><!--:--><\/p>\n","protected":false},"excerpt":{"rendered":"<p>Redacci\u00f3:\u00a0Joana Vil\u00e0 Soriano de l\u2019Esplai Pa amb Tom\u00e0quet (El Papiol) [&hellip;]<\/p>\n","protected":false},"author":3,"featured_media":25600,"comment_status":"open","ping_status":"open","sticky":false,"template":"","format":"standard","meta":{"om_disable_all_campaigns":false,"_monsterinsights_skip_tracking":false,"_monsterinsights_sitenote_active":false,"_monsterinsights_sitenote_note":"","_monsterinsights_sitenote_category":0,"_uf_show_specific_survey":0,"_uf_disable_surveys":false,"footnotes":""},"categories":[1110,1124],"tags":[221,207,222,114],"class_list":["post-25800","post","type-post","status-publish","format-standard","has-post-thumbnail","hentry","category-activitats-sectors","category-sector-baix-llobregat","tag-arc-de-sant-marto-de-torrelles","tag-curs-acollida-marta-mata","tag-pa-amb-tomaquet","tag-sector-baix-llobregat"],"yoast_head":"<!-- This site is optimized with the Yoast SEO plugin v27.4 - https:\/\/yoast.com\/product\/yoast-seo-wordpress\/ -->\n<title>CAMM al Sector Baix Llobregat: un curs molt especial - Esplac<\/title>\n<meta name=\"robots\" content=\"index, follow, max-snippet:-1, max-image-preview:large, max-video-preview:-1\" \/>\n<link rel=\"canonical\" href=\"https:\/\/www.esplac.cat\/camm-al-sector-baix-llobregat-un-curs-molt-especial\/\" \/>\n<meta property=\"og:locale\" content=\"en_US\" \/>\n<meta property=\"og:type\" content=\"article\" \/>\n<meta property=\"og:title\" content=\"CAMM al Sector Baix Llobregat: un curs molt especial - Esplac\" \/>\n<meta property=\"og:description\" content=\"Redacci\u00f3:\u00a0Joana Vil\u00e0 Soriano de l\u2019Esplai Pa amb Tom\u00e0quet (El Papiol) [&hellip;]\" \/>\n<meta property=\"og:url\" content=\"https:\/\/www.esplac.cat\/camm-al-sector-baix-llobregat-un-curs-molt-especial\/\" \/>\n<meta property=\"og:site_name\" content=\"Esplac\" \/>\n<meta property=\"article:published_time\" content=\"2014-03-14T11:55:36+00:00\" \/>\n<meta property=\"og:image\" content=\"https:\/\/www.esplac.cat\/wp-content\/uploads\/2012\/10\/curs_monitors_escola_sol-e1351092774841.jpeg\" \/>\n\t<meta property=\"og:image:width\" content=\"719\" \/>\n\t<meta property=\"og:image:height\" content=\"336\" \/>\n\t<meta property=\"og:image:type\" content=\"image\/jpeg\" \/>\n<meta name=\"author\" content=\"Comunicaci\u00f3 Esplac\" \/>\n<meta name=\"twitter:card\" content=\"summary_large_image\" \/>\n<meta name=\"twitter:label1\" content=\"Written by\" \/>\n\t<meta name=\"twitter:data1\" content=\"Comunicaci\u00f3 Esplac\" \/>\n\t<meta name=\"twitter:label2\" content=\"Est. reading time\" \/>\n\t<meta name=\"twitter:data2\" content=\"3 minutes\" \/>\n<script type=\"application\/ld+json\" class=\"yoast-schema-graph\">{\"@context\":\"https:\\\/\\\/schema.org\",\"@graph\":[{\"@type\":\"Article\",\"@id\":\"https:\\\/\\\/www.esplac.cat\\\/camm-al-sector-baix-llobregat-un-curs-molt-especial\\\/#article\",\"isPartOf\":{\"@id\":\"https:\\\/\\\/www.esplac.cat\\\/camm-al-sector-baix-llobregat-un-curs-molt-especial\\\/\"},\"author\":{\"name\":\"Comunicaci\u00f3 Esplac\",\"@id\":\"https:\\\/\\\/www.esplac.cat\\\/#\\\/schema\\\/person\\\/908383cf240be18b68f8855d0583faca\"},\"headline\":\"CAMM al Sector Baix Llobregat: un curs molt especial\",\"datePublished\":\"2014-03-14T11:55:36+00:00\",\"mainEntityOfPage\":{\"@id\":\"https:\\\/\\\/www.esplac.cat\\\/camm-al-sector-baix-llobregat-un-curs-molt-especial\\\/\"},\"wordCount\":569,\"commentCount\":0,\"publisher\":{\"@id\":\"https:\\\/\\\/www.esplac.cat\\\/#organization\"},\"image\":{\"@id\":\"https:\\\/\\\/www.esplac.cat\\\/camm-al-sector-baix-llobregat-un-curs-molt-especial\\\/#primaryimage\"},\"thumbnailUrl\":\"https:\\\/\\\/www.esplac.cat\\\/wp-content\\\/uploads\\\/2012\\\/10\\\/curs_monitors_escola_sol-e1351092774841.jpeg\",\"keywords\":[\"Arc de Sant Mart\u00f3 de Torrelles\",\"Curs Acollida Marta Mata\",\"pa amb tom\u00e0quet\",\"sector Baix Llobregat\"],\"articleSection\":[\"Activitats sectors\",\"Sector Baix Llobregat\"],\"inLanguage\":\"en-US\",\"potentialAction\":[{\"@type\":\"CommentAction\",\"name\":\"Comment\",\"target\":[\"https:\\\/\\\/www.esplac.cat\\\/camm-al-sector-baix-llobregat-un-curs-molt-especial\\\/#respond\"]}]},{\"@type\":\"WebPage\",\"@id\":\"https:\\\/\\\/www.esplac.cat\\\/camm-al-sector-baix-llobregat-un-curs-molt-especial\\\/\",\"url\":\"https:\\\/\\\/www.esplac.cat\\\/camm-al-sector-baix-llobregat-un-curs-molt-especial\\\/\",\"name\":\"CAMM al Sector Baix Llobregat: un curs molt especial - Esplac\",\"isPartOf\":{\"@id\":\"https:\\\/\\\/www.esplac.cat\\\/#website\"},\"primaryImageOfPage\":{\"@id\":\"https:\\\/\\\/www.esplac.cat\\\/camm-al-sector-baix-llobregat-un-curs-molt-especial\\\/#primaryimage\"},\"image\":{\"@id\":\"https:\\\/\\\/www.esplac.cat\\\/camm-al-sector-baix-llobregat-un-curs-molt-especial\\\/#primaryimage\"},\"thumbnailUrl\":\"https:\\\/\\\/www.esplac.cat\\\/wp-content\\\/uploads\\\/2012\\\/10\\\/curs_monitors_escola_sol-e1351092774841.jpeg\",\"datePublished\":\"2014-03-14T11:55:36+00:00\",\"breadcrumb\":{\"@id\":\"https:\\\/\\\/www.esplac.cat\\\/camm-al-sector-baix-llobregat-un-curs-molt-especial\\\/#breadcrumb\"},\"inLanguage\":\"en-US\",\"potentialAction\":[{\"@type\":\"ReadAction\",\"target\":[\"https:\\\/\\\/www.esplac.cat\\\/camm-al-sector-baix-llobregat-un-curs-molt-especial\\\/\"]}]},{\"@type\":\"ImageObject\",\"inLanguage\":\"en-US\",\"@id\":\"https:\\\/\\\/www.esplac.cat\\\/camm-al-sector-baix-llobregat-un-curs-molt-especial\\\/#primaryimage\",\"url\":\"https:\\\/\\\/www.esplac.cat\\\/wp-content\\\/uploads\\\/2012\\\/10\\\/curs_monitors_escola_sol-e1351092774841.jpeg\",\"contentUrl\":\"https:\\\/\\\/www.esplac.cat\\\/wp-content\\\/uploads\\\/2012\\\/10\\\/curs_monitors_escola_sol-e1351092774841.jpeg\",\"width\":719,\"height\":336},{\"@type\":\"BreadcrumbList\",\"@id\":\"https:\\\/\\\/www.esplac.cat\\\/camm-al-sector-baix-llobregat-un-curs-molt-especial\\\/#breadcrumb\",\"itemListElement\":[{\"@type\":\"ListItem\",\"position\":1,\"name\":\"Inici\",\"item\":\"https:\\\/\\\/www.esplac.cat\\\/en\\\/\"},{\"@type\":\"ListItem\",\"position\":2,\"name\":\"CAMM al Sector Baix Llobregat: un curs molt especial\"}]},{\"@type\":\"WebSite\",\"@id\":\"https:\\\/\\\/www.esplac.cat\\\/#website\",\"url\":\"https:\\\/\\\/www.esplac.cat\\\/\",\"name\":\"Esplac\",\"description\":\"Esplais Catalans\",\"publisher\":{\"@id\":\"https:\\\/\\\/www.esplac.cat\\\/#organization\"},\"potentialAction\":[{\"@type\":\"SearchAction\",\"target\":{\"@type\":\"EntryPoint\",\"urlTemplate\":\"https:\\\/\\\/www.esplac.cat\\\/?s={search_term_string}\"},\"query-input\":{\"@type\":\"PropertyValueSpecification\",\"valueRequired\":true,\"valueName\":\"search_term_string\"}}],\"inLanguage\":\"en-US\"},{\"@type\":\"Organization\",\"@id\":\"https:\\\/\\\/www.esplac.cat\\\/#organization\",\"name\":\"Esplac\",\"url\":\"https:\\\/\\\/www.esplac.cat\\\/\",\"logo\":{\"@type\":\"ImageObject\",\"inLanguage\":\"en-US\",\"@id\":\"https:\\\/\\\/www.esplac.cat\\\/#\\\/schema\\\/logo\\\/image\\\/\",\"url\":\"https:\\\/\\\/www.esplac.cat\\\/wp-content\\\/uploads\\\/2019\\\/08\\\/logox2.png\",\"contentUrl\":\"https:\\\/\\\/www.esplac.cat\\\/wp-content\\\/uploads\\\/2019\\\/08\\\/logox2.png\",\"width\":600,\"height\":295,\"caption\":\"Esplac\"},\"image\":{\"@id\":\"https:\\\/\\\/www.esplac.cat\\\/#\\\/schema\\\/logo\\\/image\\\/\"}},{\"@type\":\"Person\",\"@id\":\"https:\\\/\\\/www.esplac.cat\\\/#\\\/schema\\\/person\\\/908383cf240be18b68f8855d0583faca\",\"name\":\"Comunicaci\u00f3 Esplac\",\"image\":{\"@type\":\"ImageObject\",\"inLanguage\":\"en-US\",\"@id\":\"https:\\\/\\\/secure.gravatar.com\\\/avatar\\\/7a4cf8feb412a76ea4a740ca02d95b06b2907b5a6c648c2dd0a1082a093c3141?s=96&d=mm&r=g\",\"url\":\"https:\\\/\\\/secure.gravatar.com\\\/avatar\\\/7a4cf8feb412a76ea4a740ca02d95b06b2907b5a6c648c2dd0a1082a093c3141?s=96&d=mm&r=g\",\"contentUrl\":\"https:\\\/\\\/secure.gravatar.com\\\/avatar\\\/7a4cf8feb412a76ea4a740ca02d95b06b2907b5a6c648c2dd0a1082a093c3141?s=96&d=mm&r=g\",\"caption\":\"Comunicaci\u00f3 Esplac\"}}]}<\/script>\n<!-- \/ Yoast SEO plugin. -->","yoast_head_json":{"title":"CAMM al Sector Baix Llobregat: un curs molt especial - Esplac","robots":{"index":"index","follow":"follow","max-snippet":"max-snippet:-1","max-image-preview":"max-image-preview:large","max-video-preview":"max-video-preview:-1"},"canonical":"https:\/\/www.esplac.cat\/camm-al-sector-baix-llobregat-un-curs-molt-especial\/","og_locale":"en_US","og_type":"article","og_title":"CAMM al Sector Baix Llobregat: un curs molt especial - Esplac","og_description":"Redacci\u00f3:\u00a0Joana Vil\u00e0 Soriano de l\u2019Esplai Pa amb Tom\u00e0quet (El Papiol) [&hellip;]","og_url":"https:\/\/www.esplac.cat\/camm-al-sector-baix-llobregat-un-curs-molt-especial\/","og_site_name":"Esplac","article_published_time":"2014-03-14T11:55:36+00:00","og_image":[{"width":719,"height":336,"url":"https:\/\/www.esplac.cat\/wp-content\/uploads\/2012\/10\/curs_monitors_escola_sol-e1351092774841.jpeg","type":"image\/jpeg"}],"author":"Comunicaci\u00f3 Esplac","twitter_card":"summary_large_image","twitter_misc":{"Written by":"Comunicaci\u00f3 Esplac","Est. reading time":"3 minutes"},"schema":{"@context":"https:\/\/schema.org","@graph":[{"@type":"Article","@id":"https:\/\/www.esplac.cat\/camm-al-sector-baix-llobregat-un-curs-molt-especial\/#article","isPartOf":{"@id":"https:\/\/www.esplac.cat\/camm-al-sector-baix-llobregat-un-curs-molt-especial\/"},"author":{"name":"Comunicaci\u00f3 Esplac","@id":"https:\/\/www.esplac.cat\/#\/schema\/person\/908383cf240be18b68f8855d0583faca"},"headline":"CAMM al Sector Baix Llobregat: un curs molt especial","datePublished":"2014-03-14T11:55:36+00:00","mainEntityOfPage":{"@id":"https:\/\/www.esplac.cat\/camm-al-sector-baix-llobregat-un-curs-molt-especial\/"},"wordCount":569,"commentCount":0,"publisher":{"@id":"https:\/\/www.esplac.cat\/#organization"},"image":{"@id":"https:\/\/www.esplac.cat\/camm-al-sector-baix-llobregat-un-curs-molt-especial\/#primaryimage"},"thumbnailUrl":"https:\/\/www.esplac.cat\/wp-content\/uploads\/2012\/10\/curs_monitors_escola_sol-e1351092774841.jpeg","keywords":["Arc de Sant Mart\u00f3 de Torrelles","Curs Acollida Marta Mata","pa amb tom\u00e0quet","sector Baix Llobregat"],"articleSection":["Activitats sectors","Sector Baix Llobregat"],"inLanguage":"en-US","potentialAction":[{"@type":"CommentAction","name":"Comment","target":["https:\/\/www.esplac.cat\/camm-al-sector-baix-llobregat-un-curs-molt-especial\/#respond"]}]},{"@type":"WebPage","@id":"https:\/\/www.esplac.cat\/camm-al-sector-baix-llobregat-un-curs-molt-especial\/","url":"https:\/\/www.esplac.cat\/camm-al-sector-baix-llobregat-un-curs-molt-especial\/","name":"CAMM al Sector Baix Llobregat: un curs molt especial - Esplac","isPartOf":{"@id":"https:\/\/www.esplac.cat\/#website"},"primaryImageOfPage":{"@id":"https:\/\/www.esplac.cat\/camm-al-sector-baix-llobregat-un-curs-molt-especial\/#primaryimage"},"image":{"@id":"https:\/\/www.esplac.cat\/camm-al-sector-baix-llobregat-un-curs-molt-especial\/#primaryimage"},"thumbnailUrl":"https:\/\/www.esplac.cat\/wp-content\/uploads\/2012\/10\/curs_monitors_escola_sol-e1351092774841.jpeg","datePublished":"2014-03-14T11:55:36+00:00","breadcrumb":{"@id":"https:\/\/www.esplac.cat\/camm-al-sector-baix-llobregat-un-curs-molt-especial\/#breadcrumb"},"inLanguage":"en-US","potentialAction":[{"@type":"ReadAction","target":["https:\/\/www.esplac.cat\/camm-al-sector-baix-llobregat-un-curs-molt-especial\/"]}]},{"@type":"ImageObject","inLanguage":"en-US","@id":"https:\/\/www.esplac.cat\/camm-al-sector-baix-llobregat-un-curs-molt-especial\/#primaryimage","url":"https:\/\/www.esplac.cat\/wp-content\/uploads\/2012\/10\/curs_monitors_escola_sol-e1351092774841.jpeg","contentUrl":"https:\/\/www.esplac.cat\/wp-content\/uploads\/2012\/10\/curs_monitors_escola_sol-e1351092774841.jpeg","width":719,"height":336},{"@type":"BreadcrumbList","@id":"https:\/\/www.esplac.cat\/camm-al-sector-baix-llobregat-un-curs-molt-especial\/#breadcrumb","itemListElement":[{"@type":"ListItem","position":1,"name":"Inici","item":"https:\/\/www.esplac.cat\/en\/"},{"@type":"ListItem","position":2,"name":"CAMM al Sector Baix Llobregat: un curs molt especial"}]},{"@type":"WebSite","@id":"https:\/\/www.esplac.cat\/#website","url":"https:\/\/www.esplac.cat\/","name":"Esplac","description":"Esplais Catalans","publisher":{"@id":"https:\/\/www.esplac.cat\/#organization"},"potentialAction":[{"@type":"SearchAction","target":{"@type":"EntryPoint","urlTemplate":"https:\/\/www.esplac.cat\/?s={search_term_string}"},"query-input":{"@type":"PropertyValueSpecification","valueRequired":true,"valueName":"search_term_string"}}],"inLanguage":"en-US"},{"@type":"Organization","@id":"https:\/\/www.esplac.cat\/#organization","name":"Esplac","url":"https:\/\/www.esplac.cat\/","logo":{"@type":"ImageObject","inLanguage":"en-US","@id":"https:\/\/www.esplac.cat\/#\/schema\/logo\/image\/","url":"https:\/\/www.esplac.cat\/wp-content\/uploads\/2019\/08\/logox2.png","contentUrl":"https:\/\/www.esplac.cat\/wp-content\/uploads\/2019\/08\/logox2.png","width":600,"height":295,"caption":"Esplac"},"image":{"@id":"https:\/\/www.esplac.cat\/#\/schema\/logo\/image\/"}},{"@type":"Person","@id":"https:\/\/www.esplac.cat\/#\/schema\/person\/908383cf240be18b68f8855d0583faca","name":"Comunicaci\u00f3 Esplac","image":{"@type":"ImageObject","inLanguage":"en-US","@id":"https:\/\/secure.gravatar.com\/avatar\/7a4cf8feb412a76ea4a740ca02d95b06b2907b5a6c648c2dd0a1082a093c3141?s=96&d=mm&r=g","url":"https:\/\/secure.gravatar.com\/avatar\/7a4cf8feb412a76ea4a740ca02d95b06b2907b5a6c648c2dd0a1082a093c3141?s=96&d=mm&r=g","contentUrl":"https:\/\/secure.gravatar.com\/avatar\/7a4cf8feb412a76ea4a740ca02d95b06b2907b5a6c648c2dd0a1082a093c3141?s=96&d=mm&r=g","caption":"Comunicaci\u00f3 Esplac"}}]}},"_links":{"self":[{"href":"https:\/\/www.esplac.cat\/en\/wp-json\/wp\/v2\/posts\/25800","targetHints":{"allow":["GET"]}}],"collection":[{"href":"https:\/\/www.esplac.cat\/en\/wp-json\/wp\/v2\/posts"}],"about":[{"href":"https:\/\/www.esplac.cat\/en\/wp-json\/wp\/v2\/types\/post"}],"author":[{"embeddable":true,"href":"https:\/\/www.esplac.cat\/en\/wp-json\/wp\/v2\/users\/3"}],"replies":[{"embeddable":true,"href":"https:\/\/www.esplac.cat\/en\/wp-json\/wp\/v2\/comments?post=25800"}],"version-history":[{"count":0,"href":"https:\/\/www.esplac.cat\/en\/wp-json\/wp\/v2\/posts\/25800\/revisions"}],"wp:featuredmedia":[{"embeddable":true,"href":"https:\/\/www.esplac.cat\/en\/wp-json\/wp\/v2\/media\/25600"}],"wp:attachment":[{"href":"https:\/\/www.esplac.cat\/en\/wp-json\/wp\/v2\/media?parent=25800"}],"wp:term":[{"taxonomy":"category","embeddable":true,"href":"https:\/\/www.esplac.cat\/en\/wp-json\/wp\/v2\/categories?post=25800"},{"taxonomy":"post_tag","embeddable":true,"href":"https:\/\/www.esplac.cat\/en\/wp-json\/wp\/v2\/tags?post=25800"}],"curies":[{"name":"wp","href":"https:\/\/api.w.org\/{rel}","templated":true}]}}