{"id":25802,"date":"2014-03-11T13:05:50","date_gmt":"2014-03-11T11:05:50","guid":{"rendered":"http:\/\/esplac.cat\/?p=4739"},"modified":"2014-03-11T13:05:50","modified_gmt":"2014-03-11T11:05:50","slug":"inscripcions-seminari-queer-easter-centre-kurt-lowenstein-alemanya","status":"publish","type":"post","link":"https:\/\/www.esplac.cat\/en\/inscripcions-seminari-queer-easter-centre-kurt-lowenstein-alemanya\/","title":{"rendered":"Inscripcions al seminari Queer Easter del Centre Kurt L\u00f6wenstein, Alemanya"},"content":{"rendered":"<p><!--:CA-->El centre <a href=\"http:\/\/www.kurt-loewenstein.de\/englische_seite\/\">Kurt L\u00f6wenstein<\/a> ha obert el per\u00edode d&#8217;inscripci\u00f3 al seminari <strong>Queer Easter<\/strong>, que aquest any t\u00e9 com a lema &#8220;<strong>From margins to the centre -queer socialist activism<\/strong>&#8221; i tindr\u00e0 lloc del <strong>14 al 21 d&#8217;abril a Alemanya<\/strong>.<\/p>\n<p>Per als que no n&#8217;hagueu sentit a parlar mai, el Kurt L\u00f6wenstein \u00e9s un centre d&#8217;educaci\u00f3 no formal dels SJD \u2013 Die Falken (IFM &#8211; SEI), que es troba a la localitat de Werftpfuhl, a 30 km de Berlin. Organitzen seminaris pol\u00edtico-pedag\u00f2gics, alguns d&#8217;ells internacionals, com s\u00f3n el <strong>Winterschool<\/strong> o el <strong>Queer Easter<\/strong> en els que es treballa a partir de temes com la soluci\u00f3 constructiva del conflicte, l&#8217;anti-racisme, la democr\u00e0cia, la participaci\u00f3 o els models de rol de g\u00e8nere, entre d&#8217;altres. El Queer Easter en concret, \u00e9s un seminari exclusivament dedicat a temes de g\u00e8nere. Si voleu m\u00e9s informaci\u00f3, veieu l&#8217;<a href=\"http:\/\/esplac.cat\/wp-content\/uploads\/2014\/03\/draft-program-qe-2014.pdf\">esborrany del programa<\/a>.<\/p>\n<p>Des d&#8217;Esplac hi podem enviar fins a 5 persones amb el 70% de reemborsament de les despeses de viatge. Se&#8217;n podrien enviar fins a 8 si convenim repartir el reemborsament entre tots els participants.<\/p>\n<p>Si hi esteu interessats, ompliu el <a href=\"https:\/\/docs.google.com\/forms\/d\/1qiduFC7RM0V0YVQopmj6d-yXKzubG4NrLbZTI0Kqmqc\/viewform\">formulari de inscripci\u00f3<\/a> abans del 26 de mar\u00e7 i entrareu en el proc\u00e9s de selecci\u00f3.<!--:--><!--:es-->&nbsp;<\/p>\n<p><!--:--><!--:en-->&nbsp;<\/p>\n<p><!--:--><!--:fr-->&nbsp;<\/p>\n<p><!--:--><\/p>\n","protected":false},"excerpt":{"rendered":"<p>El centre Kurt L\u00f6wenstein ha obert el per\u00edode d&#8217;inscripci\u00f3 al [&hellip;]<\/p>\n","protected":false},"author":3,"featured_media":25604,"comment_status":"open","ping_status":"open","sticky":false,"template":"","format":"standard","meta":{"om_disable_all_campaigns":false,"_monsterinsights_skip_tracking":false,"_monsterinsights_sitenote_active":false,"_monsterinsights_sitenote_note":"","_monsterinsights_sitenote_category":0,"_uf_show_specific_survey":0,"_uf_disable_surveys":false,"footnotes":""},"categories":[1131,1112],"tags":[175,58,59,109,219,220],"class_list":["post-25802","post","type-post","status-publish","format-standard","has-post-thumbnail","hentry","category-cursos-formacions","category-esplac-al-mon","tag-formacio-internacional","tag-genere","tag-ifm-sei","tag-internacionalisme","tag-queer-easter","tag-sjd-die-falken"],"yoast_head":"<!-- This site is optimized with the Yoast SEO plugin v27.5 - https:\/\/yoast.com\/product\/yoast-seo-wordpress\/ -->\n<title>Inscripcions al seminari Queer Easter del Centre Kurt L\u00f6wenstein, Alemanya - Esplac<\/title>\n<meta name=\"robots\" content=\"index, follow, max-snippet:-1, max-image-preview:large, max-video-preview:-1\" \/>\n<link rel=\"canonical\" href=\"https:\/\/www.esplac.cat\/inscripcions-seminari-queer-easter-centre-kurt-lowenstein-alemanya\/\" \/>\n<meta property=\"og:locale\" content=\"en_US\" \/>\n<meta property=\"og:type\" content=\"article\" \/>\n<meta property=\"og:title\" content=\"Inscripcions al seminari Queer Easter del Centre Kurt L\u00f6wenstein, Alemanya - Esplac\" \/>\n<meta property=\"og:description\" content=\"El centre Kurt L\u00f6wenstein ha obert el per\u00edode d&#8217;inscripci\u00f3 al [&hellip;]\" \/>\n<meta property=\"og:url\" content=\"https:\/\/www.esplac.cat\/inscripcions-seminari-queer-easter-centre-kurt-lowenstein-alemanya\/\" \/>\n<meta property=\"og:site_name\" content=\"Esplac\" \/>\n<meta property=\"article:published_time\" content=\"2014-03-11T11:05:50+00:00\" \/>\n<meta property=\"og:image\" content=\"https:\/\/www.esplac.cat\/wp-content\/uploads\/2013\/02\/DSC08123-1024x575.jpg\" \/>\n\t<meta property=\"og:image:width\" content=\"1024\" \/>\n\t<meta property=\"og:image:height\" content=\"575\" \/>\n\t<meta property=\"og:image:type\" content=\"image\/jpeg\" \/>\n<meta name=\"author\" content=\"Comunicaci\u00f3 Esplac\" \/>\n<meta name=\"twitter:card\" content=\"summary_large_image\" \/>\n<meta name=\"twitter:label1\" content=\"Written by\" \/>\n\t<meta name=\"twitter:data1\" content=\"Comunicaci\u00f3 Esplac\" \/>\n\t<meta name=\"twitter:label2\" content=\"Est. reading time\" \/>\n\t<meta name=\"twitter:data2\" content=\"1 minute\" \/>\n<script type=\"application\/ld+json\" class=\"yoast-schema-graph\">{\"@context\":\"https:\\\/\\\/schema.org\",\"@graph\":[{\"@type\":\"Article\",\"@id\":\"https:\\\/\\\/www.esplac.cat\\\/inscripcions-seminari-queer-easter-centre-kurt-lowenstein-alemanya\\\/#article\",\"isPartOf\":{\"@id\":\"https:\\\/\\\/www.esplac.cat\\\/inscripcions-seminari-queer-easter-centre-kurt-lowenstein-alemanya\\\/\"},\"author\":{\"name\":\"Comunicaci\u00f3 Esplac\",\"@id\":\"https:\\\/\\\/www.esplac.cat\\\/#\\\/schema\\\/person\\\/908383cf240be18b68f8855d0583faca\"},\"headline\":\"Inscripcions al seminari Queer Easter del Centre Kurt L\u00f6wenstein, Alemanya\",\"datePublished\":\"2014-03-11T11:05:50+00:00\",\"mainEntityOfPage\":{\"@id\":\"https:\\\/\\\/www.esplac.cat\\\/inscripcions-seminari-queer-easter-centre-kurt-lowenstein-alemanya\\\/\"},\"wordCount\":224,\"commentCount\":0,\"publisher\":{\"@id\":\"https:\\\/\\\/www.esplac.cat\\\/#organization\"},\"image\":{\"@id\":\"https:\\\/\\\/www.esplac.cat\\\/inscripcions-seminari-queer-easter-centre-kurt-lowenstein-alemanya\\\/#primaryimage\"},\"thumbnailUrl\":\"https:\\\/\\\/www.esplac.cat\\\/wp-content\\\/uploads\\\/2013\\\/02\\\/DSC08123.jpg\",\"keywords\":[\"formaci\u00f3 internacional\",\"g\u00e8nere\",\"IFM-SEI\",\"internacionalisme\",\"Queer Easter\",\"SJD-Die Falken\"],\"articleSection\":[\"Cursos i formacions\",\"Esplac al m\u00f3n\"],\"inLanguage\":\"en-US\",\"potentialAction\":[{\"@type\":\"CommentAction\",\"name\":\"Comment\",\"target\":[\"https:\\\/\\\/www.esplac.cat\\\/inscripcions-seminari-queer-easter-centre-kurt-lowenstein-alemanya\\\/#respond\"]}]},{\"@type\":\"WebPage\",\"@id\":\"https:\\\/\\\/www.esplac.cat\\\/inscripcions-seminari-queer-easter-centre-kurt-lowenstein-alemanya\\\/\",\"url\":\"https:\\\/\\\/www.esplac.cat\\\/inscripcions-seminari-queer-easter-centre-kurt-lowenstein-alemanya\\\/\",\"name\":\"Inscripcions al seminari Queer Easter del Centre Kurt L\u00f6wenstein, Alemanya - Esplac\",\"isPartOf\":{\"@id\":\"https:\\\/\\\/www.esplac.cat\\\/#website\"},\"primaryImageOfPage\":{\"@id\":\"https:\\\/\\\/www.esplac.cat\\\/inscripcions-seminari-queer-easter-centre-kurt-lowenstein-alemanya\\\/#primaryimage\"},\"image\":{\"@id\":\"https:\\\/\\\/www.esplac.cat\\\/inscripcions-seminari-queer-easter-centre-kurt-lowenstein-alemanya\\\/#primaryimage\"},\"thumbnailUrl\":\"https:\\\/\\\/www.esplac.cat\\\/wp-content\\\/uploads\\\/2013\\\/02\\\/DSC08123.jpg\",\"datePublished\":\"2014-03-11T11:05:50+00:00\",\"breadcrumb\":{\"@id\":\"https:\\\/\\\/www.esplac.cat\\\/inscripcions-seminari-queer-easter-centre-kurt-lowenstein-alemanya\\\/#breadcrumb\"},\"inLanguage\":\"en-US\",\"potentialAction\":[{\"@type\":\"ReadAction\",\"target\":[\"https:\\\/\\\/www.esplac.cat\\\/inscripcions-seminari-queer-easter-centre-kurt-lowenstein-alemanya\\\/\"]}]},{\"@type\":\"ImageObject\",\"inLanguage\":\"en-US\",\"@id\":\"https:\\\/\\\/www.esplac.cat\\\/inscripcions-seminari-queer-easter-centre-kurt-lowenstein-alemanya\\\/#primaryimage\",\"url\":\"https:\\\/\\\/www.esplac.cat\\\/wp-content\\\/uploads\\\/2013\\\/02\\\/DSC08123.jpg\",\"contentUrl\":\"https:\\\/\\\/www.esplac.cat\\\/wp-content\\\/uploads\\\/2013\\\/02\\\/DSC08123.jpg\",\"width\":3872,\"height\":2176},{\"@type\":\"BreadcrumbList\",\"@id\":\"https:\\\/\\\/www.esplac.cat\\\/inscripcions-seminari-queer-easter-centre-kurt-lowenstein-alemanya\\\/#breadcrumb\",\"itemListElement\":[{\"@type\":\"ListItem\",\"position\":1,\"name\":\"Inici\",\"item\":\"https:\\\/\\\/www.esplac.cat\\\/en\\\/\"},{\"@type\":\"ListItem\",\"position\":2,\"name\":\"Inscripcions al seminari Queer Easter del Centre Kurt L\u00f6wenstein, Alemanya\"}]},{\"@type\":\"WebSite\",\"@id\":\"https:\\\/\\\/www.esplac.cat\\\/#website\",\"url\":\"https:\\\/\\\/www.esplac.cat\\\/\",\"name\":\"Esplac\",\"description\":\"Esplais Catalans\",\"publisher\":{\"@id\":\"https:\\\/\\\/www.esplac.cat\\\/#organization\"},\"potentialAction\":[{\"@type\":\"SearchAction\",\"target\":{\"@type\":\"EntryPoint\",\"urlTemplate\":\"https:\\\/\\\/www.esplac.cat\\\/?s={search_term_string}\"},\"query-input\":{\"@type\":\"PropertyValueSpecification\",\"valueRequired\":true,\"valueName\":\"search_term_string\"}}],\"inLanguage\":\"en-US\"},{\"@type\":\"Organization\",\"@id\":\"https:\\\/\\\/www.esplac.cat\\\/#organization\",\"name\":\"Esplac\",\"url\":\"https:\\\/\\\/www.esplac.cat\\\/\",\"logo\":{\"@type\":\"ImageObject\",\"inLanguage\":\"en-US\",\"@id\":\"https:\\\/\\\/www.esplac.cat\\\/#\\\/schema\\\/logo\\\/image\\\/\",\"url\":\"https:\\\/\\\/www.esplac.cat\\\/wp-content\\\/uploads\\\/2019\\\/08\\\/logox2.png\",\"contentUrl\":\"https:\\\/\\\/www.esplac.cat\\\/wp-content\\\/uploads\\\/2019\\\/08\\\/logox2.png\",\"width\":600,\"height\":295,\"caption\":\"Esplac\"},\"image\":{\"@id\":\"https:\\\/\\\/www.esplac.cat\\\/#\\\/schema\\\/logo\\\/image\\\/\"}},{\"@type\":\"Person\",\"@id\":\"https:\\\/\\\/www.esplac.cat\\\/#\\\/schema\\\/person\\\/908383cf240be18b68f8855d0583faca\",\"name\":\"Comunicaci\u00f3 Esplac\",\"image\":{\"@type\":\"ImageObject\",\"inLanguage\":\"en-US\",\"@id\":\"https:\\\/\\\/secure.gravatar.com\\\/avatar\\\/7a4cf8feb412a76ea4a740ca02d95b06b2907b5a6c648c2dd0a1082a093c3141?s=96&d=mm&r=g\",\"url\":\"https:\\\/\\\/secure.gravatar.com\\\/avatar\\\/7a4cf8feb412a76ea4a740ca02d95b06b2907b5a6c648c2dd0a1082a093c3141?s=96&d=mm&r=g\",\"contentUrl\":\"https:\\\/\\\/secure.gravatar.com\\\/avatar\\\/7a4cf8feb412a76ea4a740ca02d95b06b2907b5a6c648c2dd0a1082a093c3141?s=96&d=mm&r=g\",\"caption\":\"Comunicaci\u00f3 Esplac\"}}]}<\/script>\n<!-- \/ Yoast SEO plugin. -->","yoast_head_json":{"title":"Inscripcions al seminari Queer Easter del Centre Kurt L\u00f6wenstein, Alemanya - Esplac","robots":{"index":"index","follow":"follow","max-snippet":"max-snippet:-1","max-image-preview":"max-image-preview:large","max-video-preview":"max-video-preview:-1"},"canonical":"https:\/\/www.esplac.cat\/inscripcions-seminari-queer-easter-centre-kurt-lowenstein-alemanya\/","og_locale":"en_US","og_type":"article","og_title":"Inscripcions al seminari Queer Easter del Centre Kurt L\u00f6wenstein, Alemanya - Esplac","og_description":"El centre Kurt L\u00f6wenstein ha obert el per\u00edode d&#8217;inscripci\u00f3 al [&hellip;]","og_url":"https:\/\/www.esplac.cat\/inscripcions-seminari-queer-easter-centre-kurt-lowenstein-alemanya\/","og_site_name":"Esplac","article_published_time":"2014-03-11T11:05:50+00:00","og_image":[{"width":1024,"height":575,"url":"https:\/\/www.esplac.cat\/wp-content\/uploads\/2013\/02\/DSC08123-1024x575.jpg","type":"image\/jpeg"}],"author":"Comunicaci\u00f3 Esplac","twitter_card":"summary_large_image","twitter_misc":{"Written by":"Comunicaci\u00f3 Esplac","Est. reading time":"1 minute"},"schema":{"@context":"https:\/\/schema.org","@graph":[{"@type":"Article","@id":"https:\/\/www.esplac.cat\/inscripcions-seminari-queer-easter-centre-kurt-lowenstein-alemanya\/#article","isPartOf":{"@id":"https:\/\/www.esplac.cat\/inscripcions-seminari-queer-easter-centre-kurt-lowenstein-alemanya\/"},"author":{"name":"Comunicaci\u00f3 Esplac","@id":"https:\/\/www.esplac.cat\/#\/schema\/person\/908383cf240be18b68f8855d0583faca"},"headline":"Inscripcions al seminari Queer Easter del Centre Kurt L\u00f6wenstein, Alemanya","datePublished":"2014-03-11T11:05:50+00:00","mainEntityOfPage":{"@id":"https:\/\/www.esplac.cat\/inscripcions-seminari-queer-easter-centre-kurt-lowenstein-alemanya\/"},"wordCount":224,"commentCount":0,"publisher":{"@id":"https:\/\/www.esplac.cat\/#organization"},"image":{"@id":"https:\/\/www.esplac.cat\/inscripcions-seminari-queer-easter-centre-kurt-lowenstein-alemanya\/#primaryimage"},"thumbnailUrl":"https:\/\/www.esplac.cat\/wp-content\/uploads\/2013\/02\/DSC08123.jpg","keywords":["formaci\u00f3 internacional","g\u00e8nere","IFM-SEI","internacionalisme","Queer Easter","SJD-Die Falken"],"articleSection":["Cursos i formacions","Esplac al m\u00f3n"],"inLanguage":"en-US","potentialAction":[{"@type":"CommentAction","name":"Comment","target":["https:\/\/www.esplac.cat\/inscripcions-seminari-queer-easter-centre-kurt-lowenstein-alemanya\/#respond"]}]},{"@type":"WebPage","@id":"https:\/\/www.esplac.cat\/inscripcions-seminari-queer-easter-centre-kurt-lowenstein-alemanya\/","url":"https:\/\/www.esplac.cat\/inscripcions-seminari-queer-easter-centre-kurt-lowenstein-alemanya\/","name":"Inscripcions al seminari Queer Easter del Centre Kurt L\u00f6wenstein, Alemanya - Esplac","isPartOf":{"@id":"https:\/\/www.esplac.cat\/#website"},"primaryImageOfPage":{"@id":"https:\/\/www.esplac.cat\/inscripcions-seminari-queer-easter-centre-kurt-lowenstein-alemanya\/#primaryimage"},"image":{"@id":"https:\/\/www.esplac.cat\/inscripcions-seminari-queer-easter-centre-kurt-lowenstein-alemanya\/#primaryimage"},"thumbnailUrl":"https:\/\/www.esplac.cat\/wp-content\/uploads\/2013\/02\/DSC08123.jpg","datePublished":"2014-03-11T11:05:50+00:00","breadcrumb":{"@id":"https:\/\/www.esplac.cat\/inscripcions-seminari-queer-easter-centre-kurt-lowenstein-alemanya\/#breadcrumb"},"inLanguage":"en-US","potentialAction":[{"@type":"ReadAction","target":["https:\/\/www.esplac.cat\/inscripcions-seminari-queer-easter-centre-kurt-lowenstein-alemanya\/"]}]},{"@type":"ImageObject","inLanguage":"en-US","@id":"https:\/\/www.esplac.cat\/inscripcions-seminari-queer-easter-centre-kurt-lowenstein-alemanya\/#primaryimage","url":"https:\/\/www.esplac.cat\/wp-content\/uploads\/2013\/02\/DSC08123.jpg","contentUrl":"https:\/\/www.esplac.cat\/wp-content\/uploads\/2013\/02\/DSC08123.jpg","width":3872,"height":2176},{"@type":"BreadcrumbList","@id":"https:\/\/www.esplac.cat\/inscripcions-seminari-queer-easter-centre-kurt-lowenstein-alemanya\/#breadcrumb","itemListElement":[{"@type":"ListItem","position":1,"name":"Inici","item":"https:\/\/www.esplac.cat\/en\/"},{"@type":"ListItem","position":2,"name":"Inscripcions al seminari Queer Easter del Centre Kurt L\u00f6wenstein, Alemanya"}]},{"@type":"WebSite","@id":"https:\/\/www.esplac.cat\/#website","url":"https:\/\/www.esplac.cat\/","name":"Esplac","description":"Esplais Catalans","publisher":{"@id":"https:\/\/www.esplac.cat\/#organization"},"potentialAction":[{"@type":"SearchAction","target":{"@type":"EntryPoint","urlTemplate":"https:\/\/www.esplac.cat\/?s={search_term_string}"},"query-input":{"@type":"PropertyValueSpecification","valueRequired":true,"valueName":"search_term_string"}}],"inLanguage":"en-US"},{"@type":"Organization","@id":"https:\/\/www.esplac.cat\/#organization","name":"Esplac","url":"https:\/\/www.esplac.cat\/","logo":{"@type":"ImageObject","inLanguage":"en-US","@id":"https:\/\/www.esplac.cat\/#\/schema\/logo\/image\/","url":"https:\/\/www.esplac.cat\/wp-content\/uploads\/2019\/08\/logox2.png","contentUrl":"https:\/\/www.esplac.cat\/wp-content\/uploads\/2019\/08\/logox2.png","width":600,"height":295,"caption":"Esplac"},"image":{"@id":"https:\/\/www.esplac.cat\/#\/schema\/logo\/image\/"}},{"@type":"Person","@id":"https:\/\/www.esplac.cat\/#\/schema\/person\/908383cf240be18b68f8855d0583faca","name":"Comunicaci\u00f3 Esplac","image":{"@type":"ImageObject","inLanguage":"en-US","@id":"https:\/\/secure.gravatar.com\/avatar\/7a4cf8feb412a76ea4a740ca02d95b06b2907b5a6c648c2dd0a1082a093c3141?s=96&d=mm&r=g","url":"https:\/\/secure.gravatar.com\/avatar\/7a4cf8feb412a76ea4a740ca02d95b06b2907b5a6c648c2dd0a1082a093c3141?s=96&d=mm&r=g","contentUrl":"https:\/\/secure.gravatar.com\/avatar\/7a4cf8feb412a76ea4a740ca02d95b06b2907b5a6c648c2dd0a1082a093c3141?s=96&d=mm&r=g","caption":"Comunicaci\u00f3 Esplac"}}]}},"_links":{"self":[{"href":"https:\/\/www.esplac.cat\/en\/wp-json\/wp\/v2\/posts\/25802","targetHints":{"allow":["GET"]}}],"collection":[{"href":"https:\/\/www.esplac.cat\/en\/wp-json\/wp\/v2\/posts"}],"about":[{"href":"https:\/\/www.esplac.cat\/en\/wp-json\/wp\/v2\/types\/post"}],"author":[{"embeddable":true,"href":"https:\/\/www.esplac.cat\/en\/wp-json\/wp\/v2\/users\/3"}],"replies":[{"embeddable":true,"href":"https:\/\/www.esplac.cat\/en\/wp-json\/wp\/v2\/comments?post=25802"}],"version-history":[{"count":0,"href":"https:\/\/www.esplac.cat\/en\/wp-json\/wp\/v2\/posts\/25802\/revisions"}],"wp:featuredmedia":[{"embeddable":true,"href":"https:\/\/www.esplac.cat\/en\/wp-json\/wp\/v2\/media\/25604"}],"wp:attachment":[{"href":"https:\/\/www.esplac.cat\/en\/wp-json\/wp\/v2\/media?parent=25802"}],"wp:term":[{"taxonomy":"category","embeddable":true,"href":"https:\/\/www.esplac.cat\/en\/wp-json\/wp\/v2\/categories?post=25802"},{"taxonomy":"post_tag","embeddable":true,"href":"https:\/\/www.esplac.cat\/en\/wp-json\/wp\/v2\/tags?post=25802"}],"curies":[{"name":"wp","href":"https:\/\/api.w.org\/{rel}","templated":true}]}}