{"id":25822,"date":"2014-01-29T12:41:10","date_gmt":"2014-01-29T10:41:10","guid":{"rendered":"http:\/\/esplac.cat\/?p=4537"},"modified":"2014-01-29T12:41:10","modified_gmt":"2014-01-29T10:41:10","slug":"formeu-vos-iereu-lliures-matinal-formacio-bages-bergueda","status":"publish","type":"post","link":"https:\/\/www.esplac.cat\/en\/formeu-vos-iereu-lliures-matinal-formacio-bages-bergueda\/","title":{"rendered":"&#8220;Formeu-vos i sereu lliures!&#8221;, matinal de formaci\u00f3 del Bages-Bergued\u00e0"},"content":{"rendered":"<p><!--:CA-->El passat 25 de gener els monitors i les monitores del sector<strong> Bages-Bergued\u00e0<\/strong> ens vam haver de despertar d&#8217;hora, ja que hav\u00edem organitzat una <strong>matinal formativa<\/strong> a Salelles.<\/p>\n<p>Aix\u00ed doncs, a les 10h del mat\u00ed i ben esmorzats, ens vam trobar un total de 53 monitors i monitores dels esplais <a href=\"http:\/\/esplac.cat\/mapa\/?esplai=fentcami&amp;poblacio=\">Fent Cam\u00ed<\/a>, de l&#8217;<a href=\"http:\/\/esplac.cat\/mapa\/?esplai=avia&amp;poblacio=\">esplai d&#8217;Avi\u00e0<\/a>, del <a href=\"http:\/\/esplac.cat\/mapa\/?esplai=esparver&amp;poblacio=\">Grup de Campaments l&#8217;Esparver<\/a>, de l&#8217;<a href=\"http:\/\/esplac.cat\/mapa\/?esplai=geps&amp;poblacio=\">esplai GEPS<\/a>, del <a href=\"http:\/\/esplac.cat\/mapa\/?esplai=guguesplai&amp;poblacio=\">Gugu Esplai<\/a>, de l&#8217;agrupament <a href=\"http:\/\/esplac.cat\/mapa\/?esplai=roquesalbes&amp;poblacio=\">Roques Albes<\/a>, de l&#8217;esplai <a href=\"http:\/\/esplac.cat\/mapa\/?esplai=vicremei&amp;poblacio=\">Vic-Remei<\/a>, de l&#8217;esplai <a href=\"http:\/\/esplac.cat\/mapa\/?esplai=xiruquesmel&amp;poblacio=\">Xiruques del Roc de la Mel<\/a> i de l&#8217;esplai <a href=\"http:\/\/esplac.cat\/mapa\/?esplai=merlot&amp;poblacio=\">Merlot<\/a> de Salelles, que era qui ens acollia al seu local.<\/p>\n<p>L&#8217;activitat constava de dues formacions que es van realitzar paral\u00b7lelament. Una era sobre <strong>g\u00e8nere<\/strong> amb l&#8217;objectiu de qu\u00e8 els participants adquir\u00edssin coneixements b\u00e0sics (qu\u00e8 \u00e9s el g\u00e8nere, nomenclatures, t\u00f2pics&#8230;), reflexionar sobre el paper de l&#8217;esplai com a motor de canvi cap a la igualtat de g\u00e8nere, aix\u00ed com poder adquirir eines que serveixin a l&#8217;esplai per a treballar l&#8217;educaci\u00f3 amb perspectiva del g\u00e8nere. L&#8217;altra formaci\u00f3 que es va realitzar va ser sobre l&#8217;<strong>esplai com a eina de transformaci\u00f3 social i incid\u00e8ncia en el territori<\/strong>. Aquesta formaci\u00f3 tenia els objectius de reflexionar sobre la capacitat de transformaci\u00f3 social de l&#8217;esplai, con\u00e8ixer la potencialitat i la for\u00e7a territorial d&#8217;un esplai i del seu treball en xarxa i, finalment, poder entrar en debat de quan i fins a quin punt un esplai ha o no de posicionar-se davant de les coses que passen.<\/p>\n<p>Considerem que la matinal de formaci\u00f3 ha estat \u00e8xit de participaci\u00f3, tant pel nombre de monitors i monitores, com pel nombre d&#8217;esplais, ja que hi hem participat 9 dels 12 esplais actius que conformem el Sector!<\/p>\n<p>Per poder oferir una bona qualitat educativa en els nostres esplais, part del nostre projecte tamb\u00e9 implica seguir-nos formant. Les matinals s\u00f3n una oportunitat molt bona per a adquirir coneixements, per\u00f2 tamb\u00e9 per poder debatre i intercanviar experi\u00e8ncies!<\/p>\n<p><a href=\"http:\/\/esplac.cat\/wp-content\/uploads\/2014\/01\/formacio-esplais-bages-bergueda-14.png\"><img decoding=\"async\" class=\"alignnone  wp-image-4543\" title=\"formacio-esplais-bages-bergueda-14\" src=\"http:\/\/esplac.cat\/wp-content\/uploads\/2014\/01\/formacio-esplais-bages-bergueda-14-615x360.png\" alt=\"\" width=\"400\" \/><\/a><!--:--><!--:es-->&nbsp;<\/p>\n<p><!--:--><!--:en-->&nbsp;<\/p>\n<p><!--:--><!--:fr-->&nbsp;<\/p>\n<p><!--:--><\/p>\n","protected":false},"excerpt":{"rendered":"<p>El passat 25 de gener els monitors i les monitores [&hellip;]<\/p>\n","protected":false},"author":3,"featured_media":7810,"comment_status":"open","ping_status":"open","sticky":false,"template":"","format":"standard","meta":{"om_disable_all_campaigns":false,"_monsterinsights_skip_tracking":false,"_monsterinsights_sitenote_active":false,"_monsterinsights_sitenote_note":"","_monsterinsights_sitenote_category":0,"_uf_show_specific_survey":0,"_uf_disable_surveys":false,"footnotes":""},"categories":[1110,1133],"tags":[54,58,118,134],"class_list":["post-25822","post","type-post","status-publish","format-standard","has-post-thumbnail","hentry","category-activitats-sectors","category-sector-bages-bergueda-cerdanya","tag-formacio","tag-genere","tag-sector-bages-bergueda","tag-transformacio-social"],"yoast_head":"<!-- This site is optimized with the Yoast SEO plugin v27.5 - https:\/\/yoast.com\/product\/yoast-seo-wordpress\/ -->\n<title>&quot;Formeu-vos i sereu lliures!&quot;, matinal de formaci\u00f3 del Bages-Bergued\u00e0 - Esplac<\/title>\n<meta name=\"robots\" content=\"index, follow, max-snippet:-1, max-image-preview:large, max-video-preview:-1\" \/>\n<link rel=\"canonical\" href=\"https:\/\/www.esplac.cat\/formeu-vos-iereu-lliures-matinal-formacio-bages-bergueda\/\" \/>\n<meta property=\"og:locale\" content=\"en_US\" \/>\n<meta property=\"og:type\" content=\"article\" \/>\n<meta property=\"og:title\" content=\"&quot;Formeu-vos i sereu lliures!&quot;, matinal de formaci\u00f3 del Bages-Bergued\u00e0 - Esplac\" \/>\n<meta property=\"og:description\" content=\"El passat 25 de gener els monitors i les monitores [&hellip;]\" \/>\n<meta property=\"og:url\" content=\"https:\/\/www.esplac.cat\/formeu-vos-iereu-lliures-matinal-formacio-bages-bergueda\/\" \/>\n<meta property=\"og:site_name\" content=\"Esplac\" \/>\n<meta property=\"article:published_time\" content=\"2014-01-29T10:41:10+00:00\" \/>\n<meta property=\"og:image\" content=\"https:\/\/www.esplac.cat\/wp-content\/uploads\/2019\/11\/logo-open.jpg\" \/>\n\t<meta property=\"og:image:width\" content=\"1200\" \/>\n\t<meta property=\"og:image:height\" content=\"630\" \/>\n\t<meta property=\"og:image:type\" content=\"image\/jpeg\" \/>\n<meta name=\"author\" content=\"Comunicaci\u00f3 Esplac\" \/>\n<meta name=\"twitter:card\" content=\"summary_large_image\" \/>\n<meta name=\"twitter:label1\" content=\"Written by\" \/>\n\t<meta name=\"twitter:data1\" content=\"Comunicaci\u00f3 Esplac\" \/>\n\t<meta name=\"twitter:label2\" content=\"Est. reading time\" \/>\n\t<meta name=\"twitter:data2\" content=\"2 minutes\" \/>\n<script type=\"application\/ld+json\" class=\"yoast-schema-graph\">{\"@context\":\"https:\\\/\\\/schema.org\",\"@graph\":[{\"@type\":\"Article\",\"@id\":\"https:\\\/\\\/www.esplac.cat\\\/formeu-vos-iereu-lliures-matinal-formacio-bages-bergueda\\\/#article\",\"isPartOf\":{\"@id\":\"https:\\\/\\\/www.esplac.cat\\\/formeu-vos-iereu-lliures-matinal-formacio-bages-bergueda\\\/\"},\"author\":{\"name\":\"Comunicaci\u00f3 Esplac\",\"@id\":\"https:\\\/\\\/www.esplac.cat\\\/#\\\/schema\\\/person\\\/908383cf240be18b68f8855d0583faca\"},\"headline\":\"&#8220;Formeu-vos i sereu lliures!&#8221;, matinal de formaci\u00f3 del Bages-Bergued\u00e0\",\"datePublished\":\"2014-01-29T10:41:10+00:00\",\"mainEntityOfPage\":{\"@id\":\"https:\\\/\\\/www.esplac.cat\\\/formeu-vos-iereu-lliures-matinal-formacio-bages-bergueda\\\/\"},\"wordCount\":350,\"commentCount\":0,\"publisher\":{\"@id\":\"https:\\\/\\\/www.esplac.cat\\\/#organization\"},\"image\":{\"@id\":\"https:\\\/\\\/www.esplac.cat\\\/formeu-vos-iereu-lliures-matinal-formacio-bages-bergueda\\\/#primaryimage\"},\"thumbnailUrl\":\"\",\"keywords\":[\"formaci\u00f3\",\"g\u00e8nere\",\"Sector Bages-Bergued\u00e0\",\"transformaci\u00f3 social\"],\"articleSection\":[\"Activitats sectors\",\"Sector Bages, Bergued\u00e0 i La Cerdanya\"],\"inLanguage\":\"en-US\",\"potentialAction\":[{\"@type\":\"CommentAction\",\"name\":\"Comment\",\"target\":[\"https:\\\/\\\/www.esplac.cat\\\/formeu-vos-iereu-lliures-matinal-formacio-bages-bergueda\\\/#respond\"]}]},{\"@type\":\"WebPage\",\"@id\":\"https:\\\/\\\/www.esplac.cat\\\/formeu-vos-iereu-lliures-matinal-formacio-bages-bergueda\\\/\",\"url\":\"https:\\\/\\\/www.esplac.cat\\\/formeu-vos-iereu-lliures-matinal-formacio-bages-bergueda\\\/\",\"name\":\"\\\"Formeu-vos i sereu lliures!\\\", matinal de formaci\u00f3 del Bages-Bergued\u00e0 - Esplac\",\"isPartOf\":{\"@id\":\"https:\\\/\\\/www.esplac.cat\\\/#website\"},\"primaryImageOfPage\":{\"@id\":\"https:\\\/\\\/www.esplac.cat\\\/formeu-vos-iereu-lliures-matinal-formacio-bages-bergueda\\\/#primaryimage\"},\"image\":{\"@id\":\"https:\\\/\\\/www.esplac.cat\\\/formeu-vos-iereu-lliures-matinal-formacio-bages-bergueda\\\/#primaryimage\"},\"thumbnailUrl\":\"\",\"datePublished\":\"2014-01-29T10:41:10+00:00\",\"breadcrumb\":{\"@id\":\"https:\\\/\\\/www.esplac.cat\\\/formeu-vos-iereu-lliures-matinal-formacio-bages-bergueda\\\/#breadcrumb\"},\"inLanguage\":\"en-US\",\"potentialAction\":[{\"@type\":\"ReadAction\",\"target\":[\"https:\\\/\\\/www.esplac.cat\\\/formeu-vos-iereu-lliures-matinal-formacio-bages-bergueda\\\/\"]}]},{\"@type\":\"ImageObject\",\"inLanguage\":\"en-US\",\"@id\":\"https:\\\/\\\/www.esplac.cat\\\/formeu-vos-iereu-lliures-matinal-formacio-bages-bergueda\\\/#primaryimage\",\"url\":\"\",\"contentUrl\":\"\"},{\"@type\":\"BreadcrumbList\",\"@id\":\"https:\\\/\\\/www.esplac.cat\\\/formeu-vos-iereu-lliures-matinal-formacio-bages-bergueda\\\/#breadcrumb\",\"itemListElement\":[{\"@type\":\"ListItem\",\"position\":1,\"name\":\"Inici\",\"item\":\"https:\\\/\\\/www.esplac.cat\\\/en\\\/\"},{\"@type\":\"ListItem\",\"position\":2,\"name\":\"&#8220;Formeu-vos i sereu lliures!&#8221;, matinal de formaci\u00f3 del Bages-Bergued\u00e0\"}]},{\"@type\":\"WebSite\",\"@id\":\"https:\\\/\\\/www.esplac.cat\\\/#website\",\"url\":\"https:\\\/\\\/www.esplac.cat\\\/\",\"name\":\"Esplac\",\"description\":\"Esplais Catalans\",\"publisher\":{\"@id\":\"https:\\\/\\\/www.esplac.cat\\\/#organization\"},\"potentialAction\":[{\"@type\":\"SearchAction\",\"target\":{\"@type\":\"EntryPoint\",\"urlTemplate\":\"https:\\\/\\\/www.esplac.cat\\\/?s={search_term_string}\"},\"query-input\":{\"@type\":\"PropertyValueSpecification\",\"valueRequired\":true,\"valueName\":\"search_term_string\"}}],\"inLanguage\":\"en-US\"},{\"@type\":\"Organization\",\"@id\":\"https:\\\/\\\/www.esplac.cat\\\/#organization\",\"name\":\"Esplac\",\"url\":\"https:\\\/\\\/www.esplac.cat\\\/\",\"logo\":{\"@type\":\"ImageObject\",\"inLanguage\":\"en-US\",\"@id\":\"https:\\\/\\\/www.esplac.cat\\\/#\\\/schema\\\/logo\\\/image\\\/\",\"url\":\"https:\\\/\\\/www.esplac.cat\\\/wp-content\\\/uploads\\\/2019\\\/08\\\/logox2.png\",\"contentUrl\":\"https:\\\/\\\/www.esplac.cat\\\/wp-content\\\/uploads\\\/2019\\\/08\\\/logox2.png\",\"width\":600,\"height\":295,\"caption\":\"Esplac\"},\"image\":{\"@id\":\"https:\\\/\\\/www.esplac.cat\\\/#\\\/schema\\\/logo\\\/image\\\/\"}},{\"@type\":\"Person\",\"@id\":\"https:\\\/\\\/www.esplac.cat\\\/#\\\/schema\\\/person\\\/908383cf240be18b68f8855d0583faca\",\"name\":\"Comunicaci\u00f3 Esplac\",\"image\":{\"@type\":\"ImageObject\",\"inLanguage\":\"en-US\",\"@id\":\"https:\\\/\\\/secure.gravatar.com\\\/avatar\\\/7a4cf8feb412a76ea4a740ca02d95b06b2907b5a6c648c2dd0a1082a093c3141?s=96&d=mm&r=g\",\"url\":\"https:\\\/\\\/secure.gravatar.com\\\/avatar\\\/7a4cf8feb412a76ea4a740ca02d95b06b2907b5a6c648c2dd0a1082a093c3141?s=96&d=mm&r=g\",\"contentUrl\":\"https:\\\/\\\/secure.gravatar.com\\\/avatar\\\/7a4cf8feb412a76ea4a740ca02d95b06b2907b5a6c648c2dd0a1082a093c3141?s=96&d=mm&r=g\",\"caption\":\"Comunicaci\u00f3 Esplac\"}}]}<\/script>\n<!-- \/ Yoast SEO plugin. -->","yoast_head_json":{"title":"\"Formeu-vos i sereu lliures!\", matinal de formaci\u00f3 del Bages-Bergued\u00e0 - Esplac","robots":{"index":"index","follow":"follow","max-snippet":"max-snippet:-1","max-image-preview":"max-image-preview:large","max-video-preview":"max-video-preview:-1"},"canonical":"https:\/\/www.esplac.cat\/formeu-vos-iereu-lliures-matinal-formacio-bages-bergueda\/","og_locale":"en_US","og_type":"article","og_title":"\"Formeu-vos i sereu lliures!\", matinal de formaci\u00f3 del Bages-Bergued\u00e0 - Esplac","og_description":"El passat 25 de gener els monitors i les monitores [&hellip;]","og_url":"https:\/\/www.esplac.cat\/formeu-vos-iereu-lliures-matinal-formacio-bages-bergueda\/","og_site_name":"Esplac","article_published_time":"2014-01-29T10:41:10+00:00","og_image":[{"width":1200,"height":630,"url":"https:\/\/www.esplac.cat\/wp-content\/uploads\/2019\/11\/logo-open.jpg","type":"image\/jpeg"}],"author":"Comunicaci\u00f3 Esplac","twitter_card":"summary_large_image","twitter_misc":{"Written by":"Comunicaci\u00f3 Esplac","Est. reading time":"2 minutes"},"schema":{"@context":"https:\/\/schema.org","@graph":[{"@type":"Article","@id":"https:\/\/www.esplac.cat\/formeu-vos-iereu-lliures-matinal-formacio-bages-bergueda\/#article","isPartOf":{"@id":"https:\/\/www.esplac.cat\/formeu-vos-iereu-lliures-matinal-formacio-bages-bergueda\/"},"author":{"name":"Comunicaci\u00f3 Esplac","@id":"https:\/\/www.esplac.cat\/#\/schema\/person\/908383cf240be18b68f8855d0583faca"},"headline":"&#8220;Formeu-vos i sereu lliures!&#8221;, matinal de formaci\u00f3 del Bages-Bergued\u00e0","datePublished":"2014-01-29T10:41:10+00:00","mainEntityOfPage":{"@id":"https:\/\/www.esplac.cat\/formeu-vos-iereu-lliures-matinal-formacio-bages-bergueda\/"},"wordCount":350,"commentCount":0,"publisher":{"@id":"https:\/\/www.esplac.cat\/#organization"},"image":{"@id":"https:\/\/www.esplac.cat\/formeu-vos-iereu-lliures-matinal-formacio-bages-bergueda\/#primaryimage"},"thumbnailUrl":"","keywords":["formaci\u00f3","g\u00e8nere","Sector Bages-Bergued\u00e0","transformaci\u00f3 social"],"articleSection":["Activitats sectors","Sector Bages, Bergued\u00e0 i La Cerdanya"],"inLanguage":"en-US","potentialAction":[{"@type":"CommentAction","name":"Comment","target":["https:\/\/www.esplac.cat\/formeu-vos-iereu-lliures-matinal-formacio-bages-bergueda\/#respond"]}]},{"@type":"WebPage","@id":"https:\/\/www.esplac.cat\/formeu-vos-iereu-lliures-matinal-formacio-bages-bergueda\/","url":"https:\/\/www.esplac.cat\/formeu-vos-iereu-lliures-matinal-formacio-bages-bergueda\/","name":"\"Formeu-vos i sereu lliures!\", matinal de formaci\u00f3 del Bages-Bergued\u00e0 - Esplac","isPartOf":{"@id":"https:\/\/www.esplac.cat\/#website"},"primaryImageOfPage":{"@id":"https:\/\/www.esplac.cat\/formeu-vos-iereu-lliures-matinal-formacio-bages-bergueda\/#primaryimage"},"image":{"@id":"https:\/\/www.esplac.cat\/formeu-vos-iereu-lliures-matinal-formacio-bages-bergueda\/#primaryimage"},"thumbnailUrl":"","datePublished":"2014-01-29T10:41:10+00:00","breadcrumb":{"@id":"https:\/\/www.esplac.cat\/formeu-vos-iereu-lliures-matinal-formacio-bages-bergueda\/#breadcrumb"},"inLanguage":"en-US","potentialAction":[{"@type":"ReadAction","target":["https:\/\/www.esplac.cat\/formeu-vos-iereu-lliures-matinal-formacio-bages-bergueda\/"]}]},{"@type":"ImageObject","inLanguage":"en-US","@id":"https:\/\/www.esplac.cat\/formeu-vos-iereu-lliures-matinal-formacio-bages-bergueda\/#primaryimage","url":"","contentUrl":""},{"@type":"BreadcrumbList","@id":"https:\/\/www.esplac.cat\/formeu-vos-iereu-lliures-matinal-formacio-bages-bergueda\/#breadcrumb","itemListElement":[{"@type":"ListItem","position":1,"name":"Inici","item":"https:\/\/www.esplac.cat\/en\/"},{"@type":"ListItem","position":2,"name":"&#8220;Formeu-vos i sereu lliures!&#8221;, matinal de formaci\u00f3 del Bages-Bergued\u00e0"}]},{"@type":"WebSite","@id":"https:\/\/www.esplac.cat\/#website","url":"https:\/\/www.esplac.cat\/","name":"Esplac","description":"Esplais Catalans","publisher":{"@id":"https:\/\/www.esplac.cat\/#organization"},"potentialAction":[{"@type":"SearchAction","target":{"@type":"EntryPoint","urlTemplate":"https:\/\/www.esplac.cat\/?s={search_term_string}"},"query-input":{"@type":"PropertyValueSpecification","valueRequired":true,"valueName":"search_term_string"}}],"inLanguage":"en-US"},{"@type":"Organization","@id":"https:\/\/www.esplac.cat\/#organization","name":"Esplac","url":"https:\/\/www.esplac.cat\/","logo":{"@type":"ImageObject","inLanguage":"en-US","@id":"https:\/\/www.esplac.cat\/#\/schema\/logo\/image\/","url":"https:\/\/www.esplac.cat\/wp-content\/uploads\/2019\/08\/logox2.png","contentUrl":"https:\/\/www.esplac.cat\/wp-content\/uploads\/2019\/08\/logox2.png","width":600,"height":295,"caption":"Esplac"},"image":{"@id":"https:\/\/www.esplac.cat\/#\/schema\/logo\/image\/"}},{"@type":"Person","@id":"https:\/\/www.esplac.cat\/#\/schema\/person\/908383cf240be18b68f8855d0583faca","name":"Comunicaci\u00f3 Esplac","image":{"@type":"ImageObject","inLanguage":"en-US","@id":"https:\/\/secure.gravatar.com\/avatar\/7a4cf8feb412a76ea4a740ca02d95b06b2907b5a6c648c2dd0a1082a093c3141?s=96&d=mm&r=g","url":"https:\/\/secure.gravatar.com\/avatar\/7a4cf8feb412a76ea4a740ca02d95b06b2907b5a6c648c2dd0a1082a093c3141?s=96&d=mm&r=g","contentUrl":"https:\/\/secure.gravatar.com\/avatar\/7a4cf8feb412a76ea4a740ca02d95b06b2907b5a6c648c2dd0a1082a093c3141?s=96&d=mm&r=g","caption":"Comunicaci\u00f3 Esplac"}}]}},"_links":{"self":[{"href":"https:\/\/www.esplac.cat\/en\/wp-json\/wp\/v2\/posts\/25822","targetHints":{"allow":["GET"]}}],"collection":[{"href":"https:\/\/www.esplac.cat\/en\/wp-json\/wp\/v2\/posts"}],"about":[{"href":"https:\/\/www.esplac.cat\/en\/wp-json\/wp\/v2\/types\/post"}],"author":[{"embeddable":true,"href":"https:\/\/www.esplac.cat\/en\/wp-json\/wp\/v2\/users\/3"}],"replies":[{"embeddable":true,"href":"https:\/\/www.esplac.cat\/en\/wp-json\/wp\/v2\/comments?post=25822"}],"version-history":[{"count":0,"href":"https:\/\/www.esplac.cat\/en\/wp-json\/wp\/v2\/posts\/25822\/revisions"}],"wp:featuredmedia":[{"embeddable":true,"href":"https:\/\/www.esplac.cat\/en\/wp-json\/"}],"wp:attachment":[{"href":"https:\/\/www.esplac.cat\/en\/wp-json\/wp\/v2\/media?parent=25822"}],"wp:term":[{"taxonomy":"category","embeddable":true,"href":"https:\/\/www.esplac.cat\/en\/wp-json\/wp\/v2\/categories?post=25822"},{"taxonomy":"post_tag","embeddable":true,"href":"https:\/\/www.esplac.cat\/en\/wp-json\/wp\/v2\/tags?post=25822"}],"curies":[{"name":"wp","href":"https:\/\/api.w.org\/{rel}","templated":true}]}}