{"id":25837,"date":"2013-12-02T12:24:34","date_gmt":"2013-12-02T10:24:34","guid":{"rendered":"http:\/\/esplac.cat\/?p=4402"},"modified":"2013-12-02T12:24:34","modified_gmt":"2013-12-02T10:24:34","slug":"en-la-nostra-xxxii-assemblea-reafermem-el-nostre-compromis-amb-leducacio","status":"publish","type":"post","link":"https:\/\/www.esplac.cat\/en\/en-la-nostra-xxxii-assemblea-reafermem-el-nostre-compromis-amb-leducacio\/","title":{"rendered":"Refermem el nostre comprom\u00eds amb l&#8217;educaci\u00f3 a la XXXII Assemblea"},"content":{"rendered":"<p><!--:CA--><\/p>\n<h2 style=\"text-align: center;\" dir=\"ltr\">ESPLAIS CATALANS REFERMA EL SEU COMPROM\u00cdS AMB L\u2019EDUCACI\u00d3 D\u2019INFANTS I JOVES A LA SEVA XXXII ASSEMBLEA GENERAL ORDIN\u00c0RIA<\/h2>\n<p dir=\"ltr\"><strong>Despr\u00e9s de la XXXII Assemblea General Ordin\u00e0ria d&#8217;Esplais Catalans, l&#8217;associaci\u00f3 creix aplegant a 107 esplais de 71 poblacions d&#8217;arreu de Catalunya<\/strong><\/p>\n<p dir=\"ltr\"><strong>En una Assemblea amb molta participaci\u00f3 i m\u00e9s resolucions que mai, Esplais Catalans es compromet a prendre partit en la societat tots aquelles q\u00fcestions que creguem important valorar com a esplais, aix\u00ed com de la societat i el pa\u00eds que volem.<\/strong><\/p>\n<p dir=\"ltr\">L&#8217;Assemblea General Ordin\u00e0ria anual, que s&#8217;ha celebrat avui 1 de desembre de 2013, \u00e9s l&#8217;espai m\u00e9s important de presa de decisions dels esplais. M\u00e9s de 300 persones de 67 esplais han omplert el teatre dels Llu\u00efsos d&#8217;Horta de Barcelona, en aquesta jornada en qu\u00e8 hem valorat les accions empreses durant el segon any del Pla estrat\u00e8gic 2011-2014 i hem decidit com encarem el seu \u00faltim curs.<\/p>\n<div>\u00a0Hem destacat especialment el creixement que ha viscut l&#8217;entitat en aquests \u00faltims cinc anys, en qu\u00e8 hem doblat el nombre d\u2019infants, monitors i monitores, sent aquest estiu m\u00e9s de 7000 participants a les col\u00f2nies, campaments, rutes i intercanvis internacionals. A m\u00e9s, aquesta Assemblea hem celebrat l&#8217;entrada de <strong>7 nous esplais<\/strong> (Farfalla, Maqui, Merlot, La Floresta, Kamono, Terra de Lleure i Torxa), aconseguint ser ja 107 esplais distribuits en 71 poblacions de Catalunya. Tamb\u00e9<strong> hem viscut un gran relleu a l&#8217;Equip de Direcci\u00f3<\/strong> de l&#8217;entitat en qu\u00e8 s&#8217;han escollit 8 nous membres (5 noves persones i 3 reeleccions) incloent el relleu a la Presid\u00e8ncia. Despr\u00e9s de quatre anys en el c\u00e0rrec, <strong>Marc Cases Mart\u00edn<\/strong> s&#8217;ha acomiadat recordant la seva traject\u00f2ria des que va ser monitor de l\u2019esplai Xiroc, fins a arribar a l\u2019Equip de Direcci\u00f3 i la Presid\u00e8ncia d\u2019Esplac. <strong>Raimon Carreras Marin ha estat el nou President escollit per l&#8217;Assemblea<\/strong> i ha reivindicat el comprom\u00eds dels esplais amb l\u2019educaci\u00f3: \u201ca l\u2019esplai s\u2019aprenen un munt de coses. Per\u00f2 sobretot a pensar en els altres. I aix\u00f2 fa falta, aix\u00ed que els esplais som necessaris, molt necessaris!\u201d.<\/div>\n<p dir=\"ltr\">De cara el curs vinent, el <strong>pla de treball<\/strong> aprovat ve marcat per la continu\u00eftat del projecte d\u2019atenci\u00f3 personalitzada, que garanteix el suport de l\u2019entitat cap als seus esplais membres. Tamb\u00e9 treballarem especialment la reivindicaci\u00f3 de la tasca educativa i des del voluntariat dels monitors i monitores a trav\u00e9s de tres grans projectes: la revisi\u00f3 del nostre <strong>Projecte Educatiu<\/strong>, la trobada de formaci\u00f3 anual que anomenem l\u2019<strong>Escola d\u2019Esplac<\/strong> i la trobada de monitors i monitores, <strong>Monifesta\u2019t 2014<\/strong>. Els esplais del Sector Camp de Tarragona, que acolliran l&#8217;esdeveniment en una poblaci\u00f3 del seu territori, han estat els encarregats de presentar aquesta trobada a l&#8217;Assemblea que han definit com \u201cl&#8217;inici d&#8217;una nova era\u201d. <strong>La Monifesta&#8217;t ser\u00e0, sens dubte, un dels moments \u00e0lgids d&#8217;aquest curs, en qu\u00e8 esperem la participaci\u00f3 de m\u00e9s de 400 monitors i monitores<\/strong> i en la qual hi haur\u00e0 diferents espais per a la formaci\u00f3, el debat i la celebraci\u00f3 del nostre comprom\u00eds amb l\u2019educaci\u00f3 d\u2019infants i joves.<\/p>\n<p dir=\"ltr\">En el torn de les <strong>resolucions<\/strong>, Esplais Catalans hem demostrat la nostra voluntat de posicionar-nos envers q\u00fcestions socials que ens afecten. A la resoluci\u00f3 \u201cEsplais Catalans donem la cara\u201d hem aprovat, precisament, l&#8217;inici d&#8217;un debat per a \u201cbuscar posicionaments conjunts sobre tot all\u00f2 que creguem important valorar com a esplais, aix\u00ed com de la societat i el pa\u00eds que volem\u201d. Aquesta necessitat de prendre partit en la societat s&#8217;ha fet palesa amb l&#8217;aprovaci\u00f3 de sis resolucions m\u00e9s entorn de temes com: la <strong>pobresa infantil<\/strong>, el <strong>comprom\u00eds dels esplais amb l&#8217;educaci\u00f3<\/strong> i la necessitat de reivindicar-nos com a agents educatius en la societat, l&#8217;<strong>educaci\u00f3 ambiental<\/strong>, les <strong>ordenances de civisme<\/strong> i el<strong> dret a l&#8217;avortament<\/strong>.<\/p>\n<p dir=\"ltr\">A l&#8217;acte de cloenda hem comptat amb la pres\u00e8ncia de tres entitats del Moviment Laic i Progressita, <strong>Acci\u00f3 Escolta<\/strong>, l&#8217;<strong>Associaci\u00f3 de Casals<\/strong> i <strong>Grups de Joves de Catalunya<\/strong> i<strong> Xarxateneus<\/strong> que han donat suport al nostre projecte. Tamb\u00e9 ha intervingut <strong>Antoni Reig<\/strong>, Director General de Joventut del Departament de Benestar Social i Fam\u00edlia de la Generalitat de Catalunya que ha destacat la feina feta dels esplais i del comprom\u00eds de l&#8217;equip de direcci\u00f3.<\/p>\n<p dir=\"ltr\"><a href=\"http:\/\/esplac.cat\/wp-content\/uploads\/2013\/12\/agoesplac13.jpg\"><img decoding=\"async\" class=\"alignnone  wp-image-4403\" title=\"agoesplac13\" src=\"http:\/\/esplac.cat\/wp-content\/uploads\/2013\/12\/agoesplac13-740x298.jpg\" alt=\"\" width=\"400\" \/><\/a><\/p>\n<p><!--:--><!--:es-->&nbsp;<\/p>\n<p><!--:--><!--:en-->&nbsp;<\/p>\n<p><!--:--><!--:fr-->&nbsp;<\/p>\n<p><!--:--><\/p>\n","protected":false},"excerpt":{"rendered":"<p>ESPLAIS CATALANS REFERMA EL SEU COMPROM\u00cdS AMB L\u2019EDUCACI\u00d3 D\u2019INFANTS I [&hellip;]<\/p>\n","protected":false},"author":3,"featured_media":7803,"comment_status":"open","ping_status":"open","sticky":false,"template":"","format":"standard","meta":{"om_disable_all_campaigns":false,"_monsterinsights_skip_tracking":false,"_monsterinsights_sitenote_active":false,"_monsterinsights_sitenote_note":"","_monsterinsights_sitenote_category":0,"_uf_show_specific_survey":0,"_uf_disable_surveys":false,"footnotes":""},"categories":[1127],"tags":[11],"class_list":["post-25837","post","type-post","status-publish","format-standard","has-post-thumbnail","hentry","category-comunicats-posicionaments","tag-assemblea"],"yoast_head":"<!-- This site is optimized with the Yoast SEO plugin v27.4 - https:\/\/yoast.com\/product\/yoast-seo-wordpress\/ -->\n<title>Refermem el nostre comprom\u00eds amb l&#039;educaci\u00f3 a la XXXII Assemblea - Esplac<\/title>\n<meta name=\"robots\" content=\"index, follow, max-snippet:-1, max-image-preview:large, max-video-preview:-1\" \/>\n<link rel=\"canonical\" href=\"https:\/\/www.esplac.cat\/en-la-nostra-xxxii-assemblea-reafermem-el-nostre-compromis-amb-leducacio\/\" \/>\n<meta property=\"og:locale\" content=\"en_US\" \/>\n<meta property=\"og:type\" content=\"article\" \/>\n<meta property=\"og:title\" content=\"Refermem el nostre comprom\u00eds amb l&#039;educaci\u00f3 a la XXXII Assemblea - Esplac\" \/>\n<meta property=\"og:description\" content=\"ESPLAIS CATALANS REFERMA EL SEU COMPROM\u00cdS AMB L\u2019EDUCACI\u00d3 D\u2019INFANTS I [&hellip;]\" \/>\n<meta property=\"og:url\" content=\"https:\/\/www.esplac.cat\/en-la-nostra-xxxii-assemblea-reafermem-el-nostre-compromis-amb-leducacio\/\" \/>\n<meta property=\"og:site_name\" content=\"Esplac\" \/>\n<meta property=\"article:published_time\" content=\"2013-12-02T10:24:34+00:00\" \/>\n<meta property=\"og:image\" content=\"https:\/\/www.esplac.cat\/wp-content\/uploads\/2019\/11\/logo-open.jpg\" \/>\n\t<meta property=\"og:image:width\" content=\"1200\" \/>\n\t<meta property=\"og:image:height\" content=\"630\" \/>\n\t<meta property=\"og:image:type\" content=\"image\/jpeg\" \/>\n<meta name=\"author\" content=\"Comunicaci\u00f3 Esplac\" \/>\n<meta name=\"twitter:card\" content=\"summary_large_image\" \/>\n<meta name=\"twitter:label1\" content=\"Written by\" \/>\n\t<meta name=\"twitter:data1\" content=\"Comunicaci\u00f3 Esplac\" \/>\n\t<meta name=\"twitter:label2\" content=\"Est. reading time\" \/>\n\t<meta name=\"twitter:data2\" content=\"4 minutes\" \/>\n<script type=\"application\/ld+json\" class=\"yoast-schema-graph\">{\"@context\":\"https:\\\/\\\/schema.org\",\"@graph\":[{\"@type\":\"Article\",\"@id\":\"https:\\\/\\\/www.esplac.cat\\\/en-la-nostra-xxxii-assemblea-reafermem-el-nostre-compromis-amb-leducacio\\\/#article\",\"isPartOf\":{\"@id\":\"https:\\\/\\\/www.esplac.cat\\\/en-la-nostra-xxxii-assemblea-reafermem-el-nostre-compromis-amb-leducacio\\\/\"},\"author\":{\"name\":\"Comunicaci\u00f3 Esplac\",\"@id\":\"https:\\\/\\\/www.esplac.cat\\\/#\\\/schema\\\/person\\\/908383cf240be18b68f8855d0583faca\"},\"headline\":\"Refermem el nostre comprom\u00eds amb l&#8217;educaci\u00f3 a la XXXII Assemblea\",\"datePublished\":\"2013-12-02T10:24:34+00:00\",\"mainEntityOfPage\":{\"@id\":\"https:\\\/\\\/www.esplac.cat\\\/en-la-nostra-xxxii-assemblea-reafermem-el-nostre-compromis-amb-leducacio\\\/\"},\"wordCount\":754,\"commentCount\":0,\"publisher\":{\"@id\":\"https:\\\/\\\/www.esplac.cat\\\/#organization\"},\"image\":{\"@id\":\"https:\\\/\\\/www.esplac.cat\\\/en-la-nostra-xxxii-assemblea-reafermem-el-nostre-compromis-amb-leducacio\\\/#primaryimage\"},\"thumbnailUrl\":\"\",\"keywords\":[\"assemblea\"],\"articleSection\":[\"Comunicats i posicionaments\"],\"inLanguage\":\"en-US\",\"potentialAction\":[{\"@type\":\"CommentAction\",\"name\":\"Comment\",\"target\":[\"https:\\\/\\\/www.esplac.cat\\\/en-la-nostra-xxxii-assemblea-reafermem-el-nostre-compromis-amb-leducacio\\\/#respond\"]}]},{\"@type\":\"WebPage\",\"@id\":\"https:\\\/\\\/www.esplac.cat\\\/en-la-nostra-xxxii-assemblea-reafermem-el-nostre-compromis-amb-leducacio\\\/\",\"url\":\"https:\\\/\\\/www.esplac.cat\\\/en-la-nostra-xxxii-assemblea-reafermem-el-nostre-compromis-amb-leducacio\\\/\",\"name\":\"Refermem el nostre comprom\u00eds amb l'educaci\u00f3 a la XXXII Assemblea - Esplac\",\"isPartOf\":{\"@id\":\"https:\\\/\\\/www.esplac.cat\\\/#website\"},\"primaryImageOfPage\":{\"@id\":\"https:\\\/\\\/www.esplac.cat\\\/en-la-nostra-xxxii-assemblea-reafermem-el-nostre-compromis-amb-leducacio\\\/#primaryimage\"},\"image\":{\"@id\":\"https:\\\/\\\/www.esplac.cat\\\/en-la-nostra-xxxii-assemblea-reafermem-el-nostre-compromis-amb-leducacio\\\/#primaryimage\"},\"thumbnailUrl\":\"\",\"datePublished\":\"2013-12-02T10:24:34+00:00\",\"breadcrumb\":{\"@id\":\"https:\\\/\\\/www.esplac.cat\\\/en-la-nostra-xxxii-assemblea-reafermem-el-nostre-compromis-amb-leducacio\\\/#breadcrumb\"},\"inLanguage\":\"en-US\",\"potentialAction\":[{\"@type\":\"ReadAction\",\"target\":[\"https:\\\/\\\/www.esplac.cat\\\/en-la-nostra-xxxii-assemblea-reafermem-el-nostre-compromis-amb-leducacio\\\/\"]}]},{\"@type\":\"ImageObject\",\"inLanguage\":\"en-US\",\"@id\":\"https:\\\/\\\/www.esplac.cat\\\/en-la-nostra-xxxii-assemblea-reafermem-el-nostre-compromis-amb-leducacio\\\/#primaryimage\",\"url\":\"\",\"contentUrl\":\"\"},{\"@type\":\"BreadcrumbList\",\"@id\":\"https:\\\/\\\/www.esplac.cat\\\/en-la-nostra-xxxii-assemblea-reafermem-el-nostre-compromis-amb-leducacio\\\/#breadcrumb\",\"itemListElement\":[{\"@type\":\"ListItem\",\"position\":1,\"name\":\"Inici\",\"item\":\"https:\\\/\\\/www.esplac.cat\\\/en\\\/\"},{\"@type\":\"ListItem\",\"position\":2,\"name\":\"Refermem el nostre comprom\u00eds amb l&#8217;educaci\u00f3 a la XXXII Assemblea\"}]},{\"@type\":\"WebSite\",\"@id\":\"https:\\\/\\\/www.esplac.cat\\\/#website\",\"url\":\"https:\\\/\\\/www.esplac.cat\\\/\",\"name\":\"Esplac\",\"description\":\"Esplais Catalans\",\"publisher\":{\"@id\":\"https:\\\/\\\/www.esplac.cat\\\/#organization\"},\"potentialAction\":[{\"@type\":\"SearchAction\",\"target\":{\"@type\":\"EntryPoint\",\"urlTemplate\":\"https:\\\/\\\/www.esplac.cat\\\/?s={search_term_string}\"},\"query-input\":{\"@type\":\"PropertyValueSpecification\",\"valueRequired\":true,\"valueName\":\"search_term_string\"}}],\"inLanguage\":\"en-US\"},{\"@type\":\"Organization\",\"@id\":\"https:\\\/\\\/www.esplac.cat\\\/#organization\",\"name\":\"Esplac\",\"url\":\"https:\\\/\\\/www.esplac.cat\\\/\",\"logo\":{\"@type\":\"ImageObject\",\"inLanguage\":\"en-US\",\"@id\":\"https:\\\/\\\/www.esplac.cat\\\/#\\\/schema\\\/logo\\\/image\\\/\",\"url\":\"https:\\\/\\\/www.esplac.cat\\\/wp-content\\\/uploads\\\/2019\\\/08\\\/logox2.png\",\"contentUrl\":\"https:\\\/\\\/www.esplac.cat\\\/wp-content\\\/uploads\\\/2019\\\/08\\\/logox2.png\",\"width\":600,\"height\":295,\"caption\":\"Esplac\"},\"image\":{\"@id\":\"https:\\\/\\\/www.esplac.cat\\\/#\\\/schema\\\/logo\\\/image\\\/\"}},{\"@type\":\"Person\",\"@id\":\"https:\\\/\\\/www.esplac.cat\\\/#\\\/schema\\\/person\\\/908383cf240be18b68f8855d0583faca\",\"name\":\"Comunicaci\u00f3 Esplac\",\"image\":{\"@type\":\"ImageObject\",\"inLanguage\":\"en-US\",\"@id\":\"https:\\\/\\\/secure.gravatar.com\\\/avatar\\\/7a4cf8feb412a76ea4a740ca02d95b06b2907b5a6c648c2dd0a1082a093c3141?s=96&d=mm&r=g\",\"url\":\"https:\\\/\\\/secure.gravatar.com\\\/avatar\\\/7a4cf8feb412a76ea4a740ca02d95b06b2907b5a6c648c2dd0a1082a093c3141?s=96&d=mm&r=g\",\"contentUrl\":\"https:\\\/\\\/secure.gravatar.com\\\/avatar\\\/7a4cf8feb412a76ea4a740ca02d95b06b2907b5a6c648c2dd0a1082a093c3141?s=96&d=mm&r=g\",\"caption\":\"Comunicaci\u00f3 Esplac\"}}]}<\/script>\n<!-- \/ Yoast SEO plugin. -->","yoast_head_json":{"title":"Refermem el nostre comprom\u00eds amb l'educaci\u00f3 a la XXXII Assemblea - Esplac","robots":{"index":"index","follow":"follow","max-snippet":"max-snippet:-1","max-image-preview":"max-image-preview:large","max-video-preview":"max-video-preview:-1"},"canonical":"https:\/\/www.esplac.cat\/en-la-nostra-xxxii-assemblea-reafermem-el-nostre-compromis-amb-leducacio\/","og_locale":"en_US","og_type":"article","og_title":"Refermem el nostre comprom\u00eds amb l'educaci\u00f3 a la XXXII Assemblea - Esplac","og_description":"ESPLAIS CATALANS REFERMA EL SEU COMPROM\u00cdS AMB L\u2019EDUCACI\u00d3 D\u2019INFANTS I [&hellip;]","og_url":"https:\/\/www.esplac.cat\/en-la-nostra-xxxii-assemblea-reafermem-el-nostre-compromis-amb-leducacio\/","og_site_name":"Esplac","article_published_time":"2013-12-02T10:24:34+00:00","og_image":[{"width":1200,"height":630,"url":"https:\/\/www.esplac.cat\/wp-content\/uploads\/2019\/11\/logo-open.jpg","type":"image\/jpeg"}],"author":"Comunicaci\u00f3 Esplac","twitter_card":"summary_large_image","twitter_misc":{"Written by":"Comunicaci\u00f3 Esplac","Est. reading time":"4 minutes"},"schema":{"@context":"https:\/\/schema.org","@graph":[{"@type":"Article","@id":"https:\/\/www.esplac.cat\/en-la-nostra-xxxii-assemblea-reafermem-el-nostre-compromis-amb-leducacio\/#article","isPartOf":{"@id":"https:\/\/www.esplac.cat\/en-la-nostra-xxxii-assemblea-reafermem-el-nostre-compromis-amb-leducacio\/"},"author":{"name":"Comunicaci\u00f3 Esplac","@id":"https:\/\/www.esplac.cat\/#\/schema\/person\/908383cf240be18b68f8855d0583faca"},"headline":"Refermem el nostre comprom\u00eds amb l&#8217;educaci\u00f3 a la XXXII Assemblea","datePublished":"2013-12-02T10:24:34+00:00","mainEntityOfPage":{"@id":"https:\/\/www.esplac.cat\/en-la-nostra-xxxii-assemblea-reafermem-el-nostre-compromis-amb-leducacio\/"},"wordCount":754,"commentCount":0,"publisher":{"@id":"https:\/\/www.esplac.cat\/#organization"},"image":{"@id":"https:\/\/www.esplac.cat\/en-la-nostra-xxxii-assemblea-reafermem-el-nostre-compromis-amb-leducacio\/#primaryimage"},"thumbnailUrl":"","keywords":["assemblea"],"articleSection":["Comunicats i posicionaments"],"inLanguage":"en-US","potentialAction":[{"@type":"CommentAction","name":"Comment","target":["https:\/\/www.esplac.cat\/en-la-nostra-xxxii-assemblea-reafermem-el-nostre-compromis-amb-leducacio\/#respond"]}]},{"@type":"WebPage","@id":"https:\/\/www.esplac.cat\/en-la-nostra-xxxii-assemblea-reafermem-el-nostre-compromis-amb-leducacio\/","url":"https:\/\/www.esplac.cat\/en-la-nostra-xxxii-assemblea-reafermem-el-nostre-compromis-amb-leducacio\/","name":"Refermem el nostre comprom\u00eds amb l'educaci\u00f3 a la XXXII Assemblea - Esplac","isPartOf":{"@id":"https:\/\/www.esplac.cat\/#website"},"primaryImageOfPage":{"@id":"https:\/\/www.esplac.cat\/en-la-nostra-xxxii-assemblea-reafermem-el-nostre-compromis-amb-leducacio\/#primaryimage"},"image":{"@id":"https:\/\/www.esplac.cat\/en-la-nostra-xxxii-assemblea-reafermem-el-nostre-compromis-amb-leducacio\/#primaryimage"},"thumbnailUrl":"","datePublished":"2013-12-02T10:24:34+00:00","breadcrumb":{"@id":"https:\/\/www.esplac.cat\/en-la-nostra-xxxii-assemblea-reafermem-el-nostre-compromis-amb-leducacio\/#breadcrumb"},"inLanguage":"en-US","potentialAction":[{"@type":"ReadAction","target":["https:\/\/www.esplac.cat\/en-la-nostra-xxxii-assemblea-reafermem-el-nostre-compromis-amb-leducacio\/"]}]},{"@type":"ImageObject","inLanguage":"en-US","@id":"https:\/\/www.esplac.cat\/en-la-nostra-xxxii-assemblea-reafermem-el-nostre-compromis-amb-leducacio\/#primaryimage","url":"","contentUrl":""},{"@type":"BreadcrumbList","@id":"https:\/\/www.esplac.cat\/en-la-nostra-xxxii-assemblea-reafermem-el-nostre-compromis-amb-leducacio\/#breadcrumb","itemListElement":[{"@type":"ListItem","position":1,"name":"Inici","item":"https:\/\/www.esplac.cat\/en\/"},{"@type":"ListItem","position":2,"name":"Refermem el nostre comprom\u00eds amb l&#8217;educaci\u00f3 a la XXXII Assemblea"}]},{"@type":"WebSite","@id":"https:\/\/www.esplac.cat\/#website","url":"https:\/\/www.esplac.cat\/","name":"Esplac","description":"Esplais Catalans","publisher":{"@id":"https:\/\/www.esplac.cat\/#organization"},"potentialAction":[{"@type":"SearchAction","target":{"@type":"EntryPoint","urlTemplate":"https:\/\/www.esplac.cat\/?s={search_term_string}"},"query-input":{"@type":"PropertyValueSpecification","valueRequired":true,"valueName":"search_term_string"}}],"inLanguage":"en-US"},{"@type":"Organization","@id":"https:\/\/www.esplac.cat\/#organization","name":"Esplac","url":"https:\/\/www.esplac.cat\/","logo":{"@type":"ImageObject","inLanguage":"en-US","@id":"https:\/\/www.esplac.cat\/#\/schema\/logo\/image\/","url":"https:\/\/www.esplac.cat\/wp-content\/uploads\/2019\/08\/logox2.png","contentUrl":"https:\/\/www.esplac.cat\/wp-content\/uploads\/2019\/08\/logox2.png","width":600,"height":295,"caption":"Esplac"},"image":{"@id":"https:\/\/www.esplac.cat\/#\/schema\/logo\/image\/"}},{"@type":"Person","@id":"https:\/\/www.esplac.cat\/#\/schema\/person\/908383cf240be18b68f8855d0583faca","name":"Comunicaci\u00f3 Esplac","image":{"@type":"ImageObject","inLanguage":"en-US","@id":"https:\/\/secure.gravatar.com\/avatar\/7a4cf8feb412a76ea4a740ca02d95b06b2907b5a6c648c2dd0a1082a093c3141?s=96&d=mm&r=g","url":"https:\/\/secure.gravatar.com\/avatar\/7a4cf8feb412a76ea4a740ca02d95b06b2907b5a6c648c2dd0a1082a093c3141?s=96&d=mm&r=g","contentUrl":"https:\/\/secure.gravatar.com\/avatar\/7a4cf8feb412a76ea4a740ca02d95b06b2907b5a6c648c2dd0a1082a093c3141?s=96&d=mm&r=g","caption":"Comunicaci\u00f3 Esplac"}}]}},"_links":{"self":[{"href":"https:\/\/www.esplac.cat\/en\/wp-json\/wp\/v2\/posts\/25837","targetHints":{"allow":["GET"]}}],"collection":[{"href":"https:\/\/www.esplac.cat\/en\/wp-json\/wp\/v2\/posts"}],"about":[{"href":"https:\/\/www.esplac.cat\/en\/wp-json\/wp\/v2\/types\/post"}],"author":[{"embeddable":true,"href":"https:\/\/www.esplac.cat\/en\/wp-json\/wp\/v2\/users\/3"}],"replies":[{"embeddable":true,"href":"https:\/\/www.esplac.cat\/en\/wp-json\/wp\/v2\/comments?post=25837"}],"version-history":[{"count":0,"href":"https:\/\/www.esplac.cat\/en\/wp-json\/wp\/v2\/posts\/25837\/revisions"}],"wp:featuredmedia":[{"embeddable":true,"href":"https:\/\/www.esplac.cat\/en\/wp-json\/"}],"wp:attachment":[{"href":"https:\/\/www.esplac.cat\/en\/wp-json\/wp\/v2\/media?parent=25837"}],"wp:term":[{"taxonomy":"category","embeddable":true,"href":"https:\/\/www.esplac.cat\/en\/wp-json\/wp\/v2\/categories?post=25837"},{"taxonomy":"post_tag","embeddable":true,"href":"https:\/\/www.esplac.cat\/en\/wp-json\/wp\/v2\/tags?post=25837"}],"curies":[{"name":"wp","href":"https:\/\/api.w.org\/{rel}","templated":true}]}}