{"id":25838,"date":"2013-11-28T14:39:45","date_gmt":"2013-11-28T12:39:45","guid":{"rendered":"http:\/\/esplac.cat\/?p=4389"},"modified":"2013-11-28T14:39:45","modified_gmt":"2013-11-28T12:39:45","slug":"projecte-esplais-catalans-creixent-propera-assemblea-general-ordinaria","status":"publish","type":"post","link":"https:\/\/www.esplac.cat\/en\/projecte-esplais-catalans-creixent-propera-assemblea-general-ordinaria\/","title":{"rendered":"El projecte d&#8217;Esplais Catalans segueix creixent a la propera Assemblea"},"content":{"rendered":"<p><!--:CA--><strong>A la XXXII Assemblea General Ordin\u00e0ria d&#8217;Esplais Catalans de l&#8217;1 de desembre a Barcelona, celebrarem l&#8217;entrada de nous esplais i presentarem la Monifesta\u2019t 2014, la propera Trobada de monitors i monitores.<\/strong><\/p>\n<p>L&#8217;Assemblea \u00e9s l&#8217;espai m\u00e9s important de presa de decisions dels esplais: de valorar qu\u00e8 hem fet en el segon any del Pla estrat\u00e8gic 2011-2014 i de decidir com n&#8217;emprenem el seu ultim curs. Tamb\u00e9 \u00e9s el moment de donar la benvinguda a nous esplais i a nous membres de l&#8217;Equip de Direcci\u00f3 i de compartir inquietuds i necessitats que puguin sorgir.<\/p>\n<p>Enguany en destaquem l&#8217;important din\u00e0mica de creixement de la nostra entitat: <strong>en els \u00faltims cinc anys hem doblat el nombre d\u2019infants, monitors i monitores, sent aquest estiu m\u00e9s de 7000 participants a les col\u00f2nies, campaments, rutes i intercanvis<\/strong>. A m\u00e9s a m\u00e9s, en l\u2019Assemblea tamb\u00e9 votarem l\u2019entrada de <strong>7 nous esplais<\/strong> i, si s\u2019aprova la seva federaci\u00f3, <strong>aconseguirem ser ja 107 esplais distribuits en 71 poblacions<\/strong> de Catalunya. Aquest creiexement tamb\u00e9 ha vingut acompanyat amb un augment de la participaci\u00f3 dels esplais en els espais de presa de decisi\u00f3 de l\u2019entitat. El m\u00e9s clar exemple \u00e9s el r\u00e8cord d\u2019inscripcions en aquesta XXXII Assemblea, que fins avui, ens confirma la pres\u00e8ncia de m\u00e9s de 70 esplais.<\/p>\n<p>El <strong>pla de treball<\/strong> que presentarem i votarem per a aquest curs ve marcat per la continu\u00cftat del projecte d\u2019atenci\u00f3 personalitzada, que garanteix el suport de l\u2019entitat cap als seus esplais membres. Tamb\u00e9 treballarem especialment la reivindicaci\u00f3 de la tasca educativa i des del voluntariat dels monitors i monitores a trav\u00e9s de tres grans projectes: la revisi\u00f3 del nostre <strong>Projecte Educatiu<\/strong>, la trobada de formaci\u00f3 anual que anomenem l\u2019<strong>Escola d\u2019Esplac<\/strong> i la trobada de monitors i monitores, <strong>Monifesta\u2019t 2014<\/strong>. Aquesta trobada, que acolliran i presentaran a l\u2019Assemblea els esplais del Sector Camp de Tarragona, ser\u00e0 un dels punts \u00e0lgids del curs, en qu\u00e8 esperem la participaci\u00f3 de m\u00e9s de 400 monitors i monitores, en la qual hi haur\u00e0 diferents espais per a la formaci\u00f3, el debat i la celebraci\u00f3 del nostre comprom\u00eds amb l\u2019educaci\u00f3 d\u2019infants i joves.<\/p>\n<p>Esplac \u00e9s una organitzaci\u00f3 democr\u00e0tica i participativa, ho demostra el fet que els documents que aprovarem, si s&#8217;escau, s\u00f3n fruit del treball conjunt dels monitors i monitores dels esplais, dels Equips Generals de Sector, de l&#8217;Equip de Direcci\u00f3 i de la Secretaria T\u00e8cnica. Podem afirmar que el proper diumenge culminar\u00e0 una feina compartida per seguir fent real, dia rere dia, dissabte rere dissabte, reuni\u00f3 rere reuni\u00f3, que els esplais s\u00f3n i seguiran sent la ra\u00f3 d&#8217;Esplais Catalans.<\/p>\n<p>Esplais Catalans \u00e9s una associaci\u00f3 d&#8217;esplais laica i progressista que treballa des del voluntariat per a la transformaci\u00f3 social, mitjan\u00e7ant l&#8217;educaci\u00f3 en drets dels infants. L&#8217;enfortiment dels esplais \u00e9s la nostra ra\u00f3 de ser. Esplais Catalans compta amb un total de 106 esplais arreu de Catalunya, aplegant 1500 monitores i monitors que eduquen a 6200 infants.<\/p>\n<p><span style=\"text-decoration: underline;\"><strong>Convocat\u00f2ria als mitjans de comunicaci\u00f3 de l&#8217;Assemblea General Ordin\u00e0ria d&#8217;Esplais Catalans (cloenda)<\/strong><\/span><\/p>\n<p><strong>Dia<\/strong>: Diumenge 1 de desembre de 2013<br \/>\n<strong>Hora<\/strong>: 13:50h<br \/>\n<strong>Lloc<\/strong>: Teatre dels Llu\u00efsos d&#8217;Horta (c. Feliu i Codina, 8 &#8211; Barcelona)<br \/>\n<strong>Contacte<\/strong>: Eva Sanahuja &#8211; tel 93 302 61 03 \u2013 comunicacio@esplac.cat<br \/>\n<strong>M\u00e9s informaci\u00f3<\/strong>: www.esplac.cat<\/p>\n<p><strong>Preguem que confirmeu la vostra assist\u00e8ncia<\/strong><\/p>\n<p lang=\"ca-ES\" align=\"LEFT\"><a href=\"http:\/\/esplac.cat\/wp-content\/uploads\/2013\/11\/cartell_ago_131.jpg\"><img decoding=\"async\" class=\"alignnone  wp-image-4390\" title=\"assemblea esplais catalans 2013\" src=\"http:\/\/esplac.cat\/wp-content\/uploads\/2013\/11\/cartell_ago_131.jpg\" alt=\"\" width=\"400\" height=\"400\" \/><\/a><\/p>\n<p><!--:--><!--:es-->&nbsp;<\/p>\n<p><!--:--><!--:en-->&nbsp;<\/p>\n<p><!--:--><!--:fr-->&nbsp;<\/p>\n<p><!--:--><\/p>\n","protected":false},"excerpt":{"rendered":"<p>A la XXXII Assemblea General Ordin\u00e0ria d&#8217;Esplais Catalans de l&#8217;1 [&hellip;]<\/p>\n","protected":false},"author":3,"featured_media":7735,"comment_status":"open","ping_status":"open","sticky":false,"template":"","format":"standard","meta":{"om_disable_all_campaigns":false,"_monsterinsights_skip_tracking":false,"_monsterinsights_sitenote_active":false,"_monsterinsights_sitenote_note":"","_monsterinsights_sitenote_category":0,"_uf_show_specific_survey":0,"_uf_disable_surveys":false,"footnotes":""},"categories":[1127],"tags":[11,184,185,137],"class_list":["post-25838","post","type-post","status-publish","format-standard","has-post-thumbnail","hentry","category-comunicats-posicionaments","tag-assemblea","tag-escola-desplac","tag-monifestat","tag-revisio-projecte-educatiu"],"yoast_head":"<!-- This site is optimized with the Yoast SEO plugin v27.4 - https:\/\/yoast.com\/product\/yoast-seo-wordpress\/ -->\n<title>El projecte d&#039;Esplais Catalans segueix creixent a la propera Assemblea - Esplac<\/title>\n<meta name=\"robots\" content=\"index, follow, max-snippet:-1, max-image-preview:large, max-video-preview:-1\" \/>\n<link rel=\"canonical\" href=\"https:\/\/www.esplac.cat\/projecte-esplais-catalans-creixent-propera-assemblea-general-ordinaria\/\" \/>\n<meta property=\"og:locale\" content=\"en_US\" \/>\n<meta property=\"og:type\" content=\"article\" \/>\n<meta property=\"og:title\" content=\"El projecte d&#039;Esplais Catalans segueix creixent a la propera Assemblea - Esplac\" \/>\n<meta property=\"og:description\" content=\"A la XXXII Assemblea General Ordin\u00e0ria d&#8217;Esplais Catalans de l&#8217;1 [&hellip;]\" \/>\n<meta property=\"og:url\" content=\"https:\/\/www.esplac.cat\/projecte-esplais-catalans-creixent-propera-assemblea-general-ordinaria\/\" \/>\n<meta property=\"og:site_name\" content=\"Esplac\" \/>\n<meta property=\"article:published_time\" content=\"2013-11-28T12:39:45+00:00\" \/>\n<meta property=\"og:image\" content=\"https:\/\/www.esplac.cat\/wp-content\/uploads\/2019\/11\/logo-open.jpg\" \/>\n\t<meta property=\"og:image:width\" content=\"1200\" \/>\n\t<meta property=\"og:image:height\" content=\"630\" \/>\n\t<meta property=\"og:image:type\" content=\"image\/jpeg\" \/>\n<meta name=\"author\" content=\"Comunicaci\u00f3 Esplac\" \/>\n<meta name=\"twitter:card\" content=\"summary_large_image\" \/>\n<meta name=\"twitter:label1\" content=\"Written by\" \/>\n\t<meta name=\"twitter:data1\" content=\"Comunicaci\u00f3 Esplac\" \/>\n\t<meta name=\"twitter:label2\" content=\"Est. reading time\" \/>\n\t<meta name=\"twitter:data2\" content=\"3 minutes\" \/>\n<script type=\"application\/ld+json\" class=\"yoast-schema-graph\">{\"@context\":\"https:\\\/\\\/schema.org\",\"@graph\":[{\"@type\":\"Article\",\"@id\":\"https:\\\/\\\/www.esplac.cat\\\/projecte-esplais-catalans-creixent-propera-assemblea-general-ordinaria\\\/#article\",\"isPartOf\":{\"@id\":\"https:\\\/\\\/www.esplac.cat\\\/projecte-esplais-catalans-creixent-propera-assemblea-general-ordinaria\\\/\"},\"author\":{\"name\":\"Comunicaci\u00f3 Esplac\",\"@id\":\"https:\\\/\\\/www.esplac.cat\\\/#\\\/schema\\\/person\\\/908383cf240be18b68f8855d0583faca\"},\"headline\":\"El projecte d&#8217;Esplais Catalans segueix creixent a la propera Assemblea\",\"datePublished\":\"2013-11-28T12:39:45+00:00\",\"mainEntityOfPage\":{\"@id\":\"https:\\\/\\\/www.esplac.cat\\\/projecte-esplais-catalans-creixent-propera-assemblea-general-ordinaria\\\/\"},\"wordCount\":586,\"commentCount\":0,\"publisher\":{\"@id\":\"https:\\\/\\\/www.esplac.cat\\\/#organization\"},\"image\":{\"@id\":\"https:\\\/\\\/www.esplac.cat\\\/projecte-esplais-catalans-creixent-propera-assemblea-general-ordinaria\\\/#primaryimage\"},\"thumbnailUrl\":\"\",\"keywords\":[\"assemblea\",\"escola d'Esplac\",\"monifesta't\",\"revisi\u00f3 projecte educatiu\"],\"articleSection\":[\"Comunicats i posicionaments\"],\"inLanguage\":\"en-US\",\"potentialAction\":[{\"@type\":\"CommentAction\",\"name\":\"Comment\",\"target\":[\"https:\\\/\\\/www.esplac.cat\\\/projecte-esplais-catalans-creixent-propera-assemblea-general-ordinaria\\\/#respond\"]}]},{\"@type\":\"WebPage\",\"@id\":\"https:\\\/\\\/www.esplac.cat\\\/projecte-esplais-catalans-creixent-propera-assemblea-general-ordinaria\\\/\",\"url\":\"https:\\\/\\\/www.esplac.cat\\\/projecte-esplais-catalans-creixent-propera-assemblea-general-ordinaria\\\/\",\"name\":\"El projecte d'Esplais Catalans segueix creixent a la propera Assemblea - Esplac\",\"isPartOf\":{\"@id\":\"https:\\\/\\\/www.esplac.cat\\\/#website\"},\"primaryImageOfPage\":{\"@id\":\"https:\\\/\\\/www.esplac.cat\\\/projecte-esplais-catalans-creixent-propera-assemblea-general-ordinaria\\\/#primaryimage\"},\"image\":{\"@id\":\"https:\\\/\\\/www.esplac.cat\\\/projecte-esplais-catalans-creixent-propera-assemblea-general-ordinaria\\\/#primaryimage\"},\"thumbnailUrl\":\"\",\"datePublished\":\"2013-11-28T12:39:45+00:00\",\"breadcrumb\":{\"@id\":\"https:\\\/\\\/www.esplac.cat\\\/projecte-esplais-catalans-creixent-propera-assemblea-general-ordinaria\\\/#breadcrumb\"},\"inLanguage\":\"en-US\",\"potentialAction\":[{\"@type\":\"ReadAction\",\"target\":[\"https:\\\/\\\/www.esplac.cat\\\/projecte-esplais-catalans-creixent-propera-assemblea-general-ordinaria\\\/\"]}]},{\"@type\":\"ImageObject\",\"inLanguage\":\"en-US\",\"@id\":\"https:\\\/\\\/www.esplac.cat\\\/projecte-esplais-catalans-creixent-propera-assemblea-general-ordinaria\\\/#primaryimage\",\"url\":\"\",\"contentUrl\":\"\"},{\"@type\":\"BreadcrumbList\",\"@id\":\"https:\\\/\\\/www.esplac.cat\\\/projecte-esplais-catalans-creixent-propera-assemblea-general-ordinaria\\\/#breadcrumb\",\"itemListElement\":[{\"@type\":\"ListItem\",\"position\":1,\"name\":\"Inici\",\"item\":\"https:\\\/\\\/www.esplac.cat\\\/en\\\/\"},{\"@type\":\"ListItem\",\"position\":2,\"name\":\"El projecte d&#8217;Esplais Catalans segueix creixent a la propera Assemblea\"}]},{\"@type\":\"WebSite\",\"@id\":\"https:\\\/\\\/www.esplac.cat\\\/#website\",\"url\":\"https:\\\/\\\/www.esplac.cat\\\/\",\"name\":\"Esplac\",\"description\":\"Esplais Catalans\",\"publisher\":{\"@id\":\"https:\\\/\\\/www.esplac.cat\\\/#organization\"},\"potentialAction\":[{\"@type\":\"SearchAction\",\"target\":{\"@type\":\"EntryPoint\",\"urlTemplate\":\"https:\\\/\\\/www.esplac.cat\\\/?s={search_term_string}\"},\"query-input\":{\"@type\":\"PropertyValueSpecification\",\"valueRequired\":true,\"valueName\":\"search_term_string\"}}],\"inLanguage\":\"en-US\"},{\"@type\":\"Organization\",\"@id\":\"https:\\\/\\\/www.esplac.cat\\\/#organization\",\"name\":\"Esplac\",\"url\":\"https:\\\/\\\/www.esplac.cat\\\/\",\"logo\":{\"@type\":\"ImageObject\",\"inLanguage\":\"en-US\",\"@id\":\"https:\\\/\\\/www.esplac.cat\\\/#\\\/schema\\\/logo\\\/image\\\/\",\"url\":\"https:\\\/\\\/www.esplac.cat\\\/wp-content\\\/uploads\\\/2019\\\/08\\\/logox2.png\",\"contentUrl\":\"https:\\\/\\\/www.esplac.cat\\\/wp-content\\\/uploads\\\/2019\\\/08\\\/logox2.png\",\"width\":600,\"height\":295,\"caption\":\"Esplac\"},\"image\":{\"@id\":\"https:\\\/\\\/www.esplac.cat\\\/#\\\/schema\\\/logo\\\/image\\\/\"}},{\"@type\":\"Person\",\"@id\":\"https:\\\/\\\/www.esplac.cat\\\/#\\\/schema\\\/person\\\/908383cf240be18b68f8855d0583faca\",\"name\":\"Comunicaci\u00f3 Esplac\",\"image\":{\"@type\":\"ImageObject\",\"inLanguage\":\"en-US\",\"@id\":\"https:\\\/\\\/secure.gravatar.com\\\/avatar\\\/7a4cf8feb412a76ea4a740ca02d95b06b2907b5a6c648c2dd0a1082a093c3141?s=96&d=mm&r=g\",\"url\":\"https:\\\/\\\/secure.gravatar.com\\\/avatar\\\/7a4cf8feb412a76ea4a740ca02d95b06b2907b5a6c648c2dd0a1082a093c3141?s=96&d=mm&r=g\",\"contentUrl\":\"https:\\\/\\\/secure.gravatar.com\\\/avatar\\\/7a4cf8feb412a76ea4a740ca02d95b06b2907b5a6c648c2dd0a1082a093c3141?s=96&d=mm&r=g\",\"caption\":\"Comunicaci\u00f3 Esplac\"}}]}<\/script>\n<!-- \/ Yoast SEO plugin. -->","yoast_head_json":{"title":"El projecte d'Esplais Catalans segueix creixent a la propera Assemblea - Esplac","robots":{"index":"index","follow":"follow","max-snippet":"max-snippet:-1","max-image-preview":"max-image-preview:large","max-video-preview":"max-video-preview:-1"},"canonical":"https:\/\/www.esplac.cat\/projecte-esplais-catalans-creixent-propera-assemblea-general-ordinaria\/","og_locale":"en_US","og_type":"article","og_title":"El projecte d'Esplais Catalans segueix creixent a la propera Assemblea - Esplac","og_description":"A la XXXII Assemblea General Ordin\u00e0ria d&#8217;Esplais Catalans de l&#8217;1 [&hellip;]","og_url":"https:\/\/www.esplac.cat\/projecte-esplais-catalans-creixent-propera-assemblea-general-ordinaria\/","og_site_name":"Esplac","article_published_time":"2013-11-28T12:39:45+00:00","og_image":[{"width":1200,"height":630,"url":"https:\/\/www.esplac.cat\/wp-content\/uploads\/2019\/11\/logo-open.jpg","type":"image\/jpeg"}],"author":"Comunicaci\u00f3 Esplac","twitter_card":"summary_large_image","twitter_misc":{"Written by":"Comunicaci\u00f3 Esplac","Est. reading time":"3 minutes"},"schema":{"@context":"https:\/\/schema.org","@graph":[{"@type":"Article","@id":"https:\/\/www.esplac.cat\/projecte-esplais-catalans-creixent-propera-assemblea-general-ordinaria\/#article","isPartOf":{"@id":"https:\/\/www.esplac.cat\/projecte-esplais-catalans-creixent-propera-assemblea-general-ordinaria\/"},"author":{"name":"Comunicaci\u00f3 Esplac","@id":"https:\/\/www.esplac.cat\/#\/schema\/person\/908383cf240be18b68f8855d0583faca"},"headline":"El projecte d&#8217;Esplais Catalans segueix creixent a la propera Assemblea","datePublished":"2013-11-28T12:39:45+00:00","mainEntityOfPage":{"@id":"https:\/\/www.esplac.cat\/projecte-esplais-catalans-creixent-propera-assemblea-general-ordinaria\/"},"wordCount":586,"commentCount":0,"publisher":{"@id":"https:\/\/www.esplac.cat\/#organization"},"image":{"@id":"https:\/\/www.esplac.cat\/projecte-esplais-catalans-creixent-propera-assemblea-general-ordinaria\/#primaryimage"},"thumbnailUrl":"","keywords":["assemblea","escola d'Esplac","monifesta't","revisi\u00f3 projecte educatiu"],"articleSection":["Comunicats i posicionaments"],"inLanguage":"en-US","potentialAction":[{"@type":"CommentAction","name":"Comment","target":["https:\/\/www.esplac.cat\/projecte-esplais-catalans-creixent-propera-assemblea-general-ordinaria\/#respond"]}]},{"@type":"WebPage","@id":"https:\/\/www.esplac.cat\/projecte-esplais-catalans-creixent-propera-assemblea-general-ordinaria\/","url":"https:\/\/www.esplac.cat\/projecte-esplais-catalans-creixent-propera-assemblea-general-ordinaria\/","name":"El projecte d'Esplais Catalans segueix creixent a la propera Assemblea - Esplac","isPartOf":{"@id":"https:\/\/www.esplac.cat\/#website"},"primaryImageOfPage":{"@id":"https:\/\/www.esplac.cat\/projecte-esplais-catalans-creixent-propera-assemblea-general-ordinaria\/#primaryimage"},"image":{"@id":"https:\/\/www.esplac.cat\/projecte-esplais-catalans-creixent-propera-assemblea-general-ordinaria\/#primaryimage"},"thumbnailUrl":"","datePublished":"2013-11-28T12:39:45+00:00","breadcrumb":{"@id":"https:\/\/www.esplac.cat\/projecte-esplais-catalans-creixent-propera-assemblea-general-ordinaria\/#breadcrumb"},"inLanguage":"en-US","potentialAction":[{"@type":"ReadAction","target":["https:\/\/www.esplac.cat\/projecte-esplais-catalans-creixent-propera-assemblea-general-ordinaria\/"]}]},{"@type":"ImageObject","inLanguage":"en-US","@id":"https:\/\/www.esplac.cat\/projecte-esplais-catalans-creixent-propera-assemblea-general-ordinaria\/#primaryimage","url":"","contentUrl":""},{"@type":"BreadcrumbList","@id":"https:\/\/www.esplac.cat\/projecte-esplais-catalans-creixent-propera-assemblea-general-ordinaria\/#breadcrumb","itemListElement":[{"@type":"ListItem","position":1,"name":"Inici","item":"https:\/\/www.esplac.cat\/en\/"},{"@type":"ListItem","position":2,"name":"El projecte d&#8217;Esplais Catalans segueix creixent a la propera Assemblea"}]},{"@type":"WebSite","@id":"https:\/\/www.esplac.cat\/#website","url":"https:\/\/www.esplac.cat\/","name":"Esplac","description":"Esplais Catalans","publisher":{"@id":"https:\/\/www.esplac.cat\/#organization"},"potentialAction":[{"@type":"SearchAction","target":{"@type":"EntryPoint","urlTemplate":"https:\/\/www.esplac.cat\/?s={search_term_string}"},"query-input":{"@type":"PropertyValueSpecification","valueRequired":true,"valueName":"search_term_string"}}],"inLanguage":"en-US"},{"@type":"Organization","@id":"https:\/\/www.esplac.cat\/#organization","name":"Esplac","url":"https:\/\/www.esplac.cat\/","logo":{"@type":"ImageObject","inLanguage":"en-US","@id":"https:\/\/www.esplac.cat\/#\/schema\/logo\/image\/","url":"https:\/\/www.esplac.cat\/wp-content\/uploads\/2019\/08\/logox2.png","contentUrl":"https:\/\/www.esplac.cat\/wp-content\/uploads\/2019\/08\/logox2.png","width":600,"height":295,"caption":"Esplac"},"image":{"@id":"https:\/\/www.esplac.cat\/#\/schema\/logo\/image\/"}},{"@type":"Person","@id":"https:\/\/www.esplac.cat\/#\/schema\/person\/908383cf240be18b68f8855d0583faca","name":"Comunicaci\u00f3 Esplac","image":{"@type":"ImageObject","inLanguage":"en-US","@id":"https:\/\/secure.gravatar.com\/avatar\/7a4cf8feb412a76ea4a740ca02d95b06b2907b5a6c648c2dd0a1082a093c3141?s=96&d=mm&r=g","url":"https:\/\/secure.gravatar.com\/avatar\/7a4cf8feb412a76ea4a740ca02d95b06b2907b5a6c648c2dd0a1082a093c3141?s=96&d=mm&r=g","contentUrl":"https:\/\/secure.gravatar.com\/avatar\/7a4cf8feb412a76ea4a740ca02d95b06b2907b5a6c648c2dd0a1082a093c3141?s=96&d=mm&r=g","caption":"Comunicaci\u00f3 Esplac"}}]}},"_links":{"self":[{"href":"https:\/\/www.esplac.cat\/en\/wp-json\/wp\/v2\/posts\/25838","targetHints":{"allow":["GET"]}}],"collection":[{"href":"https:\/\/www.esplac.cat\/en\/wp-json\/wp\/v2\/posts"}],"about":[{"href":"https:\/\/www.esplac.cat\/en\/wp-json\/wp\/v2\/types\/post"}],"author":[{"embeddable":true,"href":"https:\/\/www.esplac.cat\/en\/wp-json\/wp\/v2\/users\/3"}],"replies":[{"embeddable":true,"href":"https:\/\/www.esplac.cat\/en\/wp-json\/wp\/v2\/comments?post=25838"}],"version-history":[{"count":0,"href":"https:\/\/www.esplac.cat\/en\/wp-json\/wp\/v2\/posts\/25838\/revisions"}],"wp:featuredmedia":[{"embeddable":true,"href":"https:\/\/www.esplac.cat\/en\/wp-json\/"}],"wp:attachment":[{"href":"https:\/\/www.esplac.cat\/en\/wp-json\/wp\/v2\/media?parent=25838"}],"wp:term":[{"taxonomy":"category","embeddable":true,"href":"https:\/\/www.esplac.cat\/en\/wp-json\/wp\/v2\/categories?post=25838"},{"taxonomy":"post_tag","embeddable":true,"href":"https:\/\/www.esplac.cat\/en\/wp-json\/wp\/v2\/tags?post=25838"}],"curies":[{"name":"wp","href":"https:\/\/api.w.org\/{rel}","templated":true}]}}