{"id":25842,"date":"2013-11-20T18:49:15","date_gmt":"2013-11-20T16:49:15","guid":{"rendered":"http:\/\/esplac.cat\/?p=4350"},"modified":"2013-11-20T18:49:15","modified_gmt":"2013-11-20T16:49:15","slug":"bona-practica-esplais-que-estan-revisant-el-seu-projecte-educatiu","status":"publish","type":"post","link":"https:\/\/www.esplac.cat\/en\/bona-practica-esplais-que-estan-revisant-el-seu-projecte-educatiu\/","title":{"rendered":"Bona pr\u00e0ctica: esplais que estan revisant el seu Projecte Educatiu"},"content":{"rendered":"<p><!--:CA--><\/p>\n<p lang=\"ca-ES\" align=\"JUSTIFY\">Tots els esplais tenim Projecte Educatiu (PE). A vegades per\u00f2, \u00e9s un document que potser hem deixat oblidat, o que ha quedat obsolet perqu\u00e8 ha passat molt de temps des que el vam fer i cal que l&#8217;actualitzem.<\/p>\n<p lang=\"ca-ES\" align=\"JUSTIFY\">El Projecte Educatiu explica la missi\u00f3, els valors i els grans objectius de l&#8217;entitat. <strong>Defineix com eduquem<\/strong> a l&#8217;esplai i \u00e9s la base que fonamenta els nostres projectes i activitats (de curs, d&#8217;estiu, extraordinaris&#8230;).<\/p>\n<p lang=\"ca-ES\" align=\"JUSTIFY\">El PE <strong>no \u00e9s un document est\u00e0tic<\/strong>, sin\u00f3 que es va redefinint amb la nostra tasca educativa. Recomanem revisar-lo cada 3-4 anys, perqu\u00e8 reflecteixi la realitat i s&#8217;adapti als nous reptes que aquesta ens plantegi. Per aquest motiu, no el podem tenir perdut a l&#8217;armari de la sala de material sin\u00f3 que l&#8217;hem de tenir a prop i mantenir-lo viu.<\/p>\n<p lang=\"ca-ES\" align=\"JUSTIFY\">Ara que estem en ple <a href=\"http:\/\/esplac.cat\/revisio-projecte-educatiu\/\">proc\u00e9s de revisi\u00f3 del projecte educatiu d&#8217;Esplac<\/a>, us presentem la bona pr\u00e0ctica d&#8217;avui, dedicada a aquells <strong>esplais que estan revisant el seu PE<\/strong>.<\/p>\n<p align=\"JUSTIFY\">L&#8217;esplai <a href=\"http:\/\/esplac.cat\/mapa\/?esplai=roquesalbes&amp;poblacio=\">Roques Albes<\/a> va demanar una c\u00e0psula formativa per la tancada d&#8217;inici de curs per adquirir m\u00e9s eines per revisar el seu ideari i fer el PE. L&#8217;equip de monitors i monitores de l&#8217;<a href=\"http:\/\/esplac.cat\/mapa\/?esplai=avia&amp;poblacio=\">esplai d&#8217;Avi\u00e0<\/a>\u00a0volen elaborar el PE i aix\u00ed tornar a definir els fonaments de l&#8217;esplai. Al <a href=\"http:\/\/esplac.cat\/mapa\/?esplai=puigcastellar&amp;poblacio=\">Puigcastellar<\/a> s&#8217;han repartit parts del document i ara toca compartir-les a trav\u00e9s d&#8217;un assessorament que els ajudi a tancar el proc\u00e9s. L&#8217;<a href=\"http:\/\/esplac.cat\/mapa\/?esplai=bitxus&amp;poblacio=\">esplai Bitxus<\/a>\u00a0est\u00e0 treballant per redactar el projecte educatiu de l&#8217;espai de forma participativa amb els infants i fam\u00edlies. Tant <a href=\"http:\/\/esplac.cat\/mapa\/?esplai=lafera&amp;poblacio=\">la Fera<\/a>, el <a href=\"http:\/\/esplac.cat\/mapa\/?esplai=sarau&amp;poblacio=\">Sarau<\/a> i <a href=\"http:\/\/esplac.cat\/mapa\/?esplai=elboto&amp;poblacio=\">el Bot\u00f3<\/a> s&#8217;han proposat l&#8217;objectiu d&#8217;escriure el seu PE aquest curs. L&#8217;<a href=\"http:\/\/esplac.cat\/mapa\/?esplai=isardflordeneu&amp;poblacio=\">Isard Flor de Neu<\/a>, a m\u00e9s a m\u00e9s, el vol revisar per incloure una nova visi\u00f3 de l&#8217;esplai vers la societat, donant m\u00e9s protagonisme a l&#8217;educaci\u00f3 en valors i a la transformaci\u00f3 social.<\/p>\n<p align=\"JUSTIFY\">Com veieu, cadasc\u00fa t\u00e9 una manera pr\u00f2pia de fer viva l&#8217;elaboraci\u00f3 i la revisi\u00f3 del Projecte Educatiu. Us proposem algunes <strong>eines<\/strong> que us poden ser d&#8217;utilitat: podeu demanar una c\u00e0psula formativa que us aporti eines i\/o un assessorament per acompanyar-vos en el proc\u00e9s. Al <a href=\"http:\/\/esplac.cat\/banc-recursos\/\">Banc de Recursos<\/a> tamb\u00e9 trobareu documents i refer\u00e8ncies bibliogr\u00e0fiques que us poden orientar.<\/p>\n<p lang=\"ca-ES\" align=\"JUSTIFY\">Si esteu revisant o replantejant el vostre Projecte Educatiu de l&#8217;esplai, no dubteu en explicar-ho a l&#8217;Equip General de Sector i al vostre coordinador\/a de projectes del Sector, de ben segur que us podran donar un cop de m\u00e0! I si encara no ho heu fet, us animem a comen\u00e7ar!<\/p>\n<p><!--:--><!--:es-->&nbsp;<\/p>\n<p><!--:--><!--:en-->&nbsp;<\/p>\n<p><!--:--><!--:fr-->&nbsp;<\/p>\n<p><!--:--><\/p>\n","protected":false},"excerpt":{"rendered":"<p>Tots els esplais tenim Projecte Educatiu (PE). A vegades per\u00f2, [&hellip;]<\/p>\n","protected":false},"author":3,"featured_media":25604,"comment_status":"open","ping_status":"open","sticky":false,"template":"","format":"standard","meta":{"om_disable_all_campaigns":false,"_monsterinsights_skip_tracking":false,"_monsterinsights_sitenote_active":false,"_monsterinsights_sitenote_note":"","_monsterinsights_sitenote_category":0,"_uf_show_specific_survey":0,"_uf_disable_surveys":false,"footnotes":""},"categories":[1121],"tags":[67,50],"class_list":["post-25842","post","type-post","status-publish","format-standard","has-post-thumbnail","hentry","category-bones-practiques-2","tag-bones-practiques","tag-projecte-educatiu"],"yoast_head":"<!-- This site is optimized with the Yoast SEO plugin v27.4 - https:\/\/yoast.com\/product\/yoast-seo-wordpress\/ -->\n<title>Bona pr\u00e0ctica: esplais que estan revisant el seu Projecte Educatiu - Esplac<\/title>\n<meta name=\"robots\" content=\"index, follow, max-snippet:-1, max-image-preview:large, max-video-preview:-1\" \/>\n<link rel=\"canonical\" href=\"https:\/\/www.esplac.cat\/bona-practica-esplais-que-estan-revisant-el-seu-projecte-educatiu\/\" \/>\n<meta property=\"og:locale\" content=\"en_US\" \/>\n<meta property=\"og:type\" content=\"article\" \/>\n<meta property=\"og:title\" content=\"Bona pr\u00e0ctica: esplais que estan revisant el seu Projecte Educatiu - Esplac\" \/>\n<meta property=\"og:description\" content=\"Tots els esplais tenim Projecte Educatiu (PE). A vegades per\u00f2, [&hellip;]\" \/>\n<meta property=\"og:url\" content=\"https:\/\/www.esplac.cat\/bona-practica-esplais-que-estan-revisant-el-seu-projecte-educatiu\/\" \/>\n<meta property=\"og:site_name\" content=\"Esplac\" \/>\n<meta property=\"article:published_time\" content=\"2013-11-20T16:49:15+00:00\" \/>\n<meta property=\"og:image\" content=\"https:\/\/www.esplac.cat\/wp-content\/uploads\/2013\/02\/DSC08123-1024x575.jpg\" \/>\n\t<meta property=\"og:image:width\" content=\"1024\" \/>\n\t<meta property=\"og:image:height\" content=\"575\" \/>\n\t<meta property=\"og:image:type\" content=\"image\/jpeg\" \/>\n<meta name=\"author\" content=\"Comunicaci\u00f3 Esplac\" \/>\n<meta name=\"twitter:card\" content=\"summary_large_image\" \/>\n<meta name=\"twitter:label1\" content=\"Written by\" \/>\n\t<meta name=\"twitter:data1\" content=\"Comunicaci\u00f3 Esplac\" \/>\n\t<meta name=\"twitter:label2\" content=\"Est. reading time\" \/>\n\t<meta name=\"twitter:data2\" content=\"2 minutes\" \/>\n<script type=\"application\/ld+json\" class=\"yoast-schema-graph\">{\"@context\":\"https:\\\/\\\/schema.org\",\"@graph\":[{\"@type\":\"Article\",\"@id\":\"https:\\\/\\\/www.esplac.cat\\\/bona-practica-esplais-que-estan-revisant-el-seu-projecte-educatiu\\\/#article\",\"isPartOf\":{\"@id\":\"https:\\\/\\\/www.esplac.cat\\\/bona-practica-esplais-que-estan-revisant-el-seu-projecte-educatiu\\\/\"},\"author\":{\"name\":\"Comunicaci\u00f3 Esplac\",\"@id\":\"https:\\\/\\\/www.esplac.cat\\\/#\\\/schema\\\/person\\\/908383cf240be18b68f8855d0583faca\"},\"headline\":\"Bona pr\u00e0ctica: esplais que estan revisant el seu Projecte Educatiu\",\"datePublished\":\"2013-11-20T16:49:15+00:00\",\"mainEntityOfPage\":{\"@id\":\"https:\\\/\\\/www.esplac.cat\\\/bona-practica-esplais-que-estan-revisant-el-seu-projecte-educatiu\\\/\"},\"wordCount\":468,\"commentCount\":0,\"publisher\":{\"@id\":\"https:\\\/\\\/www.esplac.cat\\\/#organization\"},\"image\":{\"@id\":\"https:\\\/\\\/www.esplac.cat\\\/bona-practica-esplais-que-estan-revisant-el-seu-projecte-educatiu\\\/#primaryimage\"},\"thumbnailUrl\":\"https:\\\/\\\/www.esplac.cat\\\/wp-content\\\/uploads\\\/2013\\\/02\\\/DSC08123.jpg\",\"keywords\":[\"bones pr\u00e0ctiques\",\"projecte educatiu\"],\"articleSection\":[\"Bones pr\u00e0ctiques\"],\"inLanguage\":\"en-US\",\"potentialAction\":[{\"@type\":\"CommentAction\",\"name\":\"Comment\",\"target\":[\"https:\\\/\\\/www.esplac.cat\\\/bona-practica-esplais-que-estan-revisant-el-seu-projecte-educatiu\\\/#respond\"]}]},{\"@type\":\"WebPage\",\"@id\":\"https:\\\/\\\/www.esplac.cat\\\/bona-practica-esplais-que-estan-revisant-el-seu-projecte-educatiu\\\/\",\"url\":\"https:\\\/\\\/www.esplac.cat\\\/bona-practica-esplais-que-estan-revisant-el-seu-projecte-educatiu\\\/\",\"name\":\"Bona pr\u00e0ctica: esplais que estan revisant el seu Projecte Educatiu - Esplac\",\"isPartOf\":{\"@id\":\"https:\\\/\\\/www.esplac.cat\\\/#website\"},\"primaryImageOfPage\":{\"@id\":\"https:\\\/\\\/www.esplac.cat\\\/bona-practica-esplais-que-estan-revisant-el-seu-projecte-educatiu\\\/#primaryimage\"},\"image\":{\"@id\":\"https:\\\/\\\/www.esplac.cat\\\/bona-practica-esplais-que-estan-revisant-el-seu-projecte-educatiu\\\/#primaryimage\"},\"thumbnailUrl\":\"https:\\\/\\\/www.esplac.cat\\\/wp-content\\\/uploads\\\/2013\\\/02\\\/DSC08123.jpg\",\"datePublished\":\"2013-11-20T16:49:15+00:00\",\"breadcrumb\":{\"@id\":\"https:\\\/\\\/www.esplac.cat\\\/bona-practica-esplais-que-estan-revisant-el-seu-projecte-educatiu\\\/#breadcrumb\"},\"inLanguage\":\"en-US\",\"potentialAction\":[{\"@type\":\"ReadAction\",\"target\":[\"https:\\\/\\\/www.esplac.cat\\\/bona-practica-esplais-que-estan-revisant-el-seu-projecte-educatiu\\\/\"]}]},{\"@type\":\"ImageObject\",\"inLanguage\":\"en-US\",\"@id\":\"https:\\\/\\\/www.esplac.cat\\\/bona-practica-esplais-que-estan-revisant-el-seu-projecte-educatiu\\\/#primaryimage\",\"url\":\"https:\\\/\\\/www.esplac.cat\\\/wp-content\\\/uploads\\\/2013\\\/02\\\/DSC08123.jpg\",\"contentUrl\":\"https:\\\/\\\/www.esplac.cat\\\/wp-content\\\/uploads\\\/2013\\\/02\\\/DSC08123.jpg\",\"width\":3872,\"height\":2176},{\"@type\":\"BreadcrumbList\",\"@id\":\"https:\\\/\\\/www.esplac.cat\\\/bona-practica-esplais-que-estan-revisant-el-seu-projecte-educatiu\\\/#breadcrumb\",\"itemListElement\":[{\"@type\":\"ListItem\",\"position\":1,\"name\":\"Inici\",\"item\":\"https:\\\/\\\/www.esplac.cat\\\/en\\\/\"},{\"@type\":\"ListItem\",\"position\":2,\"name\":\"Bona pr\u00e0ctica: esplais que estan revisant el seu Projecte Educatiu\"}]},{\"@type\":\"WebSite\",\"@id\":\"https:\\\/\\\/www.esplac.cat\\\/#website\",\"url\":\"https:\\\/\\\/www.esplac.cat\\\/\",\"name\":\"Esplac\",\"description\":\"Esplais Catalans\",\"publisher\":{\"@id\":\"https:\\\/\\\/www.esplac.cat\\\/#organization\"},\"potentialAction\":[{\"@type\":\"SearchAction\",\"target\":{\"@type\":\"EntryPoint\",\"urlTemplate\":\"https:\\\/\\\/www.esplac.cat\\\/?s={search_term_string}\"},\"query-input\":{\"@type\":\"PropertyValueSpecification\",\"valueRequired\":true,\"valueName\":\"search_term_string\"}}],\"inLanguage\":\"en-US\"},{\"@type\":\"Organization\",\"@id\":\"https:\\\/\\\/www.esplac.cat\\\/#organization\",\"name\":\"Esplac\",\"url\":\"https:\\\/\\\/www.esplac.cat\\\/\",\"logo\":{\"@type\":\"ImageObject\",\"inLanguage\":\"en-US\",\"@id\":\"https:\\\/\\\/www.esplac.cat\\\/#\\\/schema\\\/logo\\\/image\\\/\",\"url\":\"https:\\\/\\\/www.esplac.cat\\\/wp-content\\\/uploads\\\/2019\\\/08\\\/logox2.png\",\"contentUrl\":\"https:\\\/\\\/www.esplac.cat\\\/wp-content\\\/uploads\\\/2019\\\/08\\\/logox2.png\",\"width\":600,\"height\":295,\"caption\":\"Esplac\"},\"image\":{\"@id\":\"https:\\\/\\\/www.esplac.cat\\\/#\\\/schema\\\/logo\\\/image\\\/\"}},{\"@type\":\"Person\",\"@id\":\"https:\\\/\\\/www.esplac.cat\\\/#\\\/schema\\\/person\\\/908383cf240be18b68f8855d0583faca\",\"name\":\"Comunicaci\u00f3 Esplac\",\"image\":{\"@type\":\"ImageObject\",\"inLanguage\":\"en-US\",\"@id\":\"https:\\\/\\\/secure.gravatar.com\\\/avatar\\\/7a4cf8feb412a76ea4a740ca02d95b06b2907b5a6c648c2dd0a1082a093c3141?s=96&d=mm&r=g\",\"url\":\"https:\\\/\\\/secure.gravatar.com\\\/avatar\\\/7a4cf8feb412a76ea4a740ca02d95b06b2907b5a6c648c2dd0a1082a093c3141?s=96&d=mm&r=g\",\"contentUrl\":\"https:\\\/\\\/secure.gravatar.com\\\/avatar\\\/7a4cf8feb412a76ea4a740ca02d95b06b2907b5a6c648c2dd0a1082a093c3141?s=96&d=mm&r=g\",\"caption\":\"Comunicaci\u00f3 Esplac\"}}]}<\/script>\n<!-- \/ Yoast SEO plugin. -->","yoast_head_json":{"title":"Bona pr\u00e0ctica: esplais que estan revisant el seu Projecte Educatiu - Esplac","robots":{"index":"index","follow":"follow","max-snippet":"max-snippet:-1","max-image-preview":"max-image-preview:large","max-video-preview":"max-video-preview:-1"},"canonical":"https:\/\/www.esplac.cat\/bona-practica-esplais-que-estan-revisant-el-seu-projecte-educatiu\/","og_locale":"en_US","og_type":"article","og_title":"Bona pr\u00e0ctica: esplais que estan revisant el seu Projecte Educatiu - Esplac","og_description":"Tots els esplais tenim Projecte Educatiu (PE). A vegades per\u00f2, [&hellip;]","og_url":"https:\/\/www.esplac.cat\/bona-practica-esplais-que-estan-revisant-el-seu-projecte-educatiu\/","og_site_name":"Esplac","article_published_time":"2013-11-20T16:49:15+00:00","og_image":[{"width":1024,"height":575,"url":"https:\/\/www.esplac.cat\/wp-content\/uploads\/2013\/02\/DSC08123-1024x575.jpg","type":"image\/jpeg"}],"author":"Comunicaci\u00f3 Esplac","twitter_card":"summary_large_image","twitter_misc":{"Written by":"Comunicaci\u00f3 Esplac","Est. reading time":"2 minutes"},"schema":{"@context":"https:\/\/schema.org","@graph":[{"@type":"Article","@id":"https:\/\/www.esplac.cat\/bona-practica-esplais-que-estan-revisant-el-seu-projecte-educatiu\/#article","isPartOf":{"@id":"https:\/\/www.esplac.cat\/bona-practica-esplais-que-estan-revisant-el-seu-projecte-educatiu\/"},"author":{"name":"Comunicaci\u00f3 Esplac","@id":"https:\/\/www.esplac.cat\/#\/schema\/person\/908383cf240be18b68f8855d0583faca"},"headline":"Bona pr\u00e0ctica: esplais que estan revisant el seu Projecte Educatiu","datePublished":"2013-11-20T16:49:15+00:00","mainEntityOfPage":{"@id":"https:\/\/www.esplac.cat\/bona-practica-esplais-que-estan-revisant-el-seu-projecte-educatiu\/"},"wordCount":468,"commentCount":0,"publisher":{"@id":"https:\/\/www.esplac.cat\/#organization"},"image":{"@id":"https:\/\/www.esplac.cat\/bona-practica-esplais-que-estan-revisant-el-seu-projecte-educatiu\/#primaryimage"},"thumbnailUrl":"https:\/\/www.esplac.cat\/wp-content\/uploads\/2013\/02\/DSC08123.jpg","keywords":["bones pr\u00e0ctiques","projecte educatiu"],"articleSection":["Bones pr\u00e0ctiques"],"inLanguage":"en-US","potentialAction":[{"@type":"CommentAction","name":"Comment","target":["https:\/\/www.esplac.cat\/bona-practica-esplais-que-estan-revisant-el-seu-projecte-educatiu\/#respond"]}]},{"@type":"WebPage","@id":"https:\/\/www.esplac.cat\/bona-practica-esplais-que-estan-revisant-el-seu-projecte-educatiu\/","url":"https:\/\/www.esplac.cat\/bona-practica-esplais-que-estan-revisant-el-seu-projecte-educatiu\/","name":"Bona pr\u00e0ctica: esplais que estan revisant el seu Projecte Educatiu - Esplac","isPartOf":{"@id":"https:\/\/www.esplac.cat\/#website"},"primaryImageOfPage":{"@id":"https:\/\/www.esplac.cat\/bona-practica-esplais-que-estan-revisant-el-seu-projecte-educatiu\/#primaryimage"},"image":{"@id":"https:\/\/www.esplac.cat\/bona-practica-esplais-que-estan-revisant-el-seu-projecte-educatiu\/#primaryimage"},"thumbnailUrl":"https:\/\/www.esplac.cat\/wp-content\/uploads\/2013\/02\/DSC08123.jpg","datePublished":"2013-11-20T16:49:15+00:00","breadcrumb":{"@id":"https:\/\/www.esplac.cat\/bona-practica-esplais-que-estan-revisant-el-seu-projecte-educatiu\/#breadcrumb"},"inLanguage":"en-US","potentialAction":[{"@type":"ReadAction","target":["https:\/\/www.esplac.cat\/bona-practica-esplais-que-estan-revisant-el-seu-projecte-educatiu\/"]}]},{"@type":"ImageObject","inLanguage":"en-US","@id":"https:\/\/www.esplac.cat\/bona-practica-esplais-que-estan-revisant-el-seu-projecte-educatiu\/#primaryimage","url":"https:\/\/www.esplac.cat\/wp-content\/uploads\/2013\/02\/DSC08123.jpg","contentUrl":"https:\/\/www.esplac.cat\/wp-content\/uploads\/2013\/02\/DSC08123.jpg","width":3872,"height":2176},{"@type":"BreadcrumbList","@id":"https:\/\/www.esplac.cat\/bona-practica-esplais-que-estan-revisant-el-seu-projecte-educatiu\/#breadcrumb","itemListElement":[{"@type":"ListItem","position":1,"name":"Inici","item":"https:\/\/www.esplac.cat\/en\/"},{"@type":"ListItem","position":2,"name":"Bona pr\u00e0ctica: esplais que estan revisant el seu Projecte Educatiu"}]},{"@type":"WebSite","@id":"https:\/\/www.esplac.cat\/#website","url":"https:\/\/www.esplac.cat\/","name":"Esplac","description":"Esplais Catalans","publisher":{"@id":"https:\/\/www.esplac.cat\/#organization"},"potentialAction":[{"@type":"SearchAction","target":{"@type":"EntryPoint","urlTemplate":"https:\/\/www.esplac.cat\/?s={search_term_string}"},"query-input":{"@type":"PropertyValueSpecification","valueRequired":true,"valueName":"search_term_string"}}],"inLanguage":"en-US"},{"@type":"Organization","@id":"https:\/\/www.esplac.cat\/#organization","name":"Esplac","url":"https:\/\/www.esplac.cat\/","logo":{"@type":"ImageObject","inLanguage":"en-US","@id":"https:\/\/www.esplac.cat\/#\/schema\/logo\/image\/","url":"https:\/\/www.esplac.cat\/wp-content\/uploads\/2019\/08\/logox2.png","contentUrl":"https:\/\/www.esplac.cat\/wp-content\/uploads\/2019\/08\/logox2.png","width":600,"height":295,"caption":"Esplac"},"image":{"@id":"https:\/\/www.esplac.cat\/#\/schema\/logo\/image\/"}},{"@type":"Person","@id":"https:\/\/www.esplac.cat\/#\/schema\/person\/908383cf240be18b68f8855d0583faca","name":"Comunicaci\u00f3 Esplac","image":{"@type":"ImageObject","inLanguage":"en-US","@id":"https:\/\/secure.gravatar.com\/avatar\/7a4cf8feb412a76ea4a740ca02d95b06b2907b5a6c648c2dd0a1082a093c3141?s=96&d=mm&r=g","url":"https:\/\/secure.gravatar.com\/avatar\/7a4cf8feb412a76ea4a740ca02d95b06b2907b5a6c648c2dd0a1082a093c3141?s=96&d=mm&r=g","contentUrl":"https:\/\/secure.gravatar.com\/avatar\/7a4cf8feb412a76ea4a740ca02d95b06b2907b5a6c648c2dd0a1082a093c3141?s=96&d=mm&r=g","caption":"Comunicaci\u00f3 Esplac"}}]}},"_links":{"self":[{"href":"https:\/\/www.esplac.cat\/en\/wp-json\/wp\/v2\/posts\/25842","targetHints":{"allow":["GET"]}}],"collection":[{"href":"https:\/\/www.esplac.cat\/en\/wp-json\/wp\/v2\/posts"}],"about":[{"href":"https:\/\/www.esplac.cat\/en\/wp-json\/wp\/v2\/types\/post"}],"author":[{"embeddable":true,"href":"https:\/\/www.esplac.cat\/en\/wp-json\/wp\/v2\/users\/3"}],"replies":[{"embeddable":true,"href":"https:\/\/www.esplac.cat\/en\/wp-json\/wp\/v2\/comments?post=25842"}],"version-history":[{"count":0,"href":"https:\/\/www.esplac.cat\/en\/wp-json\/wp\/v2\/posts\/25842\/revisions"}],"wp:featuredmedia":[{"embeddable":true,"href":"https:\/\/www.esplac.cat\/en\/wp-json\/wp\/v2\/media\/25604"}],"wp:attachment":[{"href":"https:\/\/www.esplac.cat\/en\/wp-json\/wp\/v2\/media?parent=25842"}],"wp:term":[{"taxonomy":"category","embeddable":true,"href":"https:\/\/www.esplac.cat\/en\/wp-json\/wp\/v2\/categories?post=25842"},{"taxonomy":"post_tag","embeddable":true,"href":"https:\/\/www.esplac.cat\/en\/wp-json\/wp\/v2\/tags?post=25842"}],"curies":[{"name":"wp","href":"https:\/\/api.w.org\/{rel}","templated":true}]}}