{"id":25850,"date":"2013-11-14T12:17:46","date_gmt":"2013-11-14T10:17:46","guid":{"rendered":"http:\/\/esplac.cat\/?p=4244"},"modified":"2019-11-14T13:38:41","modified_gmt":"2019-11-14T11:38:41","slug":"esplais-catalans-celebren-els-drets-dels-infants","status":"publish","type":"post","link":"https:\/\/www.esplac.cat\/en\/esplais-catalans-celebren-els-drets-dels-infants\/","title":{"rendered":"Els Esplais Catalans celebren els Drets dels Infants"},"content":{"rendered":"<p><!--:CA--><\/p>\n<p style=\"text-align: left;\" align=\"JUSTIFY\">Un any mes torna la<strong> Diada Internacional dels Drets dels Infants<\/strong>, jornada que des dels diferents sectors geogr\u00e0fics d&#8217;Esplac celebrem amb una gran activitat plena d&#8217;infants, drets i reivindicaci\u00f3. Aix\u00ed, com cada any, els esplais organitzen activitats de treball i sensibilitzaci\u00f3 sobre els drets dels infants per als infants dels esplais i per la ciutadania en general, conjuntament amb els esplais del sector del que formen part.<\/p>\n<p style=\"text-align: left;\" align=\"JUSTIFY\">Enguany<strong> 7 sectors<\/strong> mantenen viva aquesta festa: \u00a0<strong>Bages-Bergued\u00e0,\u00a0<\/strong><strong>Baix Llobregat<\/strong>,<strong>\u00a0<\/strong><strong>Barcelon\u00e8s Nord<\/strong>, <strong>Camp de Tarragona<\/strong>,\u00a0<strong>Osona-Ripoll\u00e8s<\/strong>,\u00a0<strong>Pened\u00e8s-Garraf<\/strong> i <strong>Vall\u00e8s<\/strong>. En la majoria dels sectors, les activitats s&#8217;han organitzat per donar cabuda tamb\u00e9 a infants que no van a l\u2019esplai per\u00f2 que volen sumar-se a la reivindicaci\u00f3 i aprenentatge dels drets, aix\u00ed com per als adults que els acompanyin. D&#8217;aquesta manera, els esplais sortim al carrer i acollim a la societat, incloent-la en la nostra tradici\u00f3 educativa i els nostres valors.<\/p>\n<p style=\"text-align: left;\" align=\"JUSTIFY\">I a Barcelona no podia faltar la ja consolidada \u201c<strong>Festa de la Inf\u00e0ncia<\/strong>\u201d, que per quart any consecutiu organitza <a href=\"http:\/\/www.xarxadretsinfants.cat\/p\/que-es-el-banc.html\">la Xarxa dels Drets dels Infants de Barcelona<\/a>, de la qual Esplac en formem part.<\/p>\n<p style=\"text-align: left;\" align=\"JUSTIFY\">Gaireb\u00e9 totes les activitats es duran a terme el dissabte <strong>16 de novembre<\/strong> amb programacions variades, excepte al sector Osona-Ripoll\u00e8s i Pened\u00e8s-Garraf que es celebrar\u00e0 el dissabte <strong>23 de novembre<\/strong>.<\/p>\n<p>Bages-Bergued\u00e0 <\/p>\n<p><strong>Data i Lloc:<\/strong> 16 de novembre, Aviny\u00f3<\/p>\n<p><strong>Programaci\u00f3:<\/strong><br \/>\n11:00h Arribada i esmorzar<br \/>\n11:30h Gimcana sobre els DDII.<br \/>\n14:30h Dinar<br \/>\n16:00h Grups petits i mitjans: Grans Jocs i animaci\u00f3 infantil<br \/>\n16:00h Grups grans: cursa d&#8217;orientaci\u00f3 i grans Jocs<br \/>\n17.30h Xocolatada<br \/>\n19:00h Fi de l&#8217;activitat<\/p>\n<p>Baix Llobregat <\/p>\n<p><strong>Data i Lloc:<\/strong> 16 de novembre, Parc de la Muntanyeta,\u00a0Sant Boi de Llobregat.<\/p>\n<p><strong>Programaci\u00f3:<br \/>\n<\/strong>10.00h Benvinguda a l\u2019Ajuntament<br \/>\n10.30h Inici Cercavila pels carrers de la vila<br \/>\n11.30h Benvinguda al Parc de la Muntanyeta<br \/>\n12.00h Inici Activitats per grups<br \/>\n14.00h Dinar + Temps lliure<br \/>\n16.00h Manifest<br \/>\n16.30h Espectacle infantil amb el grup d&#8217;animaci\u00f3 Ambaukatun\u00e0via<br \/>\n17.30h Berenar<br \/>\n18.00h Cloenda\u00a0<\/p>\n<p>Barcelon\u00e8s Nord <\/p>\n<p><strong>Data i Lloc:<\/strong> 16 de novembre, Parc de Can Solei, Badalona<\/p>\n<p><strong>Programaci\u00f3:<br \/>\n<\/strong>16:30h Inici de l&#8217;activitat \u201cUn tren anomenat Rail\u201d<br \/>\n18:00h Fi activitat i berenar\u00a0<\/p>\n<p>Camp de Tarragona <\/p>\n<p><strong>Data i Lloc:<\/strong> 16 de novembre, Pla\u00e7a del teatre i Pla\u00e7a Baluard, Reus<\/p>\n<p><strong>Programaci\u00f3:<br \/>\n<\/strong>11:00h Arribada i esmorzar dels participants.<br \/>\n12:00h Activitat central<br \/>\n14:30h Dinar i posteriorment cloenda i jocs gegants<br \/>\n16:15h Fi de la cloenda per poder marxar immediatament al tren<\/p>\n<p>Osona-Ripoll\u00e8s <\/p>\n<p><strong>Data i Lloc:<\/strong> 23 de novembre, Vic.<\/p>\n<p><strong>Programaci\u00f3:<br \/>\n<\/strong>9:30h Arribada<br \/>\n10:00h Jocs de coneixen\u00e7a al parc de la Triad\u00fa<br \/>\n12:00h Joc lliure<br \/>\n13:30h Dinar de casa<br \/>\n15:00h Gimcana sobre els DDII pel casc antic i la pla\u00e7a major<br \/>\n17:00h Fi de l&#8217;activitat<\/p>\n<p>Pened\u00e8s-Garraf <\/p>\n<p><strong>Data i Lloc:<\/strong>\u00a023 de novembre, El Vendrell.<\/p>\n<p><strong>Programaci\u00f3:<\/strong><\/p>\n<p><strong><\/strong>10:00h Arribada de tots els esplais al Vendrell (a l\u2019esplai Zig-Zag)<\/p>\n<p>10:15 \u2013 10:30h Esmorzar<\/p>\n<p>10:15 \u2013 12:30h Activitats per grups d\u2019edat<\/p>\n<p>12:45h Ens reunim per a la manifestaci\u00f3<\/p>\n<p>12:55 \u2013 13:30h Manifestaci\u00f3 pel centre de la ciutat del Vendrell<\/p>\n<p>13:30 \u2013 13:45h Lectura del manifest<\/p>\n<p>14:00 \u2013 15:00h DINAR<\/p>\n<p>15:10 \u2013 15:35h Tancament i conclusi\u00f3 de les activitats de la diada (per grups d\u2019edat)<\/p>\n<p>15:35 \u2013 15:50h Petita posada en com\u00fa del que han fet tots els grups.<\/p>\n<p>16:00 \u2013 18:00h Espactacle d\u2019animaci\u00f3 Infantil<\/p>\n<p>17:00h BERENAR<\/p>\n<p>18:15h comiat dels esplais que tornen a casa seva.<\/p>\n<p>Vall\u00e8s <\/p>\n<p><strong>Data i Lloc:<\/strong> 16 de novembre, Rub\u00ed.<\/p>\n<p><strong>Programaci\u00f3:<br \/>\n<\/strong><\/p>\n<p>10:00h Benvinguda al pati del col\u00b7legi Pau Casals (c.Sant Pere 42)<\/p>\n<p>11:00h Activitats per colles<\/p>\n<p>14:00h Dinar infantil<\/p>\n<p>16:00h Gran gimcana dels drets dels infants per Rub\u00ed<\/p>\n<p>18:00h Xocolatada i fi diada<\/p>\n<p><strong>\u00a0<\/strong><\/p>\n<p><!--:--><!--:es-->&nbsp;<\/p>\n<p><!--:--><!--:en-->&nbsp;<\/p>\n<p><!--:--><!--:fr-->&nbsp;<\/p>\n<p><!--:--><\/p>\n","protected":false},"excerpt":{"rendered":"<p>Un any mes torna la Diada Internacional dels Drets dels [&hellip;]<\/p>\n","protected":false},"author":3,"featured_media":25604,"comment_status":"open","ping_status":"open","sticky":false,"template":"","format":"standard","meta":{"om_disable_all_campaigns":false,"_monsterinsights_skip_tracking":false,"_monsterinsights_sitenote_active":false,"_monsterinsights_sitenote_note":"","_monsterinsights_sitenote_category":0,"_uf_show_specific_survey":0,"_uf_disable_surveys":false,"footnotes":""},"categories":[1110,1167],"tags":[45,118,114,146,120,116,106,122],"class_list":["post-25850","post","type-post","status-publish","format-standard","has-post-thumbnail","hentry","category-activitats-sectors","category-infancia","tag-drets-dels-infants","tag-sector-bages-bergueda","tag-sector-baix-llobregat","tag-sector-barcelones-nord","tag-sector-camp-de-tarragona","tag-sector-osona-ripolles","tag-sector-penedes-garraf","tag-sector-valles"],"yoast_head":"<!-- This site is optimized with the Yoast SEO plugin v27.4 - https:\/\/yoast.com\/product\/yoast-seo-wordpress\/ -->\n<title>Els Esplais Catalans celebren els Drets dels Infants - Esplac<\/title>\n<meta name=\"robots\" content=\"index, follow, max-snippet:-1, max-image-preview:large, max-video-preview:-1\" \/>\n<link rel=\"canonical\" href=\"https:\/\/www.esplac.cat\/esplais-catalans-celebren-els-drets-dels-infants\/\" \/>\n<meta property=\"og:locale\" content=\"en_US\" \/>\n<meta property=\"og:type\" content=\"article\" \/>\n<meta property=\"og:title\" content=\"Els Esplais Catalans celebren els Drets dels Infants - Esplac\" \/>\n<meta property=\"og:description\" content=\"Un any mes torna la Diada Internacional dels Drets dels [&hellip;]\" \/>\n<meta property=\"og:url\" content=\"https:\/\/www.esplac.cat\/esplais-catalans-celebren-els-drets-dels-infants\/\" \/>\n<meta property=\"og:site_name\" content=\"Esplac\" \/>\n<meta property=\"article:published_time\" content=\"2013-11-14T10:17:46+00:00\" \/>\n<meta property=\"article:modified_time\" content=\"2019-11-14T11:38:41+00:00\" \/>\n<meta property=\"og:image\" content=\"https:\/\/www.esplac.cat\/wp-content\/uploads\/2013\/02\/DSC08123-1024x575.jpg\" \/>\n\t<meta property=\"og:image:width\" content=\"1024\" \/>\n\t<meta property=\"og:image:height\" content=\"575\" \/>\n\t<meta property=\"og:image:type\" content=\"image\/jpeg\" \/>\n<meta name=\"author\" content=\"Comunicaci\u00f3 Esplac\" \/>\n<meta name=\"twitter:card\" content=\"summary_large_image\" \/>\n<meta name=\"twitter:label1\" content=\"Written by\" \/>\n\t<meta name=\"twitter:data1\" content=\"Comunicaci\u00f3 Esplac\" \/>\n\t<meta name=\"twitter:label2\" content=\"Est. reading time\" \/>\n\t<meta name=\"twitter:data2\" content=\"3 minutes\" \/>\n<script type=\"application\/ld+json\" class=\"yoast-schema-graph\">{\"@context\":\"https:\\\/\\\/schema.org\",\"@graph\":[{\"@type\":\"Article\",\"@id\":\"https:\\\/\\\/www.esplac.cat\\\/esplais-catalans-celebren-els-drets-dels-infants\\\/#article\",\"isPartOf\":{\"@id\":\"https:\\\/\\\/www.esplac.cat\\\/esplais-catalans-celebren-els-drets-dels-infants\\\/\"},\"author\":{\"name\":\"Comunicaci\u00f3 Esplac\",\"@id\":\"https:\\\/\\\/www.esplac.cat\\\/#\\\/schema\\\/person\\\/908383cf240be18b68f8855d0583faca\"},\"headline\":\"Els Esplais Catalans celebren els Drets dels Infants\",\"datePublished\":\"2013-11-14T10:17:46+00:00\",\"dateModified\":\"2019-11-14T11:38:41+00:00\",\"mainEntityOfPage\":{\"@id\":\"https:\\\/\\\/www.esplac.cat\\\/esplais-catalans-celebren-els-drets-dels-infants\\\/\"},\"wordCount\":626,\"commentCount\":0,\"publisher\":{\"@id\":\"https:\\\/\\\/www.esplac.cat\\\/#organization\"},\"image\":{\"@id\":\"https:\\\/\\\/www.esplac.cat\\\/esplais-catalans-celebren-els-drets-dels-infants\\\/#primaryimage\"},\"thumbnailUrl\":\"https:\\\/\\\/www.esplac.cat\\\/wp-content\\\/uploads\\\/2013\\\/02\\\/DSC08123.jpg\",\"keywords\":[\"drets dels infants\",\"Sector Bages-Bergued\u00e0\",\"sector Baix Llobregat\",\"sector Barcelon\u00e8s Nord\",\"sector Camp de Tarragona\",\"sector Osona-Ripoll\u00e8s\",\"Sector Pened\u00e8s-Garraf\",\"sector Vall\u00e8s\"],\"articleSection\":[\"Activitats sectors\",\"Inf\u00e0ncia i Esplaiada\"],\"inLanguage\":\"en-US\",\"potentialAction\":[{\"@type\":\"CommentAction\",\"name\":\"Comment\",\"target\":[\"https:\\\/\\\/www.esplac.cat\\\/esplais-catalans-celebren-els-drets-dels-infants\\\/#respond\"]}]},{\"@type\":\"WebPage\",\"@id\":\"https:\\\/\\\/www.esplac.cat\\\/esplais-catalans-celebren-els-drets-dels-infants\\\/\",\"url\":\"https:\\\/\\\/www.esplac.cat\\\/esplais-catalans-celebren-els-drets-dels-infants\\\/\",\"name\":\"Els Esplais Catalans celebren els Drets dels Infants - Esplac\",\"isPartOf\":{\"@id\":\"https:\\\/\\\/www.esplac.cat\\\/#website\"},\"primaryImageOfPage\":{\"@id\":\"https:\\\/\\\/www.esplac.cat\\\/esplais-catalans-celebren-els-drets-dels-infants\\\/#primaryimage\"},\"image\":{\"@id\":\"https:\\\/\\\/www.esplac.cat\\\/esplais-catalans-celebren-els-drets-dels-infants\\\/#primaryimage\"},\"thumbnailUrl\":\"https:\\\/\\\/www.esplac.cat\\\/wp-content\\\/uploads\\\/2013\\\/02\\\/DSC08123.jpg\",\"datePublished\":\"2013-11-14T10:17:46+00:00\",\"dateModified\":\"2019-11-14T11:38:41+00:00\",\"breadcrumb\":{\"@id\":\"https:\\\/\\\/www.esplac.cat\\\/esplais-catalans-celebren-els-drets-dels-infants\\\/#breadcrumb\"},\"inLanguage\":\"en-US\",\"potentialAction\":[{\"@type\":\"ReadAction\",\"target\":[\"https:\\\/\\\/www.esplac.cat\\\/esplais-catalans-celebren-els-drets-dels-infants\\\/\"]}]},{\"@type\":\"ImageObject\",\"inLanguage\":\"en-US\",\"@id\":\"https:\\\/\\\/www.esplac.cat\\\/esplais-catalans-celebren-els-drets-dels-infants\\\/#primaryimage\",\"url\":\"https:\\\/\\\/www.esplac.cat\\\/wp-content\\\/uploads\\\/2013\\\/02\\\/DSC08123.jpg\",\"contentUrl\":\"https:\\\/\\\/www.esplac.cat\\\/wp-content\\\/uploads\\\/2013\\\/02\\\/DSC08123.jpg\",\"width\":3872,\"height\":2176},{\"@type\":\"BreadcrumbList\",\"@id\":\"https:\\\/\\\/www.esplac.cat\\\/esplais-catalans-celebren-els-drets-dels-infants\\\/#breadcrumb\",\"itemListElement\":[{\"@type\":\"ListItem\",\"position\":1,\"name\":\"Inici\",\"item\":\"https:\\\/\\\/www.esplac.cat\\\/en\\\/\"},{\"@type\":\"ListItem\",\"position\":2,\"name\":\"Els Esplais Catalans celebren els Drets dels Infants\"}]},{\"@type\":\"WebSite\",\"@id\":\"https:\\\/\\\/www.esplac.cat\\\/#website\",\"url\":\"https:\\\/\\\/www.esplac.cat\\\/\",\"name\":\"Esplac\",\"description\":\"Esplais Catalans\",\"publisher\":{\"@id\":\"https:\\\/\\\/www.esplac.cat\\\/#organization\"},\"potentialAction\":[{\"@type\":\"SearchAction\",\"target\":{\"@type\":\"EntryPoint\",\"urlTemplate\":\"https:\\\/\\\/www.esplac.cat\\\/?s={search_term_string}\"},\"query-input\":{\"@type\":\"PropertyValueSpecification\",\"valueRequired\":true,\"valueName\":\"search_term_string\"}}],\"inLanguage\":\"en-US\"},{\"@type\":\"Organization\",\"@id\":\"https:\\\/\\\/www.esplac.cat\\\/#organization\",\"name\":\"Esplac\",\"url\":\"https:\\\/\\\/www.esplac.cat\\\/\",\"logo\":{\"@type\":\"ImageObject\",\"inLanguage\":\"en-US\",\"@id\":\"https:\\\/\\\/www.esplac.cat\\\/#\\\/schema\\\/logo\\\/image\\\/\",\"url\":\"https:\\\/\\\/www.esplac.cat\\\/wp-content\\\/uploads\\\/2019\\\/08\\\/logox2.png\",\"contentUrl\":\"https:\\\/\\\/www.esplac.cat\\\/wp-content\\\/uploads\\\/2019\\\/08\\\/logox2.png\",\"width\":600,\"height\":295,\"caption\":\"Esplac\"},\"image\":{\"@id\":\"https:\\\/\\\/www.esplac.cat\\\/#\\\/schema\\\/logo\\\/image\\\/\"}},{\"@type\":\"Person\",\"@id\":\"https:\\\/\\\/www.esplac.cat\\\/#\\\/schema\\\/person\\\/908383cf240be18b68f8855d0583faca\",\"name\":\"Comunicaci\u00f3 Esplac\",\"image\":{\"@type\":\"ImageObject\",\"inLanguage\":\"en-US\",\"@id\":\"https:\\\/\\\/secure.gravatar.com\\\/avatar\\\/7a4cf8feb412a76ea4a740ca02d95b06b2907b5a6c648c2dd0a1082a093c3141?s=96&d=mm&r=g\",\"url\":\"https:\\\/\\\/secure.gravatar.com\\\/avatar\\\/7a4cf8feb412a76ea4a740ca02d95b06b2907b5a6c648c2dd0a1082a093c3141?s=96&d=mm&r=g\",\"contentUrl\":\"https:\\\/\\\/secure.gravatar.com\\\/avatar\\\/7a4cf8feb412a76ea4a740ca02d95b06b2907b5a6c648c2dd0a1082a093c3141?s=96&d=mm&r=g\",\"caption\":\"Comunicaci\u00f3 Esplac\"}}]}<\/script>\n<!-- \/ Yoast SEO plugin. -->","yoast_head_json":{"title":"Els Esplais Catalans celebren els Drets dels Infants - Esplac","robots":{"index":"index","follow":"follow","max-snippet":"max-snippet:-1","max-image-preview":"max-image-preview:large","max-video-preview":"max-video-preview:-1"},"canonical":"https:\/\/www.esplac.cat\/esplais-catalans-celebren-els-drets-dels-infants\/","og_locale":"en_US","og_type":"article","og_title":"Els Esplais Catalans celebren els Drets dels Infants - Esplac","og_description":"Un any mes torna la Diada Internacional dels Drets dels [&hellip;]","og_url":"https:\/\/www.esplac.cat\/esplais-catalans-celebren-els-drets-dels-infants\/","og_site_name":"Esplac","article_published_time":"2013-11-14T10:17:46+00:00","article_modified_time":"2019-11-14T11:38:41+00:00","og_image":[{"width":1024,"height":575,"url":"https:\/\/www.esplac.cat\/wp-content\/uploads\/2013\/02\/DSC08123-1024x575.jpg","type":"image\/jpeg"}],"author":"Comunicaci\u00f3 Esplac","twitter_card":"summary_large_image","twitter_misc":{"Written by":"Comunicaci\u00f3 Esplac","Est. reading time":"3 minutes"},"schema":{"@context":"https:\/\/schema.org","@graph":[{"@type":"Article","@id":"https:\/\/www.esplac.cat\/esplais-catalans-celebren-els-drets-dels-infants\/#article","isPartOf":{"@id":"https:\/\/www.esplac.cat\/esplais-catalans-celebren-els-drets-dels-infants\/"},"author":{"name":"Comunicaci\u00f3 Esplac","@id":"https:\/\/www.esplac.cat\/#\/schema\/person\/908383cf240be18b68f8855d0583faca"},"headline":"Els Esplais Catalans celebren els Drets dels Infants","datePublished":"2013-11-14T10:17:46+00:00","dateModified":"2019-11-14T11:38:41+00:00","mainEntityOfPage":{"@id":"https:\/\/www.esplac.cat\/esplais-catalans-celebren-els-drets-dels-infants\/"},"wordCount":626,"commentCount":0,"publisher":{"@id":"https:\/\/www.esplac.cat\/#organization"},"image":{"@id":"https:\/\/www.esplac.cat\/esplais-catalans-celebren-els-drets-dels-infants\/#primaryimage"},"thumbnailUrl":"https:\/\/www.esplac.cat\/wp-content\/uploads\/2013\/02\/DSC08123.jpg","keywords":["drets dels infants","Sector Bages-Bergued\u00e0","sector Baix Llobregat","sector Barcelon\u00e8s Nord","sector Camp de Tarragona","sector Osona-Ripoll\u00e8s","Sector Pened\u00e8s-Garraf","sector Vall\u00e8s"],"articleSection":["Activitats sectors","Inf\u00e0ncia i Esplaiada"],"inLanguage":"en-US","potentialAction":[{"@type":"CommentAction","name":"Comment","target":["https:\/\/www.esplac.cat\/esplais-catalans-celebren-els-drets-dels-infants\/#respond"]}]},{"@type":"WebPage","@id":"https:\/\/www.esplac.cat\/esplais-catalans-celebren-els-drets-dels-infants\/","url":"https:\/\/www.esplac.cat\/esplais-catalans-celebren-els-drets-dels-infants\/","name":"Els Esplais Catalans celebren els Drets dels Infants - Esplac","isPartOf":{"@id":"https:\/\/www.esplac.cat\/#website"},"primaryImageOfPage":{"@id":"https:\/\/www.esplac.cat\/esplais-catalans-celebren-els-drets-dels-infants\/#primaryimage"},"image":{"@id":"https:\/\/www.esplac.cat\/esplais-catalans-celebren-els-drets-dels-infants\/#primaryimage"},"thumbnailUrl":"https:\/\/www.esplac.cat\/wp-content\/uploads\/2013\/02\/DSC08123.jpg","datePublished":"2013-11-14T10:17:46+00:00","dateModified":"2019-11-14T11:38:41+00:00","breadcrumb":{"@id":"https:\/\/www.esplac.cat\/esplais-catalans-celebren-els-drets-dels-infants\/#breadcrumb"},"inLanguage":"en-US","potentialAction":[{"@type":"ReadAction","target":["https:\/\/www.esplac.cat\/esplais-catalans-celebren-els-drets-dels-infants\/"]}]},{"@type":"ImageObject","inLanguage":"en-US","@id":"https:\/\/www.esplac.cat\/esplais-catalans-celebren-els-drets-dels-infants\/#primaryimage","url":"https:\/\/www.esplac.cat\/wp-content\/uploads\/2013\/02\/DSC08123.jpg","contentUrl":"https:\/\/www.esplac.cat\/wp-content\/uploads\/2013\/02\/DSC08123.jpg","width":3872,"height":2176},{"@type":"BreadcrumbList","@id":"https:\/\/www.esplac.cat\/esplais-catalans-celebren-els-drets-dels-infants\/#breadcrumb","itemListElement":[{"@type":"ListItem","position":1,"name":"Inici","item":"https:\/\/www.esplac.cat\/en\/"},{"@type":"ListItem","position":2,"name":"Els Esplais Catalans celebren els Drets dels Infants"}]},{"@type":"WebSite","@id":"https:\/\/www.esplac.cat\/#website","url":"https:\/\/www.esplac.cat\/","name":"Esplac","description":"Esplais Catalans","publisher":{"@id":"https:\/\/www.esplac.cat\/#organization"},"potentialAction":[{"@type":"SearchAction","target":{"@type":"EntryPoint","urlTemplate":"https:\/\/www.esplac.cat\/?s={search_term_string}"},"query-input":{"@type":"PropertyValueSpecification","valueRequired":true,"valueName":"search_term_string"}}],"inLanguage":"en-US"},{"@type":"Organization","@id":"https:\/\/www.esplac.cat\/#organization","name":"Esplac","url":"https:\/\/www.esplac.cat\/","logo":{"@type":"ImageObject","inLanguage":"en-US","@id":"https:\/\/www.esplac.cat\/#\/schema\/logo\/image\/","url":"https:\/\/www.esplac.cat\/wp-content\/uploads\/2019\/08\/logox2.png","contentUrl":"https:\/\/www.esplac.cat\/wp-content\/uploads\/2019\/08\/logox2.png","width":600,"height":295,"caption":"Esplac"},"image":{"@id":"https:\/\/www.esplac.cat\/#\/schema\/logo\/image\/"}},{"@type":"Person","@id":"https:\/\/www.esplac.cat\/#\/schema\/person\/908383cf240be18b68f8855d0583faca","name":"Comunicaci\u00f3 Esplac","image":{"@type":"ImageObject","inLanguage":"en-US","@id":"https:\/\/secure.gravatar.com\/avatar\/7a4cf8feb412a76ea4a740ca02d95b06b2907b5a6c648c2dd0a1082a093c3141?s=96&d=mm&r=g","url":"https:\/\/secure.gravatar.com\/avatar\/7a4cf8feb412a76ea4a740ca02d95b06b2907b5a6c648c2dd0a1082a093c3141?s=96&d=mm&r=g","contentUrl":"https:\/\/secure.gravatar.com\/avatar\/7a4cf8feb412a76ea4a740ca02d95b06b2907b5a6c648c2dd0a1082a093c3141?s=96&d=mm&r=g","caption":"Comunicaci\u00f3 Esplac"}}]}},"_links":{"self":[{"href":"https:\/\/www.esplac.cat\/en\/wp-json\/wp\/v2\/posts\/25850","targetHints":{"allow":["GET"]}}],"collection":[{"href":"https:\/\/www.esplac.cat\/en\/wp-json\/wp\/v2\/posts"}],"about":[{"href":"https:\/\/www.esplac.cat\/en\/wp-json\/wp\/v2\/types\/post"}],"author":[{"embeddable":true,"href":"https:\/\/www.esplac.cat\/en\/wp-json\/wp\/v2\/users\/3"}],"replies":[{"embeddable":true,"href":"https:\/\/www.esplac.cat\/en\/wp-json\/wp\/v2\/comments?post=25850"}],"version-history":[{"count":0,"href":"https:\/\/www.esplac.cat\/en\/wp-json\/wp\/v2\/posts\/25850\/revisions"}],"wp:featuredmedia":[{"embeddable":true,"href":"https:\/\/www.esplac.cat\/en\/wp-json\/wp\/v2\/media\/25604"}],"wp:attachment":[{"href":"https:\/\/www.esplac.cat\/en\/wp-json\/wp\/v2\/media?parent=25850"}],"wp:term":[{"taxonomy":"category","embeddable":true,"href":"https:\/\/www.esplac.cat\/en\/wp-json\/wp\/v2\/categories?post=25850"},{"taxonomy":"post_tag","embeddable":true,"href":"https:\/\/www.esplac.cat\/en\/wp-json\/wp\/v2\/tags?post=25850"}],"curies":[{"name":"wp","href":"https:\/\/api.w.org\/{rel}","templated":true}]}}