{"id":25855,"date":"2013-11-04T15:02:40","date_gmt":"2013-11-04T13:02:40","guid":{"rendered":"http:\/\/esplac.cat\/?p=4166"},"modified":"2013-11-04T15:02:40","modified_gmt":"2013-11-04T13:02:40","slug":"nova-seu-esplac-a-tarragona-anem-cap-al-sud","status":"publish","type":"post","link":"https:\/\/www.esplac.cat\/en\/nova-seu-esplac-a-tarragona-anem-cap-al-sud\/","title":{"rendered":"Nova seu d&#8217;Esplac a Tarragona. Anem cap al sud!"},"content":{"rendered":"<p><!--:CA--><\/p>\n<p align=\"JUSTIFY\">Des d&#8217;aquest mes de novembre ja tenim <strong>nova seu al sector Camp de Tarragona<\/strong>! La podreu trobar a l&#8217;<strong><a href=\"http:\/\/www.tarragona.cat\/relacionsciutadanes\/entitats\/serveis-i-recursos\/copy_of_hotel-dentitats\/copy_of_hotel-dentitats\">Hotel d&#8217;Entitats<\/a> de Tarragona<\/strong>, al carrer Pons d&#8217;Icart i concretament a l&#8217;Edifici La Pedrera, 6ena planta, Despatx 9. L&#8217;horari d&#8217;atenci\u00f3 als esplais i al p\u00fablic en general de la nostra t\u00e8cnica \u00e9s els dilluns i dijous de 9:30 a 16h.<\/p>\n<p align=\"JUSTIFY\">Les accions d&#8217;atenci\u00f3, suport i seguiment als esplais es fan d&#8217;una manera propera, a trav\u00e9s de l&#8217;estructura territorial per tal de poder-les prioritzar i adaptar-les al m\u00e0xim a les necessitats dels esplais. I \u00e9s que la finalitat Esplais Catalans \u00e9s garantir el <a href=\"http:\/\/esplac.cat\/coneix-esplac\/suport-esplais\/\">suport<\/a>\u00a0i l\u2019atenci\u00f3 personalitzada als esplais d\u2019acord a la seva realitat.<\/p>\n<p align=\"JUSTIFY\">Esperem, doncs, que tots els esplais del sector vingueu a visitar i veure la nova seu i hi trobeu un nou lloc de refer\u00e8ncia al vostre sector.<\/p>\n<p style=\"text-align: center;\" align=\"JUSTIFY\"><a href=\"http:\/\/esplac.cat\/wp-content\/uploads\/2013\/11\/photo-4.jpg\"><img decoding=\"async\" class=\" wp-image-4168 aligncenter\" title=\"esplais-catalans-tarragona-despatx\" src=\"http:\/\/esplac.cat\/wp-content\/uploads\/2013\/11\/photo-4-239x360.jpg\" alt=\"Seu del Sector Camp de Tarragona d'Esplais Catalans\" width=\"200\" \/><\/a><\/p>\n<p><!--:--><!--:es-->&nbsp;<\/p>\n<p><!--:--><!--:en-->&nbsp;<\/p>\n<p><!--:--><!--:fr-->&nbsp;<\/p>\n<p><!--:--><\/p>\n","protected":false},"excerpt":{"rendered":"<p>Des d&#8217;aquest mes de novembre ja tenim nova seu al [&hellip;]<\/p>\n","protected":false},"author":3,"featured_media":7801,"comment_status":"open","ping_status":"open","sticky":false,"template":"","format":"standard","meta":{"om_disable_all_campaigns":false,"_monsterinsights_skip_tracking":false,"_monsterinsights_sitenote_active":false,"_monsterinsights_sitenote_note":"","_monsterinsights_sitenote_category":0,"_uf_show_specific_survey":0,"_uf_disable_surveys":false,"footnotes":""},"categories":[1110,1116,1122],"tags":[120],"class_list":["post-25855","post","type-post","status-publish","format-standard","has-post-thumbnail","hentry","category-activitats-sectors","category-secretaria-esplac","category-sector-camp-de-tarragona","tag-sector-camp-de-tarragona"],"yoast_head":"<!-- This site is optimized with the Yoast SEO plugin v27.4 - https:\/\/yoast.com\/product\/yoast-seo-wordpress\/ -->\n<title>Nova seu d&#039;Esplac a Tarragona. Anem cap al sud! - Esplac<\/title>\n<meta name=\"robots\" content=\"index, follow, max-snippet:-1, max-image-preview:large, max-video-preview:-1\" \/>\n<link rel=\"canonical\" href=\"https:\/\/www.esplac.cat\/es\/nova-seu-esplac-a-tarragona-anem-cap-al-sud\/\" \/>\n<meta property=\"og:locale\" content=\"en_US\" \/>\n<meta property=\"og:type\" content=\"article\" \/>\n<meta property=\"og:title\" content=\"Nova seu d&#039;Esplac a Tarragona. Anem cap al sud! - Esplac\" \/>\n<meta property=\"og:description\" content=\"Des d&#8217;aquest mes de novembre ja tenim nova seu al [&hellip;]\" \/>\n<meta property=\"og:url\" content=\"https:\/\/www.esplac.cat\/es\/nova-seu-esplac-a-tarragona-anem-cap-al-sud\/\" \/>\n<meta property=\"og:site_name\" content=\"Esplac\" \/>\n<meta property=\"article:published_time\" content=\"2013-11-04T13:02:40+00:00\" \/>\n<meta property=\"og:image\" content=\"https:\/\/www.esplac.cat\/wp-content\/uploads\/2019\/11\/logo-open.jpg\" \/>\n\t<meta property=\"og:image:width\" content=\"1200\" \/>\n\t<meta property=\"og:image:height\" content=\"630\" \/>\n\t<meta property=\"og:image:type\" content=\"image\/jpeg\" \/>\n<meta name=\"author\" content=\"Comunicaci\u00f3 Esplac\" \/>\n<meta name=\"twitter:card\" content=\"summary_large_image\" \/>\n<meta name=\"twitter:label1\" content=\"Written by\" \/>\n\t<meta name=\"twitter:data1\" content=\"Comunicaci\u00f3 Esplac\" \/>\n\t<meta name=\"twitter:label2\" content=\"Est. reading time\" \/>\n\t<meta name=\"twitter:data2\" content=\"1 minute\" \/>\n<script type=\"application\/ld+json\" class=\"yoast-schema-graph\">{\"@context\":\"https:\\\/\\\/schema.org\",\"@graph\":[{\"@type\":\"Article\",\"@id\":\"https:\\\/\\\/www.esplac.cat\\\/es\\\/nova-seu-esplac-a-tarragona-anem-cap-al-sud\\\/#article\",\"isPartOf\":{\"@id\":\"https:\\\/\\\/www.esplac.cat\\\/es\\\/nova-seu-esplac-a-tarragona-anem-cap-al-sud\\\/\"},\"author\":{\"name\":\"Comunicaci\u00f3 Esplac\",\"@id\":\"https:\\\/\\\/www.esplac.cat\\\/#\\\/schema\\\/person\\\/908383cf240be18b68f8855d0583faca\"},\"headline\":\"Nova seu d&#8217;Esplac a Tarragona. Anem cap al sud!\",\"datePublished\":\"2013-11-04T13:02:40+00:00\",\"mainEntityOfPage\":{\"@id\":\"https:\\\/\\\/www.esplac.cat\\\/es\\\/nova-seu-esplac-a-tarragona-anem-cap-al-sud\\\/\"},\"wordCount\":166,\"commentCount\":0,\"publisher\":{\"@id\":\"https:\\\/\\\/www.esplac.cat\\\/#organization\"},\"image\":{\"@id\":\"https:\\\/\\\/www.esplac.cat\\\/es\\\/nova-seu-esplac-a-tarragona-anem-cap-al-sud\\\/#primaryimage\"},\"thumbnailUrl\":\"\",\"keywords\":[\"sector Camp de Tarragona\"],\"articleSection\":[\"Activitats sectors\",\"Secretaria T\u00e8cnica\",\"Sector Camp de Tarragona\"],\"inLanguage\":\"en-US\",\"potentialAction\":[{\"@type\":\"CommentAction\",\"name\":\"Comment\",\"target\":[\"https:\\\/\\\/www.esplac.cat\\\/es\\\/nova-seu-esplac-a-tarragona-anem-cap-al-sud\\\/#respond\"]}]},{\"@type\":\"WebPage\",\"@id\":\"https:\\\/\\\/www.esplac.cat\\\/es\\\/nova-seu-esplac-a-tarragona-anem-cap-al-sud\\\/\",\"url\":\"https:\\\/\\\/www.esplac.cat\\\/es\\\/nova-seu-esplac-a-tarragona-anem-cap-al-sud\\\/\",\"name\":\"Nova seu d'Esplac a Tarragona. Anem cap al sud! - Esplac\",\"isPartOf\":{\"@id\":\"https:\\\/\\\/www.esplac.cat\\\/#website\"},\"primaryImageOfPage\":{\"@id\":\"https:\\\/\\\/www.esplac.cat\\\/es\\\/nova-seu-esplac-a-tarragona-anem-cap-al-sud\\\/#primaryimage\"},\"image\":{\"@id\":\"https:\\\/\\\/www.esplac.cat\\\/es\\\/nova-seu-esplac-a-tarragona-anem-cap-al-sud\\\/#primaryimage\"},\"thumbnailUrl\":\"\",\"datePublished\":\"2013-11-04T13:02:40+00:00\",\"breadcrumb\":{\"@id\":\"https:\\\/\\\/www.esplac.cat\\\/es\\\/nova-seu-esplac-a-tarragona-anem-cap-al-sud\\\/#breadcrumb\"},\"inLanguage\":\"en-US\",\"potentialAction\":[{\"@type\":\"ReadAction\",\"target\":[\"https:\\\/\\\/www.esplac.cat\\\/es\\\/nova-seu-esplac-a-tarragona-anem-cap-al-sud\\\/\"]}]},{\"@type\":\"ImageObject\",\"inLanguage\":\"en-US\",\"@id\":\"https:\\\/\\\/www.esplac.cat\\\/es\\\/nova-seu-esplac-a-tarragona-anem-cap-al-sud\\\/#primaryimage\",\"url\":\"\",\"contentUrl\":\"\"},{\"@type\":\"BreadcrumbList\",\"@id\":\"https:\\\/\\\/www.esplac.cat\\\/es\\\/nova-seu-esplac-a-tarragona-anem-cap-al-sud\\\/#breadcrumb\",\"itemListElement\":[{\"@type\":\"ListItem\",\"position\":1,\"name\":\"Inici\",\"item\":\"https:\\\/\\\/www.esplac.cat\\\/en\\\/\"},{\"@type\":\"ListItem\",\"position\":2,\"name\":\"Nova seu d&#8217;Esplac a Tarragona. Anem cap al sud!\"}]},{\"@type\":\"WebSite\",\"@id\":\"https:\\\/\\\/www.esplac.cat\\\/#website\",\"url\":\"https:\\\/\\\/www.esplac.cat\\\/\",\"name\":\"Esplac\",\"description\":\"Esplais Catalans\",\"publisher\":{\"@id\":\"https:\\\/\\\/www.esplac.cat\\\/#organization\"},\"potentialAction\":[{\"@type\":\"SearchAction\",\"target\":{\"@type\":\"EntryPoint\",\"urlTemplate\":\"https:\\\/\\\/www.esplac.cat\\\/?s={search_term_string}\"},\"query-input\":{\"@type\":\"PropertyValueSpecification\",\"valueRequired\":true,\"valueName\":\"search_term_string\"}}],\"inLanguage\":\"en-US\"},{\"@type\":\"Organization\",\"@id\":\"https:\\\/\\\/www.esplac.cat\\\/#organization\",\"name\":\"Esplac\",\"url\":\"https:\\\/\\\/www.esplac.cat\\\/\",\"logo\":{\"@type\":\"ImageObject\",\"inLanguage\":\"en-US\",\"@id\":\"https:\\\/\\\/www.esplac.cat\\\/#\\\/schema\\\/logo\\\/image\\\/\",\"url\":\"https:\\\/\\\/www.esplac.cat\\\/wp-content\\\/uploads\\\/2019\\\/08\\\/logox2.png\",\"contentUrl\":\"https:\\\/\\\/www.esplac.cat\\\/wp-content\\\/uploads\\\/2019\\\/08\\\/logox2.png\",\"width\":600,\"height\":295,\"caption\":\"Esplac\"},\"image\":{\"@id\":\"https:\\\/\\\/www.esplac.cat\\\/#\\\/schema\\\/logo\\\/image\\\/\"}},{\"@type\":\"Person\",\"@id\":\"https:\\\/\\\/www.esplac.cat\\\/#\\\/schema\\\/person\\\/908383cf240be18b68f8855d0583faca\",\"name\":\"Comunicaci\u00f3 Esplac\",\"image\":{\"@type\":\"ImageObject\",\"inLanguage\":\"en-US\",\"@id\":\"https:\\\/\\\/secure.gravatar.com\\\/avatar\\\/7a4cf8feb412a76ea4a740ca02d95b06b2907b5a6c648c2dd0a1082a093c3141?s=96&d=mm&r=g\",\"url\":\"https:\\\/\\\/secure.gravatar.com\\\/avatar\\\/7a4cf8feb412a76ea4a740ca02d95b06b2907b5a6c648c2dd0a1082a093c3141?s=96&d=mm&r=g\",\"contentUrl\":\"https:\\\/\\\/secure.gravatar.com\\\/avatar\\\/7a4cf8feb412a76ea4a740ca02d95b06b2907b5a6c648c2dd0a1082a093c3141?s=96&d=mm&r=g\",\"caption\":\"Comunicaci\u00f3 Esplac\"}}]}<\/script>\n<!-- \/ Yoast SEO plugin. -->","yoast_head_json":{"title":"Nova seu d'Esplac a Tarragona. Anem cap al sud! - Esplac","robots":{"index":"index","follow":"follow","max-snippet":"max-snippet:-1","max-image-preview":"max-image-preview:large","max-video-preview":"max-video-preview:-1"},"canonical":"https:\/\/www.esplac.cat\/es\/nova-seu-esplac-a-tarragona-anem-cap-al-sud\/","og_locale":"en_US","og_type":"article","og_title":"Nova seu d'Esplac a Tarragona. Anem cap al sud! - Esplac","og_description":"Des d&#8217;aquest mes de novembre ja tenim nova seu al [&hellip;]","og_url":"https:\/\/www.esplac.cat\/es\/nova-seu-esplac-a-tarragona-anem-cap-al-sud\/","og_site_name":"Esplac","article_published_time":"2013-11-04T13:02:40+00:00","og_image":[{"width":1200,"height":630,"url":"https:\/\/www.esplac.cat\/wp-content\/uploads\/2019\/11\/logo-open.jpg","type":"image\/jpeg"}],"author":"Comunicaci\u00f3 Esplac","twitter_card":"summary_large_image","twitter_misc":{"Written by":"Comunicaci\u00f3 Esplac","Est. reading time":"1 minute"},"schema":{"@context":"https:\/\/schema.org","@graph":[{"@type":"Article","@id":"https:\/\/www.esplac.cat\/es\/nova-seu-esplac-a-tarragona-anem-cap-al-sud\/#article","isPartOf":{"@id":"https:\/\/www.esplac.cat\/es\/nova-seu-esplac-a-tarragona-anem-cap-al-sud\/"},"author":{"name":"Comunicaci\u00f3 Esplac","@id":"https:\/\/www.esplac.cat\/#\/schema\/person\/908383cf240be18b68f8855d0583faca"},"headline":"Nova seu d&#8217;Esplac a Tarragona. Anem cap al sud!","datePublished":"2013-11-04T13:02:40+00:00","mainEntityOfPage":{"@id":"https:\/\/www.esplac.cat\/es\/nova-seu-esplac-a-tarragona-anem-cap-al-sud\/"},"wordCount":166,"commentCount":0,"publisher":{"@id":"https:\/\/www.esplac.cat\/#organization"},"image":{"@id":"https:\/\/www.esplac.cat\/es\/nova-seu-esplac-a-tarragona-anem-cap-al-sud\/#primaryimage"},"thumbnailUrl":"","keywords":["sector Camp de Tarragona"],"articleSection":["Activitats sectors","Secretaria T\u00e8cnica","Sector Camp de Tarragona"],"inLanguage":"en-US","potentialAction":[{"@type":"CommentAction","name":"Comment","target":["https:\/\/www.esplac.cat\/es\/nova-seu-esplac-a-tarragona-anem-cap-al-sud\/#respond"]}]},{"@type":"WebPage","@id":"https:\/\/www.esplac.cat\/es\/nova-seu-esplac-a-tarragona-anem-cap-al-sud\/","url":"https:\/\/www.esplac.cat\/es\/nova-seu-esplac-a-tarragona-anem-cap-al-sud\/","name":"Nova seu d'Esplac a Tarragona. Anem cap al sud! - Esplac","isPartOf":{"@id":"https:\/\/www.esplac.cat\/#website"},"primaryImageOfPage":{"@id":"https:\/\/www.esplac.cat\/es\/nova-seu-esplac-a-tarragona-anem-cap-al-sud\/#primaryimage"},"image":{"@id":"https:\/\/www.esplac.cat\/es\/nova-seu-esplac-a-tarragona-anem-cap-al-sud\/#primaryimage"},"thumbnailUrl":"","datePublished":"2013-11-04T13:02:40+00:00","breadcrumb":{"@id":"https:\/\/www.esplac.cat\/es\/nova-seu-esplac-a-tarragona-anem-cap-al-sud\/#breadcrumb"},"inLanguage":"en-US","potentialAction":[{"@type":"ReadAction","target":["https:\/\/www.esplac.cat\/es\/nova-seu-esplac-a-tarragona-anem-cap-al-sud\/"]}]},{"@type":"ImageObject","inLanguage":"en-US","@id":"https:\/\/www.esplac.cat\/es\/nova-seu-esplac-a-tarragona-anem-cap-al-sud\/#primaryimage","url":"","contentUrl":""},{"@type":"BreadcrumbList","@id":"https:\/\/www.esplac.cat\/es\/nova-seu-esplac-a-tarragona-anem-cap-al-sud\/#breadcrumb","itemListElement":[{"@type":"ListItem","position":1,"name":"Inici","item":"https:\/\/www.esplac.cat\/en\/"},{"@type":"ListItem","position":2,"name":"Nova seu d&#8217;Esplac a Tarragona. Anem cap al sud!"}]},{"@type":"WebSite","@id":"https:\/\/www.esplac.cat\/#website","url":"https:\/\/www.esplac.cat\/","name":"Esplac","description":"Esplais Catalans","publisher":{"@id":"https:\/\/www.esplac.cat\/#organization"},"potentialAction":[{"@type":"SearchAction","target":{"@type":"EntryPoint","urlTemplate":"https:\/\/www.esplac.cat\/?s={search_term_string}"},"query-input":{"@type":"PropertyValueSpecification","valueRequired":true,"valueName":"search_term_string"}}],"inLanguage":"en-US"},{"@type":"Organization","@id":"https:\/\/www.esplac.cat\/#organization","name":"Esplac","url":"https:\/\/www.esplac.cat\/","logo":{"@type":"ImageObject","inLanguage":"en-US","@id":"https:\/\/www.esplac.cat\/#\/schema\/logo\/image\/","url":"https:\/\/www.esplac.cat\/wp-content\/uploads\/2019\/08\/logox2.png","contentUrl":"https:\/\/www.esplac.cat\/wp-content\/uploads\/2019\/08\/logox2.png","width":600,"height":295,"caption":"Esplac"},"image":{"@id":"https:\/\/www.esplac.cat\/#\/schema\/logo\/image\/"}},{"@type":"Person","@id":"https:\/\/www.esplac.cat\/#\/schema\/person\/908383cf240be18b68f8855d0583faca","name":"Comunicaci\u00f3 Esplac","image":{"@type":"ImageObject","inLanguage":"en-US","@id":"https:\/\/secure.gravatar.com\/avatar\/7a4cf8feb412a76ea4a740ca02d95b06b2907b5a6c648c2dd0a1082a093c3141?s=96&d=mm&r=g","url":"https:\/\/secure.gravatar.com\/avatar\/7a4cf8feb412a76ea4a740ca02d95b06b2907b5a6c648c2dd0a1082a093c3141?s=96&d=mm&r=g","contentUrl":"https:\/\/secure.gravatar.com\/avatar\/7a4cf8feb412a76ea4a740ca02d95b06b2907b5a6c648c2dd0a1082a093c3141?s=96&d=mm&r=g","caption":"Comunicaci\u00f3 Esplac"}}]}},"_links":{"self":[{"href":"https:\/\/www.esplac.cat\/en\/wp-json\/wp\/v2\/posts\/25855","targetHints":{"allow":["GET"]}}],"collection":[{"href":"https:\/\/www.esplac.cat\/en\/wp-json\/wp\/v2\/posts"}],"about":[{"href":"https:\/\/www.esplac.cat\/en\/wp-json\/wp\/v2\/types\/post"}],"author":[{"embeddable":true,"href":"https:\/\/www.esplac.cat\/en\/wp-json\/wp\/v2\/users\/3"}],"replies":[{"embeddable":true,"href":"https:\/\/www.esplac.cat\/en\/wp-json\/wp\/v2\/comments?post=25855"}],"version-history":[{"count":0,"href":"https:\/\/www.esplac.cat\/en\/wp-json\/wp\/v2\/posts\/25855\/revisions"}],"wp:featuredmedia":[{"embeddable":true,"href":"https:\/\/www.esplac.cat\/en\/wp-json\/"}],"wp:attachment":[{"href":"https:\/\/www.esplac.cat\/en\/wp-json\/wp\/v2\/media?parent=25855"}],"wp:term":[{"taxonomy":"category","embeddable":true,"href":"https:\/\/www.esplac.cat\/en\/wp-json\/wp\/v2\/categories?post=25855"},{"taxonomy":"post_tag","embeddable":true,"href":"https:\/\/www.esplac.cat\/en\/wp-json\/wp\/v2\/tags?post=25855"}],"curies":[{"name":"wp","href":"https:\/\/api.w.org\/{rel}","templated":true}]}}