{"id":25856,"date":"2013-11-04T14:02:47","date_gmt":"2013-11-04T12:02:47","guid":{"rendered":"http:\/\/esplac.cat\/?p=4155"},"modified":"2013-11-04T14:02:47","modified_gmt":"2013-11-04T12:02:47","slug":"convocatories-coordinacio-projectes-sector-barcelones-nord-coordinacio-projectes-internacionals","status":"publish","type":"post","link":"https:\/\/www.esplac.cat\/en\/convocatories-coordinacio-projectes-sector-barcelones-nord-coordinacio-projectes-internacionals\/","title":{"rendered":"Convocat\u00f2ries Coordinaci\u00f3 de projectes del Sector Barcelon\u00e8s Nord i Coordinaci\u00f3 de projectes Internacionals"},"content":{"rendered":"<p><!--:CA--><\/p>\n<h2 style=\"text-align: center;\"><span style=\"color: #ff6600;\">Convocat\u00f2ries Coordinaci\u00f3 de projectes del Sector Barcelon\u00e8s Nord i Coordinaci\u00f3 de projectes Internacionals<\/span><\/h2>\n<p>Esplais Catalans obre convocat\u00f2ria per a la presentaci\u00f3 de curr\u00edculums amb l\u2019objectiu de cobrir una pla\u00e7a de\u00a0<strong>Coordinador\/a de Projectes del Sector Geogr\u00e0fic Barcelon\u00e8s Nord<\/strong> i una pla\u00e7a de\u00a0<strong>Coordinador\/a de Projectes Internacionals<\/strong>.<\/p>\n<p>Podeu fer arribar els <strong>curr\u00edculums<\/strong> juntament amb una <strong>carta de motivaci\u00f3<\/strong> a <strong>esplac@esplac.cat<\/strong>, especificant la pla\u00e7a a la qual us presenteu (Coordinador\/a de projectes Barcelon\u00e8s Nord o Internacional), fins el proper\u00a0<strong>7 de novembre de 2013<\/strong>.<\/p>\n<p>Abans de fer-ho, llegiu amb deteniment les convocat\u00f2ries i assegureu-vos que acompliu les condicions especificades:<\/p>\n<ul>\n<li><a href=\"http:\/\/esplac.cat\/wp-content\/uploads\/2013\/11\/convocatoria_tecnic_internacional.pdf\" target=\"_blank\" rel=\"noopener noreferrer\">Convocat\u00f2ria Coordinador\/a de Projectes Internacionals<\/a><\/li>\n<li><a href=\"http:\/\/esplac.cat\/wp-content\/uploads\/2013\/11\/convocatoria_sector_bcnnord.pdf\">Convocat\u00f2ria Coordinador\/a de Projectes sector Barcelon\u00e8s Nord<\/a><\/li>\n<\/ul>\n<p><!--:--><!--:es-->&nbsp;<\/p>\n<p><!--:--><!--:en-->&nbsp;<\/p>\n<p><!--:--><!--:fr-->&nbsp;<\/p>\n<p><!--:--><\/p>\n","protected":false},"excerpt":{"rendered":"<p>Convocat\u00f2ries Coordinaci\u00f3 de projectes del Sector Barcelon\u00e8s Nord i Coordinaci\u00f3 [&hellip;]<\/p>\n","protected":false},"author":3,"featured_media":0,"comment_status":"open","ping_status":"open","sticky":false,"template":"","format":"standard","meta":{"om_disable_all_campaigns":false,"_monsterinsights_skip_tracking":false,"_monsterinsights_sitenote_active":false,"_monsterinsights_sitenote_note":"","_monsterinsights_sitenote_category":0,"_uf_show_specific_survey":0,"_uf_disable_surveys":false,"footnotes":""},"categories":[1110,1116,1132],"tags":[125,146],"class_list":["post-25856","post","type-post","status-publish","format-standard","hentry","category-activitats-sectors","category-secretaria-esplac","category-baix-besos","tag-ofertes-de-feina","tag-sector-barcelones-nord"],"yoast_head":"<!-- This site is optimized with the Yoast SEO plugin v27.4 - https:\/\/yoast.com\/product\/yoast-seo-wordpress\/ -->\n<title>Convocat\u00f2ries Coordinaci\u00f3 de projectes del Sector Barcelon\u00e8s Nord i Coordinaci\u00f3 de projectes Internacionals - Esplac<\/title>\n<meta name=\"robots\" content=\"index, follow, max-snippet:-1, max-image-preview:large, max-video-preview:-1\" \/>\n<link rel=\"canonical\" href=\"https:\/\/www.esplac.cat\/es\/convocatories-coordinacio-projectes-sector-barcelones-nord-coordinacio-projectes-internacionals\/\" \/>\n<meta property=\"og:locale\" content=\"en_US\" \/>\n<meta property=\"og:type\" content=\"article\" \/>\n<meta property=\"og:title\" content=\"Convocat\u00f2ries Coordinaci\u00f3 de projectes del Sector Barcelon\u00e8s Nord i Coordinaci\u00f3 de projectes Internacionals - Esplac\" \/>\n<meta property=\"og:description\" content=\"Convocat\u00f2ries Coordinaci\u00f3 de projectes del Sector Barcelon\u00e8s Nord i Coordinaci\u00f3 [&hellip;]\" \/>\n<meta property=\"og:url\" content=\"https:\/\/www.esplac.cat\/es\/convocatories-coordinacio-projectes-sector-barcelones-nord-coordinacio-projectes-internacionals\/\" \/>\n<meta property=\"og:site_name\" content=\"Esplac\" \/>\n<meta property=\"article:published_time\" content=\"2013-11-04T12:02:47+00:00\" \/>\n<meta property=\"og:image\" content=\"https:\/\/www.esplac.cat\/wp-content\/uploads\/2019\/11\/logo-open.jpg\" \/>\n\t<meta property=\"og:image:width\" content=\"1200\" \/>\n\t<meta property=\"og:image:height\" content=\"630\" \/>\n\t<meta property=\"og:image:type\" content=\"image\/jpeg\" \/>\n<meta name=\"author\" content=\"Comunicaci\u00f3 Esplac\" \/>\n<meta name=\"twitter:card\" content=\"summary_large_image\" \/>\n<meta name=\"twitter:label1\" content=\"Written by\" \/>\n\t<meta name=\"twitter:data1\" content=\"Comunicaci\u00f3 Esplac\" \/>\n\t<meta name=\"twitter:label2\" content=\"Est. reading time\" \/>\n\t<meta name=\"twitter:data2\" content=\"1 minute\" \/>\n<script type=\"application\/ld+json\" class=\"yoast-schema-graph\">{\"@context\":\"https:\\\/\\\/schema.org\",\"@graph\":[{\"@type\":\"Article\",\"@id\":\"https:\\\/\\\/www.esplac.cat\\\/es\\\/convocatories-coordinacio-projectes-sector-barcelones-nord-coordinacio-projectes-internacionals\\\/#article\",\"isPartOf\":{\"@id\":\"https:\\\/\\\/www.esplac.cat\\\/es\\\/convocatories-coordinacio-projectes-sector-barcelones-nord-coordinacio-projectes-internacionals\\\/\"},\"author\":{\"name\":\"Comunicaci\u00f3 Esplac\",\"@id\":\"https:\\\/\\\/www.esplac.cat\\\/#\\\/schema\\\/person\\\/908383cf240be18b68f8855d0583faca\"},\"headline\":\"Convocat\u00f2ries Coordinaci\u00f3 de projectes del Sector Barcelon\u00e8s Nord i Coordinaci\u00f3 de projectes Internacionals\",\"datePublished\":\"2013-11-04T12:02:47+00:00\",\"mainEntityOfPage\":{\"@id\":\"https:\\\/\\\/www.esplac.cat\\\/es\\\/convocatories-coordinacio-projectes-sector-barcelones-nord-coordinacio-projectes-internacionals\\\/\"},\"wordCount\":148,\"commentCount\":0,\"publisher\":{\"@id\":\"https:\\\/\\\/www.esplac.cat\\\/#organization\"},\"keywords\":[\"ofertes de feina\",\"sector Barcelon\u00e8s Nord\"],\"articleSection\":[\"Activitats sectors\",\"Secretaria T\u00e8cnica\",\"Sector Baix Bes\u00f2s\"],\"inLanguage\":\"en-US\",\"potentialAction\":[{\"@type\":\"CommentAction\",\"name\":\"Comment\",\"target\":[\"https:\\\/\\\/www.esplac.cat\\\/es\\\/convocatories-coordinacio-projectes-sector-barcelones-nord-coordinacio-projectes-internacionals\\\/#respond\"]}]},{\"@type\":\"WebPage\",\"@id\":\"https:\\\/\\\/www.esplac.cat\\\/es\\\/convocatories-coordinacio-projectes-sector-barcelones-nord-coordinacio-projectes-internacionals\\\/\",\"url\":\"https:\\\/\\\/www.esplac.cat\\\/es\\\/convocatories-coordinacio-projectes-sector-barcelones-nord-coordinacio-projectes-internacionals\\\/\",\"name\":\"Convocat\u00f2ries Coordinaci\u00f3 de projectes del Sector Barcelon\u00e8s Nord i Coordinaci\u00f3 de projectes Internacionals - Esplac\",\"isPartOf\":{\"@id\":\"https:\\\/\\\/www.esplac.cat\\\/#website\"},\"datePublished\":\"2013-11-04T12:02:47+00:00\",\"breadcrumb\":{\"@id\":\"https:\\\/\\\/www.esplac.cat\\\/es\\\/convocatories-coordinacio-projectes-sector-barcelones-nord-coordinacio-projectes-internacionals\\\/#breadcrumb\"},\"inLanguage\":\"en-US\",\"potentialAction\":[{\"@type\":\"ReadAction\",\"target\":[\"https:\\\/\\\/www.esplac.cat\\\/es\\\/convocatories-coordinacio-projectes-sector-barcelones-nord-coordinacio-projectes-internacionals\\\/\"]}]},{\"@type\":\"BreadcrumbList\",\"@id\":\"https:\\\/\\\/www.esplac.cat\\\/es\\\/convocatories-coordinacio-projectes-sector-barcelones-nord-coordinacio-projectes-internacionals\\\/#breadcrumb\",\"itemListElement\":[{\"@type\":\"ListItem\",\"position\":1,\"name\":\"Inici\",\"item\":\"https:\\\/\\\/www.esplac.cat\\\/en\\\/\"},{\"@type\":\"ListItem\",\"position\":2,\"name\":\"Convocat\u00f2ries Coordinaci\u00f3 de projectes del Sector Barcelon\u00e8s Nord i Coordinaci\u00f3 de projectes Internacionals\"}]},{\"@type\":\"WebSite\",\"@id\":\"https:\\\/\\\/www.esplac.cat\\\/#website\",\"url\":\"https:\\\/\\\/www.esplac.cat\\\/\",\"name\":\"Esplac\",\"description\":\"Esplais Catalans\",\"publisher\":{\"@id\":\"https:\\\/\\\/www.esplac.cat\\\/#organization\"},\"potentialAction\":[{\"@type\":\"SearchAction\",\"target\":{\"@type\":\"EntryPoint\",\"urlTemplate\":\"https:\\\/\\\/www.esplac.cat\\\/?s={search_term_string}\"},\"query-input\":{\"@type\":\"PropertyValueSpecification\",\"valueRequired\":true,\"valueName\":\"search_term_string\"}}],\"inLanguage\":\"en-US\"},{\"@type\":\"Organization\",\"@id\":\"https:\\\/\\\/www.esplac.cat\\\/#organization\",\"name\":\"Esplac\",\"url\":\"https:\\\/\\\/www.esplac.cat\\\/\",\"logo\":{\"@type\":\"ImageObject\",\"inLanguage\":\"en-US\",\"@id\":\"https:\\\/\\\/www.esplac.cat\\\/#\\\/schema\\\/logo\\\/image\\\/\",\"url\":\"https:\\\/\\\/www.esplac.cat\\\/wp-content\\\/uploads\\\/2019\\\/08\\\/logox2.png\",\"contentUrl\":\"https:\\\/\\\/www.esplac.cat\\\/wp-content\\\/uploads\\\/2019\\\/08\\\/logox2.png\",\"width\":600,\"height\":295,\"caption\":\"Esplac\"},\"image\":{\"@id\":\"https:\\\/\\\/www.esplac.cat\\\/#\\\/schema\\\/logo\\\/image\\\/\"}},{\"@type\":\"Person\",\"@id\":\"https:\\\/\\\/www.esplac.cat\\\/#\\\/schema\\\/person\\\/908383cf240be18b68f8855d0583faca\",\"name\":\"Comunicaci\u00f3 Esplac\",\"image\":{\"@type\":\"ImageObject\",\"inLanguage\":\"en-US\",\"@id\":\"https:\\\/\\\/secure.gravatar.com\\\/avatar\\\/7a4cf8feb412a76ea4a740ca02d95b06b2907b5a6c648c2dd0a1082a093c3141?s=96&d=mm&r=g\",\"url\":\"https:\\\/\\\/secure.gravatar.com\\\/avatar\\\/7a4cf8feb412a76ea4a740ca02d95b06b2907b5a6c648c2dd0a1082a093c3141?s=96&d=mm&r=g\",\"contentUrl\":\"https:\\\/\\\/secure.gravatar.com\\\/avatar\\\/7a4cf8feb412a76ea4a740ca02d95b06b2907b5a6c648c2dd0a1082a093c3141?s=96&d=mm&r=g\",\"caption\":\"Comunicaci\u00f3 Esplac\"}}]}<\/script>\n<!-- \/ Yoast SEO plugin. -->","yoast_head_json":{"title":"Convocat\u00f2ries Coordinaci\u00f3 de projectes del Sector Barcelon\u00e8s Nord i Coordinaci\u00f3 de projectes Internacionals - Esplac","robots":{"index":"index","follow":"follow","max-snippet":"max-snippet:-1","max-image-preview":"max-image-preview:large","max-video-preview":"max-video-preview:-1"},"canonical":"https:\/\/www.esplac.cat\/es\/convocatories-coordinacio-projectes-sector-barcelones-nord-coordinacio-projectes-internacionals\/","og_locale":"en_US","og_type":"article","og_title":"Convocat\u00f2ries Coordinaci\u00f3 de projectes del Sector Barcelon\u00e8s Nord i Coordinaci\u00f3 de projectes Internacionals - Esplac","og_description":"Convocat\u00f2ries Coordinaci\u00f3 de projectes del Sector Barcelon\u00e8s Nord i Coordinaci\u00f3 [&hellip;]","og_url":"https:\/\/www.esplac.cat\/es\/convocatories-coordinacio-projectes-sector-barcelones-nord-coordinacio-projectes-internacionals\/","og_site_name":"Esplac","article_published_time":"2013-11-04T12:02:47+00:00","og_image":[{"width":1200,"height":630,"url":"https:\/\/www.esplac.cat\/wp-content\/uploads\/2019\/11\/logo-open.jpg","type":"image\/jpeg"}],"author":"Comunicaci\u00f3 Esplac","twitter_card":"summary_large_image","twitter_misc":{"Written by":"Comunicaci\u00f3 Esplac","Est. reading time":"1 minute"},"schema":{"@context":"https:\/\/schema.org","@graph":[{"@type":"Article","@id":"https:\/\/www.esplac.cat\/es\/convocatories-coordinacio-projectes-sector-barcelones-nord-coordinacio-projectes-internacionals\/#article","isPartOf":{"@id":"https:\/\/www.esplac.cat\/es\/convocatories-coordinacio-projectes-sector-barcelones-nord-coordinacio-projectes-internacionals\/"},"author":{"name":"Comunicaci\u00f3 Esplac","@id":"https:\/\/www.esplac.cat\/#\/schema\/person\/908383cf240be18b68f8855d0583faca"},"headline":"Convocat\u00f2ries Coordinaci\u00f3 de projectes del Sector Barcelon\u00e8s Nord i Coordinaci\u00f3 de projectes Internacionals","datePublished":"2013-11-04T12:02:47+00:00","mainEntityOfPage":{"@id":"https:\/\/www.esplac.cat\/es\/convocatories-coordinacio-projectes-sector-barcelones-nord-coordinacio-projectes-internacionals\/"},"wordCount":148,"commentCount":0,"publisher":{"@id":"https:\/\/www.esplac.cat\/#organization"},"keywords":["ofertes de feina","sector Barcelon\u00e8s Nord"],"articleSection":["Activitats sectors","Secretaria T\u00e8cnica","Sector Baix Bes\u00f2s"],"inLanguage":"en-US","potentialAction":[{"@type":"CommentAction","name":"Comment","target":["https:\/\/www.esplac.cat\/es\/convocatories-coordinacio-projectes-sector-barcelones-nord-coordinacio-projectes-internacionals\/#respond"]}]},{"@type":"WebPage","@id":"https:\/\/www.esplac.cat\/es\/convocatories-coordinacio-projectes-sector-barcelones-nord-coordinacio-projectes-internacionals\/","url":"https:\/\/www.esplac.cat\/es\/convocatories-coordinacio-projectes-sector-barcelones-nord-coordinacio-projectes-internacionals\/","name":"Convocat\u00f2ries Coordinaci\u00f3 de projectes del Sector Barcelon\u00e8s Nord i Coordinaci\u00f3 de projectes Internacionals - Esplac","isPartOf":{"@id":"https:\/\/www.esplac.cat\/#website"},"datePublished":"2013-11-04T12:02:47+00:00","breadcrumb":{"@id":"https:\/\/www.esplac.cat\/es\/convocatories-coordinacio-projectes-sector-barcelones-nord-coordinacio-projectes-internacionals\/#breadcrumb"},"inLanguage":"en-US","potentialAction":[{"@type":"ReadAction","target":["https:\/\/www.esplac.cat\/es\/convocatories-coordinacio-projectes-sector-barcelones-nord-coordinacio-projectes-internacionals\/"]}]},{"@type":"BreadcrumbList","@id":"https:\/\/www.esplac.cat\/es\/convocatories-coordinacio-projectes-sector-barcelones-nord-coordinacio-projectes-internacionals\/#breadcrumb","itemListElement":[{"@type":"ListItem","position":1,"name":"Inici","item":"https:\/\/www.esplac.cat\/en\/"},{"@type":"ListItem","position":2,"name":"Convocat\u00f2ries Coordinaci\u00f3 de projectes del Sector Barcelon\u00e8s Nord i Coordinaci\u00f3 de projectes Internacionals"}]},{"@type":"WebSite","@id":"https:\/\/www.esplac.cat\/#website","url":"https:\/\/www.esplac.cat\/","name":"Esplac","description":"Esplais Catalans","publisher":{"@id":"https:\/\/www.esplac.cat\/#organization"},"potentialAction":[{"@type":"SearchAction","target":{"@type":"EntryPoint","urlTemplate":"https:\/\/www.esplac.cat\/?s={search_term_string}"},"query-input":{"@type":"PropertyValueSpecification","valueRequired":true,"valueName":"search_term_string"}}],"inLanguage":"en-US"},{"@type":"Organization","@id":"https:\/\/www.esplac.cat\/#organization","name":"Esplac","url":"https:\/\/www.esplac.cat\/","logo":{"@type":"ImageObject","inLanguage":"en-US","@id":"https:\/\/www.esplac.cat\/#\/schema\/logo\/image\/","url":"https:\/\/www.esplac.cat\/wp-content\/uploads\/2019\/08\/logox2.png","contentUrl":"https:\/\/www.esplac.cat\/wp-content\/uploads\/2019\/08\/logox2.png","width":600,"height":295,"caption":"Esplac"},"image":{"@id":"https:\/\/www.esplac.cat\/#\/schema\/logo\/image\/"}},{"@type":"Person","@id":"https:\/\/www.esplac.cat\/#\/schema\/person\/908383cf240be18b68f8855d0583faca","name":"Comunicaci\u00f3 Esplac","image":{"@type":"ImageObject","inLanguage":"en-US","@id":"https:\/\/secure.gravatar.com\/avatar\/7a4cf8feb412a76ea4a740ca02d95b06b2907b5a6c648c2dd0a1082a093c3141?s=96&d=mm&r=g","url":"https:\/\/secure.gravatar.com\/avatar\/7a4cf8feb412a76ea4a740ca02d95b06b2907b5a6c648c2dd0a1082a093c3141?s=96&d=mm&r=g","contentUrl":"https:\/\/secure.gravatar.com\/avatar\/7a4cf8feb412a76ea4a740ca02d95b06b2907b5a6c648c2dd0a1082a093c3141?s=96&d=mm&r=g","caption":"Comunicaci\u00f3 Esplac"}}]}},"_links":{"self":[{"href":"https:\/\/www.esplac.cat\/en\/wp-json\/wp\/v2\/posts\/25856","targetHints":{"allow":["GET"]}}],"collection":[{"href":"https:\/\/www.esplac.cat\/en\/wp-json\/wp\/v2\/posts"}],"about":[{"href":"https:\/\/www.esplac.cat\/en\/wp-json\/wp\/v2\/types\/post"}],"author":[{"embeddable":true,"href":"https:\/\/www.esplac.cat\/en\/wp-json\/wp\/v2\/users\/3"}],"replies":[{"embeddable":true,"href":"https:\/\/www.esplac.cat\/en\/wp-json\/wp\/v2\/comments?post=25856"}],"version-history":[{"count":0,"href":"https:\/\/www.esplac.cat\/en\/wp-json\/wp\/v2\/posts\/25856\/revisions"}],"wp:attachment":[{"href":"https:\/\/www.esplac.cat\/en\/wp-json\/wp\/v2\/media?parent=25856"}],"wp:term":[{"taxonomy":"category","embeddable":true,"href":"https:\/\/www.esplac.cat\/en\/wp-json\/wp\/v2\/categories?post=25856"},{"taxonomy":"post_tag","embeddable":true,"href":"https:\/\/www.esplac.cat\/en\/wp-json\/wp\/v2\/tags?post=25856"}],"curies":[{"name":"wp","href":"https:\/\/api.w.org\/{rel}","templated":true}]}}