{"id":25860,"date":"2013-10-16T18:40:53","date_gmt":"2013-10-16T16:40:53","guid":{"rendered":"http:\/\/esplac.cat\/?p=4095"},"modified":"2013-10-16T18:40:53","modified_gmt":"2013-10-16T16:40:53","slug":"comunicacio-projecte-socis-esplai","status":"publish","type":"post","link":"https:\/\/www.esplac.cat\/en\/comunicacio-projecte-socis-esplai\/","title":{"rendered":"Bona pr\u00e0ctica: comunicaci\u00f3 del projecte de socis de l&#8217;esplai"},"content":{"rendered":"<p><!--:CA--><\/p>\n<p style=\"text-align: left;\" align=\"JUSTIFY\">Tornem a comen\u00e7ar el nou curs, i seguim amb l&#8217;espai d&#8217;intercanvi de les <a href=\"http:\/\/esplac.cat\/tag\/bones-practiques\/\"><strong>bones pr\u00e0ctiques dels esplais<\/strong><\/a>! Anirem recollint-les peri\u00f2dicament a trav\u00e9s de la web, per donar a con\u00e8ixer el que fem i incorporar noves praxis i idees en el nostre dia a dia.<\/p>\n<p style=\"text-align: left;\" align=\"JUSTIFY\">Per comen\u00e7ar el nou curs, res millor que una pr\u00e0ctica relacionada amb l&#8217;\u00e0mbit de la <strong>comunicaci\u00f3 a l&#8217;esplai<\/strong>. I \u00e9s que l&#8217;<a href=\"http:\/\/esplac.cat\/mapa\/?esplai=greska&amp;poblacio=\">esplai Greska <\/a>de Sant Boi de Llobregat ha creat una <strong>imatge molt pr\u00e0ctica i creativa per a fer difusi\u00f3 del seu projecte de socis<\/strong>.<\/p>\n<p style=\"text-align: left;\" align=\"JUSTIFY\">Amb aquest recurs promouen la <strong>captaci\u00f3 de socis<\/strong>, que per aquest esplai \u00e9s un requisit indispensable per poder funcionar com una entitat assemble\u00e0ria i participativa, i aix\u00ed tamb\u00e9 ser coherents amb els seus estatuts. Amb aquest esquema visual ens expliquen el seu model d&#8217;associaci\u00f3 i engresquen als infants i a les fam\u00edlies a formar-ne part, tot informant-los dels passos a seguir per inscriure&#8217;s.<\/p>\n<p style=\"text-align: left;\" align=\"JUSTIFY\"><a href=\"http:\/\/esplac.cat\/wp-content\/uploads\/2013\/10\/imatge2.jpg\"><img decoding=\"async\" class=\"size-medium wp-image-4097 aligncenter\" title=\"esplai-greska-infografia-2\" src=\"http:\/\/esplac.cat\/wp-content\/uploads\/2013\/10\/imatge2-360x248.jpg\" alt=\"\" width=\"360\" height=\"248\" \/><\/a><em>* Fes clic per a ampliar les imatges<\/em><\/p>\n<p style=\"text-align: left;\" align=\"JUSTIFY\">Crear infografies visuals i esquem\u00e0tiques ens ajuda a poder fer arribar el nostre missatge a trav\u00e9s d&#8217;espais com la web de l&#8217;esplai, el bloc i fins i tot les xarxes socials d&#8217;una manera senzilla. En primer lloc hem de tenir present <strong>a quin p\u00fablic ens dirigim<\/strong>, perqu\u00e8 possiblement aix\u00f2 ens donar\u00e0 pistes de com fer el nostre disseny. Tamb\u00e9 <strong>hem de ser curosos amb el contingut i sintetitzar amb poques paraules el que volem dir per fer-ho senzill, directe i entenedor<\/strong>. L&#8217;\u00fas de <strong>colors i imatges<\/strong> representatives tamb\u00e9 ens ajudar\u00e0 a difondre millor all\u00f2 que volem transmetre.<\/p>\n<p style=\"text-align: left;\" align=\"JUSTIFY\"><a href=\"http:\/\/esplac.cat\/wp-content\/uploads\/2013\/10\/imatge1.jpg\"><img decoding=\"async\" class=\"size-medium wp-image-4096 aligncenter\" title=\"esplai-greska-infografia\" src=\"http:\/\/esplac.cat\/wp-content\/uploads\/2013\/10\/imatge1-360x248.jpg\" alt=\"\" width=\"360\" height=\"248\" \/><\/a><\/p>\n<p style=\"text-align: left;\" align=\"JUSTIFY\">No oblidem tenir present que les bones pr\u00e0ctiques en temes de comunicaci\u00f3 ens pot ajudar a promocionar i explicar el nostre model d&#8217;esplai. Tenim <strong>c\u00e0psules formatives i assessoraments sobre la comunicaci\u00f3 a l&#8217;esplai<\/strong> que us poden donar idees originals per a crear eines o millorar-les. No dubteu en demanar m\u00e9s informaci\u00f3 als coordinadors de projectes del territori si us interessa!<\/p>\n<p style=\"text-align: left;\" align=\"JUSTIFY\">I vosaltres, voleu compartir els vostres recursos per a la difusi\u00f3 de les activitats i projectes?<\/p>\n<p style=\"text-align: left;\" align=\"JUSTIFY\">Molt bona feina esplai Greska!<\/p>\n<p><!--:--><!--:es-->&nbsp;<\/p>\n<p><!--:--><!--:en-->&nbsp;<\/p>\n<p><!--:--><!--:fr-->&nbsp;<\/p>\n<p><!--:--><\/p>\n","protected":false},"excerpt":{"rendered":"<p>Tornem a comen\u00e7ar el nou curs, i seguim amb l&#8217;espai [&hellip;]<\/p>\n","protected":false},"author":3,"featured_media":7734,"comment_status":"open","ping_status":"open","sticky":false,"template":"","format":"standard","meta":{"om_disable_all_campaigns":false,"_monsterinsights_skip_tracking":false,"_monsterinsights_sitenote_active":false,"_monsterinsights_sitenote_note":"","_monsterinsights_sitenote_category":0,"_uf_show_specific_survey":0,"_uf_disable_surveys":false,"footnotes":""},"categories":[1121],"tags":[67,94,173],"class_list":["post-25860","post","type-post","status-publish","format-standard","has-post-thumbnail","hentry","category-bones-practiques-2","tag-bones-practiques","tag-comunicacio","tag-socis"],"yoast_head":"<!-- This site is optimized with the Yoast SEO plugin v27.4 - https:\/\/yoast.com\/product\/yoast-seo-wordpress\/ -->\n<title>Bona pr\u00e0ctica: comunicaci\u00f3 del projecte de socis de l&#039;esplai - Esplac<\/title>\n<meta name=\"robots\" content=\"index, follow, max-snippet:-1, max-image-preview:large, max-video-preview:-1\" \/>\n<link rel=\"canonical\" href=\"https:\/\/www.esplac.cat\/comunicacio-projecte-socis-esplai\/\" \/>\n<meta property=\"og:locale\" content=\"en_US\" \/>\n<meta property=\"og:type\" content=\"article\" \/>\n<meta property=\"og:title\" content=\"Bona pr\u00e0ctica: comunicaci\u00f3 del projecte de socis de l&#039;esplai - Esplac\" \/>\n<meta property=\"og:description\" content=\"Tornem a comen\u00e7ar el nou curs, i seguim amb l&#8217;espai [&hellip;]\" \/>\n<meta property=\"og:url\" content=\"https:\/\/www.esplac.cat\/comunicacio-projecte-socis-esplai\/\" \/>\n<meta property=\"og:site_name\" content=\"Esplac\" \/>\n<meta property=\"article:published_time\" content=\"2013-10-16T16:40:53+00:00\" \/>\n<meta property=\"og:image\" content=\"https:\/\/www.esplac.cat\/wp-content\/uploads\/2019\/11\/logo-open.jpg\" \/>\n\t<meta property=\"og:image:width\" content=\"1200\" \/>\n\t<meta property=\"og:image:height\" content=\"630\" \/>\n\t<meta property=\"og:image:type\" content=\"image\/jpeg\" \/>\n<meta name=\"author\" content=\"Comunicaci\u00f3 Esplac\" \/>\n<meta name=\"twitter:card\" content=\"summary_large_image\" \/>\n<meta name=\"twitter:label1\" content=\"Written by\" \/>\n\t<meta name=\"twitter:data1\" content=\"Comunicaci\u00f3 Esplac\" \/>\n\t<meta name=\"twitter:label2\" content=\"Est. reading time\" \/>\n\t<meta name=\"twitter:data2\" content=\"2 minutes\" \/>\n<script type=\"application\/ld+json\" class=\"yoast-schema-graph\">{\"@context\":\"https:\\\/\\\/schema.org\",\"@graph\":[{\"@type\":\"Article\",\"@id\":\"https:\\\/\\\/www.esplac.cat\\\/comunicacio-projecte-socis-esplai\\\/#article\",\"isPartOf\":{\"@id\":\"https:\\\/\\\/www.esplac.cat\\\/comunicacio-projecte-socis-esplai\\\/\"},\"author\":{\"name\":\"Comunicaci\u00f3 Esplac\",\"@id\":\"https:\\\/\\\/www.esplac.cat\\\/#\\\/schema\\\/person\\\/908383cf240be18b68f8855d0583faca\"},\"headline\":\"Bona pr\u00e0ctica: comunicaci\u00f3 del projecte de socis de l&#8217;esplai\",\"datePublished\":\"2013-10-16T16:40:53+00:00\",\"mainEntityOfPage\":{\"@id\":\"https:\\\/\\\/www.esplac.cat\\\/comunicacio-projecte-socis-esplai\\\/\"},\"wordCount\":380,\"commentCount\":0,\"publisher\":{\"@id\":\"https:\\\/\\\/www.esplac.cat\\\/#organization\"},\"image\":{\"@id\":\"https:\\\/\\\/www.esplac.cat\\\/comunicacio-projecte-socis-esplai\\\/#primaryimage\"},\"thumbnailUrl\":\"\",\"keywords\":[\"bones pr\u00e0ctiques\",\"comunicaci\u00f3\",\"socis\"],\"articleSection\":[\"Bones pr\u00e0ctiques\"],\"inLanguage\":\"en-US\",\"potentialAction\":[{\"@type\":\"CommentAction\",\"name\":\"Comment\",\"target\":[\"https:\\\/\\\/www.esplac.cat\\\/comunicacio-projecte-socis-esplai\\\/#respond\"]}]},{\"@type\":\"WebPage\",\"@id\":\"https:\\\/\\\/www.esplac.cat\\\/comunicacio-projecte-socis-esplai\\\/\",\"url\":\"https:\\\/\\\/www.esplac.cat\\\/comunicacio-projecte-socis-esplai\\\/\",\"name\":\"Bona pr\u00e0ctica: comunicaci\u00f3 del projecte de socis de l'esplai - Esplac\",\"isPartOf\":{\"@id\":\"https:\\\/\\\/www.esplac.cat\\\/#website\"},\"primaryImageOfPage\":{\"@id\":\"https:\\\/\\\/www.esplac.cat\\\/comunicacio-projecte-socis-esplai\\\/#primaryimage\"},\"image\":{\"@id\":\"https:\\\/\\\/www.esplac.cat\\\/comunicacio-projecte-socis-esplai\\\/#primaryimage\"},\"thumbnailUrl\":\"\",\"datePublished\":\"2013-10-16T16:40:53+00:00\",\"breadcrumb\":{\"@id\":\"https:\\\/\\\/www.esplac.cat\\\/comunicacio-projecte-socis-esplai\\\/#breadcrumb\"},\"inLanguage\":\"en-US\",\"potentialAction\":[{\"@type\":\"ReadAction\",\"target\":[\"https:\\\/\\\/www.esplac.cat\\\/comunicacio-projecte-socis-esplai\\\/\"]}]},{\"@type\":\"ImageObject\",\"inLanguage\":\"en-US\",\"@id\":\"https:\\\/\\\/www.esplac.cat\\\/comunicacio-projecte-socis-esplai\\\/#primaryimage\",\"url\":\"\",\"contentUrl\":\"\"},{\"@type\":\"BreadcrumbList\",\"@id\":\"https:\\\/\\\/www.esplac.cat\\\/comunicacio-projecte-socis-esplai\\\/#breadcrumb\",\"itemListElement\":[{\"@type\":\"ListItem\",\"position\":1,\"name\":\"Inici\",\"item\":\"https:\\\/\\\/www.esplac.cat\\\/en\\\/\"},{\"@type\":\"ListItem\",\"position\":2,\"name\":\"Bona pr\u00e0ctica: comunicaci\u00f3 del projecte de socis de l&#8217;esplai\"}]},{\"@type\":\"WebSite\",\"@id\":\"https:\\\/\\\/www.esplac.cat\\\/#website\",\"url\":\"https:\\\/\\\/www.esplac.cat\\\/\",\"name\":\"Esplac\",\"description\":\"Esplais Catalans\",\"publisher\":{\"@id\":\"https:\\\/\\\/www.esplac.cat\\\/#organization\"},\"potentialAction\":[{\"@type\":\"SearchAction\",\"target\":{\"@type\":\"EntryPoint\",\"urlTemplate\":\"https:\\\/\\\/www.esplac.cat\\\/?s={search_term_string}\"},\"query-input\":{\"@type\":\"PropertyValueSpecification\",\"valueRequired\":true,\"valueName\":\"search_term_string\"}}],\"inLanguage\":\"en-US\"},{\"@type\":\"Organization\",\"@id\":\"https:\\\/\\\/www.esplac.cat\\\/#organization\",\"name\":\"Esplac\",\"url\":\"https:\\\/\\\/www.esplac.cat\\\/\",\"logo\":{\"@type\":\"ImageObject\",\"inLanguage\":\"en-US\",\"@id\":\"https:\\\/\\\/www.esplac.cat\\\/#\\\/schema\\\/logo\\\/image\\\/\",\"url\":\"https:\\\/\\\/www.esplac.cat\\\/wp-content\\\/uploads\\\/2019\\\/08\\\/logox2.png\",\"contentUrl\":\"https:\\\/\\\/www.esplac.cat\\\/wp-content\\\/uploads\\\/2019\\\/08\\\/logox2.png\",\"width\":600,\"height\":295,\"caption\":\"Esplac\"},\"image\":{\"@id\":\"https:\\\/\\\/www.esplac.cat\\\/#\\\/schema\\\/logo\\\/image\\\/\"}},{\"@type\":\"Person\",\"@id\":\"https:\\\/\\\/www.esplac.cat\\\/#\\\/schema\\\/person\\\/908383cf240be18b68f8855d0583faca\",\"name\":\"Comunicaci\u00f3 Esplac\",\"image\":{\"@type\":\"ImageObject\",\"inLanguage\":\"en-US\",\"@id\":\"https:\\\/\\\/secure.gravatar.com\\\/avatar\\\/7a4cf8feb412a76ea4a740ca02d95b06b2907b5a6c648c2dd0a1082a093c3141?s=96&d=mm&r=g\",\"url\":\"https:\\\/\\\/secure.gravatar.com\\\/avatar\\\/7a4cf8feb412a76ea4a740ca02d95b06b2907b5a6c648c2dd0a1082a093c3141?s=96&d=mm&r=g\",\"contentUrl\":\"https:\\\/\\\/secure.gravatar.com\\\/avatar\\\/7a4cf8feb412a76ea4a740ca02d95b06b2907b5a6c648c2dd0a1082a093c3141?s=96&d=mm&r=g\",\"caption\":\"Comunicaci\u00f3 Esplac\"}}]}<\/script>\n<!-- \/ Yoast SEO plugin. -->","yoast_head_json":{"title":"Bona pr\u00e0ctica: comunicaci\u00f3 del projecte de socis de l'esplai - Esplac","robots":{"index":"index","follow":"follow","max-snippet":"max-snippet:-1","max-image-preview":"max-image-preview:large","max-video-preview":"max-video-preview:-1"},"canonical":"https:\/\/www.esplac.cat\/comunicacio-projecte-socis-esplai\/","og_locale":"en_US","og_type":"article","og_title":"Bona pr\u00e0ctica: comunicaci\u00f3 del projecte de socis de l'esplai - Esplac","og_description":"Tornem a comen\u00e7ar el nou curs, i seguim amb l&#8217;espai [&hellip;]","og_url":"https:\/\/www.esplac.cat\/comunicacio-projecte-socis-esplai\/","og_site_name":"Esplac","article_published_time":"2013-10-16T16:40:53+00:00","og_image":[{"width":1200,"height":630,"url":"https:\/\/www.esplac.cat\/wp-content\/uploads\/2019\/11\/logo-open.jpg","type":"image\/jpeg"}],"author":"Comunicaci\u00f3 Esplac","twitter_card":"summary_large_image","twitter_misc":{"Written by":"Comunicaci\u00f3 Esplac","Est. reading time":"2 minutes"},"schema":{"@context":"https:\/\/schema.org","@graph":[{"@type":"Article","@id":"https:\/\/www.esplac.cat\/comunicacio-projecte-socis-esplai\/#article","isPartOf":{"@id":"https:\/\/www.esplac.cat\/comunicacio-projecte-socis-esplai\/"},"author":{"name":"Comunicaci\u00f3 Esplac","@id":"https:\/\/www.esplac.cat\/#\/schema\/person\/908383cf240be18b68f8855d0583faca"},"headline":"Bona pr\u00e0ctica: comunicaci\u00f3 del projecte de socis de l&#8217;esplai","datePublished":"2013-10-16T16:40:53+00:00","mainEntityOfPage":{"@id":"https:\/\/www.esplac.cat\/comunicacio-projecte-socis-esplai\/"},"wordCount":380,"commentCount":0,"publisher":{"@id":"https:\/\/www.esplac.cat\/#organization"},"image":{"@id":"https:\/\/www.esplac.cat\/comunicacio-projecte-socis-esplai\/#primaryimage"},"thumbnailUrl":"","keywords":["bones pr\u00e0ctiques","comunicaci\u00f3","socis"],"articleSection":["Bones pr\u00e0ctiques"],"inLanguage":"en-US","potentialAction":[{"@type":"CommentAction","name":"Comment","target":["https:\/\/www.esplac.cat\/comunicacio-projecte-socis-esplai\/#respond"]}]},{"@type":"WebPage","@id":"https:\/\/www.esplac.cat\/comunicacio-projecte-socis-esplai\/","url":"https:\/\/www.esplac.cat\/comunicacio-projecte-socis-esplai\/","name":"Bona pr\u00e0ctica: comunicaci\u00f3 del projecte de socis de l'esplai - Esplac","isPartOf":{"@id":"https:\/\/www.esplac.cat\/#website"},"primaryImageOfPage":{"@id":"https:\/\/www.esplac.cat\/comunicacio-projecte-socis-esplai\/#primaryimage"},"image":{"@id":"https:\/\/www.esplac.cat\/comunicacio-projecte-socis-esplai\/#primaryimage"},"thumbnailUrl":"","datePublished":"2013-10-16T16:40:53+00:00","breadcrumb":{"@id":"https:\/\/www.esplac.cat\/comunicacio-projecte-socis-esplai\/#breadcrumb"},"inLanguage":"en-US","potentialAction":[{"@type":"ReadAction","target":["https:\/\/www.esplac.cat\/comunicacio-projecte-socis-esplai\/"]}]},{"@type":"ImageObject","inLanguage":"en-US","@id":"https:\/\/www.esplac.cat\/comunicacio-projecte-socis-esplai\/#primaryimage","url":"","contentUrl":""},{"@type":"BreadcrumbList","@id":"https:\/\/www.esplac.cat\/comunicacio-projecte-socis-esplai\/#breadcrumb","itemListElement":[{"@type":"ListItem","position":1,"name":"Inici","item":"https:\/\/www.esplac.cat\/en\/"},{"@type":"ListItem","position":2,"name":"Bona pr\u00e0ctica: comunicaci\u00f3 del projecte de socis de l&#8217;esplai"}]},{"@type":"WebSite","@id":"https:\/\/www.esplac.cat\/#website","url":"https:\/\/www.esplac.cat\/","name":"Esplac","description":"Esplais Catalans","publisher":{"@id":"https:\/\/www.esplac.cat\/#organization"},"potentialAction":[{"@type":"SearchAction","target":{"@type":"EntryPoint","urlTemplate":"https:\/\/www.esplac.cat\/?s={search_term_string}"},"query-input":{"@type":"PropertyValueSpecification","valueRequired":true,"valueName":"search_term_string"}}],"inLanguage":"en-US"},{"@type":"Organization","@id":"https:\/\/www.esplac.cat\/#organization","name":"Esplac","url":"https:\/\/www.esplac.cat\/","logo":{"@type":"ImageObject","inLanguage":"en-US","@id":"https:\/\/www.esplac.cat\/#\/schema\/logo\/image\/","url":"https:\/\/www.esplac.cat\/wp-content\/uploads\/2019\/08\/logox2.png","contentUrl":"https:\/\/www.esplac.cat\/wp-content\/uploads\/2019\/08\/logox2.png","width":600,"height":295,"caption":"Esplac"},"image":{"@id":"https:\/\/www.esplac.cat\/#\/schema\/logo\/image\/"}},{"@type":"Person","@id":"https:\/\/www.esplac.cat\/#\/schema\/person\/908383cf240be18b68f8855d0583faca","name":"Comunicaci\u00f3 Esplac","image":{"@type":"ImageObject","inLanguage":"en-US","@id":"https:\/\/secure.gravatar.com\/avatar\/7a4cf8feb412a76ea4a740ca02d95b06b2907b5a6c648c2dd0a1082a093c3141?s=96&d=mm&r=g","url":"https:\/\/secure.gravatar.com\/avatar\/7a4cf8feb412a76ea4a740ca02d95b06b2907b5a6c648c2dd0a1082a093c3141?s=96&d=mm&r=g","contentUrl":"https:\/\/secure.gravatar.com\/avatar\/7a4cf8feb412a76ea4a740ca02d95b06b2907b5a6c648c2dd0a1082a093c3141?s=96&d=mm&r=g","caption":"Comunicaci\u00f3 Esplac"}}]}},"_links":{"self":[{"href":"https:\/\/www.esplac.cat\/en\/wp-json\/wp\/v2\/posts\/25860","targetHints":{"allow":["GET"]}}],"collection":[{"href":"https:\/\/www.esplac.cat\/en\/wp-json\/wp\/v2\/posts"}],"about":[{"href":"https:\/\/www.esplac.cat\/en\/wp-json\/wp\/v2\/types\/post"}],"author":[{"embeddable":true,"href":"https:\/\/www.esplac.cat\/en\/wp-json\/wp\/v2\/users\/3"}],"replies":[{"embeddable":true,"href":"https:\/\/www.esplac.cat\/en\/wp-json\/wp\/v2\/comments?post=25860"}],"version-history":[{"count":0,"href":"https:\/\/www.esplac.cat\/en\/wp-json\/wp\/v2\/posts\/25860\/revisions"}],"wp:featuredmedia":[{"embeddable":true,"href":"https:\/\/www.esplac.cat\/en\/wp-json\/"}],"wp:attachment":[{"href":"https:\/\/www.esplac.cat\/en\/wp-json\/wp\/v2\/media?parent=25860"}],"wp:term":[{"taxonomy":"category","embeddable":true,"href":"https:\/\/www.esplac.cat\/en\/wp-json\/wp\/v2\/categories?post=25860"},{"taxonomy":"post_tag","embeddable":true,"href":"https:\/\/www.esplac.cat\/en\/wp-json\/wp\/v2\/tags?post=25860"}],"curies":[{"name":"wp","href":"https:\/\/api.w.org\/{rel}","templated":true}]}}