{"id":25863,"date":"2013-10-11T13:06:02","date_gmt":"2013-10-11T11:06:02","guid":{"rendered":"http:\/\/esplac.cat\/?p=4071"},"modified":"2013-10-11T13:06:02","modified_gmt":"2013-10-11T11:06:02","slug":"monis-zig-zag-assemblea-sector-penedes-garraf","status":"publish","type":"post","link":"https:\/\/www.esplac.cat\/en\/monis-zig-zag-assemblea-sector-penedes-garraf\/","title":{"rendered":"Els monis del Zig-Zag hem estat a l\u2019Assemblea del Sector Pened\u00e8s-Garraf!"},"content":{"rendered":"<p><!--:CA--><strong>Font:<\/strong>\u00a0<a title=\"bloc esplai zig zag\" href=\"http:\/\/esplaizigzagdelvendrell.wordpress.com\/2013\/10\/08\/els-monis-del-zig-zag-hem-estat-a-lago-del-sector-penedes-garraf\/\" target=\"_blank\" rel=\"noopener noreferrer\">bloc de l&#8217;esplai Zig-Zag<\/a><\/p>\n<p>Sovint els monitors\/es parlem d\u2019un model d\u2019esplai, de la participaci\u00f3, de l\u2019organitzaci\u00f3 assemble\u00e0ria, de transpar\u00e8ncia i altres termes que ens poden sonar una mica ut\u00f2pics. S\u00f3n els fonaments del nostre ideari i ho fem realitat cada any a l\u2019Assemblea General Ordin\u00e0ria (AGO).<\/p>\n<p>El passat diumenge 6 d\u2019octubre, l\u2019AGO del Sector Pened\u00e8s-Garraf i Anoia va tenir lloc a l\u2019Ermita de Vilanova i la Geltr\u00fa, seu de l\u2019Esplai Drac M\u00e0gic. Despr\u00e9s d\u2019un bon esmorzar on ens vam retrobar monitors i monitores del Sector, es va presentar l\u2019assemblea i tot seguit vam aprovar la Mem\u00f2ria 2012-2013 on es recollien totes les accions assolides com a Sector en el curs passat. El segon punt de l\u2019ordre del dia corresponia amb la presentaci\u00f3 de l\u2019Equip General de Sector, en el qual enguany s\u2019incorporen tres monis m\u00e9s: l\u2019Arnau de l\u2019Esplai GER i la Marta i l\u2019Alba de l\u2019Esplai Zig-Zag, amb quatre EGS veterans: la Maite i l\u2019Eloi de l\u2019Esplai MIV i la Marta i el Guillem de l\u2019Esplai Drac M\u00e0gic.<\/p>\n<p>La segona part del mat\u00ed es va encarar a revisar i formar les l\u00ednies i accions que uneixen els esplais dins el Sector. Participaci\u00f3, model d\u2019esplai, decreixement i atenci\u00f3 personalitzada s\u00f3n els quatre eixos on s\u2019organitzen els diferents objectius per assolir durant el curs, per exemple; fomentar l\u2019educaci\u00f3 ambiental i responsable, millorar els espais de debat, potenciar el treball en xarxa, donar a con\u00e8ixer el suport d\u2019Esplac, etc. De la teoria es passa a la pr\u00e0ctica amb activitats com el Cal\u00e7a\u2019t (formacions de monitors), Trobada Drets dels Infants, Trobada General de Sector, Banc de recursos (eines i recursos pel dia a dia de l\u2019esplai), visites personalitzades dels EGS als esplais, etc.<\/p>\n<p>Finalment, tots vam participar en la gesti\u00f3 responsable del pressupost per portar a terme les accions d\u2019aquest curs 2013-2014 i vam enllestir la jornada amb un dinar per a tots els presents a l\u2019AGO.<!--:--><!--:es-->&nbsp;<\/p>\n<p><!--:--><!--:en-->&nbsp;<\/p>\n<p><!--:--><!--:fr-->&nbsp;<\/p>\n<p><!--:--><\/p>\n","protected":false},"excerpt":{"rendered":"<p>Font:\u00a0bloc de l&#8217;esplai Zig-Zag Sovint els monitors\/es parlem d\u2019un model [&hellip;]<\/p>\n","protected":false},"author":3,"featured_media":25600,"comment_status":"open","ping_status":"open","sticky":false,"template":"","format":"standard","meta":{"om_disable_all_campaigns":false,"_monsterinsights_skip_tracking":false,"_monsterinsights_sitenote_active":false,"_monsterinsights_sitenote_note":"","_monsterinsights_sitenote_category":0,"_uf_show_specific_survey":0,"_uf_disable_surveys":false,"footnotes":""},"categories":[1110,1123],"tags":[11,106],"class_list":["post-25863","post","type-post","status-publish","format-standard","has-post-thumbnail","hentry","category-activitats-sectors","category-sector-penedes-garraf-anoia","tag-assemblea","tag-sector-penedes-garraf"],"yoast_head":"<!-- This site is optimized with the Yoast SEO plugin v27.4 - https:\/\/yoast.com\/product\/yoast-seo-wordpress\/ -->\n<title>Els monis del Zig-Zag hem estat a l\u2019Assemblea del Sector Pened\u00e8s-Garraf! - Esplac<\/title>\n<meta name=\"robots\" content=\"index, follow, max-snippet:-1, max-image-preview:large, max-video-preview:-1\" \/>\n<link rel=\"canonical\" href=\"https:\/\/www.esplac.cat\/monis-zig-zag-assemblea-sector-penedes-garraf\/\" \/>\n<meta property=\"og:locale\" content=\"en_US\" \/>\n<meta property=\"og:type\" content=\"article\" \/>\n<meta property=\"og:title\" content=\"Els monis del Zig-Zag hem estat a l\u2019Assemblea del Sector Pened\u00e8s-Garraf! - Esplac\" \/>\n<meta property=\"og:description\" content=\"Font:\u00a0bloc de l&#8217;esplai Zig-Zag Sovint els monitors\/es parlem d\u2019un model [&hellip;]\" \/>\n<meta property=\"og:url\" content=\"https:\/\/www.esplac.cat\/monis-zig-zag-assemblea-sector-penedes-garraf\/\" \/>\n<meta property=\"og:site_name\" content=\"Esplac\" \/>\n<meta property=\"article:published_time\" content=\"2013-10-11T11:06:02+00:00\" \/>\n<meta property=\"og:image\" content=\"https:\/\/www.esplac.cat\/wp-content\/uploads\/2012\/10\/curs_monitors_escola_sol-e1351092774841.jpeg\" \/>\n\t<meta property=\"og:image:width\" content=\"719\" \/>\n\t<meta property=\"og:image:height\" content=\"336\" \/>\n\t<meta property=\"og:image:type\" content=\"image\/jpeg\" \/>\n<meta name=\"author\" content=\"Comunicaci\u00f3 Esplac\" \/>\n<meta name=\"twitter:card\" content=\"summary_large_image\" \/>\n<meta name=\"twitter:label1\" content=\"Written by\" \/>\n\t<meta name=\"twitter:data1\" content=\"Comunicaci\u00f3 Esplac\" \/>\n\t<meta name=\"twitter:label2\" content=\"Est. reading time\" \/>\n\t<meta name=\"twitter:data2\" content=\"2 minutes\" \/>\n<script type=\"application\/ld+json\" class=\"yoast-schema-graph\">{\"@context\":\"https:\\\/\\\/schema.org\",\"@graph\":[{\"@type\":\"Article\",\"@id\":\"https:\\\/\\\/www.esplac.cat\\\/monis-zig-zag-assemblea-sector-penedes-garraf\\\/#article\",\"isPartOf\":{\"@id\":\"https:\\\/\\\/www.esplac.cat\\\/monis-zig-zag-assemblea-sector-penedes-garraf\\\/\"},\"author\":{\"name\":\"Comunicaci\u00f3 Esplac\",\"@id\":\"https:\\\/\\\/www.esplac.cat\\\/#\\\/schema\\\/person\\\/908383cf240be18b68f8855d0583faca\"},\"headline\":\"Els monis del Zig-Zag hem estat a l\u2019Assemblea del Sector Pened\u00e8s-Garraf!\",\"datePublished\":\"2013-10-11T11:06:02+00:00\",\"mainEntityOfPage\":{\"@id\":\"https:\\\/\\\/www.esplac.cat\\\/monis-zig-zag-assemblea-sector-penedes-garraf\\\/\"},\"wordCount\":375,\"commentCount\":0,\"publisher\":{\"@id\":\"https:\\\/\\\/www.esplac.cat\\\/#organization\"},\"image\":{\"@id\":\"https:\\\/\\\/www.esplac.cat\\\/monis-zig-zag-assemblea-sector-penedes-garraf\\\/#primaryimage\"},\"thumbnailUrl\":\"https:\\\/\\\/www.esplac.cat\\\/wp-content\\\/uploads\\\/2012\\\/10\\\/curs_monitors_escola_sol-e1351092774841.jpeg\",\"keywords\":[\"assemblea\",\"Sector Pened\u00e8s-Garraf\"],\"articleSection\":[\"Activitats sectors\",\"Sector Pened\u00e8s, Garraf i Anoia\"],\"inLanguage\":\"en-US\",\"potentialAction\":[{\"@type\":\"CommentAction\",\"name\":\"Comment\",\"target\":[\"https:\\\/\\\/www.esplac.cat\\\/monis-zig-zag-assemblea-sector-penedes-garraf\\\/#respond\"]}]},{\"@type\":\"WebPage\",\"@id\":\"https:\\\/\\\/www.esplac.cat\\\/monis-zig-zag-assemblea-sector-penedes-garraf\\\/\",\"url\":\"https:\\\/\\\/www.esplac.cat\\\/monis-zig-zag-assemblea-sector-penedes-garraf\\\/\",\"name\":\"Els monis del Zig-Zag hem estat a l\u2019Assemblea del Sector Pened\u00e8s-Garraf! - Esplac\",\"isPartOf\":{\"@id\":\"https:\\\/\\\/www.esplac.cat\\\/#website\"},\"primaryImageOfPage\":{\"@id\":\"https:\\\/\\\/www.esplac.cat\\\/monis-zig-zag-assemblea-sector-penedes-garraf\\\/#primaryimage\"},\"image\":{\"@id\":\"https:\\\/\\\/www.esplac.cat\\\/monis-zig-zag-assemblea-sector-penedes-garraf\\\/#primaryimage\"},\"thumbnailUrl\":\"https:\\\/\\\/www.esplac.cat\\\/wp-content\\\/uploads\\\/2012\\\/10\\\/curs_monitors_escola_sol-e1351092774841.jpeg\",\"datePublished\":\"2013-10-11T11:06:02+00:00\",\"breadcrumb\":{\"@id\":\"https:\\\/\\\/www.esplac.cat\\\/monis-zig-zag-assemblea-sector-penedes-garraf\\\/#breadcrumb\"},\"inLanguage\":\"en-US\",\"potentialAction\":[{\"@type\":\"ReadAction\",\"target\":[\"https:\\\/\\\/www.esplac.cat\\\/monis-zig-zag-assemblea-sector-penedes-garraf\\\/\"]}]},{\"@type\":\"ImageObject\",\"inLanguage\":\"en-US\",\"@id\":\"https:\\\/\\\/www.esplac.cat\\\/monis-zig-zag-assemblea-sector-penedes-garraf\\\/#primaryimage\",\"url\":\"https:\\\/\\\/www.esplac.cat\\\/wp-content\\\/uploads\\\/2012\\\/10\\\/curs_monitors_escola_sol-e1351092774841.jpeg\",\"contentUrl\":\"https:\\\/\\\/www.esplac.cat\\\/wp-content\\\/uploads\\\/2012\\\/10\\\/curs_monitors_escola_sol-e1351092774841.jpeg\",\"width\":719,\"height\":336},{\"@type\":\"BreadcrumbList\",\"@id\":\"https:\\\/\\\/www.esplac.cat\\\/monis-zig-zag-assemblea-sector-penedes-garraf\\\/#breadcrumb\",\"itemListElement\":[{\"@type\":\"ListItem\",\"position\":1,\"name\":\"Inici\",\"item\":\"https:\\\/\\\/www.esplac.cat\\\/en\\\/\"},{\"@type\":\"ListItem\",\"position\":2,\"name\":\"Els monis del Zig-Zag hem estat a l\u2019Assemblea del Sector Pened\u00e8s-Garraf!\"}]},{\"@type\":\"WebSite\",\"@id\":\"https:\\\/\\\/www.esplac.cat\\\/#website\",\"url\":\"https:\\\/\\\/www.esplac.cat\\\/\",\"name\":\"Esplac\",\"description\":\"Esplais Catalans\",\"publisher\":{\"@id\":\"https:\\\/\\\/www.esplac.cat\\\/#organization\"},\"potentialAction\":[{\"@type\":\"SearchAction\",\"target\":{\"@type\":\"EntryPoint\",\"urlTemplate\":\"https:\\\/\\\/www.esplac.cat\\\/?s={search_term_string}\"},\"query-input\":{\"@type\":\"PropertyValueSpecification\",\"valueRequired\":true,\"valueName\":\"search_term_string\"}}],\"inLanguage\":\"en-US\"},{\"@type\":\"Organization\",\"@id\":\"https:\\\/\\\/www.esplac.cat\\\/#organization\",\"name\":\"Esplac\",\"url\":\"https:\\\/\\\/www.esplac.cat\\\/\",\"logo\":{\"@type\":\"ImageObject\",\"inLanguage\":\"en-US\",\"@id\":\"https:\\\/\\\/www.esplac.cat\\\/#\\\/schema\\\/logo\\\/image\\\/\",\"url\":\"https:\\\/\\\/www.esplac.cat\\\/wp-content\\\/uploads\\\/2019\\\/08\\\/logox2.png\",\"contentUrl\":\"https:\\\/\\\/www.esplac.cat\\\/wp-content\\\/uploads\\\/2019\\\/08\\\/logox2.png\",\"width\":600,\"height\":295,\"caption\":\"Esplac\"},\"image\":{\"@id\":\"https:\\\/\\\/www.esplac.cat\\\/#\\\/schema\\\/logo\\\/image\\\/\"}},{\"@type\":\"Person\",\"@id\":\"https:\\\/\\\/www.esplac.cat\\\/#\\\/schema\\\/person\\\/908383cf240be18b68f8855d0583faca\",\"name\":\"Comunicaci\u00f3 Esplac\",\"image\":{\"@type\":\"ImageObject\",\"inLanguage\":\"en-US\",\"@id\":\"https:\\\/\\\/secure.gravatar.com\\\/avatar\\\/7a4cf8feb412a76ea4a740ca02d95b06b2907b5a6c648c2dd0a1082a093c3141?s=96&d=mm&r=g\",\"url\":\"https:\\\/\\\/secure.gravatar.com\\\/avatar\\\/7a4cf8feb412a76ea4a740ca02d95b06b2907b5a6c648c2dd0a1082a093c3141?s=96&d=mm&r=g\",\"contentUrl\":\"https:\\\/\\\/secure.gravatar.com\\\/avatar\\\/7a4cf8feb412a76ea4a740ca02d95b06b2907b5a6c648c2dd0a1082a093c3141?s=96&d=mm&r=g\",\"caption\":\"Comunicaci\u00f3 Esplac\"}}]}<\/script>\n<!-- \/ Yoast SEO plugin. -->","yoast_head_json":{"title":"Els monis del Zig-Zag hem estat a l\u2019Assemblea del Sector Pened\u00e8s-Garraf! - Esplac","robots":{"index":"index","follow":"follow","max-snippet":"max-snippet:-1","max-image-preview":"max-image-preview:large","max-video-preview":"max-video-preview:-1"},"canonical":"https:\/\/www.esplac.cat\/monis-zig-zag-assemblea-sector-penedes-garraf\/","og_locale":"en_US","og_type":"article","og_title":"Els monis del Zig-Zag hem estat a l\u2019Assemblea del Sector Pened\u00e8s-Garraf! - Esplac","og_description":"Font:\u00a0bloc de l&#8217;esplai Zig-Zag Sovint els monitors\/es parlem d\u2019un model [&hellip;]","og_url":"https:\/\/www.esplac.cat\/monis-zig-zag-assemblea-sector-penedes-garraf\/","og_site_name":"Esplac","article_published_time":"2013-10-11T11:06:02+00:00","og_image":[{"width":719,"height":336,"url":"https:\/\/www.esplac.cat\/wp-content\/uploads\/2012\/10\/curs_monitors_escola_sol-e1351092774841.jpeg","type":"image\/jpeg"}],"author":"Comunicaci\u00f3 Esplac","twitter_card":"summary_large_image","twitter_misc":{"Written by":"Comunicaci\u00f3 Esplac","Est. reading time":"2 minutes"},"schema":{"@context":"https:\/\/schema.org","@graph":[{"@type":"Article","@id":"https:\/\/www.esplac.cat\/monis-zig-zag-assemblea-sector-penedes-garraf\/#article","isPartOf":{"@id":"https:\/\/www.esplac.cat\/monis-zig-zag-assemblea-sector-penedes-garraf\/"},"author":{"name":"Comunicaci\u00f3 Esplac","@id":"https:\/\/www.esplac.cat\/#\/schema\/person\/908383cf240be18b68f8855d0583faca"},"headline":"Els monis del Zig-Zag hem estat a l\u2019Assemblea del Sector Pened\u00e8s-Garraf!","datePublished":"2013-10-11T11:06:02+00:00","mainEntityOfPage":{"@id":"https:\/\/www.esplac.cat\/monis-zig-zag-assemblea-sector-penedes-garraf\/"},"wordCount":375,"commentCount":0,"publisher":{"@id":"https:\/\/www.esplac.cat\/#organization"},"image":{"@id":"https:\/\/www.esplac.cat\/monis-zig-zag-assemblea-sector-penedes-garraf\/#primaryimage"},"thumbnailUrl":"https:\/\/www.esplac.cat\/wp-content\/uploads\/2012\/10\/curs_monitors_escola_sol-e1351092774841.jpeg","keywords":["assemblea","Sector Pened\u00e8s-Garraf"],"articleSection":["Activitats sectors","Sector Pened\u00e8s, Garraf i Anoia"],"inLanguage":"en-US","potentialAction":[{"@type":"CommentAction","name":"Comment","target":["https:\/\/www.esplac.cat\/monis-zig-zag-assemblea-sector-penedes-garraf\/#respond"]}]},{"@type":"WebPage","@id":"https:\/\/www.esplac.cat\/monis-zig-zag-assemblea-sector-penedes-garraf\/","url":"https:\/\/www.esplac.cat\/monis-zig-zag-assemblea-sector-penedes-garraf\/","name":"Els monis del Zig-Zag hem estat a l\u2019Assemblea del Sector Pened\u00e8s-Garraf! - Esplac","isPartOf":{"@id":"https:\/\/www.esplac.cat\/#website"},"primaryImageOfPage":{"@id":"https:\/\/www.esplac.cat\/monis-zig-zag-assemblea-sector-penedes-garraf\/#primaryimage"},"image":{"@id":"https:\/\/www.esplac.cat\/monis-zig-zag-assemblea-sector-penedes-garraf\/#primaryimage"},"thumbnailUrl":"https:\/\/www.esplac.cat\/wp-content\/uploads\/2012\/10\/curs_monitors_escola_sol-e1351092774841.jpeg","datePublished":"2013-10-11T11:06:02+00:00","breadcrumb":{"@id":"https:\/\/www.esplac.cat\/monis-zig-zag-assemblea-sector-penedes-garraf\/#breadcrumb"},"inLanguage":"en-US","potentialAction":[{"@type":"ReadAction","target":["https:\/\/www.esplac.cat\/monis-zig-zag-assemblea-sector-penedes-garraf\/"]}]},{"@type":"ImageObject","inLanguage":"en-US","@id":"https:\/\/www.esplac.cat\/monis-zig-zag-assemblea-sector-penedes-garraf\/#primaryimage","url":"https:\/\/www.esplac.cat\/wp-content\/uploads\/2012\/10\/curs_monitors_escola_sol-e1351092774841.jpeg","contentUrl":"https:\/\/www.esplac.cat\/wp-content\/uploads\/2012\/10\/curs_monitors_escola_sol-e1351092774841.jpeg","width":719,"height":336},{"@type":"BreadcrumbList","@id":"https:\/\/www.esplac.cat\/monis-zig-zag-assemblea-sector-penedes-garraf\/#breadcrumb","itemListElement":[{"@type":"ListItem","position":1,"name":"Inici","item":"https:\/\/www.esplac.cat\/en\/"},{"@type":"ListItem","position":2,"name":"Els monis del Zig-Zag hem estat a l\u2019Assemblea del Sector Pened\u00e8s-Garraf!"}]},{"@type":"WebSite","@id":"https:\/\/www.esplac.cat\/#website","url":"https:\/\/www.esplac.cat\/","name":"Esplac","description":"Esplais Catalans","publisher":{"@id":"https:\/\/www.esplac.cat\/#organization"},"potentialAction":[{"@type":"SearchAction","target":{"@type":"EntryPoint","urlTemplate":"https:\/\/www.esplac.cat\/?s={search_term_string}"},"query-input":{"@type":"PropertyValueSpecification","valueRequired":true,"valueName":"search_term_string"}}],"inLanguage":"en-US"},{"@type":"Organization","@id":"https:\/\/www.esplac.cat\/#organization","name":"Esplac","url":"https:\/\/www.esplac.cat\/","logo":{"@type":"ImageObject","inLanguage":"en-US","@id":"https:\/\/www.esplac.cat\/#\/schema\/logo\/image\/","url":"https:\/\/www.esplac.cat\/wp-content\/uploads\/2019\/08\/logox2.png","contentUrl":"https:\/\/www.esplac.cat\/wp-content\/uploads\/2019\/08\/logox2.png","width":600,"height":295,"caption":"Esplac"},"image":{"@id":"https:\/\/www.esplac.cat\/#\/schema\/logo\/image\/"}},{"@type":"Person","@id":"https:\/\/www.esplac.cat\/#\/schema\/person\/908383cf240be18b68f8855d0583faca","name":"Comunicaci\u00f3 Esplac","image":{"@type":"ImageObject","inLanguage":"en-US","@id":"https:\/\/secure.gravatar.com\/avatar\/7a4cf8feb412a76ea4a740ca02d95b06b2907b5a6c648c2dd0a1082a093c3141?s=96&d=mm&r=g","url":"https:\/\/secure.gravatar.com\/avatar\/7a4cf8feb412a76ea4a740ca02d95b06b2907b5a6c648c2dd0a1082a093c3141?s=96&d=mm&r=g","contentUrl":"https:\/\/secure.gravatar.com\/avatar\/7a4cf8feb412a76ea4a740ca02d95b06b2907b5a6c648c2dd0a1082a093c3141?s=96&d=mm&r=g","caption":"Comunicaci\u00f3 Esplac"}}]}},"_links":{"self":[{"href":"https:\/\/www.esplac.cat\/en\/wp-json\/wp\/v2\/posts\/25863","targetHints":{"allow":["GET"]}}],"collection":[{"href":"https:\/\/www.esplac.cat\/en\/wp-json\/wp\/v2\/posts"}],"about":[{"href":"https:\/\/www.esplac.cat\/en\/wp-json\/wp\/v2\/types\/post"}],"author":[{"embeddable":true,"href":"https:\/\/www.esplac.cat\/en\/wp-json\/wp\/v2\/users\/3"}],"replies":[{"embeddable":true,"href":"https:\/\/www.esplac.cat\/en\/wp-json\/wp\/v2\/comments?post=25863"}],"version-history":[{"count":0,"href":"https:\/\/www.esplac.cat\/en\/wp-json\/wp\/v2\/posts\/25863\/revisions"}],"wp:featuredmedia":[{"embeddable":true,"href":"https:\/\/www.esplac.cat\/en\/wp-json\/wp\/v2\/media\/25600"}],"wp:attachment":[{"href":"https:\/\/www.esplac.cat\/en\/wp-json\/wp\/v2\/media?parent=25863"}],"wp:term":[{"taxonomy":"category","embeddable":true,"href":"https:\/\/www.esplac.cat\/en\/wp-json\/wp\/v2\/categories?post=25863"},{"taxonomy":"post_tag","embeddable":true,"href":"https:\/\/www.esplac.cat\/en\/wp-json\/wp\/v2\/tags?post=25863"}],"curies":[{"name":"wp","href":"https:\/\/api.w.org\/{rel}","templated":true}]}}