{"id":25866,"date":"2013-09-30T10:39:36","date_gmt":"2013-09-30T08:39:36","guid":{"rendered":"http:\/\/esplac.cat\/?p=4046"},"modified":"2013-09-30T10:39:36","modified_gmt":"2013-09-30T08:39:36","slug":"primera-reunio-curs-sector-baix-llobregat","status":"publish","type":"post","link":"https:\/\/www.esplac.cat\/en\/primera-reunio-curs-sector-baix-llobregat\/","title":{"rendered":"Primera reuni\u00f3 de curs del sector Baix Llobregat"},"content":{"rendered":"<p><!--:CA-->El passat 19 de setembre, l\u2019Esplai ASDIVI de Viladecans va acollir la primera reuni\u00f3 del Sector Baix Llobregat d\u2019aquest nou curs. Despr\u00e8s de l\u2019estiu, ja ten\u00edem ganes de posar-nos al dia i veure\u2019ns de nou. Hi hem participat\u00a08 esplais del sector, 30 monitors i monitores\u00a0 i el referent de l\u2019Equip de Direcci\u00f3 del Baix Llobregat. A m\u00e9s a m\u00e9s entre cares conegudes, aquesta vegada n&#8217;hi ha hagut una de nova, la coordinadora de projectes del Sector, l&#8217;Alba Garriga, que s&#8217;acaba d&#8217;incorporar a la secretaria t\u00e8cnica d&#8217;Esplac.<\/p>\n<p>Per comen\u00e7ar la reuni\u00f3, els esplais assistents vam explicar com havien anat les <strong>activitats d\u2019estiu<\/strong>. Les valoracions s\u00f3n molt positives, vam riure i compartir an\u00e8cdotes per\u00f2 tamb\u00e9 es van manifestar algunes dificultats, per exemple a nivell econ\u00f2mic o alhora de trobar espais p\u00fablics per a dormir. Tamb\u00e9 es va debatre i replantejar els objectius de les visites pr\u00e8vies i in situ, tot i que les valoracions s\u00f3n positives.<\/p>\n<p>Vam compartir els punts que es van treballar en el Gran Comit\u00e8, del que \u00e9s va ressaltar de l\u2019elaboraci\u00f3 del <strong>Pla de treball per al curs 2013-2014<\/strong>.\u00a0Ara ens toca als esplais pensar i proposar accions per posar en com\u00fa a l\u2019Assemblea General del sector.<\/p>\n<p>El punt que va generar m\u00e9s discussi\u00f3 va ser la <strong>Trobada de monitors\/es<\/strong>, buscar una data que ens an\u00e9s b\u00e9 a tots i totes no \u00e9s\u00a0 f\u00e0cil. A m\u00e9s, vam discutir el format per intentar combinar, de la millor manera possible, el debat, la reflexi\u00f3, la gresca i la formaci\u00f3 en un sol cap de setmana. Una comissi\u00f3 molt potent \u00e9s l\u2019encarregada d\u2019acabar-ho de lligar tot, per tal que la trobada de monitors\/es del proper 5 d\u2019octubre sigui un \u00e8xit.<\/p>\n<p>Un nou curs ple d\u2019activitats molt engrescadores, les <strong>trobades de grups<\/strong> el 10 i 11 de maig, enguany tamb\u00e9 per als grups de petits i la<strong> Diada dels Drets dels Infants<\/strong>, el 16 de novembre a Sant Boi, s\u00f3n dates destacades i el sector Baix Llobregat ho encarem amb amb moltes ganes i molta energia.<!--:--><!--:es-->&nbsp;<\/p>\n<p><!--:--><!--:en-->&nbsp;<\/p>\n<p><!--:--><!--:fr-->&nbsp;<\/p>\n<p><!--:--><\/p>\n","protected":false},"excerpt":{"rendered":"<p>El passat 19 de setembre, l\u2019Esplai ASDIVI de Viladecans va [&hellip;]<\/p>\n","protected":false},"author":3,"featured_media":25628,"comment_status":"open","ping_status":"open","sticky":false,"template":"","format":"standard","meta":{"om_disable_all_campaigns":false,"_monsterinsights_skip_tracking":false,"_monsterinsights_sitenote_active":false,"_monsterinsights_sitenote_note":"","_monsterinsights_sitenote_category":0,"_uf_show_specific_survey":0,"_uf_disable_surveys":false,"footnotes":""},"categories":[1110,1124],"tags":[114],"class_list":["post-25866","post","type-post","status-publish","format-standard","has-post-thumbnail","hentry","category-activitats-sectors","category-sector-baix-llobregat","tag-sector-baix-llobregat"],"yoast_head":"<!-- This site is optimized with the Yoast SEO plugin v27.5 - https:\/\/yoast.com\/product\/yoast-seo-wordpress\/ -->\n<title>Primera reuni\u00f3 de curs del sector Baix Llobregat - Esplac<\/title>\n<meta name=\"robots\" content=\"index, follow, max-snippet:-1, max-image-preview:large, max-video-preview:-1\" \/>\n<link rel=\"canonical\" href=\"https:\/\/www.esplac.cat\/primera-reunio-curs-sector-baix-llobregat\/\" \/>\n<meta property=\"og:locale\" content=\"en_US\" \/>\n<meta property=\"og:type\" content=\"article\" \/>\n<meta property=\"og:title\" content=\"Primera reuni\u00f3 de curs del sector Baix Llobregat - Esplac\" \/>\n<meta property=\"og:description\" content=\"El passat 19 de setembre, l\u2019Esplai ASDIVI de Viladecans va [&hellip;]\" \/>\n<meta property=\"og:url\" content=\"https:\/\/www.esplac.cat\/primera-reunio-curs-sector-baix-llobregat\/\" \/>\n<meta property=\"og:site_name\" content=\"Esplac\" \/>\n<meta property=\"article:published_time\" content=\"2013-09-30T08:39:36+00:00\" \/>\n<meta property=\"og:image\" content=\"https:\/\/www.esplac.cat\/wp-content\/uploads\/2013\/02\/DSC08098.jpg\" \/>\n\t<meta property=\"og:image:width\" content=\"3872\" \/>\n\t<meta property=\"og:image:height\" content=\"2176\" \/>\n\t<meta property=\"og:image:type\" content=\"image\/jpeg\" \/>\n<meta name=\"author\" content=\"Comunicaci\u00f3 Esplac\" \/>\n<meta name=\"twitter:card\" content=\"summary_large_image\" \/>\n<meta name=\"twitter:label1\" content=\"Written by\" \/>\n\t<meta name=\"twitter:data1\" content=\"Comunicaci\u00f3 Esplac\" \/>\n\t<meta name=\"twitter:label2\" content=\"Est. reading time\" \/>\n\t<meta name=\"twitter:data2\" content=\"2 minutes\" \/>\n<script type=\"application\/ld+json\" class=\"yoast-schema-graph\">{\"@context\":\"https:\\\/\\\/schema.org\",\"@graph\":[{\"@type\":\"Article\",\"@id\":\"https:\\\/\\\/www.esplac.cat\\\/primera-reunio-curs-sector-baix-llobregat\\\/#article\",\"isPartOf\":{\"@id\":\"https:\\\/\\\/www.esplac.cat\\\/primera-reunio-curs-sector-baix-llobregat\\\/\"},\"author\":{\"name\":\"Comunicaci\u00f3 Esplac\",\"@id\":\"https:\\\/\\\/www.esplac.cat\\\/#\\\/schema\\\/person\\\/908383cf240be18b68f8855d0583faca\"},\"headline\":\"Primera reuni\u00f3 de curs del sector Baix Llobregat\",\"datePublished\":\"2013-09-30T08:39:36+00:00\",\"mainEntityOfPage\":{\"@id\":\"https:\\\/\\\/www.esplac.cat\\\/primera-reunio-curs-sector-baix-llobregat\\\/\"},\"wordCount\":375,\"commentCount\":0,\"publisher\":{\"@id\":\"https:\\\/\\\/www.esplac.cat\\\/#organization\"},\"image\":{\"@id\":\"https:\\\/\\\/www.esplac.cat\\\/primera-reunio-curs-sector-baix-llobregat\\\/#primaryimage\"},\"thumbnailUrl\":\"https:\\\/\\\/www.esplac.cat\\\/wp-content\\\/uploads\\\/2013\\\/02\\\/DSC08098.jpg\",\"keywords\":[\"sector Baix Llobregat\"],\"articleSection\":[\"Activitats sectors\",\"Sector Baix Llobregat\"],\"inLanguage\":\"en-US\",\"potentialAction\":[{\"@type\":\"CommentAction\",\"name\":\"Comment\",\"target\":[\"https:\\\/\\\/www.esplac.cat\\\/primera-reunio-curs-sector-baix-llobregat\\\/#respond\"]}]},{\"@type\":\"WebPage\",\"@id\":\"https:\\\/\\\/www.esplac.cat\\\/primera-reunio-curs-sector-baix-llobregat\\\/\",\"url\":\"https:\\\/\\\/www.esplac.cat\\\/primera-reunio-curs-sector-baix-llobregat\\\/\",\"name\":\"Primera reuni\u00f3 de curs del sector Baix Llobregat - Esplac\",\"isPartOf\":{\"@id\":\"https:\\\/\\\/www.esplac.cat\\\/#website\"},\"primaryImageOfPage\":{\"@id\":\"https:\\\/\\\/www.esplac.cat\\\/primera-reunio-curs-sector-baix-llobregat\\\/#primaryimage\"},\"image\":{\"@id\":\"https:\\\/\\\/www.esplac.cat\\\/primera-reunio-curs-sector-baix-llobregat\\\/#primaryimage\"},\"thumbnailUrl\":\"https:\\\/\\\/www.esplac.cat\\\/wp-content\\\/uploads\\\/2013\\\/02\\\/DSC08098.jpg\",\"datePublished\":\"2013-09-30T08:39:36+00:00\",\"breadcrumb\":{\"@id\":\"https:\\\/\\\/www.esplac.cat\\\/primera-reunio-curs-sector-baix-llobregat\\\/#breadcrumb\"},\"inLanguage\":\"en-US\",\"potentialAction\":[{\"@type\":\"ReadAction\",\"target\":[\"https:\\\/\\\/www.esplac.cat\\\/primera-reunio-curs-sector-baix-llobregat\\\/\"]}]},{\"@type\":\"ImageObject\",\"inLanguage\":\"en-US\",\"@id\":\"https:\\\/\\\/www.esplac.cat\\\/primera-reunio-curs-sector-baix-llobregat\\\/#primaryimage\",\"url\":\"https:\\\/\\\/www.esplac.cat\\\/wp-content\\\/uploads\\\/2013\\\/02\\\/DSC08098.jpg\",\"contentUrl\":\"https:\\\/\\\/www.esplac.cat\\\/wp-content\\\/uploads\\\/2013\\\/02\\\/DSC08098.jpg\",\"width\":3872,\"height\":2176},{\"@type\":\"BreadcrumbList\",\"@id\":\"https:\\\/\\\/www.esplac.cat\\\/primera-reunio-curs-sector-baix-llobregat\\\/#breadcrumb\",\"itemListElement\":[{\"@type\":\"ListItem\",\"position\":1,\"name\":\"Inici\",\"item\":\"https:\\\/\\\/www.esplac.cat\\\/en\\\/\"},{\"@type\":\"ListItem\",\"position\":2,\"name\":\"Primera reuni\u00f3 de curs del sector Baix Llobregat\"}]},{\"@type\":\"WebSite\",\"@id\":\"https:\\\/\\\/www.esplac.cat\\\/#website\",\"url\":\"https:\\\/\\\/www.esplac.cat\\\/\",\"name\":\"Esplac\",\"description\":\"Esplais Catalans\",\"publisher\":{\"@id\":\"https:\\\/\\\/www.esplac.cat\\\/#organization\"},\"potentialAction\":[{\"@type\":\"SearchAction\",\"target\":{\"@type\":\"EntryPoint\",\"urlTemplate\":\"https:\\\/\\\/www.esplac.cat\\\/?s={search_term_string}\"},\"query-input\":{\"@type\":\"PropertyValueSpecification\",\"valueRequired\":true,\"valueName\":\"search_term_string\"}}],\"inLanguage\":\"en-US\"},{\"@type\":\"Organization\",\"@id\":\"https:\\\/\\\/www.esplac.cat\\\/#organization\",\"name\":\"Esplac\",\"url\":\"https:\\\/\\\/www.esplac.cat\\\/\",\"logo\":{\"@type\":\"ImageObject\",\"inLanguage\":\"en-US\",\"@id\":\"https:\\\/\\\/www.esplac.cat\\\/#\\\/schema\\\/logo\\\/image\\\/\",\"url\":\"https:\\\/\\\/www.esplac.cat\\\/wp-content\\\/uploads\\\/2019\\\/08\\\/logox2.png\",\"contentUrl\":\"https:\\\/\\\/www.esplac.cat\\\/wp-content\\\/uploads\\\/2019\\\/08\\\/logox2.png\",\"width\":600,\"height\":295,\"caption\":\"Esplac\"},\"image\":{\"@id\":\"https:\\\/\\\/www.esplac.cat\\\/#\\\/schema\\\/logo\\\/image\\\/\"}},{\"@type\":\"Person\",\"@id\":\"https:\\\/\\\/www.esplac.cat\\\/#\\\/schema\\\/person\\\/908383cf240be18b68f8855d0583faca\",\"name\":\"Comunicaci\u00f3 Esplac\",\"image\":{\"@type\":\"ImageObject\",\"inLanguage\":\"en-US\",\"@id\":\"https:\\\/\\\/secure.gravatar.com\\\/avatar\\\/7a4cf8feb412a76ea4a740ca02d95b06b2907b5a6c648c2dd0a1082a093c3141?s=96&d=mm&r=g\",\"url\":\"https:\\\/\\\/secure.gravatar.com\\\/avatar\\\/7a4cf8feb412a76ea4a740ca02d95b06b2907b5a6c648c2dd0a1082a093c3141?s=96&d=mm&r=g\",\"contentUrl\":\"https:\\\/\\\/secure.gravatar.com\\\/avatar\\\/7a4cf8feb412a76ea4a740ca02d95b06b2907b5a6c648c2dd0a1082a093c3141?s=96&d=mm&r=g\",\"caption\":\"Comunicaci\u00f3 Esplac\"}}]}<\/script>\n<!-- \/ Yoast SEO plugin. -->","yoast_head_json":{"title":"Primera reuni\u00f3 de curs del sector Baix Llobregat - Esplac","robots":{"index":"index","follow":"follow","max-snippet":"max-snippet:-1","max-image-preview":"max-image-preview:large","max-video-preview":"max-video-preview:-1"},"canonical":"https:\/\/www.esplac.cat\/primera-reunio-curs-sector-baix-llobregat\/","og_locale":"en_US","og_type":"article","og_title":"Primera reuni\u00f3 de curs del sector Baix Llobregat - Esplac","og_description":"El passat 19 de setembre, l\u2019Esplai ASDIVI de Viladecans va [&hellip;]","og_url":"https:\/\/www.esplac.cat\/primera-reunio-curs-sector-baix-llobregat\/","og_site_name":"Esplac","article_published_time":"2013-09-30T08:39:36+00:00","og_image":[{"width":3872,"height":2176,"url":"https:\/\/www.esplac.cat\/wp-content\/uploads\/2013\/02\/DSC08098.jpg","type":"image\/jpeg"}],"author":"Comunicaci\u00f3 Esplac","twitter_card":"summary_large_image","twitter_misc":{"Written by":"Comunicaci\u00f3 Esplac","Est. reading time":"2 minutes"},"schema":{"@context":"https:\/\/schema.org","@graph":[{"@type":"Article","@id":"https:\/\/www.esplac.cat\/primera-reunio-curs-sector-baix-llobregat\/#article","isPartOf":{"@id":"https:\/\/www.esplac.cat\/primera-reunio-curs-sector-baix-llobregat\/"},"author":{"name":"Comunicaci\u00f3 Esplac","@id":"https:\/\/www.esplac.cat\/#\/schema\/person\/908383cf240be18b68f8855d0583faca"},"headline":"Primera reuni\u00f3 de curs del sector Baix Llobregat","datePublished":"2013-09-30T08:39:36+00:00","mainEntityOfPage":{"@id":"https:\/\/www.esplac.cat\/primera-reunio-curs-sector-baix-llobregat\/"},"wordCount":375,"commentCount":0,"publisher":{"@id":"https:\/\/www.esplac.cat\/#organization"},"image":{"@id":"https:\/\/www.esplac.cat\/primera-reunio-curs-sector-baix-llobregat\/#primaryimage"},"thumbnailUrl":"https:\/\/www.esplac.cat\/wp-content\/uploads\/2013\/02\/DSC08098.jpg","keywords":["sector Baix Llobregat"],"articleSection":["Activitats sectors","Sector Baix Llobregat"],"inLanguage":"en-US","potentialAction":[{"@type":"CommentAction","name":"Comment","target":["https:\/\/www.esplac.cat\/primera-reunio-curs-sector-baix-llobregat\/#respond"]}]},{"@type":"WebPage","@id":"https:\/\/www.esplac.cat\/primera-reunio-curs-sector-baix-llobregat\/","url":"https:\/\/www.esplac.cat\/primera-reunio-curs-sector-baix-llobregat\/","name":"Primera reuni\u00f3 de curs del sector Baix Llobregat - Esplac","isPartOf":{"@id":"https:\/\/www.esplac.cat\/#website"},"primaryImageOfPage":{"@id":"https:\/\/www.esplac.cat\/primera-reunio-curs-sector-baix-llobregat\/#primaryimage"},"image":{"@id":"https:\/\/www.esplac.cat\/primera-reunio-curs-sector-baix-llobregat\/#primaryimage"},"thumbnailUrl":"https:\/\/www.esplac.cat\/wp-content\/uploads\/2013\/02\/DSC08098.jpg","datePublished":"2013-09-30T08:39:36+00:00","breadcrumb":{"@id":"https:\/\/www.esplac.cat\/primera-reunio-curs-sector-baix-llobregat\/#breadcrumb"},"inLanguage":"en-US","potentialAction":[{"@type":"ReadAction","target":["https:\/\/www.esplac.cat\/primera-reunio-curs-sector-baix-llobregat\/"]}]},{"@type":"ImageObject","inLanguage":"en-US","@id":"https:\/\/www.esplac.cat\/primera-reunio-curs-sector-baix-llobregat\/#primaryimage","url":"https:\/\/www.esplac.cat\/wp-content\/uploads\/2013\/02\/DSC08098.jpg","contentUrl":"https:\/\/www.esplac.cat\/wp-content\/uploads\/2013\/02\/DSC08098.jpg","width":3872,"height":2176},{"@type":"BreadcrumbList","@id":"https:\/\/www.esplac.cat\/primera-reunio-curs-sector-baix-llobregat\/#breadcrumb","itemListElement":[{"@type":"ListItem","position":1,"name":"Inici","item":"https:\/\/www.esplac.cat\/en\/"},{"@type":"ListItem","position":2,"name":"Primera reuni\u00f3 de curs del sector Baix Llobregat"}]},{"@type":"WebSite","@id":"https:\/\/www.esplac.cat\/#website","url":"https:\/\/www.esplac.cat\/","name":"Esplac","description":"Esplais Catalans","publisher":{"@id":"https:\/\/www.esplac.cat\/#organization"},"potentialAction":[{"@type":"SearchAction","target":{"@type":"EntryPoint","urlTemplate":"https:\/\/www.esplac.cat\/?s={search_term_string}"},"query-input":{"@type":"PropertyValueSpecification","valueRequired":true,"valueName":"search_term_string"}}],"inLanguage":"en-US"},{"@type":"Organization","@id":"https:\/\/www.esplac.cat\/#organization","name":"Esplac","url":"https:\/\/www.esplac.cat\/","logo":{"@type":"ImageObject","inLanguage":"en-US","@id":"https:\/\/www.esplac.cat\/#\/schema\/logo\/image\/","url":"https:\/\/www.esplac.cat\/wp-content\/uploads\/2019\/08\/logox2.png","contentUrl":"https:\/\/www.esplac.cat\/wp-content\/uploads\/2019\/08\/logox2.png","width":600,"height":295,"caption":"Esplac"},"image":{"@id":"https:\/\/www.esplac.cat\/#\/schema\/logo\/image\/"}},{"@type":"Person","@id":"https:\/\/www.esplac.cat\/#\/schema\/person\/908383cf240be18b68f8855d0583faca","name":"Comunicaci\u00f3 Esplac","image":{"@type":"ImageObject","inLanguage":"en-US","@id":"https:\/\/secure.gravatar.com\/avatar\/7a4cf8feb412a76ea4a740ca02d95b06b2907b5a6c648c2dd0a1082a093c3141?s=96&d=mm&r=g","url":"https:\/\/secure.gravatar.com\/avatar\/7a4cf8feb412a76ea4a740ca02d95b06b2907b5a6c648c2dd0a1082a093c3141?s=96&d=mm&r=g","contentUrl":"https:\/\/secure.gravatar.com\/avatar\/7a4cf8feb412a76ea4a740ca02d95b06b2907b5a6c648c2dd0a1082a093c3141?s=96&d=mm&r=g","caption":"Comunicaci\u00f3 Esplac"}}]}},"_links":{"self":[{"href":"https:\/\/www.esplac.cat\/en\/wp-json\/wp\/v2\/posts\/25866","targetHints":{"allow":["GET"]}}],"collection":[{"href":"https:\/\/www.esplac.cat\/en\/wp-json\/wp\/v2\/posts"}],"about":[{"href":"https:\/\/www.esplac.cat\/en\/wp-json\/wp\/v2\/types\/post"}],"author":[{"embeddable":true,"href":"https:\/\/www.esplac.cat\/en\/wp-json\/wp\/v2\/users\/3"}],"replies":[{"embeddable":true,"href":"https:\/\/www.esplac.cat\/en\/wp-json\/wp\/v2\/comments?post=25866"}],"version-history":[{"count":0,"href":"https:\/\/www.esplac.cat\/en\/wp-json\/wp\/v2\/posts\/25866\/revisions"}],"wp:featuredmedia":[{"embeddable":true,"href":"https:\/\/www.esplac.cat\/en\/wp-json\/wp\/v2\/media\/25628"}],"wp:attachment":[{"href":"https:\/\/www.esplac.cat\/en\/wp-json\/wp\/v2\/media?parent=25866"}],"wp:term":[{"taxonomy":"category","embeddable":true,"href":"https:\/\/www.esplac.cat\/en\/wp-json\/wp\/v2\/categories?post=25866"},{"taxonomy":"post_tag","embeddable":true,"href":"https:\/\/www.esplac.cat\/en\/wp-json\/wp\/v2\/tags?post=25866"}],"curies":[{"name":"wp","href":"https:\/\/api.w.org\/{rel}","templated":true}]}}