{"id":25874,"date":"2013-09-17T10:54:27","date_gmt":"2013-09-17T08:54:27","guid":{"rendered":"http:\/\/esplac.cat\/?p=3997"},"modified":"2013-09-17T10:54:27","modified_gmt":"2013-09-17T08:54:27","slug":"x-premis-educacio-lleure-lluis-carulla","status":"publish","type":"post","link":"https:\/\/www.esplac.cat\/en\/x-premis-educacio-lleure-lluis-carulla\/","title":{"rendered":"X premis d&#8217;Educaci\u00f3 en el Lleure Llu\u00eds Carulla"},"content":{"rendered":"<p><!--:CA-->La\u00a0<a title=\"Fundaci\u00f3 Llu\u00eds carulla\" href=\"http:\/\/www.fundaciolluiscarulla.com\/\">Fundaci\u00f3 Llu\u00eds Carulla<\/a>\u00a0ha donat a con\u00e8ixer la nova edici\u00f3 dels\u00a0<strong>Premis d&#8217;Educaci\u00f3 en el Lleure<\/strong>, guardons que reconeixen projectes, experi\u00e8ncies i traject\u00f2ries de car\u00e0cter educatiu dins l&#8217;\u00e0mbit de l&#8217;educaci\u00f3 social i del lleure. El termini de presentaci\u00f3 de propostes finalitza el 11 de desembre de 2013.<\/p>\n<p>Els\u00a0<a title=\"Premis d'Educaci\u00f3 en el lleure\" lang=\"ca\" href=\"http:\/\/www.fundaciolluiscarulla.com\/cat\/premios_dinamicos_edu.cfm?id_premio=2\">Premis d&#8217;Educaci\u00f3 en el Lleure<\/a>\u00a0estan destinats, d&#8217;una banda, a promoure projectes i, de l&#8217;altra, a recon\u00e8ixer experi\u00e8ncies i traject\u00f2ries de car\u00e0cter educatiu dins l&#8217;\u00e0mbit de l&#8217;educaci\u00f3 social i del lleure.<\/p>\n<p>Hi haur\u00e0 un total de sis premis, que s\u2019atorgaran a<strong>\u00a0projectes i experi\u00e8ncies d&#8217;educaci\u00f3 en el lleure\u00a0<\/strong>que tinguin en compte i afavoreixin el sentiment de pertinen\u00e7a i el coneixement del pa\u00eds des d&#8217;un punt de vista ling\u00fc\u00edstic, cultural, geogr\u00e0fic i hist\u00f2ric. Es valoraran, aix\u00ed mateix, iniciatives que integrin el servei a la comunitat i l&#8217;aprenentatge de compet\u00e8ncies, habilitats i valors.<\/p>\n<p>Els projectes han de ser presentats conjuntament per\u00a0<strong>un o m\u00e9s monitors\/ores i una entitat d&#8217;educaci\u00f3 en el lleure<\/strong>\u00a0que assumeixi la responsabilitat de la seva realitzaci\u00f3. Les experi\u00e8ncies d&#8217;educaci\u00f3 en el lleure han de ser presentats d&#8217;una manera que permeti editar-los i difondre&#8217;ls entre monitors i centres.<\/p>\n<p>Els premis seran els seg\u00fcents:<\/p>\n<ul>\n<li>4 premis de 4.000 euros per a nous projectes i treballs que presentin el resultat d&#8217;una experi\u00e8ncia ja realitzada.<\/li>\n<li>1 premi de 4.000 euros per a la millor experi\u00e8ncia o el millor projecte presentats, que sigui fet per joves i\/o adre\u00e7at a joves, ofert per la Direcci\u00f3 General de Joventut de la Generalitat de Catalunya.<\/li>\n<li>1 premi de 4000 euros en reconeixement a la traject\u00f2ria d\u2019una entitat en el camp de l\u2019educaci\u00f3 en el lleure.<\/li>\n<\/ul>\n<p>Per participar-hi cal emplenar\u00a0<a title=\"Descarrega't el formulari\" lang=\"ca\" href=\"http:\/\/www.fundaciolluiscarulla.com\/cat\/img\/edu\/lleure.pdf\">aquest formulari<\/a>\u00a0i fer-lo arribar a la Fundaci\u00f3 Llu\u00eds Carulla (Aribau 185, 3r. 08021 Barcelona). El termini de presentaci\u00f3 de propostes finalitza l&#8217;11 de desembre d&#8217;enguany i el veredicte del jurat es donar\u00e0 a con\u00e8ixer a abans de la fi de mar\u00e7 de l&#8217;any 2014, en un acte p\u00fablic.<\/p>\n<p>&nbsp;<\/p>\n<p>Font:\u00a0<a title=\"Xarxanet\" href=\"http:\/\/www.xarxanet.org\">xarxanet.org<\/a><!--:--><!--:es-->&nbsp;<\/p>\n<p><!--:--><!--:en-->&nbsp;<\/p>\n<p><!--:--><!--:fr-->&nbsp;<\/p>\n<p><!--:--><\/p>\n","protected":false},"excerpt":{"rendered":"<p>La\u00a0Fundaci\u00f3 Llu\u00eds Carulla\u00a0ha donat a con\u00e8ixer la nova edici\u00f3 dels\u00a0Premis [&hellip;]<\/p>\n","protected":false},"author":3,"featured_media":25628,"comment_status":"open","ping_status":"open","sticky":false,"template":"","format":"standard","meta":{"om_disable_all_campaigns":false,"_monsterinsights_skip_tracking":false,"_monsterinsights_sitenote_active":false,"_monsterinsights_sitenote_note":"","_monsterinsights_sitenote_category":0,"_uf_show_specific_survey":0,"_uf_disable_surveys":false,"footnotes":""},"categories":[1138],"tags":[162,163],"class_list":["post-25874","post","type-post","status-publish","format-standard","has-post-thumbnail","hentry","category-subvencions-concursos","tag-educacio-en-el-lleure","tag-lluis-carulla"],"yoast_head":"<!-- This site is optimized with the Yoast SEO plugin v27.4 - https:\/\/yoast.com\/product\/yoast-seo-wordpress\/ -->\n<title>X premis d&#039;Educaci\u00f3 en el Lleure Llu\u00eds Carulla - Esplac<\/title>\n<meta name=\"robots\" content=\"index, follow, max-snippet:-1, max-image-preview:large, max-video-preview:-1\" \/>\n<link rel=\"canonical\" href=\"https:\/\/www.esplac.cat\/x-premis-educacio-lleure-lluis-carulla\/\" \/>\n<meta property=\"og:locale\" content=\"en_US\" \/>\n<meta property=\"og:type\" content=\"article\" \/>\n<meta property=\"og:title\" content=\"X premis d&#039;Educaci\u00f3 en el Lleure Llu\u00eds Carulla - Esplac\" \/>\n<meta property=\"og:description\" content=\"La\u00a0Fundaci\u00f3 Llu\u00eds Carulla\u00a0ha donat a con\u00e8ixer la nova edici\u00f3 dels\u00a0Premis [&hellip;]\" \/>\n<meta property=\"og:url\" content=\"https:\/\/www.esplac.cat\/x-premis-educacio-lleure-lluis-carulla\/\" \/>\n<meta property=\"og:site_name\" content=\"Esplac\" \/>\n<meta property=\"article:published_time\" content=\"2013-09-17T08:54:27+00:00\" \/>\n<meta property=\"og:image\" content=\"https:\/\/www.esplac.cat\/wp-content\/uploads\/2013\/02\/DSC08098.jpg\" \/>\n\t<meta property=\"og:image:width\" content=\"3872\" \/>\n\t<meta property=\"og:image:height\" content=\"2176\" \/>\n\t<meta property=\"og:image:type\" content=\"image\/jpeg\" \/>\n<meta name=\"author\" content=\"Comunicaci\u00f3 Esplac\" \/>\n<meta name=\"twitter:card\" content=\"summary_large_image\" \/>\n<meta name=\"twitter:label1\" content=\"Written by\" \/>\n\t<meta name=\"twitter:data1\" content=\"Comunicaci\u00f3 Esplac\" \/>\n\t<meta name=\"twitter:label2\" content=\"Est. reading time\" \/>\n\t<meta name=\"twitter:data2\" content=\"2 minutes\" \/>\n<script type=\"application\/ld+json\" class=\"yoast-schema-graph\">{\"@context\":\"https:\\\/\\\/schema.org\",\"@graph\":[{\"@type\":\"Article\",\"@id\":\"https:\\\/\\\/www.esplac.cat\\\/x-premis-educacio-lleure-lluis-carulla\\\/#article\",\"isPartOf\":{\"@id\":\"https:\\\/\\\/www.esplac.cat\\\/x-premis-educacio-lleure-lluis-carulla\\\/\"},\"author\":{\"name\":\"Comunicaci\u00f3 Esplac\",\"@id\":\"https:\\\/\\\/www.esplac.cat\\\/#\\\/schema\\\/person\\\/908383cf240be18b68f8855d0583faca\"},\"headline\":\"X premis d&#8217;Educaci\u00f3 en el Lleure Llu\u00eds Carulla\",\"datePublished\":\"2013-09-17T08:54:27+00:00\",\"mainEntityOfPage\":{\"@id\":\"https:\\\/\\\/www.esplac.cat\\\/x-premis-educacio-lleure-lluis-carulla\\\/\"},\"wordCount\":377,\"commentCount\":0,\"publisher\":{\"@id\":\"https:\\\/\\\/www.esplac.cat\\\/#organization\"},\"image\":{\"@id\":\"https:\\\/\\\/www.esplac.cat\\\/x-premis-educacio-lleure-lluis-carulla\\\/#primaryimage\"},\"thumbnailUrl\":\"https:\\\/\\\/www.esplac.cat\\\/wp-content\\\/uploads\\\/2013\\\/02\\\/DSC08098.jpg\",\"keywords\":[\"educacio en el lleure\",\"lluis carulla\"],\"articleSection\":[\"Subvencions i concursos\"],\"inLanguage\":\"en-US\",\"potentialAction\":[{\"@type\":\"CommentAction\",\"name\":\"Comment\",\"target\":[\"https:\\\/\\\/www.esplac.cat\\\/x-premis-educacio-lleure-lluis-carulla\\\/#respond\"]}]},{\"@type\":\"WebPage\",\"@id\":\"https:\\\/\\\/www.esplac.cat\\\/x-premis-educacio-lleure-lluis-carulla\\\/\",\"url\":\"https:\\\/\\\/www.esplac.cat\\\/x-premis-educacio-lleure-lluis-carulla\\\/\",\"name\":\"X premis d'Educaci\u00f3 en el Lleure Llu\u00eds Carulla - Esplac\",\"isPartOf\":{\"@id\":\"https:\\\/\\\/www.esplac.cat\\\/#website\"},\"primaryImageOfPage\":{\"@id\":\"https:\\\/\\\/www.esplac.cat\\\/x-premis-educacio-lleure-lluis-carulla\\\/#primaryimage\"},\"image\":{\"@id\":\"https:\\\/\\\/www.esplac.cat\\\/x-premis-educacio-lleure-lluis-carulla\\\/#primaryimage\"},\"thumbnailUrl\":\"https:\\\/\\\/www.esplac.cat\\\/wp-content\\\/uploads\\\/2013\\\/02\\\/DSC08098.jpg\",\"datePublished\":\"2013-09-17T08:54:27+00:00\",\"breadcrumb\":{\"@id\":\"https:\\\/\\\/www.esplac.cat\\\/x-premis-educacio-lleure-lluis-carulla\\\/#breadcrumb\"},\"inLanguage\":\"en-US\",\"potentialAction\":[{\"@type\":\"ReadAction\",\"target\":[\"https:\\\/\\\/www.esplac.cat\\\/x-premis-educacio-lleure-lluis-carulla\\\/\"]}]},{\"@type\":\"ImageObject\",\"inLanguage\":\"en-US\",\"@id\":\"https:\\\/\\\/www.esplac.cat\\\/x-premis-educacio-lleure-lluis-carulla\\\/#primaryimage\",\"url\":\"https:\\\/\\\/www.esplac.cat\\\/wp-content\\\/uploads\\\/2013\\\/02\\\/DSC08098.jpg\",\"contentUrl\":\"https:\\\/\\\/www.esplac.cat\\\/wp-content\\\/uploads\\\/2013\\\/02\\\/DSC08098.jpg\",\"width\":3872,\"height\":2176},{\"@type\":\"BreadcrumbList\",\"@id\":\"https:\\\/\\\/www.esplac.cat\\\/x-premis-educacio-lleure-lluis-carulla\\\/#breadcrumb\",\"itemListElement\":[{\"@type\":\"ListItem\",\"position\":1,\"name\":\"Inici\",\"item\":\"https:\\\/\\\/www.esplac.cat\\\/en\\\/\"},{\"@type\":\"ListItem\",\"position\":2,\"name\":\"X premis d&#8217;Educaci\u00f3 en el Lleure Llu\u00eds Carulla\"}]},{\"@type\":\"WebSite\",\"@id\":\"https:\\\/\\\/www.esplac.cat\\\/#website\",\"url\":\"https:\\\/\\\/www.esplac.cat\\\/\",\"name\":\"Esplac\",\"description\":\"Esplais Catalans\",\"publisher\":{\"@id\":\"https:\\\/\\\/www.esplac.cat\\\/#organization\"},\"potentialAction\":[{\"@type\":\"SearchAction\",\"target\":{\"@type\":\"EntryPoint\",\"urlTemplate\":\"https:\\\/\\\/www.esplac.cat\\\/?s={search_term_string}\"},\"query-input\":{\"@type\":\"PropertyValueSpecification\",\"valueRequired\":true,\"valueName\":\"search_term_string\"}}],\"inLanguage\":\"en-US\"},{\"@type\":\"Organization\",\"@id\":\"https:\\\/\\\/www.esplac.cat\\\/#organization\",\"name\":\"Esplac\",\"url\":\"https:\\\/\\\/www.esplac.cat\\\/\",\"logo\":{\"@type\":\"ImageObject\",\"inLanguage\":\"en-US\",\"@id\":\"https:\\\/\\\/www.esplac.cat\\\/#\\\/schema\\\/logo\\\/image\\\/\",\"url\":\"https:\\\/\\\/www.esplac.cat\\\/wp-content\\\/uploads\\\/2019\\\/08\\\/logox2.png\",\"contentUrl\":\"https:\\\/\\\/www.esplac.cat\\\/wp-content\\\/uploads\\\/2019\\\/08\\\/logox2.png\",\"width\":600,\"height\":295,\"caption\":\"Esplac\"},\"image\":{\"@id\":\"https:\\\/\\\/www.esplac.cat\\\/#\\\/schema\\\/logo\\\/image\\\/\"}},{\"@type\":\"Person\",\"@id\":\"https:\\\/\\\/www.esplac.cat\\\/#\\\/schema\\\/person\\\/908383cf240be18b68f8855d0583faca\",\"name\":\"Comunicaci\u00f3 Esplac\",\"image\":{\"@type\":\"ImageObject\",\"inLanguage\":\"en-US\",\"@id\":\"https:\\\/\\\/secure.gravatar.com\\\/avatar\\\/7a4cf8feb412a76ea4a740ca02d95b06b2907b5a6c648c2dd0a1082a093c3141?s=96&d=mm&r=g\",\"url\":\"https:\\\/\\\/secure.gravatar.com\\\/avatar\\\/7a4cf8feb412a76ea4a740ca02d95b06b2907b5a6c648c2dd0a1082a093c3141?s=96&d=mm&r=g\",\"contentUrl\":\"https:\\\/\\\/secure.gravatar.com\\\/avatar\\\/7a4cf8feb412a76ea4a740ca02d95b06b2907b5a6c648c2dd0a1082a093c3141?s=96&d=mm&r=g\",\"caption\":\"Comunicaci\u00f3 Esplac\"}}]}<\/script>\n<!-- \/ Yoast SEO plugin. -->","yoast_head_json":{"title":"X premis d'Educaci\u00f3 en el Lleure Llu\u00eds Carulla - Esplac","robots":{"index":"index","follow":"follow","max-snippet":"max-snippet:-1","max-image-preview":"max-image-preview:large","max-video-preview":"max-video-preview:-1"},"canonical":"https:\/\/www.esplac.cat\/x-premis-educacio-lleure-lluis-carulla\/","og_locale":"en_US","og_type":"article","og_title":"X premis d'Educaci\u00f3 en el Lleure Llu\u00eds Carulla - Esplac","og_description":"La\u00a0Fundaci\u00f3 Llu\u00eds Carulla\u00a0ha donat a con\u00e8ixer la nova edici\u00f3 dels\u00a0Premis [&hellip;]","og_url":"https:\/\/www.esplac.cat\/x-premis-educacio-lleure-lluis-carulla\/","og_site_name":"Esplac","article_published_time":"2013-09-17T08:54:27+00:00","og_image":[{"width":3872,"height":2176,"url":"https:\/\/www.esplac.cat\/wp-content\/uploads\/2013\/02\/DSC08098.jpg","type":"image\/jpeg"}],"author":"Comunicaci\u00f3 Esplac","twitter_card":"summary_large_image","twitter_misc":{"Written by":"Comunicaci\u00f3 Esplac","Est. reading time":"2 minutes"},"schema":{"@context":"https:\/\/schema.org","@graph":[{"@type":"Article","@id":"https:\/\/www.esplac.cat\/x-premis-educacio-lleure-lluis-carulla\/#article","isPartOf":{"@id":"https:\/\/www.esplac.cat\/x-premis-educacio-lleure-lluis-carulla\/"},"author":{"name":"Comunicaci\u00f3 Esplac","@id":"https:\/\/www.esplac.cat\/#\/schema\/person\/908383cf240be18b68f8855d0583faca"},"headline":"X premis d&#8217;Educaci\u00f3 en el Lleure Llu\u00eds Carulla","datePublished":"2013-09-17T08:54:27+00:00","mainEntityOfPage":{"@id":"https:\/\/www.esplac.cat\/x-premis-educacio-lleure-lluis-carulla\/"},"wordCount":377,"commentCount":0,"publisher":{"@id":"https:\/\/www.esplac.cat\/#organization"},"image":{"@id":"https:\/\/www.esplac.cat\/x-premis-educacio-lleure-lluis-carulla\/#primaryimage"},"thumbnailUrl":"https:\/\/www.esplac.cat\/wp-content\/uploads\/2013\/02\/DSC08098.jpg","keywords":["educacio en el lleure","lluis carulla"],"articleSection":["Subvencions i concursos"],"inLanguage":"en-US","potentialAction":[{"@type":"CommentAction","name":"Comment","target":["https:\/\/www.esplac.cat\/x-premis-educacio-lleure-lluis-carulla\/#respond"]}]},{"@type":"WebPage","@id":"https:\/\/www.esplac.cat\/x-premis-educacio-lleure-lluis-carulla\/","url":"https:\/\/www.esplac.cat\/x-premis-educacio-lleure-lluis-carulla\/","name":"X premis d'Educaci\u00f3 en el Lleure Llu\u00eds Carulla - Esplac","isPartOf":{"@id":"https:\/\/www.esplac.cat\/#website"},"primaryImageOfPage":{"@id":"https:\/\/www.esplac.cat\/x-premis-educacio-lleure-lluis-carulla\/#primaryimage"},"image":{"@id":"https:\/\/www.esplac.cat\/x-premis-educacio-lleure-lluis-carulla\/#primaryimage"},"thumbnailUrl":"https:\/\/www.esplac.cat\/wp-content\/uploads\/2013\/02\/DSC08098.jpg","datePublished":"2013-09-17T08:54:27+00:00","breadcrumb":{"@id":"https:\/\/www.esplac.cat\/x-premis-educacio-lleure-lluis-carulla\/#breadcrumb"},"inLanguage":"en-US","potentialAction":[{"@type":"ReadAction","target":["https:\/\/www.esplac.cat\/x-premis-educacio-lleure-lluis-carulla\/"]}]},{"@type":"ImageObject","inLanguage":"en-US","@id":"https:\/\/www.esplac.cat\/x-premis-educacio-lleure-lluis-carulla\/#primaryimage","url":"https:\/\/www.esplac.cat\/wp-content\/uploads\/2013\/02\/DSC08098.jpg","contentUrl":"https:\/\/www.esplac.cat\/wp-content\/uploads\/2013\/02\/DSC08098.jpg","width":3872,"height":2176},{"@type":"BreadcrumbList","@id":"https:\/\/www.esplac.cat\/x-premis-educacio-lleure-lluis-carulla\/#breadcrumb","itemListElement":[{"@type":"ListItem","position":1,"name":"Inici","item":"https:\/\/www.esplac.cat\/en\/"},{"@type":"ListItem","position":2,"name":"X premis d&#8217;Educaci\u00f3 en el Lleure Llu\u00eds Carulla"}]},{"@type":"WebSite","@id":"https:\/\/www.esplac.cat\/#website","url":"https:\/\/www.esplac.cat\/","name":"Esplac","description":"Esplais Catalans","publisher":{"@id":"https:\/\/www.esplac.cat\/#organization"},"potentialAction":[{"@type":"SearchAction","target":{"@type":"EntryPoint","urlTemplate":"https:\/\/www.esplac.cat\/?s={search_term_string}"},"query-input":{"@type":"PropertyValueSpecification","valueRequired":true,"valueName":"search_term_string"}}],"inLanguage":"en-US"},{"@type":"Organization","@id":"https:\/\/www.esplac.cat\/#organization","name":"Esplac","url":"https:\/\/www.esplac.cat\/","logo":{"@type":"ImageObject","inLanguage":"en-US","@id":"https:\/\/www.esplac.cat\/#\/schema\/logo\/image\/","url":"https:\/\/www.esplac.cat\/wp-content\/uploads\/2019\/08\/logox2.png","contentUrl":"https:\/\/www.esplac.cat\/wp-content\/uploads\/2019\/08\/logox2.png","width":600,"height":295,"caption":"Esplac"},"image":{"@id":"https:\/\/www.esplac.cat\/#\/schema\/logo\/image\/"}},{"@type":"Person","@id":"https:\/\/www.esplac.cat\/#\/schema\/person\/908383cf240be18b68f8855d0583faca","name":"Comunicaci\u00f3 Esplac","image":{"@type":"ImageObject","inLanguage":"en-US","@id":"https:\/\/secure.gravatar.com\/avatar\/7a4cf8feb412a76ea4a740ca02d95b06b2907b5a6c648c2dd0a1082a093c3141?s=96&d=mm&r=g","url":"https:\/\/secure.gravatar.com\/avatar\/7a4cf8feb412a76ea4a740ca02d95b06b2907b5a6c648c2dd0a1082a093c3141?s=96&d=mm&r=g","contentUrl":"https:\/\/secure.gravatar.com\/avatar\/7a4cf8feb412a76ea4a740ca02d95b06b2907b5a6c648c2dd0a1082a093c3141?s=96&d=mm&r=g","caption":"Comunicaci\u00f3 Esplac"}}]}},"_links":{"self":[{"href":"https:\/\/www.esplac.cat\/en\/wp-json\/wp\/v2\/posts\/25874","targetHints":{"allow":["GET"]}}],"collection":[{"href":"https:\/\/www.esplac.cat\/en\/wp-json\/wp\/v2\/posts"}],"about":[{"href":"https:\/\/www.esplac.cat\/en\/wp-json\/wp\/v2\/types\/post"}],"author":[{"embeddable":true,"href":"https:\/\/www.esplac.cat\/en\/wp-json\/wp\/v2\/users\/3"}],"replies":[{"embeddable":true,"href":"https:\/\/www.esplac.cat\/en\/wp-json\/wp\/v2\/comments?post=25874"}],"version-history":[{"count":0,"href":"https:\/\/www.esplac.cat\/en\/wp-json\/wp\/v2\/posts\/25874\/revisions"}],"wp:featuredmedia":[{"embeddable":true,"href":"https:\/\/www.esplac.cat\/en\/wp-json\/wp\/v2\/media\/25628"}],"wp:attachment":[{"href":"https:\/\/www.esplac.cat\/en\/wp-json\/wp\/v2\/media?parent=25874"}],"wp:term":[{"taxonomy":"category","embeddable":true,"href":"https:\/\/www.esplac.cat\/en\/wp-json\/wp\/v2\/categories?post=25874"},{"taxonomy":"post_tag","embeddable":true,"href":"https:\/\/www.esplac.cat\/en\/wp-json\/wp\/v2\/tags?post=25874"}],"curies":[{"name":"wp","href":"https:\/\/api.w.org\/{rel}","templated":true}]}}