{"id":25884,"date":"2013-07-11T12:30:53","date_gmt":"2013-07-11T10:30:53","guid":{"rendered":"http:\/\/esplac.cat\/?p=3839"},"modified":"2013-07-11T12:30:53","modified_gmt":"2013-07-11T10:30:53","slug":"esplais-catalans-acull-campaments-internacionals-together-for-diversity","status":"publish","type":"post","link":"https:\/\/www.esplac.cat\/en\/esplais-catalans-acull-campaments-internacionals-together-for-diversity\/","title":{"rendered":"Esplais Catalans acull els campaments &#8220;Together for Diversity&#8221;"},"content":{"rendered":"<p><!--:CA--><\/p>\n<p style=\"text-align: left;\" align=\"CENTER\"><a title=\"Esplais Catalans acull els campaments \u201cTogether for Diversity\u201d\" href=\"http:\/\/esplac.cat\/en\/esplais-catalans-acull-campaments-internacionals-together-for-diversity\/\"><em>Click for English version<\/em><\/a><\/p>\n<h1 align=\"CENTER\"><span style=\"color: #000000;\">Esplais Catalans acull \u201cTogether for Diversity\u201d,\u00a0uns grans campaments internacionals\u00a0amb 250\u00a0joves de 7 nacionalitats diferents<\/span><\/h1>\n<p style=\"text-align: left;\" align=\"CENTER\"><strong>Aquest estiu Esplais Catalans acollir\u00e0 els Campaments internacionals \u201cTogether for Diversity\u201d (T4D), que es duran a terme des del 19 al 28 de juliol de 2013 a Saldes.<\/strong><\/p>\n<p style=\"text-align: left;\" align=\"JUSTIFY\"><span style=\"color: #373737;\">Vora<strong> 200 joves <\/strong><\/span><span style=\"color: #373737;\">(de 14 a 17 anys)<strong>\u00a0<\/strong><\/span><strong><span style=\"color: #373737;\">i m\u00e9s de 50 monitors i monitores volunt\u00e0ries\u00a0<\/span><span style=\"color: #373737;\">d&#8217;<\/span><span style=\"color: #222222;\">Alemanya, Finl\u00e0ndia, Gran Bretanya, It\u00e0lia, Litu\u00e0nia, Norueg<\/span><\/strong><span style=\"color: #373737;\"><strong>a i Catalunya<\/strong>\u00a0<\/span><span style=\"color: #373737;\">conviuran<\/span><span style=\"color: #373737;\">durant 10 dies a la natura, envoltades de l\u2019impressionant paissatge de la muntanya del Pedraforca i el parc natural del Cad\u00ed-Moixer\u00f3.<\/span><\/p>\n<p style=\"text-align: left;\" align=\"JUSTIFY\"><span style=\"color: #ff6600;\"><strong>Valors, objectius i organitzaci\u00f3<\/strong><\/span><\/p>\n<p style=\"text-align: left;\" align=\"JUSTIFY\"><span style=\"color: #373737;\">A m\u00e9s de compartir els moments quotidians, els i les joves gaudiran de diferents tallers i activitats. <strong>La <\/strong><\/span><strong><span style=\"color: #373737;\">diversitat <\/span><span style=\"color: #373737;\">ser\u00e0 el tema principal del campament, que promour\u00e0 la reflexi\u00f3 sobre <\/span><span style=\"color: #373737;\">la no discriminaci\u00f3, la igualtat, la ciutadania europea activa i el voluntariat juvenil<\/span><\/strong><span style=\"color: #373737;\">, entre d\u2019altres temes. Tots aquestes tem\u00e0tiques es treballaran a trav\u00e9s d&#8217;activitats i tallers (com ara de teatre, arts, jocs de rol, f\u00f2rums, debats, etc,) amb <\/span><span style=\"color: #373737;\">l&#8217;objectiu\u00a0<\/span><span style=\"color: #373737;\">de\u00a0<\/span><span style=\"color: #373737;\">promoure el pensament cr\u00edtic i la presa de consci\u00e8ncia de la diversitat cultural<\/span><span style=\"color: #373737;\">.<\/span><\/p>\n<p style=\"text-align: left;\" align=\"JUSTIFY\"><span style=\"color: #373737;\"><strong>El lideratge del projecte ha recaigut sobre els monitors i monitores volunt\u00e0ries dels esplais catalans,<\/strong> que seran els que acolliran a la resta de grups internacionals a Catalunya. Tot i aix\u00ed, el programa d\u2019activitats, <strong>la organitzaci\u00f3 i log\u00edstica del campament s\u2019ha treballat multilateralment amb tots els <\/strong><\/span><strong><span style=\"color: #373737;\"><em>partners\u00a0<\/em><\/span><\/strong><span style=\"color: #373737;\">participants als campaments. El <\/span><span style=\"color: #373737;\"><span><em>Together for diversity<\/em><\/span><\/span><span style=\"color: #373737;\">t\u00e9 el suport del programa\u00a0<\/span><a href=\"http:\/\/www.juventudenaccion.injuve.es\/\">Joventut en Acci\u00f3<\/a>\u00a0<span style=\"color: #373737;\">de la Comissi\u00f3 Europea.<\/span><\/p>\n<p style=\"text-align: left;\" align=\"JUSTIFY\"><span style=\"color: #ff6600;\"><strong>Conviv\u00e8ncia en la diversitat<\/strong><\/span><\/p>\n<p style=\"text-align: left;\" align=\"JUSTIFY\"><span style=\"color: #373737;\">Durant els Campaments T4D, els participants es dividiran en 4 poblats (villages) on viuran junts durant 4 dies. Despr\u00e9s d\u2019un dia de descans, els poblats es reuniran per a compartir les activitats realitzades durant els primers dies. <strong>A partir de l\u2019experi\u00e8ncia en els llogarets individuals, aut\u00f2noms i independents, acabarem construint una gran comunitat<\/strong> on el respecte, la comprensi\u00f3 i l\u2019assumpci\u00f3 de responsabilitats seran la base d\u2019una societat oberta a la diversitat. <\/span><span style=\"color: #373737;\"><strong>Una societat on les difer\u00e8ncies no s\u00f3n un obstacle: \u00e9s una oportunitat per enriquir les nostres vides<\/strong>.<\/span><\/p>\n<p style=\"text-align: left;\"><span style=\"color: #ff6600;\"><strong>El valor de l&#8217;internacionalisme a Esplais Catalans<\/strong><\/span><\/p>\n<p style=\"text-align: left;\" align=\"JUSTIFY\"><span style=\"color: #373737;\">Esplais Catalans desenvolupem les nostres propostes en base els valors de l&#8217;educaci\u00f3, la la\u00efcitat, el voluntariat, l&#8217;associaci\u00f3, l&#8217;amistat i<\/span><span style=\"color: #373737;\">l&#8217;internacionalisme:<\/span><span style=\"color: #373737;\">fomentem la capacitat de mirar cap enfora, de treballar en xarxa i de compartir experi\u00e8ncies per tal d\u2019entendre el nostre context quotidi\u00e0 i transformar-lo, tot desenvolupant una consci\u00e8ncia de responsabilitat mundial compartida.<\/span><\/p>\n<p><span style=\"color: #373737;\">El treball internacional est\u00e0 ben arrelat a la nostra associaci\u00f3. En s\u00f3n una prova les <\/span><strong><span style=\"color: #373737;\">7 activitats internacionals que aquest estiu realitzaran 18 esplais d&#8217;arreu de Catalunya<\/span><\/strong><span style=\"color: #373737;\">. El campament \u201cTogether for diversity\u201d en ser\u00e0 la m\u00e9s gran, per\u00f2 tamb\u00e9 es realitzaran d&#8217;altres enviaments i acollides de grups de joves d&#8217;associacions educatives d&#8217;altres pa\u00efsos d&#8217;arreu del m\u00f3n. En total hi participaran <\/span><span style=\"color: #373737;\">vora 200 joves i 50 monitors i monitores catalanes que conviuran i aprendran d&#8217;altres joves de m\u00e9s 10 nacionalitats diferents<\/span><span style=\"color: #373737;\">.<\/span><\/p>\n<p><span style=\"color: #373737;\">Esplais Catalans som una associaci\u00f3 d\u2019esplais laica i progressista que treballem des del voluntariat per a la transformaci\u00f3 social, mitjan\u00e7ant l\u2019educaci\u00f3 en drets dels infants. L\u2019enfortiment dels esplais \u00e9s la nostra ra\u00f3 de ser. Actualment formem Esplais Catalans <\/span><span style=\"color: #373737;\">106 esplais <\/span><span style=\"color: #373737;\">situats en <\/span><span style=\"color: #373737;\">72 poblacions <\/span><span style=\"color: #373737;\">catalanes, agrupant a <\/span><span style=\"color: #373737;\">6200 infants <\/span><span style=\"color: #373737;\">i m\u00e9s de <\/span><span style=\"color: #373737;\">1500 monitors i monitores<\/span><span style=\"color: #373737;\">.<\/span><\/p>\n<p><span style=\"color: #ff6600;\"><strong>M\u00e9s informaci\u00f3<\/strong><\/span><\/p>\n<p><span style=\"color: #000080;\"><span style=\"text-decoration: underline;\"><a href=\"http:\/\/esplac.cat\/together-for-diversity\">www.esplac.cat\/together-for-diversity<\/a><\/span><\/span><\/p>\n<p><span style=\"color: #ff6600;\"><strong>Contacte<\/strong><\/span><\/p>\n<p>Estel Buch (membre de l&#8217;Equip de Direcci\u00f3 d&#8217;Esplais Catalans)<br \/>\n<a href=\"mailto:ebuch@esplac.cat\">ebuch@esplac.cat<\/a><span style=\"color: #222222;\"> \u2013 649 059 461<\/span><\/p>\n<p>Eva Sanahuja (Cap de Comunicaci\u00f3 d&#8217;Esplais Catalans)<br \/>\n<a href=\"mailto:comunicacio@esplac.cat\">comunicacio@esplac.cat<\/a><span style=\"color: #222222;\"> \u2013 93 302 61 03<\/span><!--:--><!--:es-->&nbsp;<\/p>\n<p><!--:--><!--:en--><\/p>\n<h1 style=\"text-align: center;\"><span style=\"color: #000000;\">\u2018<strong>Esplais Catalans\u2019 hosts \u201cTogether for Diversity\u201d, an international camp with the participation of 250 youngsters from over 7 different nationalities<\/strong><\/span><\/h1>\n<p style=\"text-align: left;\">This summer, the village of Saldes will be the scenario for the International \u201cTogether for Diversity \u201c Camp (T4D) from 19<sup><strong>th<\/strong><\/sup> to 28<sup><strong>th<\/strong><\/sup> July, promoted by the association \u2018Esplais Catalans\u2019.<\/p>\n<p style=\"text-align: left;\" lang=\"en-US\" align=\"JUSTIFY\">Close to 200 youngsters (aged between 14 and 17) and more than 50 voluntary instructors coming from Germany, Finland, Great Britain, Italy, Lithuania, Norway and Catalonia will share 10 days of conviviality surrounded by the stunning mountain landscape of Pedraforca and the natural park of Cad\u00ed-Moixer\u00f3.<\/p>\n<p style=\"text-align: left;\" align=\"JUSTIFY\"><strong>Values, aims and organization<\/strong><\/p>\n<p style=\"text-align: left;\" align=\"JUSTIFY\"><span style=\"color: #333333;\">In addition to sharing everyday moments, the participants will be engaging in different workshops and activities. Whilst \u2018diversity\u2019 is the chosen topic of this year, reflection on <\/span><span style=\"color: #333333;\">non-discrimination, equality, active European citizenship and youth volunteering <\/span><span style=\"color: #333333;\">will be fostered. The different thematic aspects will be tackled through the implementation of activities and workshops (theater, arts, role playing, forums, debates, etc\u2026) with the <\/span><span style=\"color: #333333;\">aim of generating critical thinking and awareness on cultural diversity.<\/span><\/p>\n<p style=\"text-align: left;\" align=\"JUSTIFY\"><span style=\"color: #333333;\">The leadership of the project has fallen upon the voluntary monitors of the \u2018Esplais Catalans\u2019, who will be hosting the rest of international groups. Nevertheless, the activities program, organization and logistics of the camp have been developed among all participating partners. The <\/span><span style=\"color: #333333;\"><em>Together for diversity<\/em><\/span><span style=\"color: #333333;\"> experience has the support of the Youth in Action program of the European Commission.<\/span><\/p>\n<p style=\"text-align: left;\" align=\"JUSTIFY\"><strong><span style=\"color: #333333;\">Living in diversity<\/span><\/strong><\/p>\n<p style=\"text-align: left;\" align=\"JUSTIFY\"><span style=\"color: #333333;\">During the T4D Camps, the participants will be separated in 4 communities living in 4 different villages during the first 4 days. After a day of rest, the communities will meet and share the activities realized during the first phase. Starting from the individual, autonomous and independent experience, a greater community will be build where respect, comprehension and the assumption of responsibility will be the base of a society that opens to diversity. <\/span><span style=\"color: #333333;\">A society, where the differences are not an obstacle but an opportunity to enrich our lives.<\/span><\/p>\n<p style=\"text-align: left;\" align=\"JUSTIFY\"><strong><span style=\"color: #333333;\">The value of internationalization<\/span><\/strong><\/p>\n<p style=\"text-align: left;\" align=\"JUSTIFY\">The \u2018Esplais Catalans\u2019 develop their proposals on the basis of shared values and principles: education, laicism, volunteering, association, friendship and internationalization. The latter seeks to encourage the ability of looking outwards, networking and sharing experiences in order to understand our daily context and be able to transform it, as well as developing a shared awareness on global responsibility.<\/p>\n<p style=\"text-align: left;\" align=\"JUSTIFY\">The international work is well rooted in our association. Prove of it are the 7 international activities that will be executed by 18 \u2018esplais\u2019 all over Catalonia this summer. The camp \u201cTogether for diversity\u201d will be the biggest one, alongside with other exchange programs in collaboration with different youth associations from all over the world.<\/p>\n<p style=\"text-align: left;\" align=\"JUSTIFY\">In total the participation will be around 200 youngsters and 50 Catalan monitors living together with people from 10 different nationalities and origins.<\/p>\n<p style=\"text-align: left;\" align=\"JUSTIFY\">Esplais Catalans is a secular and progressive association of leisure-time educational associations working for social transformation by volunteering, through the education of children\u2019s rights. The strengthening of our association is our reason to be. We currently have 106 esplais as members, cover 72 Catalan municipalities and moret han 1500 monitors.<\/p>\n<p style=\"text-align: left;\" align=\"JUSTIFY\"><strong>More information<\/strong><\/p>\n<p align=\"JUSTIFY\"><a href=\"http:\/\/esplac.cat\/together-for-diversity\">www.esplac.cat\/together-for-diversity<\/a><\/p>\n<p style=\"text-align: left;\" align=\"JUSTIFY\"><strong>Contact<\/strong><\/p>\n<p style=\"text-align: left;\">Estel Buch (member of the Management Board of Esplais Catalans)<br \/>\n<a href=\"mailto:Ebuch@esplac.cat\">Ebuch@esplac.cat<\/a> \u2013 649 059 461<\/p>\n<p style=\"text-align: left;\">Eva Sanahuja (Head of Communication of Esplais Catalans)<br \/>\n<a href=\"mailto:comunicacio@esplac.cat\">comunicacio@esplac.cat<\/a> \u2013 93 302 61 03<\/p>\n<p><!--:--><!--:fr-->&nbsp;<\/p>\n<p><!--:--><\/p>\n","protected":false},"excerpt":{"rendered":"<p>Click for English version Esplais Catalans acull \u201cTogether for Diversity\u201d,\u00a0uns [&hellip;]<\/p>\n","protected":false},"author":3,"featured_media":0,"comment_status":"open","ping_status":"open","sticky":false,"template":"","format":"standard","meta":{"om_disable_all_campaigns":false,"_monsterinsights_skip_tracking":false,"_monsterinsights_sitenote_active":false,"_monsterinsights_sitenote_note":"","_monsterinsights_sitenote_category":0,"_uf_show_specific_survey":0,"_uf_disable_surveys":false,"footnotes":""},"categories":[1127,1112],"tags":[53,109,100],"class_list":["post-25884","post","type-post","status-publish","format-standard","hentry","category-comunicats-posicionaments","category-esplac-al-mon","tag-campaments","tag-internacionalisme","tag-together-for-diversity"],"yoast_head":"<!-- This site is optimized with the Yoast SEO plugin v27.4 - https:\/\/yoast.com\/product\/yoast-seo-wordpress\/ -->\n<title>Esplais Catalans acull els campaments &quot;Together for Diversity&quot; - Esplac<\/title>\n<meta name=\"robots\" content=\"index, follow, max-snippet:-1, max-image-preview:large, max-video-preview:-1\" \/>\n<link rel=\"canonical\" href=\"https:\/\/www.esplac.cat\/esplais-catalans-acull-campaments-internacionals-together-for-diversity\/\" \/>\n<meta property=\"og:locale\" content=\"en_US\" \/>\n<meta property=\"og:type\" content=\"article\" \/>\n<meta property=\"og:title\" content=\"Esplais Catalans acull els campaments &quot;Together for Diversity&quot; - Esplac\" \/>\n<meta property=\"og:description\" content=\"Click for English version Esplais Catalans acull \u201cTogether for Diversity\u201d,\u00a0uns [&hellip;]\" \/>\n<meta property=\"og:url\" content=\"https:\/\/www.esplac.cat\/esplais-catalans-acull-campaments-internacionals-together-for-diversity\/\" \/>\n<meta property=\"og:site_name\" content=\"Esplac\" \/>\n<meta property=\"article:published_time\" content=\"2013-07-11T10:30:53+00:00\" \/>\n<meta property=\"og:image\" content=\"https:\/\/www.esplac.cat\/wp-content\/uploads\/2019\/11\/logo-open.jpg\" \/>\n\t<meta property=\"og:image:width\" content=\"1200\" \/>\n\t<meta property=\"og:image:height\" content=\"630\" \/>\n\t<meta property=\"og:image:type\" content=\"image\/jpeg\" \/>\n<meta name=\"author\" content=\"Comunicaci\u00f3 Esplac\" \/>\n<meta name=\"twitter:card\" content=\"summary_large_image\" \/>\n<meta name=\"twitter:label1\" content=\"Written by\" \/>\n\t<meta name=\"twitter:data1\" content=\"Comunicaci\u00f3 Esplac\" \/>\n\t<meta name=\"twitter:label2\" content=\"Est. reading time\" \/>\n\t<meta name=\"twitter:data2\" content=\"6 minutes\" \/>\n<script type=\"application\/ld+json\" class=\"yoast-schema-graph\">{\"@context\":\"https:\\\/\\\/schema.org\",\"@graph\":[{\"@type\":\"Article\",\"@id\":\"https:\\\/\\\/www.esplac.cat\\\/esplais-catalans-acull-campaments-internacionals-together-for-diversity\\\/#article\",\"isPartOf\":{\"@id\":\"https:\\\/\\\/www.esplac.cat\\\/esplais-catalans-acull-campaments-internacionals-together-for-diversity\\\/\"},\"author\":{\"name\":\"Comunicaci\u00f3 Esplac\",\"@id\":\"https:\\\/\\\/www.esplac.cat\\\/#\\\/schema\\\/person\\\/908383cf240be18b68f8855d0583faca\"},\"headline\":\"Esplais Catalans acull els campaments &#8220;Together for Diversity&#8221;\",\"datePublished\":\"2013-07-11T10:30:53+00:00\",\"mainEntityOfPage\":{\"@id\":\"https:\\\/\\\/www.esplac.cat\\\/esplais-catalans-acull-campaments-internacionals-together-for-diversity\\\/\"},\"wordCount\":1145,\"commentCount\":0,\"publisher\":{\"@id\":\"https:\\\/\\\/www.esplac.cat\\\/#organization\"},\"keywords\":[\"campaments\",\"internacionalisme\",\"together for diversity\"],\"articleSection\":[\"Comunicats i posicionaments\",\"Esplac al m\u00f3n\"],\"inLanguage\":\"en-US\",\"potentialAction\":[{\"@type\":\"CommentAction\",\"name\":\"Comment\",\"target\":[\"https:\\\/\\\/www.esplac.cat\\\/esplais-catalans-acull-campaments-internacionals-together-for-diversity\\\/#respond\"]}]},{\"@type\":\"WebPage\",\"@id\":\"https:\\\/\\\/www.esplac.cat\\\/esplais-catalans-acull-campaments-internacionals-together-for-diversity\\\/\",\"url\":\"https:\\\/\\\/www.esplac.cat\\\/esplais-catalans-acull-campaments-internacionals-together-for-diversity\\\/\",\"name\":\"Esplais Catalans acull els campaments \\\"Together for Diversity\\\" - Esplac\",\"isPartOf\":{\"@id\":\"https:\\\/\\\/www.esplac.cat\\\/#website\"},\"datePublished\":\"2013-07-11T10:30:53+00:00\",\"breadcrumb\":{\"@id\":\"https:\\\/\\\/www.esplac.cat\\\/esplais-catalans-acull-campaments-internacionals-together-for-diversity\\\/#breadcrumb\"},\"inLanguage\":\"en-US\",\"potentialAction\":[{\"@type\":\"ReadAction\",\"target\":[\"https:\\\/\\\/www.esplac.cat\\\/esplais-catalans-acull-campaments-internacionals-together-for-diversity\\\/\"]}]},{\"@type\":\"BreadcrumbList\",\"@id\":\"https:\\\/\\\/www.esplac.cat\\\/esplais-catalans-acull-campaments-internacionals-together-for-diversity\\\/#breadcrumb\",\"itemListElement\":[{\"@type\":\"ListItem\",\"position\":1,\"name\":\"Inici\",\"item\":\"https:\\\/\\\/www.esplac.cat\\\/en\\\/\"},{\"@type\":\"ListItem\",\"position\":2,\"name\":\"Esplais Catalans acull els campaments &#8220;Together for Diversity&#8221;\"}]},{\"@type\":\"WebSite\",\"@id\":\"https:\\\/\\\/www.esplac.cat\\\/#website\",\"url\":\"https:\\\/\\\/www.esplac.cat\\\/\",\"name\":\"Esplac\",\"description\":\"Esplais Catalans\",\"publisher\":{\"@id\":\"https:\\\/\\\/www.esplac.cat\\\/#organization\"},\"potentialAction\":[{\"@type\":\"SearchAction\",\"target\":{\"@type\":\"EntryPoint\",\"urlTemplate\":\"https:\\\/\\\/www.esplac.cat\\\/?s={search_term_string}\"},\"query-input\":{\"@type\":\"PropertyValueSpecification\",\"valueRequired\":true,\"valueName\":\"search_term_string\"}}],\"inLanguage\":\"en-US\"},{\"@type\":\"Organization\",\"@id\":\"https:\\\/\\\/www.esplac.cat\\\/#organization\",\"name\":\"Esplac\",\"url\":\"https:\\\/\\\/www.esplac.cat\\\/\",\"logo\":{\"@type\":\"ImageObject\",\"inLanguage\":\"en-US\",\"@id\":\"https:\\\/\\\/www.esplac.cat\\\/#\\\/schema\\\/logo\\\/image\\\/\",\"url\":\"https:\\\/\\\/www.esplac.cat\\\/wp-content\\\/uploads\\\/2019\\\/08\\\/logox2.png\",\"contentUrl\":\"https:\\\/\\\/www.esplac.cat\\\/wp-content\\\/uploads\\\/2019\\\/08\\\/logox2.png\",\"width\":600,\"height\":295,\"caption\":\"Esplac\"},\"image\":{\"@id\":\"https:\\\/\\\/www.esplac.cat\\\/#\\\/schema\\\/logo\\\/image\\\/\"}},{\"@type\":\"Person\",\"@id\":\"https:\\\/\\\/www.esplac.cat\\\/#\\\/schema\\\/person\\\/908383cf240be18b68f8855d0583faca\",\"name\":\"Comunicaci\u00f3 Esplac\",\"image\":{\"@type\":\"ImageObject\",\"inLanguage\":\"en-US\",\"@id\":\"https:\\\/\\\/secure.gravatar.com\\\/avatar\\\/7a4cf8feb412a76ea4a740ca02d95b06b2907b5a6c648c2dd0a1082a093c3141?s=96&d=mm&r=g\",\"url\":\"https:\\\/\\\/secure.gravatar.com\\\/avatar\\\/7a4cf8feb412a76ea4a740ca02d95b06b2907b5a6c648c2dd0a1082a093c3141?s=96&d=mm&r=g\",\"contentUrl\":\"https:\\\/\\\/secure.gravatar.com\\\/avatar\\\/7a4cf8feb412a76ea4a740ca02d95b06b2907b5a6c648c2dd0a1082a093c3141?s=96&d=mm&r=g\",\"caption\":\"Comunicaci\u00f3 Esplac\"}}]}<\/script>\n<!-- \/ Yoast SEO plugin. -->","yoast_head_json":{"title":"Esplais Catalans acull els campaments \"Together for Diversity\" - Esplac","robots":{"index":"index","follow":"follow","max-snippet":"max-snippet:-1","max-image-preview":"max-image-preview:large","max-video-preview":"max-video-preview:-1"},"canonical":"https:\/\/www.esplac.cat\/esplais-catalans-acull-campaments-internacionals-together-for-diversity\/","og_locale":"en_US","og_type":"article","og_title":"Esplais Catalans acull els campaments \"Together for Diversity\" - Esplac","og_description":"Click for English version Esplais Catalans acull \u201cTogether for Diversity\u201d,\u00a0uns [&hellip;]","og_url":"https:\/\/www.esplac.cat\/esplais-catalans-acull-campaments-internacionals-together-for-diversity\/","og_site_name":"Esplac","article_published_time":"2013-07-11T10:30:53+00:00","og_image":[{"width":1200,"height":630,"url":"https:\/\/www.esplac.cat\/wp-content\/uploads\/2019\/11\/logo-open.jpg","type":"image\/jpeg"}],"author":"Comunicaci\u00f3 Esplac","twitter_card":"summary_large_image","twitter_misc":{"Written by":"Comunicaci\u00f3 Esplac","Est. reading time":"6 minutes"},"schema":{"@context":"https:\/\/schema.org","@graph":[{"@type":"Article","@id":"https:\/\/www.esplac.cat\/esplais-catalans-acull-campaments-internacionals-together-for-diversity\/#article","isPartOf":{"@id":"https:\/\/www.esplac.cat\/esplais-catalans-acull-campaments-internacionals-together-for-diversity\/"},"author":{"name":"Comunicaci\u00f3 Esplac","@id":"https:\/\/www.esplac.cat\/#\/schema\/person\/908383cf240be18b68f8855d0583faca"},"headline":"Esplais Catalans acull els campaments &#8220;Together for Diversity&#8221;","datePublished":"2013-07-11T10:30:53+00:00","mainEntityOfPage":{"@id":"https:\/\/www.esplac.cat\/esplais-catalans-acull-campaments-internacionals-together-for-diversity\/"},"wordCount":1145,"commentCount":0,"publisher":{"@id":"https:\/\/www.esplac.cat\/#organization"},"keywords":["campaments","internacionalisme","together for diversity"],"articleSection":["Comunicats i posicionaments","Esplac al m\u00f3n"],"inLanguage":"en-US","potentialAction":[{"@type":"CommentAction","name":"Comment","target":["https:\/\/www.esplac.cat\/esplais-catalans-acull-campaments-internacionals-together-for-diversity\/#respond"]}]},{"@type":"WebPage","@id":"https:\/\/www.esplac.cat\/esplais-catalans-acull-campaments-internacionals-together-for-diversity\/","url":"https:\/\/www.esplac.cat\/esplais-catalans-acull-campaments-internacionals-together-for-diversity\/","name":"Esplais Catalans acull els campaments \"Together for Diversity\" - Esplac","isPartOf":{"@id":"https:\/\/www.esplac.cat\/#website"},"datePublished":"2013-07-11T10:30:53+00:00","breadcrumb":{"@id":"https:\/\/www.esplac.cat\/esplais-catalans-acull-campaments-internacionals-together-for-diversity\/#breadcrumb"},"inLanguage":"en-US","potentialAction":[{"@type":"ReadAction","target":["https:\/\/www.esplac.cat\/esplais-catalans-acull-campaments-internacionals-together-for-diversity\/"]}]},{"@type":"BreadcrumbList","@id":"https:\/\/www.esplac.cat\/esplais-catalans-acull-campaments-internacionals-together-for-diversity\/#breadcrumb","itemListElement":[{"@type":"ListItem","position":1,"name":"Inici","item":"https:\/\/www.esplac.cat\/en\/"},{"@type":"ListItem","position":2,"name":"Esplais Catalans acull els campaments &#8220;Together for Diversity&#8221;"}]},{"@type":"WebSite","@id":"https:\/\/www.esplac.cat\/#website","url":"https:\/\/www.esplac.cat\/","name":"Esplac","description":"Esplais Catalans","publisher":{"@id":"https:\/\/www.esplac.cat\/#organization"},"potentialAction":[{"@type":"SearchAction","target":{"@type":"EntryPoint","urlTemplate":"https:\/\/www.esplac.cat\/?s={search_term_string}"},"query-input":{"@type":"PropertyValueSpecification","valueRequired":true,"valueName":"search_term_string"}}],"inLanguage":"en-US"},{"@type":"Organization","@id":"https:\/\/www.esplac.cat\/#organization","name":"Esplac","url":"https:\/\/www.esplac.cat\/","logo":{"@type":"ImageObject","inLanguage":"en-US","@id":"https:\/\/www.esplac.cat\/#\/schema\/logo\/image\/","url":"https:\/\/www.esplac.cat\/wp-content\/uploads\/2019\/08\/logox2.png","contentUrl":"https:\/\/www.esplac.cat\/wp-content\/uploads\/2019\/08\/logox2.png","width":600,"height":295,"caption":"Esplac"},"image":{"@id":"https:\/\/www.esplac.cat\/#\/schema\/logo\/image\/"}},{"@type":"Person","@id":"https:\/\/www.esplac.cat\/#\/schema\/person\/908383cf240be18b68f8855d0583faca","name":"Comunicaci\u00f3 Esplac","image":{"@type":"ImageObject","inLanguage":"en-US","@id":"https:\/\/secure.gravatar.com\/avatar\/7a4cf8feb412a76ea4a740ca02d95b06b2907b5a6c648c2dd0a1082a093c3141?s=96&d=mm&r=g","url":"https:\/\/secure.gravatar.com\/avatar\/7a4cf8feb412a76ea4a740ca02d95b06b2907b5a6c648c2dd0a1082a093c3141?s=96&d=mm&r=g","contentUrl":"https:\/\/secure.gravatar.com\/avatar\/7a4cf8feb412a76ea4a740ca02d95b06b2907b5a6c648c2dd0a1082a093c3141?s=96&d=mm&r=g","caption":"Comunicaci\u00f3 Esplac"}}]}},"_links":{"self":[{"href":"https:\/\/www.esplac.cat\/en\/wp-json\/wp\/v2\/posts\/25884","targetHints":{"allow":["GET"]}}],"collection":[{"href":"https:\/\/www.esplac.cat\/en\/wp-json\/wp\/v2\/posts"}],"about":[{"href":"https:\/\/www.esplac.cat\/en\/wp-json\/wp\/v2\/types\/post"}],"author":[{"embeddable":true,"href":"https:\/\/www.esplac.cat\/en\/wp-json\/wp\/v2\/users\/3"}],"replies":[{"embeddable":true,"href":"https:\/\/www.esplac.cat\/en\/wp-json\/wp\/v2\/comments?post=25884"}],"version-history":[{"count":0,"href":"https:\/\/www.esplac.cat\/en\/wp-json\/wp\/v2\/posts\/25884\/revisions"}],"wp:attachment":[{"href":"https:\/\/www.esplac.cat\/en\/wp-json\/wp\/v2\/media?parent=25884"}],"wp:term":[{"taxonomy":"category","embeddable":true,"href":"https:\/\/www.esplac.cat\/en\/wp-json\/wp\/v2\/categories?post=25884"},{"taxonomy":"post_tag","embeddable":true,"href":"https:\/\/www.esplac.cat\/en\/wp-json\/wp\/v2\/tags?post=25884"}],"curies":[{"name":"wp","href":"https:\/\/api.w.org\/{rel}","templated":true}]}}