{"id":25886,"date":"2013-06-28T14:43:11","date_gmt":"2013-06-28T12:43:11","guid":{"rendered":"http:\/\/esplac.cat\/?p=3795"},"modified":"2019-11-14T13:15:33","modified_gmt":"2019-11-14T11:15:33","slug":"grup-treball-genere-en-marxa","status":"publish","type":"post","link":"https:\/\/www.esplac.cat\/en\/grup-treball-genere-en-marxa\/","title":{"rendered":"El grup de treball de g\u00e8nere en marxa!"},"content":{"rendered":"<p><!--:CA-->El grup de treball de g\u00e8nere d\u2019Esplac ja ha passat un q\u00fcestionari per tres sectors. \u00c9s per aix\u00f2 que despr\u00e9s de les Jornades de Lleure i Sexisme (gener 2013) es va constituir un Grup de Treball sobre temes de g\u00e8nere a Esplais Catalans. Si fa uns mesos us<a href=\"http:\/\/esplac.cat\/el-grup-de-treball-de-genere-ja-esta-en-marxa\/\"> inform\u00e0vem de la seva constituci\u00f3<\/a>, avui us volem posar al dia de qu\u00e8 hem estat fent fins ara.<\/p>\n<p><span style=\"color: #222222;\">Una de les accions que ens hem plantejat per aquest primer curs, \u00e9s fer un <\/span><span style=\"color: #222222;\">recull<\/span><span style=\"color: #222222;\"> per veure l&#8217;estat de la q\u00fcesti\u00f3 dels esplais. <\/span>\u00c9s per aix\u00f2 que hem volgut apropar-nos als sectors (de moment, Barcelona, Baix Llobregat i Maresme), per recollir informaci\u00f3, per\u00f2 tamb\u00e9 per donar-nos a con\u00e8ixer i convidar a la reflexi\u00f3 <span style=\"color: #222222;\">sobre el paper dels monitors i monitores pel que fa a la perspectiva de g\u00e8nere.<\/span><\/p>\n<p>Compartim amb vosaltres les preguntes per si us ve de gust pensar-hi \ud83d\ude09<\/p>\n<ul>\n<li><span style=\"color: #444444;\">Teniu present treballar amb perspectiva de g\u00e8nere a l\u2019esplai?<\/span><\/li>\n<li><span style=\"color: #444444;\">Com es treballa el g\u00e8nere i la sexualitat als esplais? De manera puntual o transversal?<\/span><\/li>\n<li><span style=\"color: #444444;\">Es treballen temes de g\u00e8nere i sexualitat a tots els grups d\u2019edat?<\/span><\/li>\n<li><span style=\"color: #444444;\">Heu detectat rols i estereotips de g\u00e8nere dins l\u2019assemblea de monis?<\/span><\/li>\n<li><span style=\"color: #444444;\">\u00c9s important l\u2019\u00fas del llenguatge no sexista a l\u2019esplai? (amb els infants, en la comunicaci\u00f3 amb les fam\u00edlies, dins l\u2019assemblea de monis&#8230;)<\/span><\/li>\n<li><span style=\"color: #444444;\">Creieu necessari el grup de treball de g\u00e8nere? Quina espereu que sigui la seva tasca? <\/span><\/li>\n<\/ul>\n<p>I si voleu saber-ne m\u00e9s&#8230;<\/p>\n<p><strong><em>Una mica de definici\u00f3 (perspectiva de g\u00e8nere)<\/em><\/strong><\/p>\n<p><span style=\"color: #444444;\">La perspectiva de g\u00e8nere \u00e9s una categoria anal\u00edtica que acull aquelles metodologies destinades a l\u2019estudi de construccions culturals i socials pr\u00f2pies per a homes i dones, que han constru\u00eft els conceptes <\/span><span style=\"color: #444444;\"><em>femen\u00ed <\/em><\/span><span style=\"color: #444444;\">i <\/span><span style=\"color: #444444;\"><em>mascul\u00ed<\/em><\/span><span style=\"color: #444444;\"> i que suposa l\u2019exist\u00e8ncia d\u2019una distribuci\u00f3 desigual de poder entre g\u00e8neres en totes les classes socials. Aix\u00ed doncs, treballar amb perspectiva de g\u00e8nere \u00e9s ser conscient d\u2019aquestes construccions i desigualtats, denunciar-les i treballar per evitar-les. \u00c9s per aix\u00f2 que neix el grup de treball de g\u00e8nere, per la import\u00e0ncia que hi t\u00e9, en l\u2019\u00e0mbit educatiu, treballar per trencar amb rols i estereotips de g\u00e8nere, defugir l\u2019educaci\u00f3 tradicional que pensa en clau de sistema binari i heteronormativitat, a totes les edats i de manera transversal.<\/span><\/p>\n<p><strong><em>Qui som?<\/em><\/strong><\/p>\n<p><span style=\"color: #222222;\">Som un grup de monitors i monitores amb inquietuds per fer de la perspectiva de g\u00e8nere, un eix transversal a Esplac i als esplais.<\/span><\/p>\n<p><strong><em>Quins objectius tenim?<\/em><\/strong><\/p>\n<ul>\n<li><span style=\"color: #222222;\">Sensibilitzar <\/span><span style=\"color: #222222;\">als monitors i monitores de la import\u00e0ncia de tenir ben clar qu\u00e8 vol dir <\/span><span style=\"color: #222222;\">treballar amb perspectiva de g\u00e8nere<\/span><span style=\"color: #222222;\">. <\/span><\/li>\n<\/ul>\n<ul>\n<li><span style=\"color: #222222;\">Fer un <\/span><span style=\"color: #222222;\">estat de la q\u00fcesti\u00f3 <\/span><span style=\"color: #222222;\">sobre si es treballa o no, i com es treballa, per la igualtat de g\u00e8nere en els esplais. <\/span><\/li>\n<\/ul>\n<ul>\n<li><span style=\"color: #222222;\">Fer una <\/span><span style=\"color: #222222;\">revisi\u00f3 del projecte educatiu d\u2019Esplac<\/span><span style=\"color: #222222;\">, en <\/span><span style=\"color: #222222;\">aquest cas pel que fa al g\u00e8nere.<\/span><\/li>\n<\/ul>\n<p align=\"JUSTIFY\"><strong><span style=\"color: #222222;\"><em>Que m\u00e9s estem fent?<\/em><\/span><\/strong><\/p>\n<ul>\n<li><span style=\"color: #222222;\">Ens reunim<\/span><span style=\"color: #222222;\"> els dimecres <\/span><span style=\"color: #222222;\">(cada dues o tres setmanes, de moment) intentant no coincidir amb reunions de sector ni altres comissions d&#8217;Esplac.<\/span><\/li>\n<\/ul>\n<ul>\n<li><span style=\"color: #222222;\">Fer<\/span><span style=\"color: #222222;\"> formaci\u00f3 de g\u00e8nere <\/span><span style=\"color: #222222;\">per treballar en un mateix punt d&#8217;inici<\/span><\/li>\n<\/ul>\n<p><strong><span style=\"color: #222222;\"><em>Com sumar-s&#8217;hi?<\/em><\/span><\/strong><\/p>\n<ul>\n<li><span style=\"color: #222222;\">Qui vulgui sumar-se ens envii un correu <\/span><span style=\"color: #000080;\"><span style=\"text-decoration: underline;\">genere@esplac.cat<\/span><\/span><\/li>\n<\/ul>\n<ul>\n<li><span style=\"color: #222222;\">Ens comuniquem<\/span><span style=\"color: #222222;\"> via google grups. Qui vulgui rebre les not\u00edcies del que anem fent, i pr\u00f2ximes quedades, etc., i l&#8217;inclourem al google grups<\/span><\/li>\n<\/ul>\n<p><!--:--><!--:es-->&nbsp;<\/p>\n<p><!--:--><!--:en-->&nbsp;<\/p>\n<p><!--:--><!--:fr-->&nbsp;<\/p>\n<p><!--:--><\/p>\n","protected":false},"excerpt":{"rendered":"<p>El grup de treball de g\u00e8nere d\u2019Esplac ja ha passat [&hellip;]<\/p>\n","protected":false},"author":3,"featured_media":25604,"comment_status":"open","ping_status":"open","sticky":false,"template":"","format":"standard","meta":{"om_disable_all_campaigns":false,"_monsterinsights_skip_tracking":false,"_monsterinsights_sitenote_active":false,"_monsterinsights_sitenote_note":"","_monsterinsights_sitenote_category":0,"_uf_show_specific_survey":0,"_uf_disable_surveys":false,"footnotes":""},"categories":[1119,1160],"tags":[58,159,160],"class_list":["post-25886","post","type-post","status-publish","format-standard","has-post-thumbnail","hentry","category-activitats-comissions-grups-de-treball","category-comissio-gsdd","tag-genere","tag-grup-de-treball-de-genere","tag-igualtat"],"yoast_head":"<!-- This site is optimized with the Yoast SEO plugin v27.5 - https:\/\/yoast.com\/product\/yoast-seo-wordpress\/ -->\n<title>El grup de treball de g\u00e8nere en marxa! - Esplac<\/title>\n<meta name=\"robots\" content=\"index, follow, max-snippet:-1, max-image-preview:large, max-video-preview:-1\" \/>\n<link rel=\"canonical\" href=\"https:\/\/www.esplac.cat\/grup-treball-genere-en-marxa\/\" \/>\n<meta property=\"og:locale\" content=\"en_US\" \/>\n<meta property=\"og:type\" content=\"article\" \/>\n<meta property=\"og:title\" content=\"El grup de treball de g\u00e8nere en marxa! - Esplac\" \/>\n<meta property=\"og:description\" content=\"El grup de treball de g\u00e8nere d\u2019Esplac ja ha passat [&hellip;]\" \/>\n<meta property=\"og:url\" content=\"https:\/\/www.esplac.cat\/grup-treball-genere-en-marxa\/\" \/>\n<meta property=\"og:site_name\" content=\"Esplac\" \/>\n<meta property=\"article:published_time\" content=\"2013-06-28T12:43:11+00:00\" \/>\n<meta property=\"article:modified_time\" content=\"2019-11-14T11:15:33+00:00\" \/>\n<meta property=\"og:image\" content=\"https:\/\/www.esplac.cat\/wp-content\/uploads\/2013\/02\/DSC08123-1024x575.jpg\" \/>\n\t<meta property=\"og:image:width\" content=\"1024\" \/>\n\t<meta property=\"og:image:height\" content=\"575\" \/>\n\t<meta property=\"og:image:type\" content=\"image\/jpeg\" \/>\n<meta name=\"author\" content=\"Comunicaci\u00f3 Esplac\" \/>\n<meta name=\"twitter:card\" content=\"summary_large_image\" \/>\n<meta name=\"twitter:label1\" content=\"Written by\" \/>\n\t<meta name=\"twitter:data1\" content=\"Comunicaci\u00f3 Esplac\" \/>\n\t<meta name=\"twitter:label2\" content=\"Est. reading time\" \/>\n\t<meta name=\"twitter:data2\" content=\"3 minutes\" \/>\n<script type=\"application\/ld+json\" class=\"yoast-schema-graph\">{\"@context\":\"https:\\\/\\\/schema.org\",\"@graph\":[{\"@type\":\"Article\",\"@id\":\"https:\\\/\\\/www.esplac.cat\\\/grup-treball-genere-en-marxa\\\/#article\",\"isPartOf\":{\"@id\":\"https:\\\/\\\/www.esplac.cat\\\/grup-treball-genere-en-marxa\\\/\"},\"author\":{\"name\":\"Comunicaci\u00f3 Esplac\",\"@id\":\"https:\\\/\\\/www.esplac.cat\\\/#\\\/schema\\\/person\\\/908383cf240be18b68f8855d0583faca\"},\"headline\":\"El grup de treball de g\u00e8nere en marxa!\",\"datePublished\":\"2013-06-28T12:43:11+00:00\",\"dateModified\":\"2019-11-14T11:15:33+00:00\",\"mainEntityOfPage\":{\"@id\":\"https:\\\/\\\/www.esplac.cat\\\/grup-treball-genere-en-marxa\\\/\"},\"wordCount\":587,\"commentCount\":0,\"publisher\":{\"@id\":\"https:\\\/\\\/www.esplac.cat\\\/#organization\"},\"image\":{\"@id\":\"https:\\\/\\\/www.esplac.cat\\\/grup-treball-genere-en-marxa\\\/#primaryimage\"},\"thumbnailUrl\":\"https:\\\/\\\/www.esplac.cat\\\/wp-content\\\/uploads\\\/2013\\\/02\\\/DSC08123.jpg\",\"keywords\":[\"g\u00e8nere\",\"grup de treball de g\u00e8nere\",\"igualtat\"],\"articleSection\":[\"Activitats comissions i grups de treball\",\"Comissi\u00f3 GSDD\"],\"inLanguage\":\"en-US\",\"potentialAction\":[{\"@type\":\"CommentAction\",\"name\":\"Comment\",\"target\":[\"https:\\\/\\\/www.esplac.cat\\\/grup-treball-genere-en-marxa\\\/#respond\"]}]},{\"@type\":\"WebPage\",\"@id\":\"https:\\\/\\\/www.esplac.cat\\\/grup-treball-genere-en-marxa\\\/\",\"url\":\"https:\\\/\\\/www.esplac.cat\\\/grup-treball-genere-en-marxa\\\/\",\"name\":\"El grup de treball de g\u00e8nere en marxa! - Esplac\",\"isPartOf\":{\"@id\":\"https:\\\/\\\/www.esplac.cat\\\/#website\"},\"primaryImageOfPage\":{\"@id\":\"https:\\\/\\\/www.esplac.cat\\\/grup-treball-genere-en-marxa\\\/#primaryimage\"},\"image\":{\"@id\":\"https:\\\/\\\/www.esplac.cat\\\/grup-treball-genere-en-marxa\\\/#primaryimage\"},\"thumbnailUrl\":\"https:\\\/\\\/www.esplac.cat\\\/wp-content\\\/uploads\\\/2013\\\/02\\\/DSC08123.jpg\",\"datePublished\":\"2013-06-28T12:43:11+00:00\",\"dateModified\":\"2019-11-14T11:15:33+00:00\",\"breadcrumb\":{\"@id\":\"https:\\\/\\\/www.esplac.cat\\\/grup-treball-genere-en-marxa\\\/#breadcrumb\"},\"inLanguage\":\"en-US\",\"potentialAction\":[{\"@type\":\"ReadAction\",\"target\":[\"https:\\\/\\\/www.esplac.cat\\\/grup-treball-genere-en-marxa\\\/\"]}]},{\"@type\":\"ImageObject\",\"inLanguage\":\"en-US\",\"@id\":\"https:\\\/\\\/www.esplac.cat\\\/grup-treball-genere-en-marxa\\\/#primaryimage\",\"url\":\"https:\\\/\\\/www.esplac.cat\\\/wp-content\\\/uploads\\\/2013\\\/02\\\/DSC08123.jpg\",\"contentUrl\":\"https:\\\/\\\/www.esplac.cat\\\/wp-content\\\/uploads\\\/2013\\\/02\\\/DSC08123.jpg\",\"width\":3872,\"height\":2176},{\"@type\":\"BreadcrumbList\",\"@id\":\"https:\\\/\\\/www.esplac.cat\\\/grup-treball-genere-en-marxa\\\/#breadcrumb\",\"itemListElement\":[{\"@type\":\"ListItem\",\"position\":1,\"name\":\"Inici\",\"item\":\"https:\\\/\\\/www.esplac.cat\\\/en\\\/\"},{\"@type\":\"ListItem\",\"position\":2,\"name\":\"El grup de treball de g\u00e8nere en marxa!\"}]},{\"@type\":\"WebSite\",\"@id\":\"https:\\\/\\\/www.esplac.cat\\\/#website\",\"url\":\"https:\\\/\\\/www.esplac.cat\\\/\",\"name\":\"Esplac\",\"description\":\"Esplais Catalans\",\"publisher\":{\"@id\":\"https:\\\/\\\/www.esplac.cat\\\/#organization\"},\"potentialAction\":[{\"@type\":\"SearchAction\",\"target\":{\"@type\":\"EntryPoint\",\"urlTemplate\":\"https:\\\/\\\/www.esplac.cat\\\/?s={search_term_string}\"},\"query-input\":{\"@type\":\"PropertyValueSpecification\",\"valueRequired\":true,\"valueName\":\"search_term_string\"}}],\"inLanguage\":\"en-US\"},{\"@type\":\"Organization\",\"@id\":\"https:\\\/\\\/www.esplac.cat\\\/#organization\",\"name\":\"Esplac\",\"url\":\"https:\\\/\\\/www.esplac.cat\\\/\",\"logo\":{\"@type\":\"ImageObject\",\"inLanguage\":\"en-US\",\"@id\":\"https:\\\/\\\/www.esplac.cat\\\/#\\\/schema\\\/logo\\\/image\\\/\",\"url\":\"https:\\\/\\\/www.esplac.cat\\\/wp-content\\\/uploads\\\/2019\\\/08\\\/logox2.png\",\"contentUrl\":\"https:\\\/\\\/www.esplac.cat\\\/wp-content\\\/uploads\\\/2019\\\/08\\\/logox2.png\",\"width\":600,\"height\":295,\"caption\":\"Esplac\"},\"image\":{\"@id\":\"https:\\\/\\\/www.esplac.cat\\\/#\\\/schema\\\/logo\\\/image\\\/\"}},{\"@type\":\"Person\",\"@id\":\"https:\\\/\\\/www.esplac.cat\\\/#\\\/schema\\\/person\\\/908383cf240be18b68f8855d0583faca\",\"name\":\"Comunicaci\u00f3 Esplac\",\"image\":{\"@type\":\"ImageObject\",\"inLanguage\":\"en-US\",\"@id\":\"https:\\\/\\\/secure.gravatar.com\\\/avatar\\\/7a4cf8feb412a76ea4a740ca02d95b06b2907b5a6c648c2dd0a1082a093c3141?s=96&d=mm&r=g\",\"url\":\"https:\\\/\\\/secure.gravatar.com\\\/avatar\\\/7a4cf8feb412a76ea4a740ca02d95b06b2907b5a6c648c2dd0a1082a093c3141?s=96&d=mm&r=g\",\"contentUrl\":\"https:\\\/\\\/secure.gravatar.com\\\/avatar\\\/7a4cf8feb412a76ea4a740ca02d95b06b2907b5a6c648c2dd0a1082a093c3141?s=96&d=mm&r=g\",\"caption\":\"Comunicaci\u00f3 Esplac\"}}]}<\/script>\n<!-- \/ Yoast SEO plugin. -->","yoast_head_json":{"title":"El grup de treball de g\u00e8nere en marxa! - Esplac","robots":{"index":"index","follow":"follow","max-snippet":"max-snippet:-1","max-image-preview":"max-image-preview:large","max-video-preview":"max-video-preview:-1"},"canonical":"https:\/\/www.esplac.cat\/grup-treball-genere-en-marxa\/","og_locale":"en_US","og_type":"article","og_title":"El grup de treball de g\u00e8nere en marxa! - Esplac","og_description":"El grup de treball de g\u00e8nere d\u2019Esplac ja ha passat [&hellip;]","og_url":"https:\/\/www.esplac.cat\/grup-treball-genere-en-marxa\/","og_site_name":"Esplac","article_published_time":"2013-06-28T12:43:11+00:00","article_modified_time":"2019-11-14T11:15:33+00:00","og_image":[{"width":1024,"height":575,"url":"https:\/\/www.esplac.cat\/wp-content\/uploads\/2013\/02\/DSC08123-1024x575.jpg","type":"image\/jpeg"}],"author":"Comunicaci\u00f3 Esplac","twitter_card":"summary_large_image","twitter_misc":{"Written by":"Comunicaci\u00f3 Esplac","Est. reading time":"3 minutes"},"schema":{"@context":"https:\/\/schema.org","@graph":[{"@type":"Article","@id":"https:\/\/www.esplac.cat\/grup-treball-genere-en-marxa\/#article","isPartOf":{"@id":"https:\/\/www.esplac.cat\/grup-treball-genere-en-marxa\/"},"author":{"name":"Comunicaci\u00f3 Esplac","@id":"https:\/\/www.esplac.cat\/#\/schema\/person\/908383cf240be18b68f8855d0583faca"},"headline":"El grup de treball de g\u00e8nere en marxa!","datePublished":"2013-06-28T12:43:11+00:00","dateModified":"2019-11-14T11:15:33+00:00","mainEntityOfPage":{"@id":"https:\/\/www.esplac.cat\/grup-treball-genere-en-marxa\/"},"wordCount":587,"commentCount":0,"publisher":{"@id":"https:\/\/www.esplac.cat\/#organization"},"image":{"@id":"https:\/\/www.esplac.cat\/grup-treball-genere-en-marxa\/#primaryimage"},"thumbnailUrl":"https:\/\/www.esplac.cat\/wp-content\/uploads\/2013\/02\/DSC08123.jpg","keywords":["g\u00e8nere","grup de treball de g\u00e8nere","igualtat"],"articleSection":["Activitats comissions i grups de treball","Comissi\u00f3 GSDD"],"inLanguage":"en-US","potentialAction":[{"@type":"CommentAction","name":"Comment","target":["https:\/\/www.esplac.cat\/grup-treball-genere-en-marxa\/#respond"]}]},{"@type":"WebPage","@id":"https:\/\/www.esplac.cat\/grup-treball-genere-en-marxa\/","url":"https:\/\/www.esplac.cat\/grup-treball-genere-en-marxa\/","name":"El grup de treball de g\u00e8nere en marxa! - Esplac","isPartOf":{"@id":"https:\/\/www.esplac.cat\/#website"},"primaryImageOfPage":{"@id":"https:\/\/www.esplac.cat\/grup-treball-genere-en-marxa\/#primaryimage"},"image":{"@id":"https:\/\/www.esplac.cat\/grup-treball-genere-en-marxa\/#primaryimage"},"thumbnailUrl":"https:\/\/www.esplac.cat\/wp-content\/uploads\/2013\/02\/DSC08123.jpg","datePublished":"2013-06-28T12:43:11+00:00","dateModified":"2019-11-14T11:15:33+00:00","breadcrumb":{"@id":"https:\/\/www.esplac.cat\/grup-treball-genere-en-marxa\/#breadcrumb"},"inLanguage":"en-US","potentialAction":[{"@type":"ReadAction","target":["https:\/\/www.esplac.cat\/grup-treball-genere-en-marxa\/"]}]},{"@type":"ImageObject","inLanguage":"en-US","@id":"https:\/\/www.esplac.cat\/grup-treball-genere-en-marxa\/#primaryimage","url":"https:\/\/www.esplac.cat\/wp-content\/uploads\/2013\/02\/DSC08123.jpg","contentUrl":"https:\/\/www.esplac.cat\/wp-content\/uploads\/2013\/02\/DSC08123.jpg","width":3872,"height":2176},{"@type":"BreadcrumbList","@id":"https:\/\/www.esplac.cat\/grup-treball-genere-en-marxa\/#breadcrumb","itemListElement":[{"@type":"ListItem","position":1,"name":"Inici","item":"https:\/\/www.esplac.cat\/en\/"},{"@type":"ListItem","position":2,"name":"El grup de treball de g\u00e8nere en marxa!"}]},{"@type":"WebSite","@id":"https:\/\/www.esplac.cat\/#website","url":"https:\/\/www.esplac.cat\/","name":"Esplac","description":"Esplais Catalans","publisher":{"@id":"https:\/\/www.esplac.cat\/#organization"},"potentialAction":[{"@type":"SearchAction","target":{"@type":"EntryPoint","urlTemplate":"https:\/\/www.esplac.cat\/?s={search_term_string}"},"query-input":{"@type":"PropertyValueSpecification","valueRequired":true,"valueName":"search_term_string"}}],"inLanguage":"en-US"},{"@type":"Organization","@id":"https:\/\/www.esplac.cat\/#organization","name":"Esplac","url":"https:\/\/www.esplac.cat\/","logo":{"@type":"ImageObject","inLanguage":"en-US","@id":"https:\/\/www.esplac.cat\/#\/schema\/logo\/image\/","url":"https:\/\/www.esplac.cat\/wp-content\/uploads\/2019\/08\/logox2.png","contentUrl":"https:\/\/www.esplac.cat\/wp-content\/uploads\/2019\/08\/logox2.png","width":600,"height":295,"caption":"Esplac"},"image":{"@id":"https:\/\/www.esplac.cat\/#\/schema\/logo\/image\/"}},{"@type":"Person","@id":"https:\/\/www.esplac.cat\/#\/schema\/person\/908383cf240be18b68f8855d0583faca","name":"Comunicaci\u00f3 Esplac","image":{"@type":"ImageObject","inLanguage":"en-US","@id":"https:\/\/secure.gravatar.com\/avatar\/7a4cf8feb412a76ea4a740ca02d95b06b2907b5a6c648c2dd0a1082a093c3141?s=96&d=mm&r=g","url":"https:\/\/secure.gravatar.com\/avatar\/7a4cf8feb412a76ea4a740ca02d95b06b2907b5a6c648c2dd0a1082a093c3141?s=96&d=mm&r=g","contentUrl":"https:\/\/secure.gravatar.com\/avatar\/7a4cf8feb412a76ea4a740ca02d95b06b2907b5a6c648c2dd0a1082a093c3141?s=96&d=mm&r=g","caption":"Comunicaci\u00f3 Esplac"}}]}},"_links":{"self":[{"href":"https:\/\/www.esplac.cat\/en\/wp-json\/wp\/v2\/posts\/25886","targetHints":{"allow":["GET"]}}],"collection":[{"href":"https:\/\/www.esplac.cat\/en\/wp-json\/wp\/v2\/posts"}],"about":[{"href":"https:\/\/www.esplac.cat\/en\/wp-json\/wp\/v2\/types\/post"}],"author":[{"embeddable":true,"href":"https:\/\/www.esplac.cat\/en\/wp-json\/wp\/v2\/users\/3"}],"replies":[{"embeddable":true,"href":"https:\/\/www.esplac.cat\/en\/wp-json\/wp\/v2\/comments?post=25886"}],"version-history":[{"count":0,"href":"https:\/\/www.esplac.cat\/en\/wp-json\/wp\/v2\/posts\/25886\/revisions"}],"wp:featuredmedia":[{"embeddable":true,"href":"https:\/\/www.esplac.cat\/en\/wp-json\/wp\/v2\/media\/25604"}],"wp:attachment":[{"href":"https:\/\/www.esplac.cat\/en\/wp-json\/wp\/v2\/media?parent=25886"}],"wp:term":[{"taxonomy":"category","embeddable":true,"href":"https:\/\/www.esplac.cat\/en\/wp-json\/wp\/v2\/categories?post=25886"},{"taxonomy":"post_tag","embeddable":true,"href":"https:\/\/www.esplac.cat\/en\/wp-json\/wp\/v2\/tags?post=25886"}],"curies":[{"name":"wp","href":"https:\/\/api.w.org\/{rel}","templated":true}]}}