{"id":25888,"date":"2013-06-25T16:36:46","date_gmt":"2013-06-25T14:36:46","guid":{"rendered":"http:\/\/esplac.cat\/?p=3775"},"modified":"2013-06-25T16:36:46","modified_gmt":"2013-06-25T14:36:46","slug":"presentacio-esplais-xifres-realitat-esplais-catalans","status":"publish","type":"post","link":"https:\/\/www.esplac.cat\/en\/presentacio-esplais-xifres-realitat-esplais-catalans\/","title":{"rendered":"Presentaci\u00f3 &#8220;Els esplais en xifres. La realitat d&#8217;Esplais Catalans&#8221;"},"content":{"rendered":"<p><!--:CA-->Aquest <strong>dijous 27 de juny<\/strong> presentarem l\u2019estudi de la <a title=\"fundaci\u00f3 francesc ferrer i gu\u00e0rdia\" href=\"http:\/\/www.ferreriguardia.org\" target=\"_blank\" rel=\"noopener noreferrer\">Fundaci\u00f3 Francesc Ferrer i Gu\u00e0rdia<\/a> sobre la realitat dels Esplais Catalans. Les dades que exposarem ens donaran una bona pista sobre les caracter\u00edstiques dels esplais i de tota la gent que els conformem: monitors, monitores, infants i fam\u00edlies.<\/p>\n<p>A tall d&#8217;exemple, l&#8217;estudi ens diu que\u00a0<strong>de mitjana un monitor o monitora dedica a l&#8217;esplai volunt\u00e0riament m\u00e9s de 7 hores setmanals, el que representen 365 hores dedicaci\u00f3 anua<\/strong>l. Tot i que la participaci\u00f3 volunt\u00e0ria dels i de les joves i la seva implicaci\u00f3 en el seu entorn s\u00f3n fets que no es poden quantificar econ\u00f2micament,\u00a0<strong>si calcul\u00e9ssim quin seria el cost anual de remunerar les activitats ordin\u00e0ries que realitzen als esplais, obtindr\u00edem un valor aproximat de 4.215.000 \u20ac anuals<\/strong>.<\/p>\n<p>\u00c9s dif\u00edcil expressar en xifres el que ens mou a l&#8217;hora de fer esplai setmana rere setmana, per\u00f2 els n\u00fameros ens confirmen l&#8217;aportaci\u00f3 al nostre moviment suposa una suma significativa per a l&#8217;educaci\u00f3 d&#8217;infants i joves del nostre pa\u00eds.<\/p>\n<p>Ens trobarem doncs, el dijous\u00a0<strong>27 de juny a les 19:30h a la Direcci\u00f3 General de Joventut de la Generalitat de Joventut<\/strong>\u00a0(c. Cal\u00e0bria, 147 &#8211; 08015, Barcelona) per fer una mirada en profunditat en el si dels esplais i per posar en valor la seva tasca educativa, des del voluntariat, en la societat catalana. Hi intervindr\u00e0:<\/p>\n<p>&#8211;\u00a0<strong>Antoni Reig Casassas<\/strong>, Director General de Joventut.<br \/>\n&#8211;\u00a0<strong>S\u00edlvia Luque Delgado<\/strong>, Coordinadora de l\u2019Institut d\u2019An\u00e0lisi Social i Pol\u00edtiques P\u00fabliques de la Fundaci\u00f3 Francesc Ferrer i Gu\u00e0rdia.<br \/>\n&#8211;\u00a0<strong>Marc Cases Mart\u00edn<\/strong>, President d\u2019Esplais Catalans.<\/p>\n<p><strong>Convocat\u00f2ria de premsa:<\/strong><\/p>\n<p>Convidem a la premsa a la presentaci\u00f3 de l&#8217;estudi, a les 19:15h a la Direcci\u00f3 General de Joventut. Preguem que confirmeu la vostra assist\u00e8ncia trucant al 93 302 61 03 o per correu a\u00a0<a href=\"mailto:comunicacio@esplac.cat\" target=\"_blank\" rel=\"noopener noreferrer\">comunicacio@esplac.cat<\/a>.<!--:--><!--:es-->&nbsp;<\/p>\n<p><!--:--><!--:en-->&nbsp;<\/p>\n<p><!--:--><!--:fr-->&nbsp;<\/p>\n<p><!--:--><\/p>\n","protected":false},"excerpt":{"rendered":"<p>Aquest dijous 27 de juny presentarem l\u2019estudi de la Fundaci\u00f3 [&hellip;]<\/p>\n","protected":false},"author":3,"featured_media":0,"comment_status":"open","ping_status":"open","sticky":false,"template":"","format":"standard","meta":{"om_disable_all_campaigns":false,"_monsterinsights_skip_tracking":false,"_monsterinsights_sitenote_active":false,"_monsterinsights_sitenote_note":"","_monsterinsights_sitenote_category":0,"_uf_show_specific_survey":0,"_uf_disable_surveys":false,"footnotes":""},"categories":[1127],"tags":[157,92,134,158],"class_list":["post-25888","post","type-post","status-publish","format-standard","hentry","category-comunicats-posicionaments","tag-direccio-de-joventut","tag-educacio","tag-transformacio-social","tag-voluntariat"],"yoast_head":"<!-- This site is optimized with the Yoast SEO plugin v27.4 - https:\/\/yoast.com\/product\/yoast-seo-wordpress\/ -->\n<title>Presentaci\u00f3 &quot;Els esplais en xifres. La realitat d&#039;Esplais Catalans&quot; - Esplac<\/title>\n<meta name=\"robots\" content=\"index, follow, max-snippet:-1, max-image-preview:large, max-video-preview:-1\" \/>\n<link rel=\"canonical\" href=\"https:\/\/www.esplac.cat\/presentacio-esplais-xifres-realitat-esplais-catalans\/\" \/>\n<meta property=\"og:locale\" content=\"en_US\" \/>\n<meta property=\"og:type\" content=\"article\" \/>\n<meta property=\"og:title\" content=\"Presentaci\u00f3 &quot;Els esplais en xifres. La realitat d&#039;Esplais Catalans&quot; - Esplac\" \/>\n<meta property=\"og:description\" content=\"Aquest dijous 27 de juny presentarem l\u2019estudi de la Fundaci\u00f3 [&hellip;]\" \/>\n<meta property=\"og:url\" content=\"https:\/\/www.esplac.cat\/presentacio-esplais-xifres-realitat-esplais-catalans\/\" \/>\n<meta property=\"og:site_name\" content=\"Esplac\" \/>\n<meta property=\"article:published_time\" content=\"2013-06-25T14:36:46+00:00\" \/>\n<meta property=\"og:image\" content=\"https:\/\/www.esplac.cat\/wp-content\/uploads\/2019\/11\/logo-open.jpg\" \/>\n\t<meta property=\"og:image:width\" content=\"1200\" \/>\n\t<meta property=\"og:image:height\" content=\"630\" \/>\n\t<meta property=\"og:image:type\" content=\"image\/jpeg\" \/>\n<meta name=\"author\" content=\"Comunicaci\u00f3 Esplac\" \/>\n<meta name=\"twitter:card\" content=\"summary_large_image\" \/>\n<meta name=\"twitter:label1\" content=\"Written by\" \/>\n\t<meta name=\"twitter:data1\" content=\"Comunicaci\u00f3 Esplac\" \/>\n\t<meta name=\"twitter:label2\" content=\"Est. reading time\" \/>\n\t<meta name=\"twitter:data2\" content=\"2 minutes\" \/>\n<script type=\"application\/ld+json\" class=\"yoast-schema-graph\">{\"@context\":\"https:\\\/\\\/schema.org\",\"@graph\":[{\"@type\":\"Article\",\"@id\":\"https:\\\/\\\/www.esplac.cat\\\/presentacio-esplais-xifres-realitat-esplais-catalans\\\/#article\",\"isPartOf\":{\"@id\":\"https:\\\/\\\/www.esplac.cat\\\/presentacio-esplais-xifres-realitat-esplais-catalans\\\/\"},\"author\":{\"name\":\"Comunicaci\u00f3 Esplac\",\"@id\":\"https:\\\/\\\/www.esplac.cat\\\/#\\\/schema\\\/person\\\/908383cf240be18b68f8855d0583faca\"},\"headline\":\"Presentaci\u00f3 &#8220;Els esplais en xifres. La realitat d&#8217;Esplais Catalans&#8221;\",\"datePublished\":\"2013-06-25T14:36:46+00:00\",\"mainEntityOfPage\":{\"@id\":\"https:\\\/\\\/www.esplac.cat\\\/presentacio-esplais-xifres-realitat-esplais-catalans\\\/\"},\"wordCount\":333,\"commentCount\":0,\"publisher\":{\"@id\":\"https:\\\/\\\/www.esplac.cat\\\/#organization\"},\"keywords\":[\"direcci\u00f3 de joventut\",\"educaci\u00f3\",\"transformaci\u00f3 social\",\"voluntariat\"],\"articleSection\":[\"Comunicats i posicionaments\"],\"inLanguage\":\"en-US\",\"potentialAction\":[{\"@type\":\"CommentAction\",\"name\":\"Comment\",\"target\":[\"https:\\\/\\\/www.esplac.cat\\\/presentacio-esplais-xifres-realitat-esplais-catalans\\\/#respond\"]}]},{\"@type\":\"WebPage\",\"@id\":\"https:\\\/\\\/www.esplac.cat\\\/presentacio-esplais-xifres-realitat-esplais-catalans\\\/\",\"url\":\"https:\\\/\\\/www.esplac.cat\\\/presentacio-esplais-xifres-realitat-esplais-catalans\\\/\",\"name\":\"Presentaci\u00f3 \\\"Els esplais en xifres. La realitat d'Esplais Catalans\\\" - Esplac\",\"isPartOf\":{\"@id\":\"https:\\\/\\\/www.esplac.cat\\\/#website\"},\"datePublished\":\"2013-06-25T14:36:46+00:00\",\"breadcrumb\":{\"@id\":\"https:\\\/\\\/www.esplac.cat\\\/presentacio-esplais-xifres-realitat-esplais-catalans\\\/#breadcrumb\"},\"inLanguage\":\"en-US\",\"potentialAction\":[{\"@type\":\"ReadAction\",\"target\":[\"https:\\\/\\\/www.esplac.cat\\\/presentacio-esplais-xifres-realitat-esplais-catalans\\\/\"]}]},{\"@type\":\"BreadcrumbList\",\"@id\":\"https:\\\/\\\/www.esplac.cat\\\/presentacio-esplais-xifres-realitat-esplais-catalans\\\/#breadcrumb\",\"itemListElement\":[{\"@type\":\"ListItem\",\"position\":1,\"name\":\"Inici\",\"item\":\"https:\\\/\\\/www.esplac.cat\\\/en\\\/\"},{\"@type\":\"ListItem\",\"position\":2,\"name\":\"Presentaci\u00f3 &#8220;Els esplais en xifres. La realitat d&#8217;Esplais Catalans&#8221;\"}]},{\"@type\":\"WebSite\",\"@id\":\"https:\\\/\\\/www.esplac.cat\\\/#website\",\"url\":\"https:\\\/\\\/www.esplac.cat\\\/\",\"name\":\"Esplac\",\"description\":\"Esplais Catalans\",\"publisher\":{\"@id\":\"https:\\\/\\\/www.esplac.cat\\\/#organization\"},\"potentialAction\":[{\"@type\":\"SearchAction\",\"target\":{\"@type\":\"EntryPoint\",\"urlTemplate\":\"https:\\\/\\\/www.esplac.cat\\\/?s={search_term_string}\"},\"query-input\":{\"@type\":\"PropertyValueSpecification\",\"valueRequired\":true,\"valueName\":\"search_term_string\"}}],\"inLanguage\":\"en-US\"},{\"@type\":\"Organization\",\"@id\":\"https:\\\/\\\/www.esplac.cat\\\/#organization\",\"name\":\"Esplac\",\"url\":\"https:\\\/\\\/www.esplac.cat\\\/\",\"logo\":{\"@type\":\"ImageObject\",\"inLanguage\":\"en-US\",\"@id\":\"https:\\\/\\\/www.esplac.cat\\\/#\\\/schema\\\/logo\\\/image\\\/\",\"url\":\"https:\\\/\\\/www.esplac.cat\\\/wp-content\\\/uploads\\\/2019\\\/08\\\/logox2.png\",\"contentUrl\":\"https:\\\/\\\/www.esplac.cat\\\/wp-content\\\/uploads\\\/2019\\\/08\\\/logox2.png\",\"width\":600,\"height\":295,\"caption\":\"Esplac\"},\"image\":{\"@id\":\"https:\\\/\\\/www.esplac.cat\\\/#\\\/schema\\\/logo\\\/image\\\/\"}},{\"@type\":\"Person\",\"@id\":\"https:\\\/\\\/www.esplac.cat\\\/#\\\/schema\\\/person\\\/908383cf240be18b68f8855d0583faca\",\"name\":\"Comunicaci\u00f3 Esplac\",\"image\":{\"@type\":\"ImageObject\",\"inLanguage\":\"en-US\",\"@id\":\"https:\\\/\\\/secure.gravatar.com\\\/avatar\\\/7a4cf8feb412a76ea4a740ca02d95b06b2907b5a6c648c2dd0a1082a093c3141?s=96&d=mm&r=g\",\"url\":\"https:\\\/\\\/secure.gravatar.com\\\/avatar\\\/7a4cf8feb412a76ea4a740ca02d95b06b2907b5a6c648c2dd0a1082a093c3141?s=96&d=mm&r=g\",\"contentUrl\":\"https:\\\/\\\/secure.gravatar.com\\\/avatar\\\/7a4cf8feb412a76ea4a740ca02d95b06b2907b5a6c648c2dd0a1082a093c3141?s=96&d=mm&r=g\",\"caption\":\"Comunicaci\u00f3 Esplac\"}}]}<\/script>\n<!-- \/ Yoast SEO plugin. -->","yoast_head_json":{"title":"Presentaci\u00f3 \"Els esplais en xifres. La realitat d'Esplais Catalans\" - Esplac","robots":{"index":"index","follow":"follow","max-snippet":"max-snippet:-1","max-image-preview":"max-image-preview:large","max-video-preview":"max-video-preview:-1"},"canonical":"https:\/\/www.esplac.cat\/presentacio-esplais-xifres-realitat-esplais-catalans\/","og_locale":"en_US","og_type":"article","og_title":"Presentaci\u00f3 \"Els esplais en xifres. La realitat d'Esplais Catalans\" - Esplac","og_description":"Aquest dijous 27 de juny presentarem l\u2019estudi de la Fundaci\u00f3 [&hellip;]","og_url":"https:\/\/www.esplac.cat\/presentacio-esplais-xifres-realitat-esplais-catalans\/","og_site_name":"Esplac","article_published_time":"2013-06-25T14:36:46+00:00","og_image":[{"width":1200,"height":630,"url":"https:\/\/www.esplac.cat\/wp-content\/uploads\/2019\/11\/logo-open.jpg","type":"image\/jpeg"}],"author":"Comunicaci\u00f3 Esplac","twitter_card":"summary_large_image","twitter_misc":{"Written by":"Comunicaci\u00f3 Esplac","Est. reading time":"2 minutes"},"schema":{"@context":"https:\/\/schema.org","@graph":[{"@type":"Article","@id":"https:\/\/www.esplac.cat\/presentacio-esplais-xifres-realitat-esplais-catalans\/#article","isPartOf":{"@id":"https:\/\/www.esplac.cat\/presentacio-esplais-xifres-realitat-esplais-catalans\/"},"author":{"name":"Comunicaci\u00f3 Esplac","@id":"https:\/\/www.esplac.cat\/#\/schema\/person\/908383cf240be18b68f8855d0583faca"},"headline":"Presentaci\u00f3 &#8220;Els esplais en xifres. La realitat d&#8217;Esplais Catalans&#8221;","datePublished":"2013-06-25T14:36:46+00:00","mainEntityOfPage":{"@id":"https:\/\/www.esplac.cat\/presentacio-esplais-xifres-realitat-esplais-catalans\/"},"wordCount":333,"commentCount":0,"publisher":{"@id":"https:\/\/www.esplac.cat\/#organization"},"keywords":["direcci\u00f3 de joventut","educaci\u00f3","transformaci\u00f3 social","voluntariat"],"articleSection":["Comunicats i posicionaments"],"inLanguage":"en-US","potentialAction":[{"@type":"CommentAction","name":"Comment","target":["https:\/\/www.esplac.cat\/presentacio-esplais-xifres-realitat-esplais-catalans\/#respond"]}]},{"@type":"WebPage","@id":"https:\/\/www.esplac.cat\/presentacio-esplais-xifres-realitat-esplais-catalans\/","url":"https:\/\/www.esplac.cat\/presentacio-esplais-xifres-realitat-esplais-catalans\/","name":"Presentaci\u00f3 \"Els esplais en xifres. La realitat d'Esplais Catalans\" - Esplac","isPartOf":{"@id":"https:\/\/www.esplac.cat\/#website"},"datePublished":"2013-06-25T14:36:46+00:00","breadcrumb":{"@id":"https:\/\/www.esplac.cat\/presentacio-esplais-xifres-realitat-esplais-catalans\/#breadcrumb"},"inLanguage":"en-US","potentialAction":[{"@type":"ReadAction","target":["https:\/\/www.esplac.cat\/presentacio-esplais-xifres-realitat-esplais-catalans\/"]}]},{"@type":"BreadcrumbList","@id":"https:\/\/www.esplac.cat\/presentacio-esplais-xifres-realitat-esplais-catalans\/#breadcrumb","itemListElement":[{"@type":"ListItem","position":1,"name":"Inici","item":"https:\/\/www.esplac.cat\/en\/"},{"@type":"ListItem","position":2,"name":"Presentaci\u00f3 &#8220;Els esplais en xifres. La realitat d&#8217;Esplais Catalans&#8221;"}]},{"@type":"WebSite","@id":"https:\/\/www.esplac.cat\/#website","url":"https:\/\/www.esplac.cat\/","name":"Esplac","description":"Esplais Catalans","publisher":{"@id":"https:\/\/www.esplac.cat\/#organization"},"potentialAction":[{"@type":"SearchAction","target":{"@type":"EntryPoint","urlTemplate":"https:\/\/www.esplac.cat\/?s={search_term_string}"},"query-input":{"@type":"PropertyValueSpecification","valueRequired":true,"valueName":"search_term_string"}}],"inLanguage":"en-US"},{"@type":"Organization","@id":"https:\/\/www.esplac.cat\/#organization","name":"Esplac","url":"https:\/\/www.esplac.cat\/","logo":{"@type":"ImageObject","inLanguage":"en-US","@id":"https:\/\/www.esplac.cat\/#\/schema\/logo\/image\/","url":"https:\/\/www.esplac.cat\/wp-content\/uploads\/2019\/08\/logox2.png","contentUrl":"https:\/\/www.esplac.cat\/wp-content\/uploads\/2019\/08\/logox2.png","width":600,"height":295,"caption":"Esplac"},"image":{"@id":"https:\/\/www.esplac.cat\/#\/schema\/logo\/image\/"}},{"@type":"Person","@id":"https:\/\/www.esplac.cat\/#\/schema\/person\/908383cf240be18b68f8855d0583faca","name":"Comunicaci\u00f3 Esplac","image":{"@type":"ImageObject","inLanguage":"en-US","@id":"https:\/\/secure.gravatar.com\/avatar\/7a4cf8feb412a76ea4a740ca02d95b06b2907b5a6c648c2dd0a1082a093c3141?s=96&d=mm&r=g","url":"https:\/\/secure.gravatar.com\/avatar\/7a4cf8feb412a76ea4a740ca02d95b06b2907b5a6c648c2dd0a1082a093c3141?s=96&d=mm&r=g","contentUrl":"https:\/\/secure.gravatar.com\/avatar\/7a4cf8feb412a76ea4a740ca02d95b06b2907b5a6c648c2dd0a1082a093c3141?s=96&d=mm&r=g","caption":"Comunicaci\u00f3 Esplac"}}]}},"_links":{"self":[{"href":"https:\/\/www.esplac.cat\/en\/wp-json\/wp\/v2\/posts\/25888","targetHints":{"allow":["GET"]}}],"collection":[{"href":"https:\/\/www.esplac.cat\/en\/wp-json\/wp\/v2\/posts"}],"about":[{"href":"https:\/\/www.esplac.cat\/en\/wp-json\/wp\/v2\/types\/post"}],"author":[{"embeddable":true,"href":"https:\/\/www.esplac.cat\/en\/wp-json\/wp\/v2\/users\/3"}],"replies":[{"embeddable":true,"href":"https:\/\/www.esplac.cat\/en\/wp-json\/wp\/v2\/comments?post=25888"}],"version-history":[{"count":0,"href":"https:\/\/www.esplac.cat\/en\/wp-json\/wp\/v2\/posts\/25888\/revisions"}],"wp:attachment":[{"href":"https:\/\/www.esplac.cat\/en\/wp-json\/wp\/v2\/media?parent=25888"}],"wp:term":[{"taxonomy":"category","embeddable":true,"href":"https:\/\/www.esplac.cat\/en\/wp-json\/wp\/v2\/categories?post=25888"},{"taxonomy":"post_tag","embeddable":true,"href":"https:\/\/www.esplac.cat\/en\/wp-json\/wp\/v2\/tags?post=25888"}],"curies":[{"name":"wp","href":"https:\/\/api.w.org\/{rel}","templated":true}]}}