{"id":25895,"date":"2013-06-18T13:44:06","date_gmt":"2013-06-18T11:44:06","guid":{"rendered":"http:\/\/esplac.cat\/?p=3685"},"modified":"2013-06-18T13:44:06","modified_gmt":"2013-06-18T11:44:06","slug":"esplais-maresme-tanquen-curs-formacio","status":"publish","type":"post","link":"https:\/\/www.esplac.cat\/en\/esplais-maresme-tanquen-curs-formacio\/","title":{"rendered":"Els esplais del Maresme tanquen el curs fent formaci\u00f3"},"content":{"rendered":"<p><!--:CA-->El passat diumenge 16 de juny, els esplais del sector Maresme v\u00e0rem celebrar l&#8217;\u00faltima trobada de sector d&#8217;aquest curs tot fent una \u201cbarbacoa\u201d formativa. Aquesta, que va ser de tot menys barbacoa, va comptar amb la participaci\u00f3 de l&#8217;<a title=\"esplai la tribu\" href=\"http:\/\/www.esplailatribu.es\/\" target=\"_blank\" rel=\"noopener noreferrer\">esplai La Tribu<\/a> i l&#8217;<a title=\"esplai pampayuga\" href=\"http:\/\/pampayuga.blogspot.com.es\/\" target=\"_blank\" rel=\"noopener noreferrer\">esplai Pampayuga<\/a>, de Matar\u00f3; l&#8217;<a title=\"esplai guaital\" href=\"http:\/\/guaital.blogspot.com.es\/\" target=\"_blank\" rel=\"noopener noreferrer\">esplai Guaita&#8217;l<\/a>, d&#8217;Alella; l&#8217;<a title=\"esplai bruixes i bruixots\" href=\"http:\/\/www.bruixesibruixots.org\/\" target=\"_blank\" rel=\"noopener noreferrer\">esplai Bruixes i Bruixots<\/a>, de Cardedeu i l&#8217;<a title=\"esplai cau l'espolsada\" href=\"http:\/\/www.scsantjaume.cat\/seccions\/espolsada.asp\" target=\"_blank\" rel=\"noopener noreferrer\">esplai Cau Espolsada<\/a>, que varen ser les nostres amfitriones a Premi\u00e0 de Dalt.<\/p>\n<p>Durant el mat\u00ed, varem realitzar la formaci\u00f3 \u201c<strong>Xarxes socials i adolescents<\/strong>\u201d de la m\u00e0 d&#8217;en Roger, monitor de l&#8217;esplai Bruixes i Bruixots. Aquesta formaci\u00f3, que va tenir una valoraci\u00f3 molt positiva per part del sector, va donar lloc a debats sobre les relacions tant reals com virtuals entre adolescents i monitors i monitores; va despertar la curiositat de moltes i de segur que portar\u00e0 debat en el si de molts esplais.<\/p>\n<p>En acabat, totes les monitores v\u00e0rem enfilar cap a la muntanya, on varem realitzar una \u201cbarbacoa\u201d fict\u00edcia composada de patates, olives, fuets, pat\u00e9s i varis \u201ctuppers\u201d per compartir. Guitarres, malabars i galetes de postre varen ser els elements que van culminar el que va ser un diumenge molt agradable, molt lliure i molt tropical amb el sector Maresme.<\/p>\n<p>Acomiadem aix\u00ed el curs i encarem les activitats d&#8217;estiu amb m\u00e9s ganes que mai, i esperant amb entusiasme el Campament Internacional!<\/p>\n<p><!--:--><!--:es-->&nbsp;<\/p>\n<p><!--:--><!--:en-->&nbsp;<\/p>\n<p><!--:--><!--:fr-->&nbsp;<\/p>\n<p><!--:--><\/p>\n","protected":false},"excerpt":{"rendered":"<p>El passat diumenge 16 de juny, els esplais del sector [&hellip;]<\/p>\n","protected":false},"author":3,"featured_media":25163,"comment_status":"open","ping_status":"open","sticky":false,"template":"","format":"standard","meta":{"om_disable_all_campaigns":false,"_monsterinsights_skip_tracking":false,"_monsterinsights_sitenote_active":false,"_monsterinsights_sitenote_note":"","_monsterinsights_sitenote_category":0,"_uf_show_specific_survey":0,"_uf_disable_surveys":false,"footnotes":""},"categories":[1110,1113],"tags":[51,54,21,150],"class_list":["post-25895","post","type-post","status-publish","format-standard","has-post-thumbnail","hentry","category-activitats-sectors","category-sector-maresme","tag-adolescents","tag-formacio","tag-sector-maresme","tag-xarxes-socials"],"yoast_head":"<!-- This site is optimized with the Yoast SEO plugin v27.5 - https:\/\/yoast.com\/product\/yoast-seo-wordpress\/ -->\n<title>Els esplais del Maresme tanquen el curs fent formaci\u00f3 - Esplac<\/title>\n<meta name=\"robots\" content=\"index, follow, max-snippet:-1, max-image-preview:large, max-video-preview:-1\" \/>\n<link rel=\"canonical\" href=\"https:\/\/www.esplac.cat\/esplais-maresme-tanquen-curs-formacio\/\" \/>\n<meta property=\"og:locale\" content=\"en_US\" \/>\n<meta property=\"og:type\" content=\"article\" \/>\n<meta property=\"og:title\" content=\"Els esplais del Maresme tanquen el curs fent formaci\u00f3 - Esplac\" \/>\n<meta property=\"og:description\" content=\"El passat diumenge 16 de juny, els esplais del sector [&hellip;]\" \/>\n<meta property=\"og:url\" content=\"https:\/\/www.esplac.cat\/esplais-maresme-tanquen-curs-formacio\/\" \/>\n<meta property=\"og:site_name\" content=\"Esplac\" \/>\n<meta property=\"article:published_time\" content=\"2013-06-18T11:44:06+00:00\" \/>\n<meta property=\"og:image\" content=\"https:\/\/www.esplac.cat\/wp-content\/uploads\/2016\/10\/20161004_Formacio_Vicki_Bernadet.jpg\" \/>\n\t<meta property=\"og:image:width\" content=\"847\" \/>\n\t<meta property=\"og:image:height\" content=\"350\" \/>\n\t<meta property=\"og:image:type\" content=\"image\/jpeg\" \/>\n<meta name=\"author\" content=\"Comunicaci\u00f3 Esplac\" \/>\n<meta name=\"twitter:card\" content=\"summary_large_image\" \/>\n<meta name=\"twitter:label1\" content=\"Written by\" \/>\n\t<meta name=\"twitter:data1\" content=\"Comunicaci\u00f3 Esplac\" \/>\n\t<meta name=\"twitter:label2\" content=\"Est. reading time\" \/>\n\t<meta name=\"twitter:data2\" content=\"1 minute\" \/>\n<script type=\"application\/ld+json\" class=\"yoast-schema-graph\">{\"@context\":\"https:\\\/\\\/schema.org\",\"@graph\":[{\"@type\":\"Article\",\"@id\":\"https:\\\/\\\/www.esplac.cat\\\/esplais-maresme-tanquen-curs-formacio\\\/#article\",\"isPartOf\":{\"@id\":\"https:\\\/\\\/www.esplac.cat\\\/esplais-maresme-tanquen-curs-formacio\\\/\"},\"author\":{\"name\":\"Comunicaci\u00f3 Esplac\",\"@id\":\"https:\\\/\\\/www.esplac.cat\\\/#\\\/schema\\\/person\\\/908383cf240be18b68f8855d0583faca\"},\"headline\":\"Els esplais del Maresme tanquen el curs fent formaci\u00f3\",\"datePublished\":\"2013-06-18T11:44:06+00:00\",\"mainEntityOfPage\":{\"@id\":\"https:\\\/\\\/www.esplac.cat\\\/esplais-maresme-tanquen-curs-formacio\\\/\"},\"wordCount\":252,\"commentCount\":0,\"publisher\":{\"@id\":\"https:\\\/\\\/www.esplac.cat\\\/#organization\"},\"image\":{\"@id\":\"https:\\\/\\\/www.esplac.cat\\\/esplais-maresme-tanquen-curs-formacio\\\/#primaryimage\"},\"thumbnailUrl\":\"https:\\\/\\\/www.esplac.cat\\\/wp-content\\\/uploads\\\/2016\\\/10\\\/20161004_Formacio_Vicki_Bernadet.jpg\",\"keywords\":[\"adolescents\",\"formaci\u00f3\",\"sector Maresme\",\"xarxes socials\"],\"articleSection\":[\"Activitats sectors\",\"Sector Maresme\"],\"inLanguage\":\"en-US\",\"potentialAction\":[{\"@type\":\"CommentAction\",\"name\":\"Comment\",\"target\":[\"https:\\\/\\\/www.esplac.cat\\\/esplais-maresme-tanquen-curs-formacio\\\/#respond\"]}]},{\"@type\":\"WebPage\",\"@id\":\"https:\\\/\\\/www.esplac.cat\\\/esplais-maresme-tanquen-curs-formacio\\\/\",\"url\":\"https:\\\/\\\/www.esplac.cat\\\/esplais-maresme-tanquen-curs-formacio\\\/\",\"name\":\"Els esplais del Maresme tanquen el curs fent formaci\u00f3 - Esplac\",\"isPartOf\":{\"@id\":\"https:\\\/\\\/www.esplac.cat\\\/#website\"},\"primaryImageOfPage\":{\"@id\":\"https:\\\/\\\/www.esplac.cat\\\/esplais-maresme-tanquen-curs-formacio\\\/#primaryimage\"},\"image\":{\"@id\":\"https:\\\/\\\/www.esplac.cat\\\/esplais-maresme-tanquen-curs-formacio\\\/#primaryimage\"},\"thumbnailUrl\":\"https:\\\/\\\/www.esplac.cat\\\/wp-content\\\/uploads\\\/2016\\\/10\\\/20161004_Formacio_Vicki_Bernadet.jpg\",\"datePublished\":\"2013-06-18T11:44:06+00:00\",\"breadcrumb\":{\"@id\":\"https:\\\/\\\/www.esplac.cat\\\/esplais-maresme-tanquen-curs-formacio\\\/#breadcrumb\"},\"inLanguage\":\"en-US\",\"potentialAction\":[{\"@type\":\"ReadAction\",\"target\":[\"https:\\\/\\\/www.esplac.cat\\\/esplais-maresme-tanquen-curs-formacio\\\/\"]}]},{\"@type\":\"ImageObject\",\"inLanguage\":\"en-US\",\"@id\":\"https:\\\/\\\/www.esplac.cat\\\/esplais-maresme-tanquen-curs-formacio\\\/#primaryimage\",\"url\":\"https:\\\/\\\/www.esplac.cat\\\/wp-content\\\/uploads\\\/2016\\\/10\\\/20161004_Formacio_Vicki_Bernadet.jpg\",\"contentUrl\":\"https:\\\/\\\/www.esplac.cat\\\/wp-content\\\/uploads\\\/2016\\\/10\\\/20161004_Formacio_Vicki_Bernadet.jpg\",\"width\":847,\"height\":350},{\"@type\":\"BreadcrumbList\",\"@id\":\"https:\\\/\\\/www.esplac.cat\\\/esplais-maresme-tanquen-curs-formacio\\\/#breadcrumb\",\"itemListElement\":[{\"@type\":\"ListItem\",\"position\":1,\"name\":\"Inici\",\"item\":\"https:\\\/\\\/www.esplac.cat\\\/en\\\/\"},{\"@type\":\"ListItem\",\"position\":2,\"name\":\"Els esplais del Maresme tanquen el curs fent formaci\u00f3\"}]},{\"@type\":\"WebSite\",\"@id\":\"https:\\\/\\\/www.esplac.cat\\\/#website\",\"url\":\"https:\\\/\\\/www.esplac.cat\\\/\",\"name\":\"Esplac\",\"description\":\"Esplais Catalans\",\"publisher\":{\"@id\":\"https:\\\/\\\/www.esplac.cat\\\/#organization\"},\"potentialAction\":[{\"@type\":\"SearchAction\",\"target\":{\"@type\":\"EntryPoint\",\"urlTemplate\":\"https:\\\/\\\/www.esplac.cat\\\/?s={search_term_string}\"},\"query-input\":{\"@type\":\"PropertyValueSpecification\",\"valueRequired\":true,\"valueName\":\"search_term_string\"}}],\"inLanguage\":\"en-US\"},{\"@type\":\"Organization\",\"@id\":\"https:\\\/\\\/www.esplac.cat\\\/#organization\",\"name\":\"Esplac\",\"url\":\"https:\\\/\\\/www.esplac.cat\\\/\",\"logo\":{\"@type\":\"ImageObject\",\"inLanguage\":\"en-US\",\"@id\":\"https:\\\/\\\/www.esplac.cat\\\/#\\\/schema\\\/logo\\\/image\\\/\",\"url\":\"https:\\\/\\\/www.esplac.cat\\\/wp-content\\\/uploads\\\/2019\\\/08\\\/logox2.png\",\"contentUrl\":\"https:\\\/\\\/www.esplac.cat\\\/wp-content\\\/uploads\\\/2019\\\/08\\\/logox2.png\",\"width\":600,\"height\":295,\"caption\":\"Esplac\"},\"image\":{\"@id\":\"https:\\\/\\\/www.esplac.cat\\\/#\\\/schema\\\/logo\\\/image\\\/\"}},{\"@type\":\"Person\",\"@id\":\"https:\\\/\\\/www.esplac.cat\\\/#\\\/schema\\\/person\\\/908383cf240be18b68f8855d0583faca\",\"name\":\"Comunicaci\u00f3 Esplac\",\"image\":{\"@type\":\"ImageObject\",\"inLanguage\":\"en-US\",\"@id\":\"https:\\\/\\\/secure.gravatar.com\\\/avatar\\\/7a4cf8feb412a76ea4a740ca02d95b06b2907b5a6c648c2dd0a1082a093c3141?s=96&d=mm&r=g\",\"url\":\"https:\\\/\\\/secure.gravatar.com\\\/avatar\\\/7a4cf8feb412a76ea4a740ca02d95b06b2907b5a6c648c2dd0a1082a093c3141?s=96&d=mm&r=g\",\"contentUrl\":\"https:\\\/\\\/secure.gravatar.com\\\/avatar\\\/7a4cf8feb412a76ea4a740ca02d95b06b2907b5a6c648c2dd0a1082a093c3141?s=96&d=mm&r=g\",\"caption\":\"Comunicaci\u00f3 Esplac\"}}]}<\/script>\n<!-- \/ Yoast SEO plugin. -->","yoast_head_json":{"title":"Els esplais del Maresme tanquen el curs fent formaci\u00f3 - Esplac","robots":{"index":"index","follow":"follow","max-snippet":"max-snippet:-1","max-image-preview":"max-image-preview:large","max-video-preview":"max-video-preview:-1"},"canonical":"https:\/\/www.esplac.cat\/esplais-maresme-tanquen-curs-formacio\/","og_locale":"en_US","og_type":"article","og_title":"Els esplais del Maresme tanquen el curs fent formaci\u00f3 - Esplac","og_description":"El passat diumenge 16 de juny, els esplais del sector [&hellip;]","og_url":"https:\/\/www.esplac.cat\/esplais-maresme-tanquen-curs-formacio\/","og_site_name":"Esplac","article_published_time":"2013-06-18T11:44:06+00:00","og_image":[{"width":847,"height":350,"url":"https:\/\/www.esplac.cat\/wp-content\/uploads\/2016\/10\/20161004_Formacio_Vicki_Bernadet.jpg","type":"image\/jpeg"}],"author":"Comunicaci\u00f3 Esplac","twitter_card":"summary_large_image","twitter_misc":{"Written by":"Comunicaci\u00f3 Esplac","Est. reading time":"1 minute"},"schema":{"@context":"https:\/\/schema.org","@graph":[{"@type":"Article","@id":"https:\/\/www.esplac.cat\/esplais-maresme-tanquen-curs-formacio\/#article","isPartOf":{"@id":"https:\/\/www.esplac.cat\/esplais-maresme-tanquen-curs-formacio\/"},"author":{"name":"Comunicaci\u00f3 Esplac","@id":"https:\/\/www.esplac.cat\/#\/schema\/person\/908383cf240be18b68f8855d0583faca"},"headline":"Els esplais del Maresme tanquen el curs fent formaci\u00f3","datePublished":"2013-06-18T11:44:06+00:00","mainEntityOfPage":{"@id":"https:\/\/www.esplac.cat\/esplais-maresme-tanquen-curs-formacio\/"},"wordCount":252,"commentCount":0,"publisher":{"@id":"https:\/\/www.esplac.cat\/#organization"},"image":{"@id":"https:\/\/www.esplac.cat\/esplais-maresme-tanquen-curs-formacio\/#primaryimage"},"thumbnailUrl":"https:\/\/www.esplac.cat\/wp-content\/uploads\/2016\/10\/20161004_Formacio_Vicki_Bernadet.jpg","keywords":["adolescents","formaci\u00f3","sector Maresme","xarxes socials"],"articleSection":["Activitats sectors","Sector Maresme"],"inLanguage":"en-US","potentialAction":[{"@type":"CommentAction","name":"Comment","target":["https:\/\/www.esplac.cat\/esplais-maresme-tanquen-curs-formacio\/#respond"]}]},{"@type":"WebPage","@id":"https:\/\/www.esplac.cat\/esplais-maresme-tanquen-curs-formacio\/","url":"https:\/\/www.esplac.cat\/esplais-maresme-tanquen-curs-formacio\/","name":"Els esplais del Maresme tanquen el curs fent formaci\u00f3 - Esplac","isPartOf":{"@id":"https:\/\/www.esplac.cat\/#website"},"primaryImageOfPage":{"@id":"https:\/\/www.esplac.cat\/esplais-maresme-tanquen-curs-formacio\/#primaryimage"},"image":{"@id":"https:\/\/www.esplac.cat\/esplais-maresme-tanquen-curs-formacio\/#primaryimage"},"thumbnailUrl":"https:\/\/www.esplac.cat\/wp-content\/uploads\/2016\/10\/20161004_Formacio_Vicki_Bernadet.jpg","datePublished":"2013-06-18T11:44:06+00:00","breadcrumb":{"@id":"https:\/\/www.esplac.cat\/esplais-maresme-tanquen-curs-formacio\/#breadcrumb"},"inLanguage":"en-US","potentialAction":[{"@type":"ReadAction","target":["https:\/\/www.esplac.cat\/esplais-maresme-tanquen-curs-formacio\/"]}]},{"@type":"ImageObject","inLanguage":"en-US","@id":"https:\/\/www.esplac.cat\/esplais-maresme-tanquen-curs-formacio\/#primaryimage","url":"https:\/\/www.esplac.cat\/wp-content\/uploads\/2016\/10\/20161004_Formacio_Vicki_Bernadet.jpg","contentUrl":"https:\/\/www.esplac.cat\/wp-content\/uploads\/2016\/10\/20161004_Formacio_Vicki_Bernadet.jpg","width":847,"height":350},{"@type":"BreadcrumbList","@id":"https:\/\/www.esplac.cat\/esplais-maresme-tanquen-curs-formacio\/#breadcrumb","itemListElement":[{"@type":"ListItem","position":1,"name":"Inici","item":"https:\/\/www.esplac.cat\/en\/"},{"@type":"ListItem","position":2,"name":"Els esplais del Maresme tanquen el curs fent formaci\u00f3"}]},{"@type":"WebSite","@id":"https:\/\/www.esplac.cat\/#website","url":"https:\/\/www.esplac.cat\/","name":"Esplac","description":"Esplais Catalans","publisher":{"@id":"https:\/\/www.esplac.cat\/#organization"},"potentialAction":[{"@type":"SearchAction","target":{"@type":"EntryPoint","urlTemplate":"https:\/\/www.esplac.cat\/?s={search_term_string}"},"query-input":{"@type":"PropertyValueSpecification","valueRequired":true,"valueName":"search_term_string"}}],"inLanguage":"en-US"},{"@type":"Organization","@id":"https:\/\/www.esplac.cat\/#organization","name":"Esplac","url":"https:\/\/www.esplac.cat\/","logo":{"@type":"ImageObject","inLanguage":"en-US","@id":"https:\/\/www.esplac.cat\/#\/schema\/logo\/image\/","url":"https:\/\/www.esplac.cat\/wp-content\/uploads\/2019\/08\/logox2.png","contentUrl":"https:\/\/www.esplac.cat\/wp-content\/uploads\/2019\/08\/logox2.png","width":600,"height":295,"caption":"Esplac"},"image":{"@id":"https:\/\/www.esplac.cat\/#\/schema\/logo\/image\/"}},{"@type":"Person","@id":"https:\/\/www.esplac.cat\/#\/schema\/person\/908383cf240be18b68f8855d0583faca","name":"Comunicaci\u00f3 Esplac","image":{"@type":"ImageObject","inLanguage":"en-US","@id":"https:\/\/secure.gravatar.com\/avatar\/7a4cf8feb412a76ea4a740ca02d95b06b2907b5a6c648c2dd0a1082a093c3141?s=96&d=mm&r=g","url":"https:\/\/secure.gravatar.com\/avatar\/7a4cf8feb412a76ea4a740ca02d95b06b2907b5a6c648c2dd0a1082a093c3141?s=96&d=mm&r=g","contentUrl":"https:\/\/secure.gravatar.com\/avatar\/7a4cf8feb412a76ea4a740ca02d95b06b2907b5a6c648c2dd0a1082a093c3141?s=96&d=mm&r=g","caption":"Comunicaci\u00f3 Esplac"}}]}},"_links":{"self":[{"href":"https:\/\/www.esplac.cat\/en\/wp-json\/wp\/v2\/posts\/25895","targetHints":{"allow":["GET"]}}],"collection":[{"href":"https:\/\/www.esplac.cat\/en\/wp-json\/wp\/v2\/posts"}],"about":[{"href":"https:\/\/www.esplac.cat\/en\/wp-json\/wp\/v2\/types\/post"}],"author":[{"embeddable":true,"href":"https:\/\/www.esplac.cat\/en\/wp-json\/wp\/v2\/users\/3"}],"replies":[{"embeddable":true,"href":"https:\/\/www.esplac.cat\/en\/wp-json\/wp\/v2\/comments?post=25895"}],"version-history":[{"count":0,"href":"https:\/\/www.esplac.cat\/en\/wp-json\/wp\/v2\/posts\/25895\/revisions"}],"wp:featuredmedia":[{"embeddable":true,"href":"https:\/\/www.esplac.cat\/en\/wp-json\/wp\/v2\/media\/25163"}],"wp:attachment":[{"href":"https:\/\/www.esplac.cat\/en\/wp-json\/wp\/v2\/media?parent=25895"}],"wp:term":[{"taxonomy":"category","embeddable":true,"href":"https:\/\/www.esplac.cat\/en\/wp-json\/wp\/v2\/categories?post=25895"},{"taxonomy":"post_tag","embeddable":true,"href":"https:\/\/www.esplac.cat\/en\/wp-json\/wp\/v2\/tags?post=25895"}],"curies":[{"name":"wp","href":"https:\/\/api.w.org\/{rel}","templated":true}]}}