{"id":25902,"date":"2013-06-05T13:40:17","date_gmt":"2013-06-05T11:40:17","guid":{"rendered":"http:\/\/esplac.cat\/?p=3620"},"modified":"2013-06-05T13:40:17","modified_gmt":"2013-06-05T11:40:17","slug":"anem-preparats-per-estiu","status":"publish","type":"post","link":"https:\/\/www.esplac.cat\/en\/anem-preparats-per-estiu\/","title":{"rendered":"Anem preparats per a l&#8217;estiu!"},"content":{"rendered":"<p><!--:CA--><\/p>\n<p align=\"JUSTIFY\">Un recurs m\u00e9s que teniu els esplais al vostre abast i que edita la Direcci\u00f3 General de Joventut \u00e9s l\u2019<a href=\"http:\/\/www20.gencat.cat\/portal\/site\/Joventut\/menuitem.c93399c423024ec77839a410b0c0e1a0\/?vgnextoid=208c99c6e8131110VgnVCM1000008d0c1e0aRCRD&amp;vgnextchannel=208c99c6e8131110VgnVCM1000008d0c1e0aRCRD&amp;vgnextfmt=detall&amp;contentid=5386df5eb5662110VgnVCM1000008d0c1e0aRCRD\">Anem preparats<\/a>. Aquest llibret no es deixa res!<\/p>\n<p align=\"JUSTIFY\">Aix\u00ed doncs, trobareu tot el que cal saber i tenir en compte sobre normatives, prevenci\u00f3, salut i seguretat, protecci\u00f3 del medi ambient i tamb\u00e9 tel\u00e8fons i adreces d\u2019inter\u00e8s, per tal que la vostra activitat vagi sobre rodes! A m\u00e9s, tracta temes d\u2019inter\u00e8s com la manipulaci\u00f3 d\u2019aliments, drets d\u2019imatge, ubicaci\u00f3 de l\u2019acampada, piscines, qu\u00e8 fer en cas d\u2019incendi&#8230; Feu-hi un cop d\u2019ull!<\/p>\n<p align=\"JUSTIFY\">Aquest estiu el podreu consultar \u00fanicament <a href=\"http:\/\/www20.gencat.cat\/portal\/site\/Joventut\/menuitem.c93399c423024ec77839a410b0c0e1a0\/?vgnextoid=208c99c6e8131110VgnVCM1000008d0c1e0aRCRD&amp;vgnextchannel=208c99c6e8131110VgnVCM1000008d0c1e0aRCRD&amp;vgnextfmt=detall&amp;contentid=5386df5eb5662110VgnVCM1000008d0c1e0aRCRD\">en l\u00ednia<\/a>. Amb versi\u00f3 descarregable per imprimir i tenir-lo ben a m\u00e0, tan prop com podria ser a la carpeta on guardeu la documentaci\u00f3 de l\u2019activitat d\u2019estiu!<\/p>\n<p align=\"JUSTIFY\">Recordeu que compteu amb nosaltres per ajudar-vos a resoldre qualsevol dubte i per tal que les vostres activitat d\u2019estiu siguin unes \u201csuper activitats\u201d!<\/p>\n<p align=\"JUSTIFY\"><em>*Sobretot, per\u00f2, tingueu en compte que \u201cel seu contingut no pot substituir, en cap moment, les orientacions en q\u00fcestions de salut i de seguretat que facin directament les persones degudament acreditades ni es pot considerar, en cap cas, un text normatiu. En els casos d\u2019emerg\u00e8ncia, cal fer cas de les indicacions dels agents rurals, dels mossos d\u2019esquadra, dels agents de protecci\u00f3 civil, del personal sanitari, dels bombers o d\u2019altres agents de l\u2019autoritat.\u201d<\/em><\/p>\n<p style=\"text-align: center;\" align=\"JUSTIFY\"><a href=\"http:\/\/www20.gencat.cat\/docs\/Joventut\/Documents\/Arxiu\/Lleure\/anem.pdf\"><img decoding=\"async\" class=\"size-medium wp-image-3624 aligncenter\" title=\"cobertes-anem-preparats\" src=\"http:\/\/esplac.cat\/wp-content\/uploads\/2013\/06\/cobertes-anem-preparats-275x360.png\" alt=\"\" width=\"275\" height=\"360\" \/><\/a><\/p>\n<p><!--:--><!--:es-->&nbsp;<\/p>\n<p><!--:--><!--:en-->&nbsp;<\/p>\n<p><!--:--><!--:fr-->&nbsp;<\/p>\n<p><!--:--><\/p>\n","protected":false},"excerpt":{"rendered":"<p>Un recurs m\u00e9s que teniu els esplais al vostre abast [&hellip;]<\/p>\n","protected":false},"author":3,"featured_media":7792,"comment_status":"open","ping_status":"open","sticky":false,"template":"","format":"standard","meta":{"om_disable_all_campaigns":false,"_monsterinsights_skip_tracking":false,"_monsterinsights_sitenote_active":false,"_monsterinsights_sitenote_note":"","_monsterinsights_sitenote_category":0,"_uf_show_specific_survey":0,"_uf_disable_surveys":false,"footnotes":""},"categories":[1114],"tags":[145,53,104,102,74,115],"class_list":["post-25902","post","type-post","status-publish","format-standard","has-post-thumbnail","hentry","category-recursos","tag-anem-preparats","tag-campaments","tag-colonies","tag-estiu","tag-intercanvis-internacionals","tag-rutes"],"yoast_head":"<!-- This site is optimized with the Yoast SEO plugin v27.4 - https:\/\/yoast.com\/product\/yoast-seo-wordpress\/ -->\n<title>Anem preparats per a l&#039;estiu! - Esplac<\/title>\n<meta name=\"robots\" content=\"index, follow, max-snippet:-1, max-image-preview:large, max-video-preview:-1\" \/>\n<link rel=\"canonical\" href=\"https:\/\/www.esplac.cat\/anem-preparats-per-estiu\/\" \/>\n<meta property=\"og:locale\" content=\"en_US\" \/>\n<meta property=\"og:type\" content=\"article\" \/>\n<meta property=\"og:title\" content=\"Anem preparats per a l&#039;estiu! - Esplac\" \/>\n<meta property=\"og:description\" content=\"Un recurs m\u00e9s que teniu els esplais al vostre abast [&hellip;]\" \/>\n<meta property=\"og:url\" content=\"https:\/\/www.esplac.cat\/anem-preparats-per-estiu\/\" \/>\n<meta property=\"og:site_name\" content=\"Esplac\" \/>\n<meta property=\"article:published_time\" content=\"2013-06-05T11:40:17+00:00\" \/>\n<meta property=\"og:image\" content=\"https:\/\/www.esplac.cat\/wp-content\/uploads\/2019\/11\/logo-open.jpg\" \/>\n\t<meta property=\"og:image:width\" content=\"1200\" \/>\n\t<meta property=\"og:image:height\" content=\"630\" \/>\n\t<meta property=\"og:image:type\" content=\"image\/jpeg\" \/>\n<meta name=\"author\" content=\"Comunicaci\u00f3 Esplac\" \/>\n<meta name=\"twitter:card\" content=\"summary_large_image\" \/>\n<meta name=\"twitter:label1\" content=\"Written by\" \/>\n\t<meta name=\"twitter:data1\" content=\"Comunicaci\u00f3 Esplac\" \/>\n\t<meta name=\"twitter:label2\" content=\"Est. reading time\" \/>\n\t<meta name=\"twitter:data2\" content=\"1 minute\" \/>\n<script type=\"application\/ld+json\" class=\"yoast-schema-graph\">{\"@context\":\"https:\\\/\\\/schema.org\",\"@graph\":[{\"@type\":\"Article\",\"@id\":\"https:\\\/\\\/www.esplac.cat\\\/anem-preparats-per-estiu\\\/#article\",\"isPartOf\":{\"@id\":\"https:\\\/\\\/www.esplac.cat\\\/anem-preparats-per-estiu\\\/\"},\"author\":{\"name\":\"Comunicaci\u00f3 Esplac\",\"@id\":\"https:\\\/\\\/www.esplac.cat\\\/#\\\/schema\\\/person\\\/908383cf240be18b68f8855d0583faca\"},\"headline\":\"Anem preparats per a l&#8217;estiu!\",\"datePublished\":\"2013-06-05T11:40:17+00:00\",\"mainEntityOfPage\":{\"@id\":\"https:\\\/\\\/www.esplac.cat\\\/anem-preparats-per-estiu\\\/\"},\"wordCount\":248,\"commentCount\":0,\"publisher\":{\"@id\":\"https:\\\/\\\/www.esplac.cat\\\/#organization\"},\"image\":{\"@id\":\"https:\\\/\\\/www.esplac.cat\\\/anem-preparats-per-estiu\\\/#primaryimage\"},\"thumbnailUrl\":\"\",\"keywords\":[\"anem preparats\",\"campaments\",\"colonies\",\"estiu\",\"intercanvis internacionals\",\"rutes\"],\"articleSection\":[\"Recursos\"],\"inLanguage\":\"en-US\",\"potentialAction\":[{\"@type\":\"CommentAction\",\"name\":\"Comment\",\"target\":[\"https:\\\/\\\/www.esplac.cat\\\/anem-preparats-per-estiu\\\/#respond\"]}]},{\"@type\":\"WebPage\",\"@id\":\"https:\\\/\\\/www.esplac.cat\\\/anem-preparats-per-estiu\\\/\",\"url\":\"https:\\\/\\\/www.esplac.cat\\\/anem-preparats-per-estiu\\\/\",\"name\":\"Anem preparats per a l'estiu! - Esplac\",\"isPartOf\":{\"@id\":\"https:\\\/\\\/www.esplac.cat\\\/#website\"},\"primaryImageOfPage\":{\"@id\":\"https:\\\/\\\/www.esplac.cat\\\/anem-preparats-per-estiu\\\/#primaryimage\"},\"image\":{\"@id\":\"https:\\\/\\\/www.esplac.cat\\\/anem-preparats-per-estiu\\\/#primaryimage\"},\"thumbnailUrl\":\"\",\"datePublished\":\"2013-06-05T11:40:17+00:00\",\"breadcrumb\":{\"@id\":\"https:\\\/\\\/www.esplac.cat\\\/anem-preparats-per-estiu\\\/#breadcrumb\"},\"inLanguage\":\"en-US\",\"potentialAction\":[{\"@type\":\"ReadAction\",\"target\":[\"https:\\\/\\\/www.esplac.cat\\\/anem-preparats-per-estiu\\\/\"]}]},{\"@type\":\"ImageObject\",\"inLanguage\":\"en-US\",\"@id\":\"https:\\\/\\\/www.esplac.cat\\\/anem-preparats-per-estiu\\\/#primaryimage\",\"url\":\"\",\"contentUrl\":\"\"},{\"@type\":\"BreadcrumbList\",\"@id\":\"https:\\\/\\\/www.esplac.cat\\\/anem-preparats-per-estiu\\\/#breadcrumb\",\"itemListElement\":[{\"@type\":\"ListItem\",\"position\":1,\"name\":\"Inici\",\"item\":\"https:\\\/\\\/www.esplac.cat\\\/en\\\/\"},{\"@type\":\"ListItem\",\"position\":2,\"name\":\"Anem preparats per a l&#8217;estiu!\"}]},{\"@type\":\"WebSite\",\"@id\":\"https:\\\/\\\/www.esplac.cat\\\/#website\",\"url\":\"https:\\\/\\\/www.esplac.cat\\\/\",\"name\":\"Esplac\",\"description\":\"Esplais Catalans\",\"publisher\":{\"@id\":\"https:\\\/\\\/www.esplac.cat\\\/#organization\"},\"potentialAction\":[{\"@type\":\"SearchAction\",\"target\":{\"@type\":\"EntryPoint\",\"urlTemplate\":\"https:\\\/\\\/www.esplac.cat\\\/?s={search_term_string}\"},\"query-input\":{\"@type\":\"PropertyValueSpecification\",\"valueRequired\":true,\"valueName\":\"search_term_string\"}}],\"inLanguage\":\"en-US\"},{\"@type\":\"Organization\",\"@id\":\"https:\\\/\\\/www.esplac.cat\\\/#organization\",\"name\":\"Esplac\",\"url\":\"https:\\\/\\\/www.esplac.cat\\\/\",\"logo\":{\"@type\":\"ImageObject\",\"inLanguage\":\"en-US\",\"@id\":\"https:\\\/\\\/www.esplac.cat\\\/#\\\/schema\\\/logo\\\/image\\\/\",\"url\":\"https:\\\/\\\/www.esplac.cat\\\/wp-content\\\/uploads\\\/2019\\\/08\\\/logox2.png\",\"contentUrl\":\"https:\\\/\\\/www.esplac.cat\\\/wp-content\\\/uploads\\\/2019\\\/08\\\/logox2.png\",\"width\":600,\"height\":295,\"caption\":\"Esplac\"},\"image\":{\"@id\":\"https:\\\/\\\/www.esplac.cat\\\/#\\\/schema\\\/logo\\\/image\\\/\"}},{\"@type\":\"Person\",\"@id\":\"https:\\\/\\\/www.esplac.cat\\\/#\\\/schema\\\/person\\\/908383cf240be18b68f8855d0583faca\",\"name\":\"Comunicaci\u00f3 Esplac\",\"image\":{\"@type\":\"ImageObject\",\"inLanguage\":\"en-US\",\"@id\":\"https:\\\/\\\/secure.gravatar.com\\\/avatar\\\/7a4cf8feb412a76ea4a740ca02d95b06b2907b5a6c648c2dd0a1082a093c3141?s=96&d=mm&r=g\",\"url\":\"https:\\\/\\\/secure.gravatar.com\\\/avatar\\\/7a4cf8feb412a76ea4a740ca02d95b06b2907b5a6c648c2dd0a1082a093c3141?s=96&d=mm&r=g\",\"contentUrl\":\"https:\\\/\\\/secure.gravatar.com\\\/avatar\\\/7a4cf8feb412a76ea4a740ca02d95b06b2907b5a6c648c2dd0a1082a093c3141?s=96&d=mm&r=g\",\"caption\":\"Comunicaci\u00f3 Esplac\"}}]}<\/script>\n<!-- \/ Yoast SEO plugin. -->","yoast_head_json":{"title":"Anem preparats per a l'estiu! - Esplac","robots":{"index":"index","follow":"follow","max-snippet":"max-snippet:-1","max-image-preview":"max-image-preview:large","max-video-preview":"max-video-preview:-1"},"canonical":"https:\/\/www.esplac.cat\/anem-preparats-per-estiu\/","og_locale":"en_US","og_type":"article","og_title":"Anem preparats per a l'estiu! - Esplac","og_description":"Un recurs m\u00e9s que teniu els esplais al vostre abast [&hellip;]","og_url":"https:\/\/www.esplac.cat\/anem-preparats-per-estiu\/","og_site_name":"Esplac","article_published_time":"2013-06-05T11:40:17+00:00","og_image":[{"width":1200,"height":630,"url":"https:\/\/www.esplac.cat\/wp-content\/uploads\/2019\/11\/logo-open.jpg","type":"image\/jpeg"}],"author":"Comunicaci\u00f3 Esplac","twitter_card":"summary_large_image","twitter_misc":{"Written by":"Comunicaci\u00f3 Esplac","Est. reading time":"1 minute"},"schema":{"@context":"https:\/\/schema.org","@graph":[{"@type":"Article","@id":"https:\/\/www.esplac.cat\/anem-preparats-per-estiu\/#article","isPartOf":{"@id":"https:\/\/www.esplac.cat\/anem-preparats-per-estiu\/"},"author":{"name":"Comunicaci\u00f3 Esplac","@id":"https:\/\/www.esplac.cat\/#\/schema\/person\/908383cf240be18b68f8855d0583faca"},"headline":"Anem preparats per a l&#8217;estiu!","datePublished":"2013-06-05T11:40:17+00:00","mainEntityOfPage":{"@id":"https:\/\/www.esplac.cat\/anem-preparats-per-estiu\/"},"wordCount":248,"commentCount":0,"publisher":{"@id":"https:\/\/www.esplac.cat\/#organization"},"image":{"@id":"https:\/\/www.esplac.cat\/anem-preparats-per-estiu\/#primaryimage"},"thumbnailUrl":"","keywords":["anem preparats","campaments","colonies","estiu","intercanvis internacionals","rutes"],"articleSection":["Recursos"],"inLanguage":"en-US","potentialAction":[{"@type":"CommentAction","name":"Comment","target":["https:\/\/www.esplac.cat\/anem-preparats-per-estiu\/#respond"]}]},{"@type":"WebPage","@id":"https:\/\/www.esplac.cat\/anem-preparats-per-estiu\/","url":"https:\/\/www.esplac.cat\/anem-preparats-per-estiu\/","name":"Anem preparats per a l'estiu! - Esplac","isPartOf":{"@id":"https:\/\/www.esplac.cat\/#website"},"primaryImageOfPage":{"@id":"https:\/\/www.esplac.cat\/anem-preparats-per-estiu\/#primaryimage"},"image":{"@id":"https:\/\/www.esplac.cat\/anem-preparats-per-estiu\/#primaryimage"},"thumbnailUrl":"","datePublished":"2013-06-05T11:40:17+00:00","breadcrumb":{"@id":"https:\/\/www.esplac.cat\/anem-preparats-per-estiu\/#breadcrumb"},"inLanguage":"en-US","potentialAction":[{"@type":"ReadAction","target":["https:\/\/www.esplac.cat\/anem-preparats-per-estiu\/"]}]},{"@type":"ImageObject","inLanguage":"en-US","@id":"https:\/\/www.esplac.cat\/anem-preparats-per-estiu\/#primaryimage","url":"","contentUrl":""},{"@type":"BreadcrumbList","@id":"https:\/\/www.esplac.cat\/anem-preparats-per-estiu\/#breadcrumb","itemListElement":[{"@type":"ListItem","position":1,"name":"Inici","item":"https:\/\/www.esplac.cat\/en\/"},{"@type":"ListItem","position":2,"name":"Anem preparats per a l&#8217;estiu!"}]},{"@type":"WebSite","@id":"https:\/\/www.esplac.cat\/#website","url":"https:\/\/www.esplac.cat\/","name":"Esplac","description":"Esplais Catalans","publisher":{"@id":"https:\/\/www.esplac.cat\/#organization"},"potentialAction":[{"@type":"SearchAction","target":{"@type":"EntryPoint","urlTemplate":"https:\/\/www.esplac.cat\/?s={search_term_string}"},"query-input":{"@type":"PropertyValueSpecification","valueRequired":true,"valueName":"search_term_string"}}],"inLanguage":"en-US"},{"@type":"Organization","@id":"https:\/\/www.esplac.cat\/#organization","name":"Esplac","url":"https:\/\/www.esplac.cat\/","logo":{"@type":"ImageObject","inLanguage":"en-US","@id":"https:\/\/www.esplac.cat\/#\/schema\/logo\/image\/","url":"https:\/\/www.esplac.cat\/wp-content\/uploads\/2019\/08\/logox2.png","contentUrl":"https:\/\/www.esplac.cat\/wp-content\/uploads\/2019\/08\/logox2.png","width":600,"height":295,"caption":"Esplac"},"image":{"@id":"https:\/\/www.esplac.cat\/#\/schema\/logo\/image\/"}},{"@type":"Person","@id":"https:\/\/www.esplac.cat\/#\/schema\/person\/908383cf240be18b68f8855d0583faca","name":"Comunicaci\u00f3 Esplac","image":{"@type":"ImageObject","inLanguage":"en-US","@id":"https:\/\/secure.gravatar.com\/avatar\/7a4cf8feb412a76ea4a740ca02d95b06b2907b5a6c648c2dd0a1082a093c3141?s=96&d=mm&r=g","url":"https:\/\/secure.gravatar.com\/avatar\/7a4cf8feb412a76ea4a740ca02d95b06b2907b5a6c648c2dd0a1082a093c3141?s=96&d=mm&r=g","contentUrl":"https:\/\/secure.gravatar.com\/avatar\/7a4cf8feb412a76ea4a740ca02d95b06b2907b5a6c648c2dd0a1082a093c3141?s=96&d=mm&r=g","caption":"Comunicaci\u00f3 Esplac"}}]}},"_links":{"self":[{"href":"https:\/\/www.esplac.cat\/en\/wp-json\/wp\/v2\/posts\/25902","targetHints":{"allow":["GET"]}}],"collection":[{"href":"https:\/\/www.esplac.cat\/en\/wp-json\/wp\/v2\/posts"}],"about":[{"href":"https:\/\/www.esplac.cat\/en\/wp-json\/wp\/v2\/types\/post"}],"author":[{"embeddable":true,"href":"https:\/\/www.esplac.cat\/en\/wp-json\/wp\/v2\/users\/3"}],"replies":[{"embeddable":true,"href":"https:\/\/www.esplac.cat\/en\/wp-json\/wp\/v2\/comments?post=25902"}],"version-history":[{"count":0,"href":"https:\/\/www.esplac.cat\/en\/wp-json\/wp\/v2\/posts\/25902\/revisions"}],"wp:featuredmedia":[{"embeddable":true,"href":"https:\/\/www.esplac.cat\/en\/wp-json\/"}],"wp:attachment":[{"href":"https:\/\/www.esplac.cat\/en\/wp-json\/wp\/v2\/media?parent=25902"}],"wp:term":[{"taxonomy":"category","embeddable":true,"href":"https:\/\/www.esplac.cat\/en\/wp-json\/wp\/v2\/categories?post=25902"},{"taxonomy":"post_tag","embeddable":true,"href":"https:\/\/www.esplac.cat\/en\/wp-json\/wp\/v2\/tags?post=25902"}],"curies":[{"name":"wp","href":"https:\/\/api.w.org\/{rel}","templated":true}]}}