{"id":25911,"date":"2013-05-27T12:16:49","date_gmt":"2013-05-27T10:16:49","guid":{"rendered":"http:\/\/esplac.cat\/?p=3529"},"modified":"2013-05-27T12:16:49","modified_gmt":"2013-05-27T10:16:49","slug":"primer-aniversari-esplai-espurna-gracia","status":"publish","type":"post","link":"https:\/\/www.esplac.cat\/en\/primer-aniversari-esplai-espurna-gracia\/","title":{"rendered":"Primer aniversari de l&#8217;esplai Espurna de Gr\u00e0cia"},"content":{"rendered":"<p><!--:CA--><\/p>\n<p style=\"text-align: left;\" lang=\"ca-ES\" align=\"JUSTIFY\"><strong>Redacci\u00f3:<\/strong> monitors i monitores de l&#8217;esplai Espurna de Gr\u00e0cia<\/p>\n<p style=\"text-align: left;\" lang=\"ca-ES\" align=\"JUSTIFY\">Carpes, barres, taules i cadires vesteixen la Pla\u00e7a de la Virreina de Barcelona amb un estil diferent i persones de totes les edats l\u2019omplen de festivitat i alegria. Som a dissabte 25 de maig i l\u2019<strong>Esplai l\u2019Espurna de Gr\u00e0cia<\/strong> celebra l\u2019Espurnada, el nostre primer aniversari. Al mat\u00ed, parem el tr\u00e0nsit dels carrers per tal que les corredores de la cursa circulin tranquil\u00b7les. I qu\u00e8 \u00e9s aquesta olor? S\u2019ensuma una aroma de botifarres, mongetes i verdures que convida a totes les persones del carrer a seure i menjar amb nosaltres. Sens dubte la pla\u00e7a est\u00e0 viva, plena de moviment. Els infants corren i juguen i observen les mil i una que un home, que caminava per all\u00e0, fa amb el di\u00e0bolo que li ha prestat un infant de l\u2019esplai.<\/p>\n<p style=\"text-align: left;\" lang=\"ca-ES\" align=\"JUSTIFY\">Poc a poc, el volum de persones que hi ha a la pla\u00e7a va creixent i els <strong>esplais GMM<\/strong> i <strong>Boix<\/strong> se sumen a la festa i participen de la gimcana que hi ha preparada per la Vila. Les petites recorren els carrers amb emoci\u00f3, capficades en les endevinalles que les guiaran pel barri i, les m\u00e9s grans, recuperen la innoc\u00e8ncia i les ganes de jugar. Mentrestant, a la pla\u00e7a, es munta l\u2019escenari i l\u2019equip de so que, m\u00e9s tard, servir\u00e0 al grup d\u2019animaci\u00f3 de l\u2019esplai per comen\u00e7ar a omplir de m\u00fasica i danses la tarda. Ja m\u00e9s entrada la nit, i amb el sopar pel mig, els grups convidats continuen amb la festa i persones d\u2019arreu van arribant per gaudir de la nit amb nosaltres.<\/p>\n<p style=\"text-align: left;\" lang=\"ca-ES\" align=\"JUSTIFY\">Despr\u00e9s d\u2019una preparaci\u00f3 intensa, <strong>v\u00e0rem veure amb els nostres ulls que un equip ben acompanyat pot transformar les coses<\/strong>. Gr\u00e0cies a totes les persones que v\u00e0reu venir a ajudar-nos i tamb\u00e9 aquelles que vareu venir a gaudir del dia. Malgrat alguns contratemps, estem molt contentes de com va funcionar i, tamb\u00e9, de que encara s\u2019aposti per l\u2019educaci\u00f3 en el lleure, atorgant-li la import\u00e0ncia que es mereix!<\/p>\n<p style=\"text-align: left;\" lang=\"ca-ES\" align=\"JUSTIFY\"><strong>Feli\u00e7 aniversari Espurna de Gr\u00e0cia!<\/strong><\/p>\n<p><!--:--><!--:es-->&nbsp;<\/p>\n<p><!--:--><!--:en-->&nbsp;<\/p>\n<p><!--:--><!--:fr-->&nbsp;<\/p>\n<p><!--:--><\/p>\n","protected":false},"excerpt":{"rendered":"<p>Redacci\u00f3: monitors i monitores de l&#8217;esplai Espurna de Gr\u00e0cia Carpes, [&hellip;]<\/p>\n","protected":false},"author":3,"featured_media":25600,"comment_status":"open","ping_status":"open","sticky":false,"template":"","format":"standard","meta":{"om_disable_all_campaigns":false,"_monsterinsights_skip_tracking":false,"_monsterinsights_sitenote_active":false,"_monsterinsights_sitenote_note":"","_monsterinsights_sitenote_category":0,"_uf_show_specific_survey":0,"_uf_disable_surveys":false,"footnotes":""},"categories":[1117],"tags":[126,139],"class_list":["post-25911","post","type-post","status-publish","format-standard","has-post-thumbnail","hentry","category-activitats-esplais","tag-aniversari","tag-esplai-espurna-de-gracia"],"yoast_head":"<!-- This site is optimized with the Yoast SEO plugin v27.4 - https:\/\/yoast.com\/product\/yoast-seo-wordpress\/ -->\n<title>Primer aniversari de l&#039;esplai Espurna de Gr\u00e0cia - Esplac<\/title>\n<meta name=\"robots\" content=\"index, follow, max-snippet:-1, max-image-preview:large, max-video-preview:-1\" \/>\n<link rel=\"canonical\" href=\"https:\/\/www.esplac.cat\/primer-aniversari-esplai-espurna-gracia\/\" \/>\n<meta property=\"og:locale\" content=\"en_US\" \/>\n<meta property=\"og:type\" content=\"article\" \/>\n<meta property=\"og:title\" content=\"Primer aniversari de l&#039;esplai Espurna de Gr\u00e0cia - Esplac\" \/>\n<meta property=\"og:description\" content=\"Redacci\u00f3: monitors i monitores de l&#8217;esplai Espurna de Gr\u00e0cia Carpes, [&hellip;]\" \/>\n<meta property=\"og:url\" content=\"https:\/\/www.esplac.cat\/primer-aniversari-esplai-espurna-gracia\/\" \/>\n<meta property=\"og:site_name\" content=\"Esplac\" \/>\n<meta property=\"article:published_time\" content=\"2013-05-27T10:16:49+00:00\" \/>\n<meta property=\"og:image\" content=\"https:\/\/www.esplac.cat\/wp-content\/uploads\/2012\/10\/curs_monitors_escola_sol-e1351092774841.jpeg\" \/>\n\t<meta property=\"og:image:width\" content=\"719\" \/>\n\t<meta property=\"og:image:height\" content=\"336\" \/>\n\t<meta property=\"og:image:type\" content=\"image\/jpeg\" \/>\n<meta name=\"author\" content=\"Comunicaci\u00f3 Esplac\" \/>\n<meta name=\"twitter:card\" content=\"summary_large_image\" \/>\n<meta name=\"twitter:label1\" content=\"Written by\" \/>\n\t<meta name=\"twitter:data1\" content=\"Comunicaci\u00f3 Esplac\" \/>\n\t<meta name=\"twitter:label2\" content=\"Est. reading time\" \/>\n\t<meta name=\"twitter:data2\" content=\"2 minutes\" \/>\n<script type=\"application\/ld+json\" class=\"yoast-schema-graph\">{\"@context\":\"https:\\\/\\\/schema.org\",\"@graph\":[{\"@type\":\"Article\",\"@id\":\"https:\\\/\\\/www.esplac.cat\\\/primer-aniversari-esplai-espurna-gracia\\\/#article\",\"isPartOf\":{\"@id\":\"https:\\\/\\\/www.esplac.cat\\\/primer-aniversari-esplai-espurna-gracia\\\/\"},\"author\":{\"name\":\"Comunicaci\u00f3 Esplac\",\"@id\":\"https:\\\/\\\/www.esplac.cat\\\/#\\\/schema\\\/person\\\/908383cf240be18b68f8855d0583faca\"},\"headline\":\"Primer aniversari de l&#8217;esplai Espurna de Gr\u00e0cia\",\"datePublished\":\"2013-05-27T10:16:49+00:00\",\"mainEntityOfPage\":{\"@id\":\"https:\\\/\\\/www.esplac.cat\\\/primer-aniversari-esplai-espurna-gracia\\\/\"},\"wordCount\":386,\"commentCount\":0,\"publisher\":{\"@id\":\"https:\\\/\\\/www.esplac.cat\\\/#organization\"},\"image\":{\"@id\":\"https:\\\/\\\/www.esplac.cat\\\/primer-aniversari-esplai-espurna-gracia\\\/#primaryimage\"},\"thumbnailUrl\":\"https:\\\/\\\/www.esplac.cat\\\/wp-content\\\/uploads\\\/2012\\\/10\\\/curs_monitors_escola_sol-e1351092774841.jpeg\",\"keywords\":[\"aniversari\",\"esplai Espurna de Gr\u00e0cia\"],\"articleSection\":[\"Activitats esplais\"],\"inLanguage\":\"en-US\",\"potentialAction\":[{\"@type\":\"CommentAction\",\"name\":\"Comment\",\"target\":[\"https:\\\/\\\/www.esplac.cat\\\/primer-aniversari-esplai-espurna-gracia\\\/#respond\"]}]},{\"@type\":\"WebPage\",\"@id\":\"https:\\\/\\\/www.esplac.cat\\\/primer-aniversari-esplai-espurna-gracia\\\/\",\"url\":\"https:\\\/\\\/www.esplac.cat\\\/primer-aniversari-esplai-espurna-gracia\\\/\",\"name\":\"Primer aniversari de l'esplai Espurna de Gr\u00e0cia - Esplac\",\"isPartOf\":{\"@id\":\"https:\\\/\\\/www.esplac.cat\\\/#website\"},\"primaryImageOfPage\":{\"@id\":\"https:\\\/\\\/www.esplac.cat\\\/primer-aniversari-esplai-espurna-gracia\\\/#primaryimage\"},\"image\":{\"@id\":\"https:\\\/\\\/www.esplac.cat\\\/primer-aniversari-esplai-espurna-gracia\\\/#primaryimage\"},\"thumbnailUrl\":\"https:\\\/\\\/www.esplac.cat\\\/wp-content\\\/uploads\\\/2012\\\/10\\\/curs_monitors_escola_sol-e1351092774841.jpeg\",\"datePublished\":\"2013-05-27T10:16:49+00:00\",\"breadcrumb\":{\"@id\":\"https:\\\/\\\/www.esplac.cat\\\/primer-aniversari-esplai-espurna-gracia\\\/#breadcrumb\"},\"inLanguage\":\"en-US\",\"potentialAction\":[{\"@type\":\"ReadAction\",\"target\":[\"https:\\\/\\\/www.esplac.cat\\\/primer-aniversari-esplai-espurna-gracia\\\/\"]}]},{\"@type\":\"ImageObject\",\"inLanguage\":\"en-US\",\"@id\":\"https:\\\/\\\/www.esplac.cat\\\/primer-aniversari-esplai-espurna-gracia\\\/#primaryimage\",\"url\":\"https:\\\/\\\/www.esplac.cat\\\/wp-content\\\/uploads\\\/2012\\\/10\\\/curs_monitors_escola_sol-e1351092774841.jpeg\",\"contentUrl\":\"https:\\\/\\\/www.esplac.cat\\\/wp-content\\\/uploads\\\/2012\\\/10\\\/curs_monitors_escola_sol-e1351092774841.jpeg\",\"width\":719,\"height\":336},{\"@type\":\"BreadcrumbList\",\"@id\":\"https:\\\/\\\/www.esplac.cat\\\/primer-aniversari-esplai-espurna-gracia\\\/#breadcrumb\",\"itemListElement\":[{\"@type\":\"ListItem\",\"position\":1,\"name\":\"Inici\",\"item\":\"https:\\\/\\\/www.esplac.cat\\\/en\\\/\"},{\"@type\":\"ListItem\",\"position\":2,\"name\":\"Primer aniversari de l&#8217;esplai Espurna de Gr\u00e0cia\"}]},{\"@type\":\"WebSite\",\"@id\":\"https:\\\/\\\/www.esplac.cat\\\/#website\",\"url\":\"https:\\\/\\\/www.esplac.cat\\\/\",\"name\":\"Esplac\",\"description\":\"Esplais Catalans\",\"publisher\":{\"@id\":\"https:\\\/\\\/www.esplac.cat\\\/#organization\"},\"potentialAction\":[{\"@type\":\"SearchAction\",\"target\":{\"@type\":\"EntryPoint\",\"urlTemplate\":\"https:\\\/\\\/www.esplac.cat\\\/?s={search_term_string}\"},\"query-input\":{\"@type\":\"PropertyValueSpecification\",\"valueRequired\":true,\"valueName\":\"search_term_string\"}}],\"inLanguage\":\"en-US\"},{\"@type\":\"Organization\",\"@id\":\"https:\\\/\\\/www.esplac.cat\\\/#organization\",\"name\":\"Esplac\",\"url\":\"https:\\\/\\\/www.esplac.cat\\\/\",\"logo\":{\"@type\":\"ImageObject\",\"inLanguage\":\"en-US\",\"@id\":\"https:\\\/\\\/www.esplac.cat\\\/#\\\/schema\\\/logo\\\/image\\\/\",\"url\":\"https:\\\/\\\/www.esplac.cat\\\/wp-content\\\/uploads\\\/2019\\\/08\\\/logox2.png\",\"contentUrl\":\"https:\\\/\\\/www.esplac.cat\\\/wp-content\\\/uploads\\\/2019\\\/08\\\/logox2.png\",\"width\":600,\"height\":295,\"caption\":\"Esplac\"},\"image\":{\"@id\":\"https:\\\/\\\/www.esplac.cat\\\/#\\\/schema\\\/logo\\\/image\\\/\"}},{\"@type\":\"Person\",\"@id\":\"https:\\\/\\\/www.esplac.cat\\\/#\\\/schema\\\/person\\\/908383cf240be18b68f8855d0583faca\",\"name\":\"Comunicaci\u00f3 Esplac\",\"image\":{\"@type\":\"ImageObject\",\"inLanguage\":\"en-US\",\"@id\":\"https:\\\/\\\/secure.gravatar.com\\\/avatar\\\/7a4cf8feb412a76ea4a740ca02d95b06b2907b5a6c648c2dd0a1082a093c3141?s=96&d=mm&r=g\",\"url\":\"https:\\\/\\\/secure.gravatar.com\\\/avatar\\\/7a4cf8feb412a76ea4a740ca02d95b06b2907b5a6c648c2dd0a1082a093c3141?s=96&d=mm&r=g\",\"contentUrl\":\"https:\\\/\\\/secure.gravatar.com\\\/avatar\\\/7a4cf8feb412a76ea4a740ca02d95b06b2907b5a6c648c2dd0a1082a093c3141?s=96&d=mm&r=g\",\"caption\":\"Comunicaci\u00f3 Esplac\"}}]}<\/script>\n<!-- \/ Yoast SEO plugin. -->","yoast_head_json":{"title":"Primer aniversari de l'esplai Espurna de Gr\u00e0cia - Esplac","robots":{"index":"index","follow":"follow","max-snippet":"max-snippet:-1","max-image-preview":"max-image-preview:large","max-video-preview":"max-video-preview:-1"},"canonical":"https:\/\/www.esplac.cat\/primer-aniversari-esplai-espurna-gracia\/","og_locale":"en_US","og_type":"article","og_title":"Primer aniversari de l'esplai Espurna de Gr\u00e0cia - Esplac","og_description":"Redacci\u00f3: monitors i monitores de l&#8217;esplai Espurna de Gr\u00e0cia Carpes, [&hellip;]","og_url":"https:\/\/www.esplac.cat\/primer-aniversari-esplai-espurna-gracia\/","og_site_name":"Esplac","article_published_time":"2013-05-27T10:16:49+00:00","og_image":[{"width":719,"height":336,"url":"https:\/\/www.esplac.cat\/wp-content\/uploads\/2012\/10\/curs_monitors_escola_sol-e1351092774841.jpeg","type":"image\/jpeg"}],"author":"Comunicaci\u00f3 Esplac","twitter_card":"summary_large_image","twitter_misc":{"Written by":"Comunicaci\u00f3 Esplac","Est. reading time":"2 minutes"},"schema":{"@context":"https:\/\/schema.org","@graph":[{"@type":"Article","@id":"https:\/\/www.esplac.cat\/primer-aniversari-esplai-espurna-gracia\/#article","isPartOf":{"@id":"https:\/\/www.esplac.cat\/primer-aniversari-esplai-espurna-gracia\/"},"author":{"name":"Comunicaci\u00f3 Esplac","@id":"https:\/\/www.esplac.cat\/#\/schema\/person\/908383cf240be18b68f8855d0583faca"},"headline":"Primer aniversari de l&#8217;esplai Espurna de Gr\u00e0cia","datePublished":"2013-05-27T10:16:49+00:00","mainEntityOfPage":{"@id":"https:\/\/www.esplac.cat\/primer-aniversari-esplai-espurna-gracia\/"},"wordCount":386,"commentCount":0,"publisher":{"@id":"https:\/\/www.esplac.cat\/#organization"},"image":{"@id":"https:\/\/www.esplac.cat\/primer-aniversari-esplai-espurna-gracia\/#primaryimage"},"thumbnailUrl":"https:\/\/www.esplac.cat\/wp-content\/uploads\/2012\/10\/curs_monitors_escola_sol-e1351092774841.jpeg","keywords":["aniversari","esplai Espurna de Gr\u00e0cia"],"articleSection":["Activitats esplais"],"inLanguage":"en-US","potentialAction":[{"@type":"CommentAction","name":"Comment","target":["https:\/\/www.esplac.cat\/primer-aniversari-esplai-espurna-gracia\/#respond"]}]},{"@type":"WebPage","@id":"https:\/\/www.esplac.cat\/primer-aniversari-esplai-espurna-gracia\/","url":"https:\/\/www.esplac.cat\/primer-aniversari-esplai-espurna-gracia\/","name":"Primer aniversari de l'esplai Espurna de Gr\u00e0cia - Esplac","isPartOf":{"@id":"https:\/\/www.esplac.cat\/#website"},"primaryImageOfPage":{"@id":"https:\/\/www.esplac.cat\/primer-aniversari-esplai-espurna-gracia\/#primaryimage"},"image":{"@id":"https:\/\/www.esplac.cat\/primer-aniversari-esplai-espurna-gracia\/#primaryimage"},"thumbnailUrl":"https:\/\/www.esplac.cat\/wp-content\/uploads\/2012\/10\/curs_monitors_escola_sol-e1351092774841.jpeg","datePublished":"2013-05-27T10:16:49+00:00","breadcrumb":{"@id":"https:\/\/www.esplac.cat\/primer-aniversari-esplai-espurna-gracia\/#breadcrumb"},"inLanguage":"en-US","potentialAction":[{"@type":"ReadAction","target":["https:\/\/www.esplac.cat\/primer-aniversari-esplai-espurna-gracia\/"]}]},{"@type":"ImageObject","inLanguage":"en-US","@id":"https:\/\/www.esplac.cat\/primer-aniversari-esplai-espurna-gracia\/#primaryimage","url":"https:\/\/www.esplac.cat\/wp-content\/uploads\/2012\/10\/curs_monitors_escola_sol-e1351092774841.jpeg","contentUrl":"https:\/\/www.esplac.cat\/wp-content\/uploads\/2012\/10\/curs_monitors_escola_sol-e1351092774841.jpeg","width":719,"height":336},{"@type":"BreadcrumbList","@id":"https:\/\/www.esplac.cat\/primer-aniversari-esplai-espurna-gracia\/#breadcrumb","itemListElement":[{"@type":"ListItem","position":1,"name":"Inici","item":"https:\/\/www.esplac.cat\/en\/"},{"@type":"ListItem","position":2,"name":"Primer aniversari de l&#8217;esplai Espurna de Gr\u00e0cia"}]},{"@type":"WebSite","@id":"https:\/\/www.esplac.cat\/#website","url":"https:\/\/www.esplac.cat\/","name":"Esplac","description":"Esplais Catalans","publisher":{"@id":"https:\/\/www.esplac.cat\/#organization"},"potentialAction":[{"@type":"SearchAction","target":{"@type":"EntryPoint","urlTemplate":"https:\/\/www.esplac.cat\/?s={search_term_string}"},"query-input":{"@type":"PropertyValueSpecification","valueRequired":true,"valueName":"search_term_string"}}],"inLanguage":"en-US"},{"@type":"Organization","@id":"https:\/\/www.esplac.cat\/#organization","name":"Esplac","url":"https:\/\/www.esplac.cat\/","logo":{"@type":"ImageObject","inLanguage":"en-US","@id":"https:\/\/www.esplac.cat\/#\/schema\/logo\/image\/","url":"https:\/\/www.esplac.cat\/wp-content\/uploads\/2019\/08\/logox2.png","contentUrl":"https:\/\/www.esplac.cat\/wp-content\/uploads\/2019\/08\/logox2.png","width":600,"height":295,"caption":"Esplac"},"image":{"@id":"https:\/\/www.esplac.cat\/#\/schema\/logo\/image\/"}},{"@type":"Person","@id":"https:\/\/www.esplac.cat\/#\/schema\/person\/908383cf240be18b68f8855d0583faca","name":"Comunicaci\u00f3 Esplac","image":{"@type":"ImageObject","inLanguage":"en-US","@id":"https:\/\/secure.gravatar.com\/avatar\/7a4cf8feb412a76ea4a740ca02d95b06b2907b5a6c648c2dd0a1082a093c3141?s=96&d=mm&r=g","url":"https:\/\/secure.gravatar.com\/avatar\/7a4cf8feb412a76ea4a740ca02d95b06b2907b5a6c648c2dd0a1082a093c3141?s=96&d=mm&r=g","contentUrl":"https:\/\/secure.gravatar.com\/avatar\/7a4cf8feb412a76ea4a740ca02d95b06b2907b5a6c648c2dd0a1082a093c3141?s=96&d=mm&r=g","caption":"Comunicaci\u00f3 Esplac"}}]}},"_links":{"self":[{"href":"https:\/\/www.esplac.cat\/en\/wp-json\/wp\/v2\/posts\/25911","targetHints":{"allow":["GET"]}}],"collection":[{"href":"https:\/\/www.esplac.cat\/en\/wp-json\/wp\/v2\/posts"}],"about":[{"href":"https:\/\/www.esplac.cat\/en\/wp-json\/wp\/v2\/types\/post"}],"author":[{"embeddable":true,"href":"https:\/\/www.esplac.cat\/en\/wp-json\/wp\/v2\/users\/3"}],"replies":[{"embeddable":true,"href":"https:\/\/www.esplac.cat\/en\/wp-json\/wp\/v2\/comments?post=25911"}],"version-history":[{"count":0,"href":"https:\/\/www.esplac.cat\/en\/wp-json\/wp\/v2\/posts\/25911\/revisions"}],"wp:featuredmedia":[{"embeddable":true,"href":"https:\/\/www.esplac.cat\/en\/wp-json\/wp\/v2\/media\/25600"}],"wp:attachment":[{"href":"https:\/\/www.esplac.cat\/en\/wp-json\/wp\/v2\/media?parent=25911"}],"wp:term":[{"taxonomy":"category","embeddable":true,"href":"https:\/\/www.esplac.cat\/en\/wp-json\/wp\/v2\/categories?post=25911"},{"taxonomy":"post_tag","embeddable":true,"href":"https:\/\/www.esplac.cat\/en\/wp-json\/wp\/v2\/tags?post=25911"}],"curies":[{"name":"wp","href":"https:\/\/api.w.org\/{rel}","templated":true}]}}