{"id":25912,"date":"2013-05-27T12:00:16","date_gmt":"2013-05-27T10:00:16","guid":{"rendered":"http:\/\/esplac.cat\/?p=3525"},"modified":"2013-05-27T12:00:16","modified_gmt":"2013-05-27T10:00:16","slug":"preparant-campaments-internacionals-64d-trobada-joves","status":"publish","type":"post","link":"https:\/\/www.esplac.cat\/en\/preparant-campaments-internacionals-64d-trobada-joves\/","title":{"rendered":"Preparant-nos pels campaments internacionals #T4D a la Trobada de Joves!"},"content":{"rendered":"<p><!--:CA--><\/p>\n<p style=\"text-align: left;\"><a title=\"english version\" href=\"http:\/\/esplac.cat\/en\/preparant-campaments-internacionals-64d-trobada-joves\/\" target=\"_blank\" rel=\"noopener noreferrer\"><em>Click for English version<\/em><\/a><\/p>\n<p style=\"text-align: left;\">Els dies 11 i 12 de maig, els grups de joves del esplais<strong> Eixam<\/strong> (Rub\u00ed), <strong>Gepa<\/strong> (Ametlla del Vall\u00e8s), <strong>Clupi<\/strong> (Cerdanyola del Vall\u00e8s) i <strong>Bot\u00f3<\/strong> (Palau-Solit\u00e0 i Plegamans) van fer una trobada de preparaci\u00f3 dels campaments internacionals (Together for Diversity), a l\u2019esplai del Bot\u00f3, en la que es van dur a terme diverses activitats.<\/p>\n<p style=\"text-align: left;\" align=\"JUSTIFY\"><span style=\"color: #222222;\">En primer lloc, com a activitat del mat\u00ed, es va dur a terme una formaci\u00f3 a c\u00e0rrec de dues formadores de l\u2019Escola Lliure el Sol. Un cop dividits en dos grups, els nois i noies dels quatre esplais van tractar temes com la <strong>diversitat cultural<\/strong> o la <strong>pluralitat ling\u00fc\u00edstica<\/strong>. Van intercanviar idees i opinions sobre la tem\u00e0tica principal i, per a molts joves, va suposar un ampliaci\u00f3 dels seus punts de vista m\u00e9s enll\u00e0 del qu\u00e8 s\u2019havien plantejat fins a aquest moment.<\/span><\/p>\n<p style=\"text-align: left;\" align=\"JUSTIFY\"><span style=\"color: #222222;\">En segon lloc, l\u2019activitat de tarda va tenir com a objectiu <strong>marcar el funcionament del nostre <\/strong><\/span><span style=\"color: #222222;\"><em><strong>village<\/strong>,<\/em><\/span><span style=\"color: #222222;\"> les activitats que hi dur\u00edem a terme, el nom del <\/span><span style=\"color: #222222;\"><em>village<\/em><\/span><span style=\"color: #222222;\"> i la part log\u00edstica del mateix. Es va fer en forma participativa amb el joc del \u201ccaf\u00e8 rodant\u201d. D\u2019aquesta manera tots els joves, repartits en 5 grups, podien aportar les seves idees sobre els diferents temes, podent percebre l&#8217;experi\u00e8ncia dels joves a l\u2019hora de participar de les diferents activitats d\u2019estiu que els respectius esplais organitzen.<\/span><\/p>\n<p style=\"text-align: left;\" align=\"JUSTIFY\"><span style=\"color: #222222;\">Un cop van haver passat tots pels diferents racons, van haver d\u2019exposar les idees m\u00e9s destacades del seu propi grup. Entre tots vam decidir cadascuna de les q\u00fcestions a tractar (les activitats, el nom del <\/span><span style=\"color: #222222;\"><em>village<\/em><\/span><span style=\"color: #222222;\"> i la organitzaci\u00f3 de les tasques).<\/span><\/p>\n<p style=\"text-align: left;\" align=\"JUSTIFY\"><span style=\"color: #222222;\">Despr\u00e9s de sopar els joves van tenir el seu moment lliure en el que van poder socialitzar-se, fer festeta amb una mica de m\u00fasica i <\/span><span style=\"color: #222222;\"><em>pica-pica<\/em><\/span><span style=\"color: #222222;\">. I al mat\u00ed, despr\u00e9s d\u2019esmorzar, recollir i marxar a casa a dinar.<\/span><\/p>\n<p style=\"text-align: left;\" align=\"JUSTIFY\"><span style=\"color: #222222;\">Hem coincidit tots, monitors i joves, que l&#8217;experi\u00e8ncia i l\u2019aprenentatge d\u2019aquest cap de setmana ha estat molt enriquidora i, sobre tot, les ganes de marxar de campaments es encara m\u00e9s gran que abans.<\/span><\/p>\n<p><!--:--><!--:es-->&nbsp;<\/p>\n<p><!--:--><!--:en--><span style=\"color: #373737;\">Last 11th-12th May, youngsters from <\/span><span style=\"color: #373737;\"><span style=\"font-family: 'Open Sans', sans-serif, serif;\"><em>esplais<\/em><\/span><\/span><span style=\"color: #373737;\"><strong> Eixam<\/strong> (Rub\u00ed), <strong>Gepa<\/strong> (Ametlla del Vall\u00e8s), <strong>Clupi<\/strong> (Cerdanyol del Vall\u00e8s i<strong> Bot\u00f3<\/strong> (Palau-Solit\u00e0 i Plegamans) met to prepare activities for the International Camp of Esplac (Together for Diversity) at the <\/span><span style=\"color: #373737;\">head-quarter<\/span><span style=\"color: #373737;\"> of <\/span><span style=\"color: #373737;\"><span style=\"font-family: 'Open Sans', sans-serif, serif;\"><em>esplai<\/em><\/span><\/span><span style=\"color: #373737;\"> Bot\u00f3.<\/span><\/p>\n<p lang=\"en-GB\"><span style=\"color: #373737;\">First of all, as a morning activity, youngsters participated in a training session leaded by 2 trainers of the training school of Esplac, Escola Lliure El Sol. Divided in two groups, youngsters of the 4 <\/span><span style=\"color: #373737;\"><span style=\"font-family: 'Open Sans', sans-serif, serif;\"><span><em>esplais<\/em><\/span><\/span><\/span><span style=\"color: #373737;\"> of Vall\u00e8s Village \u2013 called Pinguin Village \u2013 worked on <strong>Cultural Diversity<\/strong> and <strong>Linguistic Plurality<\/strong> as training topics. Participants had the chance to exchange ideas and opinions about the main topic of the camp, and for most of the <\/span><span style=\"color: #373737;\">youngsters<\/span><span style=\"color: #373737;\"> it was an opportunity to have a more open perspective on the topics.<\/span><\/p>\n<p><span style=\"color: #373737;\"><span style=\"font-family: 'Open Sans', sans-serif, serif;\"><span>Secondly, afternoon activity had the goal <\/span><\/span><\/span><span style=\"color: #373737;\"><span style=\"font-family: 'Open Sans', sans-serif, serif;\"><span>to debate about how to organise the Village of the Camp: activities, decision about the name of the Village and logistics. Decisions were taken in a participatory way, following the dynamic of <\/span><\/span><\/span><a href=\"http:\/\/www.theworldcafe.com\/ibank_guidelines.html\">\u201cThe Worlds Caf\u00e9\u201d<\/a><span style=\"color: #373737;\"><span style=\"font-family: 'Open Sans', sans-serif, serif;\"><span>. Thus, all youngsters divided in 5 groups could share their ideas about different topics The result it was very interesting, because best practices of 4 <\/span><\/span><\/span><span style=\"color: #373737;\"><span style=\"font-family: 'Open Sans', sans-serif, serif;\"><span><em>esplais<\/em><\/span><\/span><\/span><span style=\"color: #373737;\"><span style=\"font-family: 'Open Sans', sans-serif, serif;\"><span> could be shared and a common idea was built.<\/span><\/span><\/span><\/p>\n<p lang=\"en-GB\"><span style=\"color: #222222;\">Once all youngsters had debated in all corners of the <\/span><span style=\"color: #222222;\"><span style=\"font-family: 'Open Sans', sans-serif, serif;\"><span><em>Caf\u00e9<\/em><\/span><\/span><\/span><span style=\"color: #222222;\">, they met all in a big plenary in order to introduce the main ideas of small working groups. Then, all had the chance to take final decisions on the issues tackled (activities, name of the Village and organisation of tasks).<\/span><\/p>\n<p lang=\"en-GB\"><span style=\"color: #222222;\"><span style=\"font-family: 'Open Sans', sans-serif, serif;\"><span>After dinner, youngsters had free time. This moment of socialisation and party was important as well to build a common spirit of the group: music and snacks helped on it. And finally, the following day, after having had breakfast, arrived the moment to put things in order and come back home for lunch-<\/span><\/span><\/span><\/p>\n<p lang=\"en-GB\"><span style=\"color: #222222;\"><span style=\"font-family: 'Open Sans', sans-serif, serif;\"><span>We have all agreed \u2013 youngsters and youth leaders \u2013 that we have learned a lot during the weekend, and that now we are even more committed with the Camp and more motivated to start it.<\/span><\/span><\/span><\/p>\n<p><!--:--><!--:fr-->&nbsp;<\/p>\n<p><!--:--><\/p>\n","protected":false},"excerpt":{"rendered":"<p>Click for English version Els dies 11 i 12 de [&hellip;]<\/p>\n","protected":false},"author":3,"featured_media":25628,"comment_status":"open","ping_status":"open","sticky":false,"template":"","format":"standard","meta":{"om_disable_all_campaigns":false,"_monsterinsights_skip_tracking":false,"_monsterinsights_sitenote_active":false,"_monsterinsights_sitenote_note":"","_monsterinsights_sitenote_category":0,"_uf_show_specific_survey":0,"_uf_disable_surveys":false,"footnotes":""},"categories":[1110,1131],"tags":[53,138,109,100],"class_list":["post-25912","post","type-post","status-publish","format-standard","has-post-thumbnail","hentry","category-activitats-sectors","category-cursos-formacions","tag-campaments","tag-diversitat","tag-internacionalisme","tag-together-for-diversity"],"yoast_head":"<!-- This site is optimized with the Yoast SEO plugin v27.5 - https:\/\/yoast.com\/product\/yoast-seo-wordpress\/ -->\n<title>Preparant-nos pels campaments internacionals #T4D a la Trobada de Joves! - Esplac<\/title>\n<meta name=\"robots\" content=\"index, follow, max-snippet:-1, max-image-preview:large, max-video-preview:-1\" \/>\n<link rel=\"canonical\" href=\"https:\/\/www.esplac.cat\/preparant-campaments-internacionals-64d-trobada-joves\/\" \/>\n<meta property=\"og:locale\" content=\"en_US\" \/>\n<meta property=\"og:type\" content=\"article\" \/>\n<meta property=\"og:title\" content=\"Preparant-nos pels campaments internacionals #T4D a la Trobada de Joves! - Esplac\" \/>\n<meta property=\"og:description\" content=\"Click for English version Els dies 11 i 12 de [&hellip;]\" \/>\n<meta property=\"og:url\" content=\"https:\/\/www.esplac.cat\/preparant-campaments-internacionals-64d-trobada-joves\/\" \/>\n<meta property=\"og:site_name\" content=\"Esplac\" \/>\n<meta property=\"article:published_time\" content=\"2013-05-27T10:00:16+00:00\" \/>\n<meta property=\"og:image\" content=\"https:\/\/www.esplac.cat\/wp-content\/uploads\/2013\/02\/DSC08098.jpg\" \/>\n\t<meta property=\"og:image:width\" content=\"3872\" \/>\n\t<meta property=\"og:image:height\" content=\"2176\" \/>\n\t<meta property=\"og:image:type\" content=\"image\/jpeg\" \/>\n<meta name=\"author\" content=\"Comunicaci\u00f3 Esplac\" \/>\n<meta name=\"twitter:card\" content=\"summary_large_image\" \/>\n<meta name=\"twitter:label1\" content=\"Written by\" \/>\n\t<meta name=\"twitter:data1\" content=\"Comunicaci\u00f3 Esplac\" \/>\n\t<meta name=\"twitter:label2\" content=\"Est. reading time\" \/>\n\t<meta name=\"twitter:data2\" content=\"4 minutes\" \/>\n<script type=\"application\/ld+json\" class=\"yoast-schema-graph\">{\"@context\":\"https:\\\/\\\/schema.org\",\"@graph\":[{\"@type\":\"Article\",\"@id\":\"https:\\\/\\\/www.esplac.cat\\\/preparant-campaments-internacionals-64d-trobada-joves\\\/#article\",\"isPartOf\":{\"@id\":\"https:\\\/\\\/www.esplac.cat\\\/preparant-campaments-internacionals-64d-trobada-joves\\\/\"},\"author\":{\"name\":\"Comunicaci\u00f3 Esplac\",\"@id\":\"https:\\\/\\\/www.esplac.cat\\\/#\\\/schema\\\/person\\\/908383cf240be18b68f8855d0583faca\"},\"headline\":\"Preparant-nos pels campaments internacionals #T4D a la Trobada de Joves!\",\"datePublished\":\"2013-05-27T10:00:16+00:00\",\"mainEntityOfPage\":{\"@id\":\"https:\\\/\\\/www.esplac.cat\\\/preparant-campaments-internacionals-64d-trobada-joves\\\/\"},\"wordCount\":716,\"commentCount\":0,\"publisher\":{\"@id\":\"https:\\\/\\\/www.esplac.cat\\\/#organization\"},\"image\":{\"@id\":\"https:\\\/\\\/www.esplac.cat\\\/preparant-campaments-internacionals-64d-trobada-joves\\\/#primaryimage\"},\"thumbnailUrl\":\"https:\\\/\\\/www.esplac.cat\\\/wp-content\\\/uploads\\\/2013\\\/02\\\/DSC08098.jpg\",\"keywords\":[\"campaments\",\"diversitat\",\"internacionalisme\",\"together for diversity\"],\"articleSection\":[\"Activitats sectors\",\"Cursos i formacions\"],\"inLanguage\":\"en-US\",\"potentialAction\":[{\"@type\":\"CommentAction\",\"name\":\"Comment\",\"target\":[\"https:\\\/\\\/www.esplac.cat\\\/preparant-campaments-internacionals-64d-trobada-joves\\\/#respond\"]}]},{\"@type\":\"WebPage\",\"@id\":\"https:\\\/\\\/www.esplac.cat\\\/preparant-campaments-internacionals-64d-trobada-joves\\\/\",\"url\":\"https:\\\/\\\/www.esplac.cat\\\/preparant-campaments-internacionals-64d-trobada-joves\\\/\",\"name\":\"Preparant-nos pels campaments internacionals #T4D a la Trobada de Joves! - Esplac\",\"isPartOf\":{\"@id\":\"https:\\\/\\\/www.esplac.cat\\\/#website\"},\"primaryImageOfPage\":{\"@id\":\"https:\\\/\\\/www.esplac.cat\\\/preparant-campaments-internacionals-64d-trobada-joves\\\/#primaryimage\"},\"image\":{\"@id\":\"https:\\\/\\\/www.esplac.cat\\\/preparant-campaments-internacionals-64d-trobada-joves\\\/#primaryimage\"},\"thumbnailUrl\":\"https:\\\/\\\/www.esplac.cat\\\/wp-content\\\/uploads\\\/2013\\\/02\\\/DSC08098.jpg\",\"datePublished\":\"2013-05-27T10:00:16+00:00\",\"breadcrumb\":{\"@id\":\"https:\\\/\\\/www.esplac.cat\\\/preparant-campaments-internacionals-64d-trobada-joves\\\/#breadcrumb\"},\"inLanguage\":\"en-US\",\"potentialAction\":[{\"@type\":\"ReadAction\",\"target\":[\"https:\\\/\\\/www.esplac.cat\\\/preparant-campaments-internacionals-64d-trobada-joves\\\/\"]}]},{\"@type\":\"ImageObject\",\"inLanguage\":\"en-US\",\"@id\":\"https:\\\/\\\/www.esplac.cat\\\/preparant-campaments-internacionals-64d-trobada-joves\\\/#primaryimage\",\"url\":\"https:\\\/\\\/www.esplac.cat\\\/wp-content\\\/uploads\\\/2013\\\/02\\\/DSC08098.jpg\",\"contentUrl\":\"https:\\\/\\\/www.esplac.cat\\\/wp-content\\\/uploads\\\/2013\\\/02\\\/DSC08098.jpg\",\"width\":3872,\"height\":2176},{\"@type\":\"BreadcrumbList\",\"@id\":\"https:\\\/\\\/www.esplac.cat\\\/preparant-campaments-internacionals-64d-trobada-joves\\\/#breadcrumb\",\"itemListElement\":[{\"@type\":\"ListItem\",\"position\":1,\"name\":\"Inici\",\"item\":\"https:\\\/\\\/www.esplac.cat\\\/en\\\/\"},{\"@type\":\"ListItem\",\"position\":2,\"name\":\"Preparant-nos pels campaments internacionals #T4D a la Trobada de Joves!\"}]},{\"@type\":\"WebSite\",\"@id\":\"https:\\\/\\\/www.esplac.cat\\\/#website\",\"url\":\"https:\\\/\\\/www.esplac.cat\\\/\",\"name\":\"Esplac\",\"description\":\"Esplais Catalans\",\"publisher\":{\"@id\":\"https:\\\/\\\/www.esplac.cat\\\/#organization\"},\"potentialAction\":[{\"@type\":\"SearchAction\",\"target\":{\"@type\":\"EntryPoint\",\"urlTemplate\":\"https:\\\/\\\/www.esplac.cat\\\/?s={search_term_string}\"},\"query-input\":{\"@type\":\"PropertyValueSpecification\",\"valueRequired\":true,\"valueName\":\"search_term_string\"}}],\"inLanguage\":\"en-US\"},{\"@type\":\"Organization\",\"@id\":\"https:\\\/\\\/www.esplac.cat\\\/#organization\",\"name\":\"Esplac\",\"url\":\"https:\\\/\\\/www.esplac.cat\\\/\",\"logo\":{\"@type\":\"ImageObject\",\"inLanguage\":\"en-US\",\"@id\":\"https:\\\/\\\/www.esplac.cat\\\/#\\\/schema\\\/logo\\\/image\\\/\",\"url\":\"https:\\\/\\\/www.esplac.cat\\\/wp-content\\\/uploads\\\/2019\\\/08\\\/logox2.png\",\"contentUrl\":\"https:\\\/\\\/www.esplac.cat\\\/wp-content\\\/uploads\\\/2019\\\/08\\\/logox2.png\",\"width\":600,\"height\":295,\"caption\":\"Esplac\"},\"image\":{\"@id\":\"https:\\\/\\\/www.esplac.cat\\\/#\\\/schema\\\/logo\\\/image\\\/\"}},{\"@type\":\"Person\",\"@id\":\"https:\\\/\\\/www.esplac.cat\\\/#\\\/schema\\\/person\\\/908383cf240be18b68f8855d0583faca\",\"name\":\"Comunicaci\u00f3 Esplac\",\"image\":{\"@type\":\"ImageObject\",\"inLanguage\":\"en-US\",\"@id\":\"https:\\\/\\\/secure.gravatar.com\\\/avatar\\\/7a4cf8feb412a76ea4a740ca02d95b06b2907b5a6c648c2dd0a1082a093c3141?s=96&d=mm&r=g\",\"url\":\"https:\\\/\\\/secure.gravatar.com\\\/avatar\\\/7a4cf8feb412a76ea4a740ca02d95b06b2907b5a6c648c2dd0a1082a093c3141?s=96&d=mm&r=g\",\"contentUrl\":\"https:\\\/\\\/secure.gravatar.com\\\/avatar\\\/7a4cf8feb412a76ea4a740ca02d95b06b2907b5a6c648c2dd0a1082a093c3141?s=96&d=mm&r=g\",\"caption\":\"Comunicaci\u00f3 Esplac\"}}]}<\/script>\n<!-- \/ Yoast SEO plugin. -->","yoast_head_json":{"title":"Preparant-nos pels campaments internacionals #T4D a la Trobada de Joves! - Esplac","robots":{"index":"index","follow":"follow","max-snippet":"max-snippet:-1","max-image-preview":"max-image-preview:large","max-video-preview":"max-video-preview:-1"},"canonical":"https:\/\/www.esplac.cat\/preparant-campaments-internacionals-64d-trobada-joves\/","og_locale":"en_US","og_type":"article","og_title":"Preparant-nos pels campaments internacionals #T4D a la Trobada de Joves! - Esplac","og_description":"Click for English version Els dies 11 i 12 de [&hellip;]","og_url":"https:\/\/www.esplac.cat\/preparant-campaments-internacionals-64d-trobada-joves\/","og_site_name":"Esplac","article_published_time":"2013-05-27T10:00:16+00:00","og_image":[{"width":3872,"height":2176,"url":"https:\/\/www.esplac.cat\/wp-content\/uploads\/2013\/02\/DSC08098.jpg","type":"image\/jpeg"}],"author":"Comunicaci\u00f3 Esplac","twitter_card":"summary_large_image","twitter_misc":{"Written by":"Comunicaci\u00f3 Esplac","Est. reading time":"4 minutes"},"schema":{"@context":"https:\/\/schema.org","@graph":[{"@type":"Article","@id":"https:\/\/www.esplac.cat\/preparant-campaments-internacionals-64d-trobada-joves\/#article","isPartOf":{"@id":"https:\/\/www.esplac.cat\/preparant-campaments-internacionals-64d-trobada-joves\/"},"author":{"name":"Comunicaci\u00f3 Esplac","@id":"https:\/\/www.esplac.cat\/#\/schema\/person\/908383cf240be18b68f8855d0583faca"},"headline":"Preparant-nos pels campaments internacionals #T4D a la Trobada de Joves!","datePublished":"2013-05-27T10:00:16+00:00","mainEntityOfPage":{"@id":"https:\/\/www.esplac.cat\/preparant-campaments-internacionals-64d-trobada-joves\/"},"wordCount":716,"commentCount":0,"publisher":{"@id":"https:\/\/www.esplac.cat\/#organization"},"image":{"@id":"https:\/\/www.esplac.cat\/preparant-campaments-internacionals-64d-trobada-joves\/#primaryimage"},"thumbnailUrl":"https:\/\/www.esplac.cat\/wp-content\/uploads\/2013\/02\/DSC08098.jpg","keywords":["campaments","diversitat","internacionalisme","together for diversity"],"articleSection":["Activitats sectors","Cursos i formacions"],"inLanguage":"en-US","potentialAction":[{"@type":"CommentAction","name":"Comment","target":["https:\/\/www.esplac.cat\/preparant-campaments-internacionals-64d-trobada-joves\/#respond"]}]},{"@type":"WebPage","@id":"https:\/\/www.esplac.cat\/preparant-campaments-internacionals-64d-trobada-joves\/","url":"https:\/\/www.esplac.cat\/preparant-campaments-internacionals-64d-trobada-joves\/","name":"Preparant-nos pels campaments internacionals #T4D a la Trobada de Joves! - Esplac","isPartOf":{"@id":"https:\/\/www.esplac.cat\/#website"},"primaryImageOfPage":{"@id":"https:\/\/www.esplac.cat\/preparant-campaments-internacionals-64d-trobada-joves\/#primaryimage"},"image":{"@id":"https:\/\/www.esplac.cat\/preparant-campaments-internacionals-64d-trobada-joves\/#primaryimage"},"thumbnailUrl":"https:\/\/www.esplac.cat\/wp-content\/uploads\/2013\/02\/DSC08098.jpg","datePublished":"2013-05-27T10:00:16+00:00","breadcrumb":{"@id":"https:\/\/www.esplac.cat\/preparant-campaments-internacionals-64d-trobada-joves\/#breadcrumb"},"inLanguage":"en-US","potentialAction":[{"@type":"ReadAction","target":["https:\/\/www.esplac.cat\/preparant-campaments-internacionals-64d-trobada-joves\/"]}]},{"@type":"ImageObject","inLanguage":"en-US","@id":"https:\/\/www.esplac.cat\/preparant-campaments-internacionals-64d-trobada-joves\/#primaryimage","url":"https:\/\/www.esplac.cat\/wp-content\/uploads\/2013\/02\/DSC08098.jpg","contentUrl":"https:\/\/www.esplac.cat\/wp-content\/uploads\/2013\/02\/DSC08098.jpg","width":3872,"height":2176},{"@type":"BreadcrumbList","@id":"https:\/\/www.esplac.cat\/preparant-campaments-internacionals-64d-trobada-joves\/#breadcrumb","itemListElement":[{"@type":"ListItem","position":1,"name":"Inici","item":"https:\/\/www.esplac.cat\/en\/"},{"@type":"ListItem","position":2,"name":"Preparant-nos pels campaments internacionals #T4D a la Trobada de Joves!"}]},{"@type":"WebSite","@id":"https:\/\/www.esplac.cat\/#website","url":"https:\/\/www.esplac.cat\/","name":"Esplac","description":"Esplais Catalans","publisher":{"@id":"https:\/\/www.esplac.cat\/#organization"},"potentialAction":[{"@type":"SearchAction","target":{"@type":"EntryPoint","urlTemplate":"https:\/\/www.esplac.cat\/?s={search_term_string}"},"query-input":{"@type":"PropertyValueSpecification","valueRequired":true,"valueName":"search_term_string"}}],"inLanguage":"en-US"},{"@type":"Organization","@id":"https:\/\/www.esplac.cat\/#organization","name":"Esplac","url":"https:\/\/www.esplac.cat\/","logo":{"@type":"ImageObject","inLanguage":"en-US","@id":"https:\/\/www.esplac.cat\/#\/schema\/logo\/image\/","url":"https:\/\/www.esplac.cat\/wp-content\/uploads\/2019\/08\/logox2.png","contentUrl":"https:\/\/www.esplac.cat\/wp-content\/uploads\/2019\/08\/logox2.png","width":600,"height":295,"caption":"Esplac"},"image":{"@id":"https:\/\/www.esplac.cat\/#\/schema\/logo\/image\/"}},{"@type":"Person","@id":"https:\/\/www.esplac.cat\/#\/schema\/person\/908383cf240be18b68f8855d0583faca","name":"Comunicaci\u00f3 Esplac","image":{"@type":"ImageObject","inLanguage":"en-US","@id":"https:\/\/secure.gravatar.com\/avatar\/7a4cf8feb412a76ea4a740ca02d95b06b2907b5a6c648c2dd0a1082a093c3141?s=96&d=mm&r=g","url":"https:\/\/secure.gravatar.com\/avatar\/7a4cf8feb412a76ea4a740ca02d95b06b2907b5a6c648c2dd0a1082a093c3141?s=96&d=mm&r=g","contentUrl":"https:\/\/secure.gravatar.com\/avatar\/7a4cf8feb412a76ea4a740ca02d95b06b2907b5a6c648c2dd0a1082a093c3141?s=96&d=mm&r=g","caption":"Comunicaci\u00f3 Esplac"}}]}},"_links":{"self":[{"href":"https:\/\/www.esplac.cat\/en\/wp-json\/wp\/v2\/posts\/25912","targetHints":{"allow":["GET"]}}],"collection":[{"href":"https:\/\/www.esplac.cat\/en\/wp-json\/wp\/v2\/posts"}],"about":[{"href":"https:\/\/www.esplac.cat\/en\/wp-json\/wp\/v2\/types\/post"}],"author":[{"embeddable":true,"href":"https:\/\/www.esplac.cat\/en\/wp-json\/wp\/v2\/users\/3"}],"replies":[{"embeddable":true,"href":"https:\/\/www.esplac.cat\/en\/wp-json\/wp\/v2\/comments?post=25912"}],"version-history":[{"count":0,"href":"https:\/\/www.esplac.cat\/en\/wp-json\/wp\/v2\/posts\/25912\/revisions"}],"wp:featuredmedia":[{"embeddable":true,"href":"https:\/\/www.esplac.cat\/en\/wp-json\/wp\/v2\/media\/25628"}],"wp:attachment":[{"href":"https:\/\/www.esplac.cat\/en\/wp-json\/wp\/v2\/media?parent=25912"}],"wp:term":[{"taxonomy":"category","embeddable":true,"href":"https:\/\/www.esplac.cat\/en\/wp-json\/wp\/v2\/categories?post=25912"},{"taxonomy":"post_tag","embeddable":true,"href":"https:\/\/www.esplac.cat\/en\/wp-json\/wp\/v2\/tags?post=25912"}],"curies":[{"name":"wp","href":"https:\/\/api.w.org\/{rel}","templated":true}]}}