{"id":25932,"date":"2013-05-03T11:56:55","date_gmt":"2013-05-03T09:56:55","guid":{"rendered":"http:\/\/esplac.cat\/?p=3365"},"modified":"2019-11-14T13:38:41","modified_gmt":"2019-11-14T11:38:41","slug":"benvinguda-manuela","status":"publish","type":"post","link":"https:\/\/www.esplac.cat\/en\/benvinguda-manuela\/","title":{"rendered":"Benvinguda Manuela!"},"content":{"rendered":"<p><!--:CA--><em>La Manuela Sorrentino ha arribat fa unes setmanes per treballar a Esplac, especialment pels campaments internacionals &#8220;Together for Diversity&#8221;. Ens fa arribar la seva presentaci\u00f3 perqu\u00e8 tots i totes la pogueu con\u00e8ixer. Benvinguda!<\/em><\/p>\n<p lang=\"es-ES\" align=\"JUSTIFY\">Soy Manuela, vicepresidenta de la asociaci\u00f3n de promoci\u00f3n social <a title=\"realt\u00e1 futura napoli\" href=\"https:\/\/www.facebook.com\/realtafutura.promozionesociale\" target=\"_blank\" rel=\"noopener noreferrer\"><strong>Realt\u00e1 Futura de Napoli<\/strong><\/a> en Italia y responsable del sector internacional por la asociaci\u00f3n <a title=\"arciragazzi\" href=\"http:\/\/www.arciragazzi.it\/\" target=\"_blank\" rel=\"noopener noreferrer\"><strong>Arciragazzi Nazionale<\/strong><\/a>, que trabaja en la promoci\u00f3n de los derechos de la infancia en Italia.<\/p>\n<p lang=\"es-ES\" align=\"JUSTIFY\">Nac\u00ed como monitora de ludoteca en mi asociaci\u00f3n que act\u00faa en un barrio en la periferia norte de Napoli, donde viven muchos ni\u00f1os, ni\u00f1as y j\u00f3venes en situaci\u00f3n de exclusi\u00f3n social y econ\u00f3mica.<\/p>\n<p lang=\"es-ES\" align=\"JUSTIFY\">En el 2004 entr\u00e9 a formar parte del consejo directivo con el cargo de secretaria y tesorera y tambi\u00e9n me ocup\u00e9 de la gesti\u00f3n de algunos j\u00f3venes voluntarios\/as que participaron en el proyecto del servicio civil nacional del gobierno italiano.<\/p>\n<p lang=\"es-ES\" align=\"JUSTIFY\">En estos a\u00f1os he participado en intercambios internacionales como monitora en proyectos del programa <a href=\"http:\/\/www.juventudenaccion.injuve.es\/\">\u201cJuventud en <\/a><a href=\"http:\/\/www.juventudenaccion.injuve.es\/\">A<\/a><a href=\"http:\/\/www.juventudenaccion.injuve.es\/\">cci\u00f3n\u201d<\/a> de la UE y en cursos de formaci\u00f3n internacionales como el \u201c<strong>Childhood in Action<\/strong>\u201d organizado por Esplac en el a\u00f1o 2008. En intercambios internacionales he coincidido con los <strong>esplais GER<\/strong> (Letonia, a\u00f1o 2010) y <strong>L&#8217;Olivera Rodona<\/strong> (Catalu\u00f1a, a\u00f1o 2010). Despu\u00e9s estas experiencias he empezado a interesarme en proyectar intercambios y a planear actividades como campamentos, sea en el \u00e1mbito local o nacional.<\/p>\n<p align=\"JUSTIFY\">Hace tres a\u00f1os que estoy en la comisi\u00f3n organizativa del Campo Nazionale de Arciragazzi (encuentro veraniego de ni\u00f1os\/as, j\u00f3venes y monitores\/as de la asociaci\u00f3n), donde me ocupo de la organizaci\u00f3n log\u00edstica, de las actividades y de la acogida de los participantes catalanes de los esplais (\u00a1que desde hace tres a\u00f1os participan con muchas ganas e ilusi\u00f3n!). Los esplais <strong>MIV<\/strong>, <strong>Kasperle<\/strong>, <strong>Xang\u00f3<\/strong> y <strong>Boix<\/strong> han participado en esta actividad. El esplai Xang\u00f3 repite este a\u00f1o.<\/p>\n<p lang=\"es-ES\" align=\"JUSTIFY\">Ahora estoy aqu\u00ed en Barcelona trabajando en Esplac participando del proyecto del programa europeo \u201c<strong>Juventud en Acci\u00f3n \u2013 Acci\u00f3n 4.3<\/strong>\u201d que prev\u00e9 y sustenta la movilidad de largo t\u00e9rmino de los animadores juveniles y el intercambio rec\u00edproco entre asociaciones europeas en experiencias, competencias y buenas pr\u00e1cticas. Mi tarea principal a lo largo de los pr\u00f3ximos seis meses ser\u00e1 la de colaborar en la organizaci\u00f3n del proyecto \u201c<strong>Together for Diversity<\/strong>\u201d.<\/p>\n<p><!--:--><!--:es-->&nbsp;<\/p>\n<p><!--:--><!--:en-->&nbsp;<\/p>\n<p><!--:--><!--:fr-->&nbsp;<\/p>\n<p><!--:--><\/p>\n","protected":false},"excerpt":{"rendered":"<p>La Manuela Sorrentino ha arribat fa unes setmanes per treballar [&hellip;]<\/p>\n","protected":false},"author":3,"featured_media":0,"comment_status":"open","ping_status":"open","sticky":false,"template":"","format":"standard","meta":{"om_disable_all_campaigns":false,"_monsterinsights_skip_tracking":false,"_monsterinsights_sitenote_active":false,"_monsterinsights_sitenote_note":"","_monsterinsights_sitenote_category":0,"_uf_show_specific_survey":0,"_uf_disable_surveys":false,"footnotes":""},"categories":[1112,1167,1116],"tags":[53,109,128,100],"class_list":["post-25932","post","type-post","status-publish","format-standard","hentry","category-esplac-al-mon","category-infancia","category-secretaria-esplac","tag-campaments","tag-internacionalisme","tag-joventut-en-accio","tag-together-for-diversity"],"yoast_head":"<!-- This site is optimized with the Yoast SEO plugin v27.4 - https:\/\/yoast.com\/product\/yoast-seo-wordpress\/ -->\n<title>Benvinguda Manuela! - Esplac<\/title>\n<meta name=\"robots\" content=\"index, follow, max-snippet:-1, max-image-preview:large, max-video-preview:-1\" \/>\n<link rel=\"canonical\" href=\"https:\/\/www.esplac.cat\/es\/benvinguda-manuela\/\" \/>\n<meta property=\"og:locale\" content=\"en_US\" \/>\n<meta property=\"og:type\" content=\"article\" \/>\n<meta property=\"og:title\" content=\"Benvinguda Manuela! - Esplac\" \/>\n<meta property=\"og:description\" content=\"La Manuela Sorrentino ha arribat fa unes setmanes per treballar [&hellip;]\" \/>\n<meta property=\"og:url\" content=\"https:\/\/www.esplac.cat\/es\/benvinguda-manuela\/\" \/>\n<meta property=\"og:site_name\" content=\"Esplac\" \/>\n<meta property=\"article:published_time\" content=\"2013-05-03T09:56:55+00:00\" \/>\n<meta property=\"article:modified_time\" content=\"2019-11-14T11:38:41+00:00\" \/>\n<meta property=\"og:image\" content=\"https:\/\/www.esplac.cat\/wp-content\/uploads\/2019\/11\/logo-open.jpg\" \/>\n\t<meta property=\"og:image:width\" content=\"1200\" \/>\n\t<meta property=\"og:image:height\" content=\"630\" \/>\n\t<meta property=\"og:image:type\" content=\"image\/jpeg\" \/>\n<meta name=\"author\" content=\"Comunicaci\u00f3 Esplac\" \/>\n<meta name=\"twitter:card\" content=\"summary_large_image\" \/>\n<meta name=\"twitter:label1\" content=\"Written by\" \/>\n\t<meta name=\"twitter:data1\" content=\"Comunicaci\u00f3 Esplac\" \/>\n\t<meta name=\"twitter:label2\" content=\"Est. reading time\" \/>\n\t<meta name=\"twitter:data2\" content=\"2 minutes\" \/>\n<script type=\"application\/ld+json\" class=\"yoast-schema-graph\">{\"@context\":\"https:\\\/\\\/schema.org\",\"@graph\":[{\"@type\":\"Article\",\"@id\":\"https:\\\/\\\/www.esplac.cat\\\/es\\\/benvinguda-manuela\\\/#article\",\"isPartOf\":{\"@id\":\"https:\\\/\\\/www.esplac.cat\\\/es\\\/benvinguda-manuela\\\/\"},\"author\":{\"name\":\"Comunicaci\u00f3 Esplac\",\"@id\":\"https:\\\/\\\/www.esplac.cat\\\/#\\\/schema\\\/person\\\/908383cf240be18b68f8855d0583faca\"},\"headline\":\"Benvinguda Manuela!\",\"datePublished\":\"2013-05-03T09:56:55+00:00\",\"dateModified\":\"2019-11-14T11:38:41+00:00\",\"mainEntityOfPage\":{\"@id\":\"https:\\\/\\\/www.esplac.cat\\\/es\\\/benvinguda-manuela\\\/\"},\"wordCount\":411,\"commentCount\":0,\"publisher\":{\"@id\":\"https:\\\/\\\/www.esplac.cat\\\/#organization\"},\"keywords\":[\"campaments\",\"internacionalisme\",\"joventut en acci\u00f3\",\"together for diversity\"],\"articleSection\":[\"Esplac al m\u00f3n\",\"Inf\u00e0ncia i Esplaiada\",\"Secretaria T\u00e8cnica\"],\"inLanguage\":\"en-US\",\"potentialAction\":[{\"@type\":\"CommentAction\",\"name\":\"Comment\",\"target\":[\"https:\\\/\\\/www.esplac.cat\\\/es\\\/benvinguda-manuela\\\/#respond\"]}]},{\"@type\":\"WebPage\",\"@id\":\"https:\\\/\\\/www.esplac.cat\\\/es\\\/benvinguda-manuela\\\/\",\"url\":\"https:\\\/\\\/www.esplac.cat\\\/es\\\/benvinguda-manuela\\\/\",\"name\":\"Benvinguda Manuela! - Esplac\",\"isPartOf\":{\"@id\":\"https:\\\/\\\/www.esplac.cat\\\/#website\"},\"datePublished\":\"2013-05-03T09:56:55+00:00\",\"dateModified\":\"2019-11-14T11:38:41+00:00\",\"breadcrumb\":{\"@id\":\"https:\\\/\\\/www.esplac.cat\\\/es\\\/benvinguda-manuela\\\/#breadcrumb\"},\"inLanguage\":\"en-US\",\"potentialAction\":[{\"@type\":\"ReadAction\",\"target\":[\"https:\\\/\\\/www.esplac.cat\\\/es\\\/benvinguda-manuela\\\/\"]}]},{\"@type\":\"BreadcrumbList\",\"@id\":\"https:\\\/\\\/www.esplac.cat\\\/es\\\/benvinguda-manuela\\\/#breadcrumb\",\"itemListElement\":[{\"@type\":\"ListItem\",\"position\":1,\"name\":\"Inici\",\"item\":\"https:\\\/\\\/www.esplac.cat\\\/en\\\/\"},{\"@type\":\"ListItem\",\"position\":2,\"name\":\"Benvinguda Manuela!\"}]},{\"@type\":\"WebSite\",\"@id\":\"https:\\\/\\\/www.esplac.cat\\\/#website\",\"url\":\"https:\\\/\\\/www.esplac.cat\\\/\",\"name\":\"Esplac\",\"description\":\"Esplais Catalans\",\"publisher\":{\"@id\":\"https:\\\/\\\/www.esplac.cat\\\/#organization\"},\"potentialAction\":[{\"@type\":\"SearchAction\",\"target\":{\"@type\":\"EntryPoint\",\"urlTemplate\":\"https:\\\/\\\/www.esplac.cat\\\/?s={search_term_string}\"},\"query-input\":{\"@type\":\"PropertyValueSpecification\",\"valueRequired\":true,\"valueName\":\"search_term_string\"}}],\"inLanguage\":\"en-US\"},{\"@type\":\"Organization\",\"@id\":\"https:\\\/\\\/www.esplac.cat\\\/#organization\",\"name\":\"Esplac\",\"url\":\"https:\\\/\\\/www.esplac.cat\\\/\",\"logo\":{\"@type\":\"ImageObject\",\"inLanguage\":\"en-US\",\"@id\":\"https:\\\/\\\/www.esplac.cat\\\/#\\\/schema\\\/logo\\\/image\\\/\",\"url\":\"https:\\\/\\\/www.esplac.cat\\\/wp-content\\\/uploads\\\/2019\\\/08\\\/logox2.png\",\"contentUrl\":\"https:\\\/\\\/www.esplac.cat\\\/wp-content\\\/uploads\\\/2019\\\/08\\\/logox2.png\",\"width\":600,\"height\":295,\"caption\":\"Esplac\"},\"image\":{\"@id\":\"https:\\\/\\\/www.esplac.cat\\\/#\\\/schema\\\/logo\\\/image\\\/\"}},{\"@type\":\"Person\",\"@id\":\"https:\\\/\\\/www.esplac.cat\\\/#\\\/schema\\\/person\\\/908383cf240be18b68f8855d0583faca\",\"name\":\"Comunicaci\u00f3 Esplac\",\"image\":{\"@type\":\"ImageObject\",\"inLanguage\":\"en-US\",\"@id\":\"https:\\\/\\\/secure.gravatar.com\\\/avatar\\\/7a4cf8feb412a76ea4a740ca02d95b06b2907b5a6c648c2dd0a1082a093c3141?s=96&d=mm&r=g\",\"url\":\"https:\\\/\\\/secure.gravatar.com\\\/avatar\\\/7a4cf8feb412a76ea4a740ca02d95b06b2907b5a6c648c2dd0a1082a093c3141?s=96&d=mm&r=g\",\"contentUrl\":\"https:\\\/\\\/secure.gravatar.com\\\/avatar\\\/7a4cf8feb412a76ea4a740ca02d95b06b2907b5a6c648c2dd0a1082a093c3141?s=96&d=mm&r=g\",\"caption\":\"Comunicaci\u00f3 Esplac\"}}]}<\/script>\n<!-- \/ Yoast SEO plugin. -->","yoast_head_json":{"title":"Benvinguda Manuela! - Esplac","robots":{"index":"index","follow":"follow","max-snippet":"max-snippet:-1","max-image-preview":"max-image-preview:large","max-video-preview":"max-video-preview:-1"},"canonical":"https:\/\/www.esplac.cat\/es\/benvinguda-manuela\/","og_locale":"en_US","og_type":"article","og_title":"Benvinguda Manuela! - Esplac","og_description":"La Manuela Sorrentino ha arribat fa unes setmanes per treballar [&hellip;]","og_url":"https:\/\/www.esplac.cat\/es\/benvinguda-manuela\/","og_site_name":"Esplac","article_published_time":"2013-05-03T09:56:55+00:00","article_modified_time":"2019-11-14T11:38:41+00:00","og_image":[{"width":1200,"height":630,"url":"https:\/\/www.esplac.cat\/wp-content\/uploads\/2019\/11\/logo-open.jpg","type":"image\/jpeg"}],"author":"Comunicaci\u00f3 Esplac","twitter_card":"summary_large_image","twitter_misc":{"Written by":"Comunicaci\u00f3 Esplac","Est. reading time":"2 minutes"},"schema":{"@context":"https:\/\/schema.org","@graph":[{"@type":"Article","@id":"https:\/\/www.esplac.cat\/es\/benvinguda-manuela\/#article","isPartOf":{"@id":"https:\/\/www.esplac.cat\/es\/benvinguda-manuela\/"},"author":{"name":"Comunicaci\u00f3 Esplac","@id":"https:\/\/www.esplac.cat\/#\/schema\/person\/908383cf240be18b68f8855d0583faca"},"headline":"Benvinguda Manuela!","datePublished":"2013-05-03T09:56:55+00:00","dateModified":"2019-11-14T11:38:41+00:00","mainEntityOfPage":{"@id":"https:\/\/www.esplac.cat\/es\/benvinguda-manuela\/"},"wordCount":411,"commentCount":0,"publisher":{"@id":"https:\/\/www.esplac.cat\/#organization"},"keywords":["campaments","internacionalisme","joventut en acci\u00f3","together for diversity"],"articleSection":["Esplac al m\u00f3n","Inf\u00e0ncia i Esplaiada","Secretaria T\u00e8cnica"],"inLanguage":"en-US","potentialAction":[{"@type":"CommentAction","name":"Comment","target":["https:\/\/www.esplac.cat\/es\/benvinguda-manuela\/#respond"]}]},{"@type":"WebPage","@id":"https:\/\/www.esplac.cat\/es\/benvinguda-manuela\/","url":"https:\/\/www.esplac.cat\/es\/benvinguda-manuela\/","name":"Benvinguda Manuela! - Esplac","isPartOf":{"@id":"https:\/\/www.esplac.cat\/#website"},"datePublished":"2013-05-03T09:56:55+00:00","dateModified":"2019-11-14T11:38:41+00:00","breadcrumb":{"@id":"https:\/\/www.esplac.cat\/es\/benvinguda-manuela\/#breadcrumb"},"inLanguage":"en-US","potentialAction":[{"@type":"ReadAction","target":["https:\/\/www.esplac.cat\/es\/benvinguda-manuela\/"]}]},{"@type":"BreadcrumbList","@id":"https:\/\/www.esplac.cat\/es\/benvinguda-manuela\/#breadcrumb","itemListElement":[{"@type":"ListItem","position":1,"name":"Inici","item":"https:\/\/www.esplac.cat\/en\/"},{"@type":"ListItem","position":2,"name":"Benvinguda Manuela!"}]},{"@type":"WebSite","@id":"https:\/\/www.esplac.cat\/#website","url":"https:\/\/www.esplac.cat\/","name":"Esplac","description":"Esplais Catalans","publisher":{"@id":"https:\/\/www.esplac.cat\/#organization"},"potentialAction":[{"@type":"SearchAction","target":{"@type":"EntryPoint","urlTemplate":"https:\/\/www.esplac.cat\/?s={search_term_string}"},"query-input":{"@type":"PropertyValueSpecification","valueRequired":true,"valueName":"search_term_string"}}],"inLanguage":"en-US"},{"@type":"Organization","@id":"https:\/\/www.esplac.cat\/#organization","name":"Esplac","url":"https:\/\/www.esplac.cat\/","logo":{"@type":"ImageObject","inLanguage":"en-US","@id":"https:\/\/www.esplac.cat\/#\/schema\/logo\/image\/","url":"https:\/\/www.esplac.cat\/wp-content\/uploads\/2019\/08\/logox2.png","contentUrl":"https:\/\/www.esplac.cat\/wp-content\/uploads\/2019\/08\/logox2.png","width":600,"height":295,"caption":"Esplac"},"image":{"@id":"https:\/\/www.esplac.cat\/#\/schema\/logo\/image\/"}},{"@type":"Person","@id":"https:\/\/www.esplac.cat\/#\/schema\/person\/908383cf240be18b68f8855d0583faca","name":"Comunicaci\u00f3 Esplac","image":{"@type":"ImageObject","inLanguage":"en-US","@id":"https:\/\/secure.gravatar.com\/avatar\/7a4cf8feb412a76ea4a740ca02d95b06b2907b5a6c648c2dd0a1082a093c3141?s=96&d=mm&r=g","url":"https:\/\/secure.gravatar.com\/avatar\/7a4cf8feb412a76ea4a740ca02d95b06b2907b5a6c648c2dd0a1082a093c3141?s=96&d=mm&r=g","contentUrl":"https:\/\/secure.gravatar.com\/avatar\/7a4cf8feb412a76ea4a740ca02d95b06b2907b5a6c648c2dd0a1082a093c3141?s=96&d=mm&r=g","caption":"Comunicaci\u00f3 Esplac"}}]}},"_links":{"self":[{"href":"https:\/\/www.esplac.cat\/en\/wp-json\/wp\/v2\/posts\/25932","targetHints":{"allow":["GET"]}}],"collection":[{"href":"https:\/\/www.esplac.cat\/en\/wp-json\/wp\/v2\/posts"}],"about":[{"href":"https:\/\/www.esplac.cat\/en\/wp-json\/wp\/v2\/types\/post"}],"author":[{"embeddable":true,"href":"https:\/\/www.esplac.cat\/en\/wp-json\/wp\/v2\/users\/3"}],"replies":[{"embeddable":true,"href":"https:\/\/www.esplac.cat\/en\/wp-json\/wp\/v2\/comments?post=25932"}],"version-history":[{"count":0,"href":"https:\/\/www.esplac.cat\/en\/wp-json\/wp\/v2\/posts\/25932\/revisions"}],"wp:attachment":[{"href":"https:\/\/www.esplac.cat\/en\/wp-json\/wp\/v2\/media?parent=25932"}],"wp:term":[{"taxonomy":"category","embeddable":true,"href":"https:\/\/www.esplac.cat\/en\/wp-json\/wp\/v2\/categories?post=25932"},{"taxonomy":"post_tag","embeddable":true,"href":"https:\/\/www.esplac.cat\/en\/wp-json\/wp\/v2\/tags?post=25932"}],"curies":[{"name":"wp","href":"https:\/\/api.w.org\/{rel}","templated":true}]}}