{"id":25939,"date":"2013-04-26T12:21:16","date_gmt":"2013-04-26T10:21:16","guid":{"rendered":"http:\/\/esplac.cat\/?p=3317"},"modified":"2013-04-26T12:21:16","modified_gmt":"2013-04-26T10:21:16","slug":"els-esplais-fem-xarxa-amb-8-trobades-que-aplegaran-a-2000-participants","status":"publish","type":"post","link":"https:\/\/www.esplac.cat\/en\/els-esplais-fem-xarxa-amb-8-trobades-que-aplegaran-a-2000-participants\/","title":{"rendered":"Els esplais fem xarxa amb 8 trobades que aplegaran a 2000 participants"},"content":{"rendered":"<p><!--:CA--><\/p>\n<div>\n<h3 align=\"CENTER\">El cap de setmana \u00e9s dels Esplais Catalans:\u00a0els esplais fem xarxa amb 8 trobades que aplegaran a gaireb\u00e9 2000 infants, joves, monitores i monitors.<\/h3>\n<p style=\"text-align: left;\" align=\"CENTER\"><strong>Els propers 27 i 28 d&#8217;abril, 45 esplais d&#8217;arreu de Catalunya realitzaran trobades en qu\u00e8 hi participaran\u00a01400\u00a0infants i joves i vora de\u00a0400\u00a0monitors i monitores.<\/strong><\/p>\n<p style=\"text-align: left;\" align=\"JUSTIFY\">En total es realitzaran <strong>8 trobades<\/strong> en qu\u00e8 els esplais de diversos sectors geogr\u00e0fics de Catalunya (<strong>Baix Llobregat, Barcelona, Osona-Ripoll\u00e8s, Bages-Bergued\u00e0, Vall\u00e8s, Camp de Tarragona, Maresme i Girona<\/strong>) duran a terme activitats educatives, es coneixeran i compartiran les seves experi\u00e8ncies durant tot el cap de setmana.<\/p>\n<p align=\"JUSTIFY\">Cada trobada ha estat organitzada conjuntament en\u00a0comissions de monitors i monitores dels esplais de diferents poblacions\u00a0de cada sector geogr\u00e0fic. D&#8217;aquesta manera, cada trobada ser\u00e0 especial i diferent, ja sigui per les seves activitats, com pel seu format o per la seva mida:\u00a0<strong>n&#8217;hi haur\u00e0 de petites i n&#8217;hi haur\u00e0 de multitudin\u00e0ries com la del Sector Maresme o el Sector Barcelona\u00a0en qu\u00e8 ja hi ha inscrits 545 infants i 149 monitores de 12 esplais diferents<\/strong>. Tamb\u00e9 \u00e9s un fet destacable que pels sectors\u00a0<strong>Osona-Ripoll\u00e8s\u00a0i\u00a0Camp de Tarragona<\/strong>, recentment constitu\u00efts, seran les seves primeres trobades amb infants. Un pas important cara la cohesi\u00f3 i l&#8217;enfortiment dels esplais d&#8217;aquests territoris.<\/p>\n<p align=\"JUSTIFY\">Les trobades es realitzaran en terrenys d&#8217;acampada, cases de col\u00f2nies o a l&#8217;esplai p\u00fablic de poblacions d&#8217;arreu del territori catal\u00e0 i <strong>permetran\u00a0crear sinergies i fer xarxa entre els esplais,\u00a0un dels objectius principals de la nostra associaci\u00f3<\/strong>.\u00a0Des de sempre, Esplais Catalans ens hem caracteritzat per ser un gran punt de trobada i d\u2019intercanvi entre els esplais. \u00c9s per aix\u00f2 que, des dels nostres inicis, hem buscat\u00a0espais que ens permetessin con\u00e8ixer-nos, compartir i enfortir-nos a trav\u00e9s de viure i intercanviar experi\u00e8ncies. \u00c9s per aix\u00f2 tamb\u00e9, que\u00a0<strong>la pres\u00e8ncia al territori i la proximitat\u00a0a l&#8217;hora de donar suport als esplais, ha estat un dels pilars b\u00e0sics de la nostra entitat<\/strong>.<\/p>\n<p align=\"JUSTIFY\">Esplais Catalans \u00e9s una associaci\u00f3 d&#8217;esplais laica i progressista que treballa des del voluntariat per a la transformaci\u00f3 social, mitjan\u00e7ant l&#8217;educaci\u00f3 en drets dels infants. L&#8217;enfortiment dels esplais \u00e9s la nostra ra\u00f3 de ser. Actualment formen Esplais Catalans 106 esplais situats en 72 poblacions catalanes, agrupant a\u00a06100 infants i m\u00e9s de 1400 monitors i monitores.<\/p>\n<\/div>\n<p align=\"JUSTIFY\">Per a m\u00e9s informaci\u00f3 contacteu amb:<\/p>\n<div>Eva Sanahuja:<br \/>\n<a href=\"mailto:comunicacio@esplac.cat\" target=\"_blank\" rel=\"noopener noreferrer\">comunicacio@esplac.cat<br \/>\n<\/a>93 302 61 03<\/div>\n<p>Jordi Crisol:<br \/>\n<a href=\"mailto:jcrisol@esplac.cat\" target=\"_blank\" rel=\"noopener noreferrer\">jcrisol@esplac.cat<br \/>\n<\/a>670875648<!--:--><!--:es-->&nbsp;<\/p>\n<p><!--:--><!--:en-->&nbsp;<\/p>\n<p><!--:--><!--:fr-->&nbsp;<\/p>\n<p><!--:--><\/p>\n","protected":false},"excerpt":{"rendered":"<p>El cap de setmana \u00e9s dels Esplais Catalans:\u00a0els esplais fem [&hellip;]<\/p>\n","protected":false},"author":3,"featured_media":25628,"comment_status":"open","ping_status":"open","sticky":false,"template":"","format":"standard","meta":{"om_disable_all_campaigns":false,"_monsterinsights_skip_tracking":false,"_monsterinsights_sitenote_active":false,"_monsterinsights_sitenote_note":"","_monsterinsights_sitenote_category":0,"_uf_show_specific_survey":0,"_uf_disable_surveys":false,"footnotes":""},"categories":[1127],"tags":[118,114,119,120,121,21,116,122,108],"class_list":["post-25939","post","type-post","status-publish","format-standard","has-post-thumbnail","hentry","category-comunicats-posicionaments","tag-sector-bages-bergueda","tag-sector-baix-llobregat","tag-sector-barcelona","tag-sector-camp-de-tarragona","tag-sector-girona","tag-sector-maresme","tag-sector-osona-ripolles","tag-sector-valles","tag-trobada-general"],"yoast_head":"<!-- This site is optimized with the Yoast SEO plugin v27.4 - https:\/\/yoast.com\/product\/yoast-seo-wordpress\/ -->\n<title>Els esplais fem xarxa amb 8 trobades que aplegaran a 2000 participants - Esplac<\/title>\n<meta name=\"robots\" content=\"index, follow, max-snippet:-1, max-image-preview:large, max-video-preview:-1\" \/>\n<link rel=\"canonical\" href=\"https:\/\/www.esplac.cat\/els-esplais-fem-xarxa-amb-8-trobades-que-aplegaran-a-2000-participants\/\" \/>\n<meta property=\"og:locale\" content=\"en_US\" \/>\n<meta property=\"og:type\" content=\"article\" \/>\n<meta property=\"og:title\" content=\"Els esplais fem xarxa amb 8 trobades que aplegaran a 2000 participants - Esplac\" \/>\n<meta property=\"og:description\" content=\"El cap de setmana \u00e9s dels Esplais Catalans:\u00a0els esplais fem [&hellip;]\" \/>\n<meta property=\"og:url\" content=\"https:\/\/www.esplac.cat\/els-esplais-fem-xarxa-amb-8-trobades-que-aplegaran-a-2000-participants\/\" \/>\n<meta property=\"og:site_name\" content=\"Esplac\" \/>\n<meta property=\"article:published_time\" content=\"2013-04-26T10:21:16+00:00\" \/>\n<meta property=\"og:image\" content=\"https:\/\/www.esplac.cat\/wp-content\/uploads\/2013\/02\/DSC08098.jpg\" \/>\n\t<meta property=\"og:image:width\" content=\"3872\" \/>\n\t<meta property=\"og:image:height\" content=\"2176\" \/>\n\t<meta property=\"og:image:type\" content=\"image\/jpeg\" \/>\n<meta name=\"author\" content=\"Comunicaci\u00f3 Esplac\" \/>\n<meta name=\"twitter:card\" content=\"summary_large_image\" \/>\n<meta name=\"twitter:label1\" content=\"Written by\" \/>\n\t<meta name=\"twitter:data1\" content=\"Comunicaci\u00f3 Esplac\" \/>\n\t<meta name=\"twitter:label2\" content=\"Est. reading time\" \/>\n\t<meta name=\"twitter:data2\" content=\"2 minutes\" \/>\n<script type=\"application\/ld+json\" class=\"yoast-schema-graph\">{\"@context\":\"https:\\\/\\\/schema.org\",\"@graph\":[{\"@type\":\"Article\",\"@id\":\"https:\\\/\\\/www.esplac.cat\\\/els-esplais-fem-xarxa-amb-8-trobades-que-aplegaran-a-2000-participants\\\/#article\",\"isPartOf\":{\"@id\":\"https:\\\/\\\/www.esplac.cat\\\/els-esplais-fem-xarxa-amb-8-trobades-que-aplegaran-a-2000-participants\\\/\"},\"author\":{\"name\":\"Comunicaci\u00f3 Esplac\",\"@id\":\"https:\\\/\\\/www.esplac.cat\\\/#\\\/schema\\\/person\\\/908383cf240be18b68f8855d0583faca\"},\"headline\":\"Els esplais fem xarxa amb 8 trobades que aplegaran a 2000 participants\",\"datePublished\":\"2013-04-26T10:21:16+00:00\",\"mainEntityOfPage\":{\"@id\":\"https:\\\/\\\/www.esplac.cat\\\/els-esplais-fem-xarxa-amb-8-trobades-que-aplegaran-a-2000-participants\\\/\"},\"wordCount\":425,\"commentCount\":0,\"publisher\":{\"@id\":\"https:\\\/\\\/www.esplac.cat\\\/#organization\"},\"image\":{\"@id\":\"https:\\\/\\\/www.esplac.cat\\\/els-esplais-fem-xarxa-amb-8-trobades-que-aplegaran-a-2000-participants\\\/#primaryimage\"},\"thumbnailUrl\":\"https:\\\/\\\/www.esplac.cat\\\/wp-content\\\/uploads\\\/2013\\\/02\\\/DSC08098.jpg\",\"keywords\":[\"Sector Bages-Bergued\u00e0\",\"sector Baix Llobregat\",\"sector Barcelona\",\"sector Camp de Tarragona\",\"sector Girona\",\"sector Maresme\",\"sector Osona-Ripoll\u00e8s\",\"sector Vall\u00e8s\",\"trobada general\"],\"articleSection\":[\"Comunicats i posicionaments\"],\"inLanguage\":\"en-US\",\"potentialAction\":[{\"@type\":\"CommentAction\",\"name\":\"Comment\",\"target\":[\"https:\\\/\\\/www.esplac.cat\\\/els-esplais-fem-xarxa-amb-8-trobades-que-aplegaran-a-2000-participants\\\/#respond\"]}]},{\"@type\":\"WebPage\",\"@id\":\"https:\\\/\\\/www.esplac.cat\\\/els-esplais-fem-xarxa-amb-8-trobades-que-aplegaran-a-2000-participants\\\/\",\"url\":\"https:\\\/\\\/www.esplac.cat\\\/els-esplais-fem-xarxa-amb-8-trobades-que-aplegaran-a-2000-participants\\\/\",\"name\":\"Els esplais fem xarxa amb 8 trobades que aplegaran a 2000 participants - Esplac\",\"isPartOf\":{\"@id\":\"https:\\\/\\\/www.esplac.cat\\\/#website\"},\"primaryImageOfPage\":{\"@id\":\"https:\\\/\\\/www.esplac.cat\\\/els-esplais-fem-xarxa-amb-8-trobades-que-aplegaran-a-2000-participants\\\/#primaryimage\"},\"image\":{\"@id\":\"https:\\\/\\\/www.esplac.cat\\\/els-esplais-fem-xarxa-amb-8-trobades-que-aplegaran-a-2000-participants\\\/#primaryimage\"},\"thumbnailUrl\":\"https:\\\/\\\/www.esplac.cat\\\/wp-content\\\/uploads\\\/2013\\\/02\\\/DSC08098.jpg\",\"datePublished\":\"2013-04-26T10:21:16+00:00\",\"breadcrumb\":{\"@id\":\"https:\\\/\\\/www.esplac.cat\\\/els-esplais-fem-xarxa-amb-8-trobades-que-aplegaran-a-2000-participants\\\/#breadcrumb\"},\"inLanguage\":\"en-US\",\"potentialAction\":[{\"@type\":\"ReadAction\",\"target\":[\"https:\\\/\\\/www.esplac.cat\\\/els-esplais-fem-xarxa-amb-8-trobades-que-aplegaran-a-2000-participants\\\/\"]}]},{\"@type\":\"ImageObject\",\"inLanguage\":\"en-US\",\"@id\":\"https:\\\/\\\/www.esplac.cat\\\/els-esplais-fem-xarxa-amb-8-trobades-que-aplegaran-a-2000-participants\\\/#primaryimage\",\"url\":\"https:\\\/\\\/www.esplac.cat\\\/wp-content\\\/uploads\\\/2013\\\/02\\\/DSC08098.jpg\",\"contentUrl\":\"https:\\\/\\\/www.esplac.cat\\\/wp-content\\\/uploads\\\/2013\\\/02\\\/DSC08098.jpg\",\"width\":3872,\"height\":2176},{\"@type\":\"BreadcrumbList\",\"@id\":\"https:\\\/\\\/www.esplac.cat\\\/els-esplais-fem-xarxa-amb-8-trobades-que-aplegaran-a-2000-participants\\\/#breadcrumb\",\"itemListElement\":[{\"@type\":\"ListItem\",\"position\":1,\"name\":\"Inici\",\"item\":\"https:\\\/\\\/www.esplac.cat\\\/en\\\/\"},{\"@type\":\"ListItem\",\"position\":2,\"name\":\"Els esplais fem xarxa amb 8 trobades que aplegaran a 2000 participants\"}]},{\"@type\":\"WebSite\",\"@id\":\"https:\\\/\\\/www.esplac.cat\\\/#website\",\"url\":\"https:\\\/\\\/www.esplac.cat\\\/\",\"name\":\"Esplac\",\"description\":\"Esplais Catalans\",\"publisher\":{\"@id\":\"https:\\\/\\\/www.esplac.cat\\\/#organization\"},\"potentialAction\":[{\"@type\":\"SearchAction\",\"target\":{\"@type\":\"EntryPoint\",\"urlTemplate\":\"https:\\\/\\\/www.esplac.cat\\\/?s={search_term_string}\"},\"query-input\":{\"@type\":\"PropertyValueSpecification\",\"valueRequired\":true,\"valueName\":\"search_term_string\"}}],\"inLanguage\":\"en-US\"},{\"@type\":\"Organization\",\"@id\":\"https:\\\/\\\/www.esplac.cat\\\/#organization\",\"name\":\"Esplac\",\"url\":\"https:\\\/\\\/www.esplac.cat\\\/\",\"logo\":{\"@type\":\"ImageObject\",\"inLanguage\":\"en-US\",\"@id\":\"https:\\\/\\\/www.esplac.cat\\\/#\\\/schema\\\/logo\\\/image\\\/\",\"url\":\"https:\\\/\\\/www.esplac.cat\\\/wp-content\\\/uploads\\\/2019\\\/08\\\/logox2.png\",\"contentUrl\":\"https:\\\/\\\/www.esplac.cat\\\/wp-content\\\/uploads\\\/2019\\\/08\\\/logox2.png\",\"width\":600,\"height\":295,\"caption\":\"Esplac\"},\"image\":{\"@id\":\"https:\\\/\\\/www.esplac.cat\\\/#\\\/schema\\\/logo\\\/image\\\/\"}},{\"@type\":\"Person\",\"@id\":\"https:\\\/\\\/www.esplac.cat\\\/#\\\/schema\\\/person\\\/908383cf240be18b68f8855d0583faca\",\"name\":\"Comunicaci\u00f3 Esplac\",\"image\":{\"@type\":\"ImageObject\",\"inLanguage\":\"en-US\",\"@id\":\"https:\\\/\\\/secure.gravatar.com\\\/avatar\\\/7a4cf8feb412a76ea4a740ca02d95b06b2907b5a6c648c2dd0a1082a093c3141?s=96&d=mm&r=g\",\"url\":\"https:\\\/\\\/secure.gravatar.com\\\/avatar\\\/7a4cf8feb412a76ea4a740ca02d95b06b2907b5a6c648c2dd0a1082a093c3141?s=96&d=mm&r=g\",\"contentUrl\":\"https:\\\/\\\/secure.gravatar.com\\\/avatar\\\/7a4cf8feb412a76ea4a740ca02d95b06b2907b5a6c648c2dd0a1082a093c3141?s=96&d=mm&r=g\",\"caption\":\"Comunicaci\u00f3 Esplac\"}}]}<\/script>\n<!-- \/ Yoast SEO plugin. -->","yoast_head_json":{"title":"Els esplais fem xarxa amb 8 trobades que aplegaran a 2000 participants - Esplac","robots":{"index":"index","follow":"follow","max-snippet":"max-snippet:-1","max-image-preview":"max-image-preview:large","max-video-preview":"max-video-preview:-1"},"canonical":"https:\/\/www.esplac.cat\/els-esplais-fem-xarxa-amb-8-trobades-que-aplegaran-a-2000-participants\/","og_locale":"en_US","og_type":"article","og_title":"Els esplais fem xarxa amb 8 trobades que aplegaran a 2000 participants - Esplac","og_description":"El cap de setmana \u00e9s dels Esplais Catalans:\u00a0els esplais fem [&hellip;]","og_url":"https:\/\/www.esplac.cat\/els-esplais-fem-xarxa-amb-8-trobades-que-aplegaran-a-2000-participants\/","og_site_name":"Esplac","article_published_time":"2013-04-26T10:21:16+00:00","og_image":[{"width":3872,"height":2176,"url":"https:\/\/www.esplac.cat\/wp-content\/uploads\/2013\/02\/DSC08098.jpg","type":"image\/jpeg"}],"author":"Comunicaci\u00f3 Esplac","twitter_card":"summary_large_image","twitter_misc":{"Written by":"Comunicaci\u00f3 Esplac","Est. reading time":"2 minutes"},"schema":{"@context":"https:\/\/schema.org","@graph":[{"@type":"Article","@id":"https:\/\/www.esplac.cat\/els-esplais-fem-xarxa-amb-8-trobades-que-aplegaran-a-2000-participants\/#article","isPartOf":{"@id":"https:\/\/www.esplac.cat\/els-esplais-fem-xarxa-amb-8-trobades-que-aplegaran-a-2000-participants\/"},"author":{"name":"Comunicaci\u00f3 Esplac","@id":"https:\/\/www.esplac.cat\/#\/schema\/person\/908383cf240be18b68f8855d0583faca"},"headline":"Els esplais fem xarxa amb 8 trobades que aplegaran a 2000 participants","datePublished":"2013-04-26T10:21:16+00:00","mainEntityOfPage":{"@id":"https:\/\/www.esplac.cat\/els-esplais-fem-xarxa-amb-8-trobades-que-aplegaran-a-2000-participants\/"},"wordCount":425,"commentCount":0,"publisher":{"@id":"https:\/\/www.esplac.cat\/#organization"},"image":{"@id":"https:\/\/www.esplac.cat\/els-esplais-fem-xarxa-amb-8-trobades-que-aplegaran-a-2000-participants\/#primaryimage"},"thumbnailUrl":"https:\/\/www.esplac.cat\/wp-content\/uploads\/2013\/02\/DSC08098.jpg","keywords":["Sector Bages-Bergued\u00e0","sector Baix Llobregat","sector Barcelona","sector Camp de Tarragona","sector Girona","sector Maresme","sector Osona-Ripoll\u00e8s","sector Vall\u00e8s","trobada general"],"articleSection":["Comunicats i posicionaments"],"inLanguage":"en-US","potentialAction":[{"@type":"CommentAction","name":"Comment","target":["https:\/\/www.esplac.cat\/els-esplais-fem-xarxa-amb-8-trobades-que-aplegaran-a-2000-participants\/#respond"]}]},{"@type":"WebPage","@id":"https:\/\/www.esplac.cat\/els-esplais-fem-xarxa-amb-8-trobades-que-aplegaran-a-2000-participants\/","url":"https:\/\/www.esplac.cat\/els-esplais-fem-xarxa-amb-8-trobades-que-aplegaran-a-2000-participants\/","name":"Els esplais fem xarxa amb 8 trobades que aplegaran a 2000 participants - Esplac","isPartOf":{"@id":"https:\/\/www.esplac.cat\/#website"},"primaryImageOfPage":{"@id":"https:\/\/www.esplac.cat\/els-esplais-fem-xarxa-amb-8-trobades-que-aplegaran-a-2000-participants\/#primaryimage"},"image":{"@id":"https:\/\/www.esplac.cat\/els-esplais-fem-xarxa-amb-8-trobades-que-aplegaran-a-2000-participants\/#primaryimage"},"thumbnailUrl":"https:\/\/www.esplac.cat\/wp-content\/uploads\/2013\/02\/DSC08098.jpg","datePublished":"2013-04-26T10:21:16+00:00","breadcrumb":{"@id":"https:\/\/www.esplac.cat\/els-esplais-fem-xarxa-amb-8-trobades-que-aplegaran-a-2000-participants\/#breadcrumb"},"inLanguage":"en-US","potentialAction":[{"@type":"ReadAction","target":["https:\/\/www.esplac.cat\/els-esplais-fem-xarxa-amb-8-trobades-que-aplegaran-a-2000-participants\/"]}]},{"@type":"ImageObject","inLanguage":"en-US","@id":"https:\/\/www.esplac.cat\/els-esplais-fem-xarxa-amb-8-trobades-que-aplegaran-a-2000-participants\/#primaryimage","url":"https:\/\/www.esplac.cat\/wp-content\/uploads\/2013\/02\/DSC08098.jpg","contentUrl":"https:\/\/www.esplac.cat\/wp-content\/uploads\/2013\/02\/DSC08098.jpg","width":3872,"height":2176},{"@type":"BreadcrumbList","@id":"https:\/\/www.esplac.cat\/els-esplais-fem-xarxa-amb-8-trobades-que-aplegaran-a-2000-participants\/#breadcrumb","itemListElement":[{"@type":"ListItem","position":1,"name":"Inici","item":"https:\/\/www.esplac.cat\/en\/"},{"@type":"ListItem","position":2,"name":"Els esplais fem xarxa amb 8 trobades que aplegaran a 2000 participants"}]},{"@type":"WebSite","@id":"https:\/\/www.esplac.cat\/#website","url":"https:\/\/www.esplac.cat\/","name":"Esplac","description":"Esplais Catalans","publisher":{"@id":"https:\/\/www.esplac.cat\/#organization"},"potentialAction":[{"@type":"SearchAction","target":{"@type":"EntryPoint","urlTemplate":"https:\/\/www.esplac.cat\/?s={search_term_string}"},"query-input":{"@type":"PropertyValueSpecification","valueRequired":true,"valueName":"search_term_string"}}],"inLanguage":"en-US"},{"@type":"Organization","@id":"https:\/\/www.esplac.cat\/#organization","name":"Esplac","url":"https:\/\/www.esplac.cat\/","logo":{"@type":"ImageObject","inLanguage":"en-US","@id":"https:\/\/www.esplac.cat\/#\/schema\/logo\/image\/","url":"https:\/\/www.esplac.cat\/wp-content\/uploads\/2019\/08\/logox2.png","contentUrl":"https:\/\/www.esplac.cat\/wp-content\/uploads\/2019\/08\/logox2.png","width":600,"height":295,"caption":"Esplac"},"image":{"@id":"https:\/\/www.esplac.cat\/#\/schema\/logo\/image\/"}},{"@type":"Person","@id":"https:\/\/www.esplac.cat\/#\/schema\/person\/908383cf240be18b68f8855d0583faca","name":"Comunicaci\u00f3 Esplac","image":{"@type":"ImageObject","inLanguage":"en-US","@id":"https:\/\/secure.gravatar.com\/avatar\/7a4cf8feb412a76ea4a740ca02d95b06b2907b5a6c648c2dd0a1082a093c3141?s=96&d=mm&r=g","url":"https:\/\/secure.gravatar.com\/avatar\/7a4cf8feb412a76ea4a740ca02d95b06b2907b5a6c648c2dd0a1082a093c3141?s=96&d=mm&r=g","contentUrl":"https:\/\/secure.gravatar.com\/avatar\/7a4cf8feb412a76ea4a740ca02d95b06b2907b5a6c648c2dd0a1082a093c3141?s=96&d=mm&r=g","caption":"Comunicaci\u00f3 Esplac"}}]}},"_links":{"self":[{"href":"https:\/\/www.esplac.cat\/en\/wp-json\/wp\/v2\/posts\/25939","targetHints":{"allow":["GET"]}}],"collection":[{"href":"https:\/\/www.esplac.cat\/en\/wp-json\/wp\/v2\/posts"}],"about":[{"href":"https:\/\/www.esplac.cat\/en\/wp-json\/wp\/v2\/types\/post"}],"author":[{"embeddable":true,"href":"https:\/\/www.esplac.cat\/en\/wp-json\/wp\/v2\/users\/3"}],"replies":[{"embeddable":true,"href":"https:\/\/www.esplac.cat\/en\/wp-json\/wp\/v2\/comments?post=25939"}],"version-history":[{"count":0,"href":"https:\/\/www.esplac.cat\/en\/wp-json\/wp\/v2\/posts\/25939\/revisions"}],"wp:featuredmedia":[{"embeddable":true,"href":"https:\/\/www.esplac.cat\/en\/wp-json\/wp\/v2\/media\/25628"}],"wp:attachment":[{"href":"https:\/\/www.esplac.cat\/en\/wp-json\/wp\/v2\/media?parent=25939"}],"wp:term":[{"taxonomy":"category","embeddable":true,"href":"https:\/\/www.esplac.cat\/en\/wp-json\/wp\/v2\/categories?post=25939"},{"taxonomy":"post_tag","embeddable":true,"href":"https:\/\/www.esplac.cat\/en\/wp-json\/wp\/v2\/tags?post=25939"}],"curies":[{"name":"wp","href":"https:\/\/api.w.org\/{rel}","templated":true}]}}