{"id":25942,"date":"2013-04-17T17:16:07","date_gmt":"2013-04-17T15:16:07","guid":{"rendered":"http:\/\/esplac.cat\/?p=3236"},"modified":"2013-04-17T17:16:07","modified_gmt":"2013-04-17T15:16:07","slug":"guia-per-a-la-preparacio-dactivitats-destiu","status":"publish","type":"post","link":"https:\/\/www.esplac.cat\/en\/guia-per-a-la-preparacio-dactivitats-destiu\/","title":{"rendered":"Guia per a la preparaci\u00f3 d&#8217;activitats d&#8217;estiu"},"content":{"rendered":"<p><!--:CA--> Podeu veure la guia actualitzada el 2014 a la secci\u00f3 de <a title=\"guia campaments col\u00f2nies rutes\" href=\"http:\/\/esplac.cat\/guia-preparar-campaments-colonies-rutes\/\" target=\"_blank\" rel=\"noopener noreferrer\">Publicacions<\/a><\/p>\n<p>Ja esteu organitzant les col\u00f2nies, rutes i campaments d&#8217;estiu?<\/p>\n<p>Aprofitant que ja estem en plena preparaci\u00f3 de les activitats de vacances us volem presentar un recurs m\u00e9s que us pot ser de molta utilitat: la <strong>Guia per a la preparaci\u00f3 d&#8217;activitats d&#8217;estiu<\/strong>!<\/p>\n<p>En aquest document us presentem els aspectes que cal que tingueu en compte a l&#8217;hora d&#8217;organitzar les vostres activitats d&#8217;estiu: consisteix en un quadre que va explicant tots els passos a seguir abans, durant i despr\u00e9s de l&#8217;activitat. Tamb\u00e9 inclou una llista resum de les tasques perqu\u00e8 pugueu anotar els passos que ja heu anat fent al llarg del proc\u00e9s.<\/p>\n<p>La guia est\u00e0 dividida en tres columnes, una primera que us explica i ordena la temporalitzaci\u00f3, la segona columna explica i concreta les accions i decisions que cal que prengueu en aquell moment, i una tercera columna en la qual trobareu recomanacions concretes que us poden ajudar i donar moltes idees.<\/p>\n<p>A m\u00e9s a m\u00e9s aquest recurs no nom\u00e9s est\u00e0 enfocat per l&#8217;hora d&#8217;organitzar-vos, sin\u00f3 que a m\u00e9s a m\u00e9s tamb\u00e9 est\u00e0 molt enfocat a donar idees i explicacions per ajudar-vos amb les infraestructures si aneu d&#8217;acampada i a poder fer aquestes activitats m\u00e9s sostenibles.<\/p>\n<p><strong>Podeu descarregar la <em>Guia per a la preparaci\u00f3 d&#8217;activitats d&#8217;estiu<\/em><\/strong> a la\u00a0<strong>Biblioteca Virtual del <a title=\"banc de recursos\" href=\"http:\/\/assac.esplac.cat\" target=\"_blank\" rel=\"noopener noreferrer\">Banc de Recursos<\/a><\/strong>. Recordeu tamb\u00e9 que all\u00e0 hi trobareu materials en pr\u00e9stec i fitxes d&#8217;activitats pedag\u00f2giques que tamb\u00e9 us poden fer servei! Com sempre, no oblideu de seguir explicant-nos qu\u00e8 us semblen i de penjar-hi tamb\u00e9 els vostres propis recursos i fitxes d&#8217;activitats!<\/p>\n<div>\n<p><object style=\"width: 420px; height: 297px;\" width=\"320\" height=\"240\" classid=\"clsid:d27cdb6e-ae6d-11cf-96b8-444553540000\" codebase=\"http:\/\/download.macromedia.com\/pub\/shockwave\/cabs\/flash\/swflash.cab#version=6,0,40,0\"><param name=\"allowfullscreen\" value=\"true\" \/><param name=\"menu\" value=\"false\" \/><param name=\"allowscriptaccess\" value=\"always\" \/><param name=\"src\" value=\"http:\/\/static.issuu.com\/webembed\/viewers\/style1\/v1\/IssuuViewer.swf\" \/><param name=\"flashvars\" value=\"mode=embed&amp;layout=http%3A%2F%2Fskin.issuu.com%2Fv%2Flight%2Flayout.xml&amp;showFlipBtn=true&amp;documentId=130417145919-13cb0e7abcf94d2d97de3cc03780dfc1&amp;docName=guia-preparacio-activitats-estiu&amp;username=esplaiscatalans&amp;loadingInfoText=Guia%20per%20a%20la%20preparaci%C3%B3%20d'activitats%20d'estiu&amp;et=1366211921383&amp;er=48\" \/><embed style=\"width: 420px; height: 297px;\" width=\"320\" height=\"240\" type=\"application\/x-shockwave-flash\" src=\"http:\/\/static.issuu.com\/webembed\/viewers\/style1\/v1\/IssuuViewer.swf\" allowfullscreen=\"true\" menu=\"false\" allowscriptaccess=\"always\" flashvars=\"mode=embed&amp;layout=http%3A%2F%2Fskin.issuu.com%2Fv%2Flight%2Flayout.xml&amp;showFlipBtn=true&amp;documentId=130417145919-13cb0e7abcf94d2d97de3cc03780dfc1&amp;docName=guia-preparacio-activitats-estiu&amp;username=esplaiscatalans&amp;loadingInfoText=Guia%20per%20a%20la%20preparaci%C3%B3%20d'activitats%20d'estiu&amp;et=1366211921383&amp;er=48\" \/><\/object><\/p>\n<div style=\"width: 420px; text-align: left;\"><a href=\"http:\/\/issuu.com\/esplaiscatalans\/docs\/guia-preparacio-activitats-estiu?mode=embed&amp;layout=http%3A%2F%2Fskin.issuu.com%2Fv%2Flight%2Flayout.xml&amp;showFlipBtn=true\" target=\"_blank\" rel=\"noopener noreferrer\">Obre a Issuu<\/a><\/div>\n<\/div>\n<p><!--:--><!--:es-->&nbsp;<\/p>\n<p><!--:--><!--:en-->&nbsp;<\/p>\n<p><!--:--><!--:fr-->&nbsp;<\/p>\n<p><!--:--><\/p>\n","protected":false},"excerpt":{"rendered":"<p>Podeu veure la guia actualitzada el 2014 a la secci\u00f3 [&hellip;]<\/p>\n","protected":false},"author":3,"featured_media":25600,"comment_status":"open","ping_status":"open","sticky":false,"template":"","format":"standard","meta":{"om_disable_all_campaigns":false,"_monsterinsights_skip_tracking":false,"_monsterinsights_sitenote_active":false,"_monsterinsights_sitenote_note":"","_monsterinsights_sitenote_category":0,"_uf_show_specific_survey":0,"_uf_disable_surveys":false,"footnotes":""},"categories":[1114],"tags":[53,104,102,74,115],"class_list":["post-25942","post","type-post","status-publish","format-standard","has-post-thumbnail","hentry","category-recursos","tag-campaments","tag-colonies","tag-estiu","tag-intercanvis-internacionals","tag-rutes"],"yoast_head":"<!-- This site is optimized with the Yoast SEO plugin v27.4 - https:\/\/yoast.com\/product\/yoast-seo-wordpress\/ -->\n<title>Guia per a la preparaci\u00f3 d&#039;activitats d&#039;estiu - Esplac<\/title>\n<meta name=\"robots\" content=\"index, follow, max-snippet:-1, max-image-preview:large, max-video-preview:-1\" \/>\n<link rel=\"canonical\" href=\"https:\/\/www.esplac.cat\/guia-per-a-la-preparacio-dactivitats-destiu\/\" \/>\n<meta property=\"og:locale\" content=\"en_US\" \/>\n<meta property=\"og:type\" content=\"article\" \/>\n<meta property=\"og:title\" content=\"Guia per a la preparaci\u00f3 d&#039;activitats d&#039;estiu - Esplac\" \/>\n<meta property=\"og:description\" content=\"Podeu veure la guia actualitzada el 2014 a la secci\u00f3 [&hellip;]\" \/>\n<meta property=\"og:url\" content=\"https:\/\/www.esplac.cat\/guia-per-a-la-preparacio-dactivitats-destiu\/\" \/>\n<meta property=\"og:site_name\" content=\"Esplac\" \/>\n<meta property=\"article:published_time\" content=\"2013-04-17T15:16:07+00:00\" \/>\n<meta property=\"og:image\" content=\"https:\/\/www.esplac.cat\/wp-content\/uploads\/2012\/10\/curs_monitors_escola_sol-e1351092774841.jpeg\" \/>\n\t<meta property=\"og:image:width\" content=\"719\" \/>\n\t<meta property=\"og:image:height\" content=\"336\" \/>\n\t<meta property=\"og:image:type\" content=\"image\/jpeg\" \/>\n<meta name=\"author\" content=\"Comunicaci\u00f3 Esplac\" \/>\n<meta name=\"twitter:card\" content=\"summary_large_image\" \/>\n<meta name=\"twitter:label1\" content=\"Written by\" \/>\n\t<meta name=\"twitter:data1\" content=\"Comunicaci\u00f3 Esplac\" \/>\n\t<meta name=\"twitter:label2\" content=\"Est. reading time\" \/>\n\t<meta name=\"twitter:data2\" content=\"1 minute\" \/>\n<script type=\"application\/ld+json\" class=\"yoast-schema-graph\">{\"@context\":\"https:\\\/\\\/schema.org\",\"@graph\":[{\"@type\":\"Article\",\"@id\":\"https:\\\/\\\/www.esplac.cat\\\/guia-per-a-la-preparacio-dactivitats-destiu\\\/#article\",\"isPartOf\":{\"@id\":\"https:\\\/\\\/www.esplac.cat\\\/guia-per-a-la-preparacio-dactivitats-destiu\\\/\"},\"author\":{\"name\":\"Comunicaci\u00f3 Esplac\",\"@id\":\"https:\\\/\\\/www.esplac.cat\\\/#\\\/schema\\\/person\\\/908383cf240be18b68f8855d0583faca\"},\"headline\":\"Guia per a la preparaci\u00f3 d&#8217;activitats d&#8217;estiu\",\"datePublished\":\"2013-04-17T15:16:07+00:00\",\"mainEntityOfPage\":{\"@id\":\"https:\\\/\\\/www.esplac.cat\\\/guia-per-a-la-preparacio-dactivitats-destiu\\\/\"},\"wordCount\":311,\"commentCount\":0,\"publisher\":{\"@id\":\"https:\\\/\\\/www.esplac.cat\\\/#organization\"},\"image\":{\"@id\":\"https:\\\/\\\/www.esplac.cat\\\/guia-per-a-la-preparacio-dactivitats-destiu\\\/#primaryimage\"},\"thumbnailUrl\":\"https:\\\/\\\/www.esplac.cat\\\/wp-content\\\/uploads\\\/2012\\\/10\\\/curs_monitors_escola_sol-e1351092774841.jpeg\",\"keywords\":[\"campaments\",\"colonies\",\"estiu\",\"intercanvis internacionals\",\"rutes\"],\"articleSection\":[\"Recursos\"],\"inLanguage\":\"en-US\",\"potentialAction\":[{\"@type\":\"CommentAction\",\"name\":\"Comment\",\"target\":[\"https:\\\/\\\/www.esplac.cat\\\/guia-per-a-la-preparacio-dactivitats-destiu\\\/#respond\"]}]},{\"@type\":\"WebPage\",\"@id\":\"https:\\\/\\\/www.esplac.cat\\\/guia-per-a-la-preparacio-dactivitats-destiu\\\/\",\"url\":\"https:\\\/\\\/www.esplac.cat\\\/guia-per-a-la-preparacio-dactivitats-destiu\\\/\",\"name\":\"Guia per a la preparaci\u00f3 d'activitats d'estiu - Esplac\",\"isPartOf\":{\"@id\":\"https:\\\/\\\/www.esplac.cat\\\/#website\"},\"primaryImageOfPage\":{\"@id\":\"https:\\\/\\\/www.esplac.cat\\\/guia-per-a-la-preparacio-dactivitats-destiu\\\/#primaryimage\"},\"image\":{\"@id\":\"https:\\\/\\\/www.esplac.cat\\\/guia-per-a-la-preparacio-dactivitats-destiu\\\/#primaryimage\"},\"thumbnailUrl\":\"https:\\\/\\\/www.esplac.cat\\\/wp-content\\\/uploads\\\/2012\\\/10\\\/curs_monitors_escola_sol-e1351092774841.jpeg\",\"datePublished\":\"2013-04-17T15:16:07+00:00\",\"breadcrumb\":{\"@id\":\"https:\\\/\\\/www.esplac.cat\\\/guia-per-a-la-preparacio-dactivitats-destiu\\\/#breadcrumb\"},\"inLanguage\":\"en-US\",\"potentialAction\":[{\"@type\":\"ReadAction\",\"target\":[\"https:\\\/\\\/www.esplac.cat\\\/guia-per-a-la-preparacio-dactivitats-destiu\\\/\"]}]},{\"@type\":\"ImageObject\",\"inLanguage\":\"en-US\",\"@id\":\"https:\\\/\\\/www.esplac.cat\\\/guia-per-a-la-preparacio-dactivitats-destiu\\\/#primaryimage\",\"url\":\"https:\\\/\\\/www.esplac.cat\\\/wp-content\\\/uploads\\\/2012\\\/10\\\/curs_monitors_escola_sol-e1351092774841.jpeg\",\"contentUrl\":\"https:\\\/\\\/www.esplac.cat\\\/wp-content\\\/uploads\\\/2012\\\/10\\\/curs_monitors_escola_sol-e1351092774841.jpeg\",\"width\":719,\"height\":336},{\"@type\":\"BreadcrumbList\",\"@id\":\"https:\\\/\\\/www.esplac.cat\\\/guia-per-a-la-preparacio-dactivitats-destiu\\\/#breadcrumb\",\"itemListElement\":[{\"@type\":\"ListItem\",\"position\":1,\"name\":\"Inici\",\"item\":\"https:\\\/\\\/www.esplac.cat\\\/en\\\/\"},{\"@type\":\"ListItem\",\"position\":2,\"name\":\"Guia per a la preparaci\u00f3 d&#8217;activitats d&#8217;estiu\"}]},{\"@type\":\"WebSite\",\"@id\":\"https:\\\/\\\/www.esplac.cat\\\/#website\",\"url\":\"https:\\\/\\\/www.esplac.cat\\\/\",\"name\":\"Esplac\",\"description\":\"Esplais Catalans\",\"publisher\":{\"@id\":\"https:\\\/\\\/www.esplac.cat\\\/#organization\"},\"potentialAction\":[{\"@type\":\"SearchAction\",\"target\":{\"@type\":\"EntryPoint\",\"urlTemplate\":\"https:\\\/\\\/www.esplac.cat\\\/?s={search_term_string}\"},\"query-input\":{\"@type\":\"PropertyValueSpecification\",\"valueRequired\":true,\"valueName\":\"search_term_string\"}}],\"inLanguage\":\"en-US\"},{\"@type\":\"Organization\",\"@id\":\"https:\\\/\\\/www.esplac.cat\\\/#organization\",\"name\":\"Esplac\",\"url\":\"https:\\\/\\\/www.esplac.cat\\\/\",\"logo\":{\"@type\":\"ImageObject\",\"inLanguage\":\"en-US\",\"@id\":\"https:\\\/\\\/www.esplac.cat\\\/#\\\/schema\\\/logo\\\/image\\\/\",\"url\":\"https:\\\/\\\/www.esplac.cat\\\/wp-content\\\/uploads\\\/2019\\\/08\\\/logox2.png\",\"contentUrl\":\"https:\\\/\\\/www.esplac.cat\\\/wp-content\\\/uploads\\\/2019\\\/08\\\/logox2.png\",\"width\":600,\"height\":295,\"caption\":\"Esplac\"},\"image\":{\"@id\":\"https:\\\/\\\/www.esplac.cat\\\/#\\\/schema\\\/logo\\\/image\\\/\"}},{\"@type\":\"Person\",\"@id\":\"https:\\\/\\\/www.esplac.cat\\\/#\\\/schema\\\/person\\\/908383cf240be18b68f8855d0583faca\",\"name\":\"Comunicaci\u00f3 Esplac\",\"image\":{\"@type\":\"ImageObject\",\"inLanguage\":\"en-US\",\"@id\":\"https:\\\/\\\/secure.gravatar.com\\\/avatar\\\/7a4cf8feb412a76ea4a740ca02d95b06b2907b5a6c648c2dd0a1082a093c3141?s=96&d=mm&r=g\",\"url\":\"https:\\\/\\\/secure.gravatar.com\\\/avatar\\\/7a4cf8feb412a76ea4a740ca02d95b06b2907b5a6c648c2dd0a1082a093c3141?s=96&d=mm&r=g\",\"contentUrl\":\"https:\\\/\\\/secure.gravatar.com\\\/avatar\\\/7a4cf8feb412a76ea4a740ca02d95b06b2907b5a6c648c2dd0a1082a093c3141?s=96&d=mm&r=g\",\"caption\":\"Comunicaci\u00f3 Esplac\"}}]}<\/script>\n<!-- \/ Yoast SEO plugin. -->","yoast_head_json":{"title":"Guia per a la preparaci\u00f3 d'activitats d'estiu - Esplac","robots":{"index":"index","follow":"follow","max-snippet":"max-snippet:-1","max-image-preview":"max-image-preview:large","max-video-preview":"max-video-preview:-1"},"canonical":"https:\/\/www.esplac.cat\/guia-per-a-la-preparacio-dactivitats-destiu\/","og_locale":"en_US","og_type":"article","og_title":"Guia per a la preparaci\u00f3 d'activitats d'estiu - Esplac","og_description":"Podeu veure la guia actualitzada el 2014 a la secci\u00f3 [&hellip;]","og_url":"https:\/\/www.esplac.cat\/guia-per-a-la-preparacio-dactivitats-destiu\/","og_site_name":"Esplac","article_published_time":"2013-04-17T15:16:07+00:00","og_image":[{"width":719,"height":336,"url":"https:\/\/www.esplac.cat\/wp-content\/uploads\/2012\/10\/curs_monitors_escola_sol-e1351092774841.jpeg","type":"image\/jpeg"}],"author":"Comunicaci\u00f3 Esplac","twitter_card":"summary_large_image","twitter_misc":{"Written by":"Comunicaci\u00f3 Esplac","Est. reading time":"1 minute"},"schema":{"@context":"https:\/\/schema.org","@graph":[{"@type":"Article","@id":"https:\/\/www.esplac.cat\/guia-per-a-la-preparacio-dactivitats-destiu\/#article","isPartOf":{"@id":"https:\/\/www.esplac.cat\/guia-per-a-la-preparacio-dactivitats-destiu\/"},"author":{"name":"Comunicaci\u00f3 Esplac","@id":"https:\/\/www.esplac.cat\/#\/schema\/person\/908383cf240be18b68f8855d0583faca"},"headline":"Guia per a la preparaci\u00f3 d&#8217;activitats d&#8217;estiu","datePublished":"2013-04-17T15:16:07+00:00","mainEntityOfPage":{"@id":"https:\/\/www.esplac.cat\/guia-per-a-la-preparacio-dactivitats-destiu\/"},"wordCount":311,"commentCount":0,"publisher":{"@id":"https:\/\/www.esplac.cat\/#organization"},"image":{"@id":"https:\/\/www.esplac.cat\/guia-per-a-la-preparacio-dactivitats-destiu\/#primaryimage"},"thumbnailUrl":"https:\/\/www.esplac.cat\/wp-content\/uploads\/2012\/10\/curs_monitors_escola_sol-e1351092774841.jpeg","keywords":["campaments","colonies","estiu","intercanvis internacionals","rutes"],"articleSection":["Recursos"],"inLanguage":"en-US","potentialAction":[{"@type":"CommentAction","name":"Comment","target":["https:\/\/www.esplac.cat\/guia-per-a-la-preparacio-dactivitats-destiu\/#respond"]}]},{"@type":"WebPage","@id":"https:\/\/www.esplac.cat\/guia-per-a-la-preparacio-dactivitats-destiu\/","url":"https:\/\/www.esplac.cat\/guia-per-a-la-preparacio-dactivitats-destiu\/","name":"Guia per a la preparaci\u00f3 d'activitats d'estiu - Esplac","isPartOf":{"@id":"https:\/\/www.esplac.cat\/#website"},"primaryImageOfPage":{"@id":"https:\/\/www.esplac.cat\/guia-per-a-la-preparacio-dactivitats-destiu\/#primaryimage"},"image":{"@id":"https:\/\/www.esplac.cat\/guia-per-a-la-preparacio-dactivitats-destiu\/#primaryimage"},"thumbnailUrl":"https:\/\/www.esplac.cat\/wp-content\/uploads\/2012\/10\/curs_monitors_escola_sol-e1351092774841.jpeg","datePublished":"2013-04-17T15:16:07+00:00","breadcrumb":{"@id":"https:\/\/www.esplac.cat\/guia-per-a-la-preparacio-dactivitats-destiu\/#breadcrumb"},"inLanguage":"en-US","potentialAction":[{"@type":"ReadAction","target":["https:\/\/www.esplac.cat\/guia-per-a-la-preparacio-dactivitats-destiu\/"]}]},{"@type":"ImageObject","inLanguage":"en-US","@id":"https:\/\/www.esplac.cat\/guia-per-a-la-preparacio-dactivitats-destiu\/#primaryimage","url":"https:\/\/www.esplac.cat\/wp-content\/uploads\/2012\/10\/curs_monitors_escola_sol-e1351092774841.jpeg","contentUrl":"https:\/\/www.esplac.cat\/wp-content\/uploads\/2012\/10\/curs_monitors_escola_sol-e1351092774841.jpeg","width":719,"height":336},{"@type":"BreadcrumbList","@id":"https:\/\/www.esplac.cat\/guia-per-a-la-preparacio-dactivitats-destiu\/#breadcrumb","itemListElement":[{"@type":"ListItem","position":1,"name":"Inici","item":"https:\/\/www.esplac.cat\/en\/"},{"@type":"ListItem","position":2,"name":"Guia per a la preparaci\u00f3 d&#8217;activitats d&#8217;estiu"}]},{"@type":"WebSite","@id":"https:\/\/www.esplac.cat\/#website","url":"https:\/\/www.esplac.cat\/","name":"Esplac","description":"Esplais Catalans","publisher":{"@id":"https:\/\/www.esplac.cat\/#organization"},"potentialAction":[{"@type":"SearchAction","target":{"@type":"EntryPoint","urlTemplate":"https:\/\/www.esplac.cat\/?s={search_term_string}"},"query-input":{"@type":"PropertyValueSpecification","valueRequired":true,"valueName":"search_term_string"}}],"inLanguage":"en-US"},{"@type":"Organization","@id":"https:\/\/www.esplac.cat\/#organization","name":"Esplac","url":"https:\/\/www.esplac.cat\/","logo":{"@type":"ImageObject","inLanguage":"en-US","@id":"https:\/\/www.esplac.cat\/#\/schema\/logo\/image\/","url":"https:\/\/www.esplac.cat\/wp-content\/uploads\/2019\/08\/logox2.png","contentUrl":"https:\/\/www.esplac.cat\/wp-content\/uploads\/2019\/08\/logox2.png","width":600,"height":295,"caption":"Esplac"},"image":{"@id":"https:\/\/www.esplac.cat\/#\/schema\/logo\/image\/"}},{"@type":"Person","@id":"https:\/\/www.esplac.cat\/#\/schema\/person\/908383cf240be18b68f8855d0583faca","name":"Comunicaci\u00f3 Esplac","image":{"@type":"ImageObject","inLanguage":"en-US","@id":"https:\/\/secure.gravatar.com\/avatar\/7a4cf8feb412a76ea4a740ca02d95b06b2907b5a6c648c2dd0a1082a093c3141?s=96&d=mm&r=g","url":"https:\/\/secure.gravatar.com\/avatar\/7a4cf8feb412a76ea4a740ca02d95b06b2907b5a6c648c2dd0a1082a093c3141?s=96&d=mm&r=g","contentUrl":"https:\/\/secure.gravatar.com\/avatar\/7a4cf8feb412a76ea4a740ca02d95b06b2907b5a6c648c2dd0a1082a093c3141?s=96&d=mm&r=g","caption":"Comunicaci\u00f3 Esplac"}}]}},"_links":{"self":[{"href":"https:\/\/www.esplac.cat\/en\/wp-json\/wp\/v2\/posts\/25942","targetHints":{"allow":["GET"]}}],"collection":[{"href":"https:\/\/www.esplac.cat\/en\/wp-json\/wp\/v2\/posts"}],"about":[{"href":"https:\/\/www.esplac.cat\/en\/wp-json\/wp\/v2\/types\/post"}],"author":[{"embeddable":true,"href":"https:\/\/www.esplac.cat\/en\/wp-json\/wp\/v2\/users\/3"}],"replies":[{"embeddable":true,"href":"https:\/\/www.esplac.cat\/en\/wp-json\/wp\/v2\/comments?post=25942"}],"version-history":[{"count":0,"href":"https:\/\/www.esplac.cat\/en\/wp-json\/wp\/v2\/posts\/25942\/revisions"}],"wp:featuredmedia":[{"embeddable":true,"href":"https:\/\/www.esplac.cat\/en\/wp-json\/wp\/v2\/media\/25600"}],"wp:attachment":[{"href":"https:\/\/www.esplac.cat\/en\/wp-json\/wp\/v2\/media?parent=25942"}],"wp:term":[{"taxonomy":"category","embeddable":true,"href":"https:\/\/www.esplac.cat\/en\/wp-json\/wp\/v2\/categories?post=25942"},{"taxonomy":"post_tag","embeddable":true,"href":"https:\/\/www.esplac.cat\/en\/wp-json\/wp\/v2\/tags?post=25942"}],"curies":[{"name":"wp","href":"https:\/\/api.w.org\/{rel}","templated":true}]}}