{"id":25946,"date":"2013-04-15T16:01:36","date_gmt":"2013-04-15T14:01:36","guid":{"rendered":"http:\/\/esplac.cat\/?p=3199"},"modified":"2013-04-15T16:01:36","modified_gmt":"2013-04-15T14:01:36","slug":"esplais-catalans-ja-tenim-seu-baix-llobregat","status":"publish","type":"post","link":"https:\/\/www.esplac.cat\/en\/esplais-catalans-ja-tenim-seu-baix-llobregat\/","title":{"rendered":"Esplais Catalans ja tenim seu al Baix Llobregat!"},"content":{"rendered":"<p><!--:CA-->Estem d&#8217;enhorabona perqu\u00e8, des de principi d&#8217;abril, ja tenim seu del <strong>Sector Baix Llobregat<\/strong>! Es troba situada a <strong>Molins de Rei<\/strong> a la casa de la Federaci\u00f3 Obrera (c. Jacint Verdaguer, 48) i l&#8217;<strong>horari d&#8217;atenci\u00f3<\/strong> als esplais i al p\u00fablic en general del nostre t\u00e8cnic \u00e9s els <strong>dimarts de 15h a 19:30h<\/strong>.<\/p>\n<p>La finalitat d\u2019Esplais Catalans \u00e9s garantir el\u00a0<a title=\"Suport als esplais\" href=\"http:\/\/esplac.cat\/coneix-esplac\/suport-esplais\/\">suport\u00a0<\/a>\u00a0i l\u2019\u00a0<strong>atenci\u00f3 personalitzada als esplais\u00a0<\/strong>\u00a0d\u2019acord a la seva realitat. \u00c9s per aix\u00f2 que les accions d\u2019atenci\u00f3, suport i seguiment als esplais (ASSAC) es fan d\u2019una manera propera, a trav\u00e9s de l\u2019estructura territorial, per tal de poder-les prioritzar i adaptar-les al m\u00e0xim a les necessitats dels esplais. Per Esplais Catalans aquesta \u00e9s una gran oportunitat per estar, cada cop m\u00e9s, ben a prop dels esplais del Baix Llobregat i refor\u00e7ar la nostra pres\u00e8ncia al territori.<\/p>\n<p>Aix\u00ed doncs, convidem a tots els esplais que s&#8217;hi acosteu i ens vingueu a veure a Molins de Rei! Us \u00a0hi esperem!<\/p>\n<p><iframe src=\"https:\/\/maps.google.es\/maps?f=q&amp;source=s_q&amp;hl=ca&amp;geocode=&amp;q=carrer+verdaguer+48,+molins+de+rei&amp;aq=&amp;sll=40.396764,-3.713379&amp;sspn=9.818189,19.951172&amp;ie=UTF8&amp;hq=&amp;hnear=Carrer+Jacint+Verdaguer,+48,+08750+Molins+de+Rei,+Barcelona&amp;t=m&amp;ll=41.418208,2.01818&amp;spn=0.011264,0.018239&amp;z=15&amp;iwloc=A&amp;output=embed\" frameborder=\"0\" marginwidth=\"0\" marginheight=\"0\" scrolling=\"no\" width=\"425\" height=\"350\"><\/iframe><br \/>\n<small><a style=\"color: #0000ff; text-align: left;\" href=\"https:\/\/maps.google.es\/maps?f=q&amp;source=embed&amp;hl=ca&amp;geocode=&amp;q=carrer+verdaguer+48,+molins+de+rei&amp;aq=&amp;sll=40.396764,-3.713379&amp;sspn=9.818189,19.951172&amp;ie=UTF8&amp;hq=&amp;hnear=Carrer+Jacint+Verdaguer,+48,+08750+Molins+de+Rei,+Barcelona&amp;t=m&amp;ll=41.418208,2.01818&amp;spn=0.011264,0.018239&amp;z=15&amp;iwloc=A\">Mostra un mapa m\u00e9s gran<\/a><\/small><!--:--><!--:es-->&nbsp;<\/p>\n<p><!--:--><!--:en-->&nbsp;<\/p>\n<p><!--:--><!--:fr-->&nbsp;<\/p>\n<p><!--:--><\/p>\n","protected":false},"excerpt":{"rendered":"<p>Estem d&#8217;enhorabona perqu\u00e8, des de principi d&#8217;abril, ja tenim seu [&hellip;]<\/p>\n","protected":false},"author":3,"featured_media":0,"comment_status":"open","ping_status":"open","sticky":false,"template":"","format":"standard","meta":{"om_disable_all_campaigns":false,"_monsterinsights_skip_tracking":false,"_monsterinsights_sitenote_active":false,"_monsterinsights_sitenote_note":"","_monsterinsights_sitenote_category":0,"_uf_show_specific_survey":0,"_uf_disable_surveys":false,"footnotes":""},"categories":[1110,1116,1124],"tags":[114],"class_list":["post-25946","post","type-post","status-publish","format-standard","hentry","category-activitats-sectors","category-secretaria-esplac","category-sector-baix-llobregat","tag-sector-baix-llobregat"],"yoast_head":"<!-- This site is optimized with the Yoast SEO plugin v27.4 - https:\/\/yoast.com\/product\/yoast-seo-wordpress\/ -->\n<title>Esplais Catalans ja tenim seu al Baix Llobregat! - Esplac<\/title>\n<meta name=\"robots\" content=\"index, follow, max-snippet:-1, max-image-preview:large, max-video-preview:-1\" \/>\n<link rel=\"canonical\" href=\"https:\/\/www.esplac.cat\/es\/esplais-catalans-ja-tenim-seu-baix-llobregat\/\" \/>\n<meta property=\"og:locale\" content=\"en_US\" \/>\n<meta property=\"og:type\" content=\"article\" \/>\n<meta property=\"og:title\" content=\"Esplais Catalans ja tenim seu al Baix Llobregat! - Esplac\" \/>\n<meta property=\"og:description\" content=\"Estem d&#8217;enhorabona perqu\u00e8, des de principi d&#8217;abril, ja tenim seu [&hellip;]\" \/>\n<meta property=\"og:url\" content=\"https:\/\/www.esplac.cat\/es\/esplais-catalans-ja-tenim-seu-baix-llobregat\/\" \/>\n<meta property=\"og:site_name\" content=\"Esplac\" \/>\n<meta property=\"article:published_time\" content=\"2013-04-15T14:01:36+00:00\" \/>\n<meta property=\"og:image\" content=\"https:\/\/www.esplac.cat\/wp-content\/uploads\/2019\/11\/logo-open.jpg\" \/>\n\t<meta property=\"og:image:width\" content=\"1200\" \/>\n\t<meta property=\"og:image:height\" content=\"630\" \/>\n\t<meta property=\"og:image:type\" content=\"image\/jpeg\" \/>\n<meta name=\"author\" content=\"Comunicaci\u00f3 Esplac\" \/>\n<meta name=\"twitter:card\" content=\"summary_large_image\" \/>\n<meta name=\"twitter:label1\" content=\"Written by\" \/>\n\t<meta name=\"twitter:data1\" content=\"Comunicaci\u00f3 Esplac\" \/>\n\t<meta name=\"twitter:label2\" content=\"Est. reading time\" \/>\n\t<meta name=\"twitter:data2\" content=\"1 minute\" \/>\n<script type=\"application\/ld+json\" class=\"yoast-schema-graph\">{\"@context\":\"https:\\\/\\\/schema.org\",\"@graph\":[{\"@type\":\"Article\",\"@id\":\"https:\\\/\\\/www.esplac.cat\\\/es\\\/esplais-catalans-ja-tenim-seu-baix-llobregat\\\/#article\",\"isPartOf\":{\"@id\":\"https:\\\/\\\/www.esplac.cat\\\/es\\\/esplais-catalans-ja-tenim-seu-baix-llobregat\\\/\"},\"author\":{\"name\":\"Comunicaci\u00f3 Esplac\",\"@id\":\"https:\\\/\\\/www.esplac.cat\\\/#\\\/schema\\\/person\\\/908383cf240be18b68f8855d0583faca\"},\"headline\":\"Esplais Catalans ja tenim seu al Baix Llobregat!\",\"datePublished\":\"2013-04-15T14:01:36+00:00\",\"mainEntityOfPage\":{\"@id\":\"https:\\\/\\\/www.esplac.cat\\\/es\\\/esplais-catalans-ja-tenim-seu-baix-llobregat\\\/\"},\"wordCount\":191,\"commentCount\":0,\"publisher\":{\"@id\":\"https:\\\/\\\/www.esplac.cat\\\/#organization\"},\"keywords\":[\"sector Baix Llobregat\"],\"articleSection\":[\"Activitats sectors\",\"Secretaria T\u00e8cnica\",\"Sector Baix Llobregat\"],\"inLanguage\":\"en-US\",\"potentialAction\":[{\"@type\":\"CommentAction\",\"name\":\"Comment\",\"target\":[\"https:\\\/\\\/www.esplac.cat\\\/es\\\/esplais-catalans-ja-tenim-seu-baix-llobregat\\\/#respond\"]}]},{\"@type\":\"WebPage\",\"@id\":\"https:\\\/\\\/www.esplac.cat\\\/es\\\/esplais-catalans-ja-tenim-seu-baix-llobregat\\\/\",\"url\":\"https:\\\/\\\/www.esplac.cat\\\/es\\\/esplais-catalans-ja-tenim-seu-baix-llobregat\\\/\",\"name\":\"Esplais Catalans ja tenim seu al Baix Llobregat! - Esplac\",\"isPartOf\":{\"@id\":\"https:\\\/\\\/www.esplac.cat\\\/#website\"},\"datePublished\":\"2013-04-15T14:01:36+00:00\",\"breadcrumb\":{\"@id\":\"https:\\\/\\\/www.esplac.cat\\\/es\\\/esplais-catalans-ja-tenim-seu-baix-llobregat\\\/#breadcrumb\"},\"inLanguage\":\"en-US\",\"potentialAction\":[{\"@type\":\"ReadAction\",\"target\":[\"https:\\\/\\\/www.esplac.cat\\\/es\\\/esplais-catalans-ja-tenim-seu-baix-llobregat\\\/\"]}]},{\"@type\":\"BreadcrumbList\",\"@id\":\"https:\\\/\\\/www.esplac.cat\\\/es\\\/esplais-catalans-ja-tenim-seu-baix-llobregat\\\/#breadcrumb\",\"itemListElement\":[{\"@type\":\"ListItem\",\"position\":1,\"name\":\"Inici\",\"item\":\"https:\\\/\\\/www.esplac.cat\\\/en\\\/\"},{\"@type\":\"ListItem\",\"position\":2,\"name\":\"Esplais Catalans ja tenim seu al Baix Llobregat!\"}]},{\"@type\":\"WebSite\",\"@id\":\"https:\\\/\\\/www.esplac.cat\\\/#website\",\"url\":\"https:\\\/\\\/www.esplac.cat\\\/\",\"name\":\"Esplac\",\"description\":\"Esplais Catalans\",\"publisher\":{\"@id\":\"https:\\\/\\\/www.esplac.cat\\\/#organization\"},\"potentialAction\":[{\"@type\":\"SearchAction\",\"target\":{\"@type\":\"EntryPoint\",\"urlTemplate\":\"https:\\\/\\\/www.esplac.cat\\\/?s={search_term_string}\"},\"query-input\":{\"@type\":\"PropertyValueSpecification\",\"valueRequired\":true,\"valueName\":\"search_term_string\"}}],\"inLanguage\":\"en-US\"},{\"@type\":\"Organization\",\"@id\":\"https:\\\/\\\/www.esplac.cat\\\/#organization\",\"name\":\"Esplac\",\"url\":\"https:\\\/\\\/www.esplac.cat\\\/\",\"logo\":{\"@type\":\"ImageObject\",\"inLanguage\":\"en-US\",\"@id\":\"https:\\\/\\\/www.esplac.cat\\\/#\\\/schema\\\/logo\\\/image\\\/\",\"url\":\"https:\\\/\\\/www.esplac.cat\\\/wp-content\\\/uploads\\\/2019\\\/08\\\/logox2.png\",\"contentUrl\":\"https:\\\/\\\/www.esplac.cat\\\/wp-content\\\/uploads\\\/2019\\\/08\\\/logox2.png\",\"width\":600,\"height\":295,\"caption\":\"Esplac\"},\"image\":{\"@id\":\"https:\\\/\\\/www.esplac.cat\\\/#\\\/schema\\\/logo\\\/image\\\/\"}},{\"@type\":\"Person\",\"@id\":\"https:\\\/\\\/www.esplac.cat\\\/#\\\/schema\\\/person\\\/908383cf240be18b68f8855d0583faca\",\"name\":\"Comunicaci\u00f3 Esplac\",\"image\":{\"@type\":\"ImageObject\",\"inLanguage\":\"en-US\",\"@id\":\"https:\\\/\\\/secure.gravatar.com\\\/avatar\\\/7a4cf8feb412a76ea4a740ca02d95b06b2907b5a6c648c2dd0a1082a093c3141?s=96&d=mm&r=g\",\"url\":\"https:\\\/\\\/secure.gravatar.com\\\/avatar\\\/7a4cf8feb412a76ea4a740ca02d95b06b2907b5a6c648c2dd0a1082a093c3141?s=96&d=mm&r=g\",\"contentUrl\":\"https:\\\/\\\/secure.gravatar.com\\\/avatar\\\/7a4cf8feb412a76ea4a740ca02d95b06b2907b5a6c648c2dd0a1082a093c3141?s=96&d=mm&r=g\",\"caption\":\"Comunicaci\u00f3 Esplac\"}}]}<\/script>\n<!-- \/ Yoast SEO plugin. -->","yoast_head_json":{"title":"Esplais Catalans ja tenim seu al Baix Llobregat! - Esplac","robots":{"index":"index","follow":"follow","max-snippet":"max-snippet:-1","max-image-preview":"max-image-preview:large","max-video-preview":"max-video-preview:-1"},"canonical":"https:\/\/www.esplac.cat\/es\/esplais-catalans-ja-tenim-seu-baix-llobregat\/","og_locale":"en_US","og_type":"article","og_title":"Esplais Catalans ja tenim seu al Baix Llobregat! - Esplac","og_description":"Estem d&#8217;enhorabona perqu\u00e8, des de principi d&#8217;abril, ja tenim seu [&hellip;]","og_url":"https:\/\/www.esplac.cat\/es\/esplais-catalans-ja-tenim-seu-baix-llobregat\/","og_site_name":"Esplac","article_published_time":"2013-04-15T14:01:36+00:00","og_image":[{"width":1200,"height":630,"url":"https:\/\/www.esplac.cat\/wp-content\/uploads\/2019\/11\/logo-open.jpg","type":"image\/jpeg"}],"author":"Comunicaci\u00f3 Esplac","twitter_card":"summary_large_image","twitter_misc":{"Written by":"Comunicaci\u00f3 Esplac","Est. reading time":"1 minute"},"schema":{"@context":"https:\/\/schema.org","@graph":[{"@type":"Article","@id":"https:\/\/www.esplac.cat\/es\/esplais-catalans-ja-tenim-seu-baix-llobregat\/#article","isPartOf":{"@id":"https:\/\/www.esplac.cat\/es\/esplais-catalans-ja-tenim-seu-baix-llobregat\/"},"author":{"name":"Comunicaci\u00f3 Esplac","@id":"https:\/\/www.esplac.cat\/#\/schema\/person\/908383cf240be18b68f8855d0583faca"},"headline":"Esplais Catalans ja tenim seu al Baix Llobregat!","datePublished":"2013-04-15T14:01:36+00:00","mainEntityOfPage":{"@id":"https:\/\/www.esplac.cat\/es\/esplais-catalans-ja-tenim-seu-baix-llobregat\/"},"wordCount":191,"commentCount":0,"publisher":{"@id":"https:\/\/www.esplac.cat\/#organization"},"keywords":["sector Baix Llobregat"],"articleSection":["Activitats sectors","Secretaria T\u00e8cnica","Sector Baix Llobregat"],"inLanguage":"en-US","potentialAction":[{"@type":"CommentAction","name":"Comment","target":["https:\/\/www.esplac.cat\/es\/esplais-catalans-ja-tenim-seu-baix-llobregat\/#respond"]}]},{"@type":"WebPage","@id":"https:\/\/www.esplac.cat\/es\/esplais-catalans-ja-tenim-seu-baix-llobregat\/","url":"https:\/\/www.esplac.cat\/es\/esplais-catalans-ja-tenim-seu-baix-llobregat\/","name":"Esplais Catalans ja tenim seu al Baix Llobregat! - Esplac","isPartOf":{"@id":"https:\/\/www.esplac.cat\/#website"},"datePublished":"2013-04-15T14:01:36+00:00","breadcrumb":{"@id":"https:\/\/www.esplac.cat\/es\/esplais-catalans-ja-tenim-seu-baix-llobregat\/#breadcrumb"},"inLanguage":"en-US","potentialAction":[{"@type":"ReadAction","target":["https:\/\/www.esplac.cat\/es\/esplais-catalans-ja-tenim-seu-baix-llobregat\/"]}]},{"@type":"BreadcrumbList","@id":"https:\/\/www.esplac.cat\/es\/esplais-catalans-ja-tenim-seu-baix-llobregat\/#breadcrumb","itemListElement":[{"@type":"ListItem","position":1,"name":"Inici","item":"https:\/\/www.esplac.cat\/en\/"},{"@type":"ListItem","position":2,"name":"Esplais Catalans ja tenim seu al Baix Llobregat!"}]},{"@type":"WebSite","@id":"https:\/\/www.esplac.cat\/#website","url":"https:\/\/www.esplac.cat\/","name":"Esplac","description":"Esplais Catalans","publisher":{"@id":"https:\/\/www.esplac.cat\/#organization"},"potentialAction":[{"@type":"SearchAction","target":{"@type":"EntryPoint","urlTemplate":"https:\/\/www.esplac.cat\/?s={search_term_string}"},"query-input":{"@type":"PropertyValueSpecification","valueRequired":true,"valueName":"search_term_string"}}],"inLanguage":"en-US"},{"@type":"Organization","@id":"https:\/\/www.esplac.cat\/#organization","name":"Esplac","url":"https:\/\/www.esplac.cat\/","logo":{"@type":"ImageObject","inLanguage":"en-US","@id":"https:\/\/www.esplac.cat\/#\/schema\/logo\/image\/","url":"https:\/\/www.esplac.cat\/wp-content\/uploads\/2019\/08\/logox2.png","contentUrl":"https:\/\/www.esplac.cat\/wp-content\/uploads\/2019\/08\/logox2.png","width":600,"height":295,"caption":"Esplac"},"image":{"@id":"https:\/\/www.esplac.cat\/#\/schema\/logo\/image\/"}},{"@type":"Person","@id":"https:\/\/www.esplac.cat\/#\/schema\/person\/908383cf240be18b68f8855d0583faca","name":"Comunicaci\u00f3 Esplac","image":{"@type":"ImageObject","inLanguage":"en-US","@id":"https:\/\/secure.gravatar.com\/avatar\/7a4cf8feb412a76ea4a740ca02d95b06b2907b5a6c648c2dd0a1082a093c3141?s=96&d=mm&r=g","url":"https:\/\/secure.gravatar.com\/avatar\/7a4cf8feb412a76ea4a740ca02d95b06b2907b5a6c648c2dd0a1082a093c3141?s=96&d=mm&r=g","contentUrl":"https:\/\/secure.gravatar.com\/avatar\/7a4cf8feb412a76ea4a740ca02d95b06b2907b5a6c648c2dd0a1082a093c3141?s=96&d=mm&r=g","caption":"Comunicaci\u00f3 Esplac"}}]}},"_links":{"self":[{"href":"https:\/\/www.esplac.cat\/en\/wp-json\/wp\/v2\/posts\/25946","targetHints":{"allow":["GET"]}}],"collection":[{"href":"https:\/\/www.esplac.cat\/en\/wp-json\/wp\/v2\/posts"}],"about":[{"href":"https:\/\/www.esplac.cat\/en\/wp-json\/wp\/v2\/types\/post"}],"author":[{"embeddable":true,"href":"https:\/\/www.esplac.cat\/en\/wp-json\/wp\/v2\/users\/3"}],"replies":[{"embeddable":true,"href":"https:\/\/www.esplac.cat\/en\/wp-json\/wp\/v2\/comments?post=25946"}],"version-history":[{"count":0,"href":"https:\/\/www.esplac.cat\/en\/wp-json\/wp\/v2\/posts\/25946\/revisions"}],"wp:attachment":[{"href":"https:\/\/www.esplac.cat\/en\/wp-json\/wp\/v2\/media?parent=25946"}],"wp:term":[{"taxonomy":"category","embeddable":true,"href":"https:\/\/www.esplac.cat\/en\/wp-json\/wp\/v2\/categories?post=25946"},{"taxonomy":"post_tag","embeddable":true,"href":"https:\/\/www.esplac.cat\/en\/wp-json\/wp\/v2\/tags?post=25946"}],"curies":[{"name":"wp","href":"https:\/\/api.w.org\/{rel}","templated":true}]}}