{"id":25961,"date":"2013-03-07T16:56:02","date_gmt":"2013-03-07T14:56:02","guid":{"rendered":"http:\/\/esplac.cat\/?p=2987"},"modified":"2019-10-15T18:50:44","modified_gmt":"2019-10-15T16:50:44","slug":"el-grup-de-treball-de-genere-ja-esta-en-marxa","status":"publish","type":"post","link":"https:\/\/www.esplac.cat\/en\/el-grup-de-treball-de-genere-ja-esta-en-marxa\/","title":{"rendered":"El Grup de treball de g\u00e8nere ja est\u00e0 en marxa!"},"content":{"rendered":"<p style=\"text-align: left;\"><strong>Autora:<\/strong> Tania Balmes i Sierra<\/p>\n<p style=\"text-align: left;\">El passat dimecres 27 de febrer es van trobar a una de les sales de reunions del carrer Aviny\u00f3 44, un grup de monitors i monitores amb <strong>inquietuds per fer de la perspectiva de g\u00e8nere, un eix transversal a Esplac i als esplais<\/strong>. Es va fer una posada en com\u00fa de qu\u00e8 i com es volia que funcion\u00e9s aquest grup de treball i quins serien els objectius sobre els que es treballarien. Ara, amb una primera idea ja sobre la taula, comen\u00e7a la feina. \u00c9s per aix\u00f2 que volem <strong>animar a tothom<\/strong> qui l\u2019interessi a unir-se a aquest grup i a venir a la pr\u00f2xima reuni\u00f3 el <strong>dimecres 13 de mar\u00e7<\/strong> a la seu d\u2019Esplac (Aviny\u00f3, 44) a les <strong>19.45h<\/strong>.<\/p>\n<p style=\"text-align: left;\" align=\"JUSTIFY\"><strong>Qu\u00e8 es treballar\u00e0?<br \/>\n<\/strong> La nostra idea \u00e9s seguir una s\u00e8rie de l\u00ednies en les que es vol aconseguir sensibilitzar als monitors i monitores de la import\u00e0ncia de tenir ben clar qu\u00e8 vol dir <strong>treballar amb perspectiva de g\u00e8nere<\/strong>. Tamb\u00e9 es vol fer un estat de la q\u00fcesti\u00f3 sobre si es treballa o no, i <strong>com es treballa per la igualtat de g\u00e8nere en els esplais<\/strong>. I no ens podem oblidar que un dels objectius dels grups de treball \u00e9s fer una <strong>revisi\u00f3 del projecte educatiu d\u2019Esplac<\/strong>, en aquest cas pel que fa al g\u00e8nere.<\/p>\n<p style=\"text-align: left;\" align=\"JUSTIFY\">Fins aqu\u00ed teniu explicades una mica per sobre idees que van sorgir, per\u00f2 n\u2019hi ha moltes m\u00e9s que podreu descobrir si us motiven aquests temes i voleu venir a compartir idees.<\/p>\n<p style=\"text-align: left;\" align=\"JUSTIFY\">Aix\u00ed doncs, per totes aquelles persones que <strong>volem fer d\u2019Esplac i dels esplais, un espai on es treballa per aconseguir la igualtat de g\u00e8nere<\/strong>, ens trobem el <strong>13 de mar\u00e7 a Esplac<\/strong>. Si us interessa, per\u00f2 no us podeu afegir a les reunions, no dubteu en posar-vos en contacte amb nosaltres (<span style=\"color: #000080;\"><span style=\"text-decoration: underline;\"><a href=\"mailto:genere@esplac.cat\">genere@esplac.cat<\/a><\/span><\/span>) i, si ho voleu, us podem afegir al grup de correu a trav\u00e9s del qual ens comuniquem.<\/p>\n","protected":false},"excerpt":{"rendered":"<p>Autora: Tania Balmes i Sierra El passat dimecres 27 de [&hellip;]<\/p>\n","protected":false},"author":3,"featured_media":25604,"comment_status":"open","ping_status":"open","sticky":false,"template":"","format":"standard","meta":{"om_disable_all_campaigns":false,"_monsterinsights_skip_tracking":false,"_monsterinsights_sitenote_active":false,"_monsterinsights_sitenote_note":"","_monsterinsights_sitenote_category":0,"_uf_show_specific_survey":0,"_uf_disable_surveys":false,"footnotes":""},"categories":[1119],"tags":[58],"class_list":["post-25961","post","type-post","status-publish","format-standard","has-post-thumbnail","hentry","category-activitats-comissions-grups-de-treball","tag-genere"],"yoast_head":"<!-- This site is optimized with the Yoast SEO plugin v27.5 - https:\/\/yoast.com\/product\/yoast-seo-wordpress\/ -->\n<title>El Grup de treball de g\u00e8nere ja est\u00e0 en marxa! - Esplac<\/title>\n<meta name=\"robots\" content=\"index, follow, max-snippet:-1, max-image-preview:large, max-video-preview:-1\" \/>\n<link rel=\"canonical\" href=\"https:\/\/www.esplac.cat\/el-grup-de-treball-de-genere-ja-esta-en-marxa\/\" \/>\n<meta property=\"og:locale\" content=\"en_US\" \/>\n<meta property=\"og:type\" content=\"article\" \/>\n<meta property=\"og:title\" content=\"El Grup de treball de g\u00e8nere ja est\u00e0 en marxa! - Esplac\" \/>\n<meta property=\"og:description\" content=\"Autora: Tania Balmes i Sierra El passat dimecres 27 de [&hellip;]\" \/>\n<meta property=\"og:url\" content=\"https:\/\/www.esplac.cat\/el-grup-de-treball-de-genere-ja-esta-en-marxa\/\" \/>\n<meta property=\"og:site_name\" content=\"Esplac\" \/>\n<meta property=\"article:published_time\" content=\"2013-03-07T14:56:02+00:00\" \/>\n<meta property=\"article:modified_time\" content=\"2019-10-15T16:50:44+00:00\" \/>\n<meta property=\"og:image\" content=\"https:\/\/www.esplac.cat\/wp-content\/uploads\/2013\/02\/DSC08123-1024x575.jpg\" \/>\n\t<meta property=\"og:image:width\" content=\"1024\" \/>\n\t<meta property=\"og:image:height\" content=\"575\" \/>\n\t<meta property=\"og:image:type\" content=\"image\/jpeg\" \/>\n<meta name=\"author\" content=\"Comunicaci\u00f3 Esplac\" \/>\n<meta name=\"twitter:card\" content=\"summary_large_image\" \/>\n<meta name=\"twitter:label1\" content=\"Written by\" \/>\n\t<meta name=\"twitter:data1\" content=\"Comunicaci\u00f3 Esplac\" \/>\n\t<meta name=\"twitter:label2\" content=\"Est. reading time\" \/>\n\t<meta name=\"twitter:data2\" content=\"2 minutes\" \/>\n<script type=\"application\/ld+json\" class=\"yoast-schema-graph\">{\"@context\":\"https:\\\/\\\/schema.org\",\"@graph\":[{\"@type\":\"Article\",\"@id\":\"https:\\\/\\\/www.esplac.cat\\\/el-grup-de-treball-de-genere-ja-esta-en-marxa\\\/#article\",\"isPartOf\":{\"@id\":\"https:\\\/\\\/www.esplac.cat\\\/el-grup-de-treball-de-genere-ja-esta-en-marxa\\\/\"},\"author\":{\"name\":\"Comunicaci\u00f3 Esplac\",\"@id\":\"https:\\\/\\\/www.esplac.cat\\\/#\\\/schema\\\/person\\\/908383cf240be18b68f8855d0583faca\"},\"headline\":\"El Grup de treball de g\u00e8nere ja est\u00e0 en marxa!\",\"datePublished\":\"2013-03-07T14:56:02+00:00\",\"dateModified\":\"2019-10-15T16:50:44+00:00\",\"mainEntityOfPage\":{\"@id\":\"https:\\\/\\\/www.esplac.cat\\\/el-grup-de-treball-de-genere-ja-esta-en-marxa\\\/\"},\"wordCount\":346,\"commentCount\":0,\"publisher\":{\"@id\":\"https:\\\/\\\/www.esplac.cat\\\/#organization\"},\"image\":{\"@id\":\"https:\\\/\\\/www.esplac.cat\\\/el-grup-de-treball-de-genere-ja-esta-en-marxa\\\/#primaryimage\"},\"thumbnailUrl\":\"https:\\\/\\\/www.esplac.cat\\\/wp-content\\\/uploads\\\/2013\\\/02\\\/DSC08123.jpg\",\"keywords\":[\"g\u00e8nere\"],\"articleSection\":[\"Activitats comissions i grups de treball\"],\"inLanguage\":\"en-US\",\"potentialAction\":[{\"@type\":\"CommentAction\",\"name\":\"Comment\",\"target\":[\"https:\\\/\\\/www.esplac.cat\\\/el-grup-de-treball-de-genere-ja-esta-en-marxa\\\/#respond\"]}]},{\"@type\":\"WebPage\",\"@id\":\"https:\\\/\\\/www.esplac.cat\\\/el-grup-de-treball-de-genere-ja-esta-en-marxa\\\/\",\"url\":\"https:\\\/\\\/www.esplac.cat\\\/el-grup-de-treball-de-genere-ja-esta-en-marxa\\\/\",\"name\":\"El Grup de treball de g\u00e8nere ja est\u00e0 en marxa! - Esplac\",\"isPartOf\":{\"@id\":\"https:\\\/\\\/www.esplac.cat\\\/#website\"},\"primaryImageOfPage\":{\"@id\":\"https:\\\/\\\/www.esplac.cat\\\/el-grup-de-treball-de-genere-ja-esta-en-marxa\\\/#primaryimage\"},\"image\":{\"@id\":\"https:\\\/\\\/www.esplac.cat\\\/el-grup-de-treball-de-genere-ja-esta-en-marxa\\\/#primaryimage\"},\"thumbnailUrl\":\"https:\\\/\\\/www.esplac.cat\\\/wp-content\\\/uploads\\\/2013\\\/02\\\/DSC08123.jpg\",\"datePublished\":\"2013-03-07T14:56:02+00:00\",\"dateModified\":\"2019-10-15T16:50:44+00:00\",\"breadcrumb\":{\"@id\":\"https:\\\/\\\/www.esplac.cat\\\/el-grup-de-treball-de-genere-ja-esta-en-marxa\\\/#breadcrumb\"},\"inLanguage\":\"en-US\",\"potentialAction\":[{\"@type\":\"ReadAction\",\"target\":[\"https:\\\/\\\/www.esplac.cat\\\/el-grup-de-treball-de-genere-ja-esta-en-marxa\\\/\"]}]},{\"@type\":\"ImageObject\",\"inLanguage\":\"en-US\",\"@id\":\"https:\\\/\\\/www.esplac.cat\\\/el-grup-de-treball-de-genere-ja-esta-en-marxa\\\/#primaryimage\",\"url\":\"https:\\\/\\\/www.esplac.cat\\\/wp-content\\\/uploads\\\/2013\\\/02\\\/DSC08123.jpg\",\"contentUrl\":\"https:\\\/\\\/www.esplac.cat\\\/wp-content\\\/uploads\\\/2013\\\/02\\\/DSC08123.jpg\",\"width\":3872,\"height\":2176},{\"@type\":\"BreadcrumbList\",\"@id\":\"https:\\\/\\\/www.esplac.cat\\\/el-grup-de-treball-de-genere-ja-esta-en-marxa\\\/#breadcrumb\",\"itemListElement\":[{\"@type\":\"ListItem\",\"position\":1,\"name\":\"Inici\",\"item\":\"https:\\\/\\\/www.esplac.cat\\\/en\\\/\"},{\"@type\":\"ListItem\",\"position\":2,\"name\":\"El Grup de treball de g\u00e8nere ja est\u00e0 en marxa!\"}]},{\"@type\":\"WebSite\",\"@id\":\"https:\\\/\\\/www.esplac.cat\\\/#website\",\"url\":\"https:\\\/\\\/www.esplac.cat\\\/\",\"name\":\"Esplac\",\"description\":\"Esplais Catalans\",\"publisher\":{\"@id\":\"https:\\\/\\\/www.esplac.cat\\\/#organization\"},\"potentialAction\":[{\"@type\":\"SearchAction\",\"target\":{\"@type\":\"EntryPoint\",\"urlTemplate\":\"https:\\\/\\\/www.esplac.cat\\\/?s={search_term_string}\"},\"query-input\":{\"@type\":\"PropertyValueSpecification\",\"valueRequired\":true,\"valueName\":\"search_term_string\"}}],\"inLanguage\":\"en-US\"},{\"@type\":\"Organization\",\"@id\":\"https:\\\/\\\/www.esplac.cat\\\/#organization\",\"name\":\"Esplac\",\"url\":\"https:\\\/\\\/www.esplac.cat\\\/\",\"logo\":{\"@type\":\"ImageObject\",\"inLanguage\":\"en-US\",\"@id\":\"https:\\\/\\\/www.esplac.cat\\\/#\\\/schema\\\/logo\\\/image\\\/\",\"url\":\"https:\\\/\\\/www.esplac.cat\\\/wp-content\\\/uploads\\\/2019\\\/08\\\/logox2.png\",\"contentUrl\":\"https:\\\/\\\/www.esplac.cat\\\/wp-content\\\/uploads\\\/2019\\\/08\\\/logox2.png\",\"width\":600,\"height\":295,\"caption\":\"Esplac\"},\"image\":{\"@id\":\"https:\\\/\\\/www.esplac.cat\\\/#\\\/schema\\\/logo\\\/image\\\/\"}},{\"@type\":\"Person\",\"@id\":\"https:\\\/\\\/www.esplac.cat\\\/#\\\/schema\\\/person\\\/908383cf240be18b68f8855d0583faca\",\"name\":\"Comunicaci\u00f3 Esplac\",\"image\":{\"@type\":\"ImageObject\",\"inLanguage\":\"en-US\",\"@id\":\"https:\\\/\\\/secure.gravatar.com\\\/avatar\\\/7a4cf8feb412a76ea4a740ca02d95b06b2907b5a6c648c2dd0a1082a093c3141?s=96&d=mm&r=g\",\"url\":\"https:\\\/\\\/secure.gravatar.com\\\/avatar\\\/7a4cf8feb412a76ea4a740ca02d95b06b2907b5a6c648c2dd0a1082a093c3141?s=96&d=mm&r=g\",\"contentUrl\":\"https:\\\/\\\/secure.gravatar.com\\\/avatar\\\/7a4cf8feb412a76ea4a740ca02d95b06b2907b5a6c648c2dd0a1082a093c3141?s=96&d=mm&r=g\",\"caption\":\"Comunicaci\u00f3 Esplac\"}}]}<\/script>\n<!-- \/ Yoast SEO plugin. -->","yoast_head_json":{"title":"El Grup de treball de g\u00e8nere ja est\u00e0 en marxa! - Esplac","robots":{"index":"index","follow":"follow","max-snippet":"max-snippet:-1","max-image-preview":"max-image-preview:large","max-video-preview":"max-video-preview:-1"},"canonical":"https:\/\/www.esplac.cat\/el-grup-de-treball-de-genere-ja-esta-en-marxa\/","og_locale":"en_US","og_type":"article","og_title":"El Grup de treball de g\u00e8nere ja est\u00e0 en marxa! - Esplac","og_description":"Autora: Tania Balmes i Sierra El passat dimecres 27 de [&hellip;]","og_url":"https:\/\/www.esplac.cat\/el-grup-de-treball-de-genere-ja-esta-en-marxa\/","og_site_name":"Esplac","article_published_time":"2013-03-07T14:56:02+00:00","article_modified_time":"2019-10-15T16:50:44+00:00","og_image":[{"width":1024,"height":575,"url":"https:\/\/www.esplac.cat\/wp-content\/uploads\/2013\/02\/DSC08123-1024x575.jpg","type":"image\/jpeg"}],"author":"Comunicaci\u00f3 Esplac","twitter_card":"summary_large_image","twitter_misc":{"Written by":"Comunicaci\u00f3 Esplac","Est. reading time":"2 minutes"},"schema":{"@context":"https:\/\/schema.org","@graph":[{"@type":"Article","@id":"https:\/\/www.esplac.cat\/el-grup-de-treball-de-genere-ja-esta-en-marxa\/#article","isPartOf":{"@id":"https:\/\/www.esplac.cat\/el-grup-de-treball-de-genere-ja-esta-en-marxa\/"},"author":{"name":"Comunicaci\u00f3 Esplac","@id":"https:\/\/www.esplac.cat\/#\/schema\/person\/908383cf240be18b68f8855d0583faca"},"headline":"El Grup de treball de g\u00e8nere ja est\u00e0 en marxa!","datePublished":"2013-03-07T14:56:02+00:00","dateModified":"2019-10-15T16:50:44+00:00","mainEntityOfPage":{"@id":"https:\/\/www.esplac.cat\/el-grup-de-treball-de-genere-ja-esta-en-marxa\/"},"wordCount":346,"commentCount":0,"publisher":{"@id":"https:\/\/www.esplac.cat\/#organization"},"image":{"@id":"https:\/\/www.esplac.cat\/el-grup-de-treball-de-genere-ja-esta-en-marxa\/#primaryimage"},"thumbnailUrl":"https:\/\/www.esplac.cat\/wp-content\/uploads\/2013\/02\/DSC08123.jpg","keywords":["g\u00e8nere"],"articleSection":["Activitats comissions i grups de treball"],"inLanguage":"en-US","potentialAction":[{"@type":"CommentAction","name":"Comment","target":["https:\/\/www.esplac.cat\/el-grup-de-treball-de-genere-ja-esta-en-marxa\/#respond"]}]},{"@type":"WebPage","@id":"https:\/\/www.esplac.cat\/el-grup-de-treball-de-genere-ja-esta-en-marxa\/","url":"https:\/\/www.esplac.cat\/el-grup-de-treball-de-genere-ja-esta-en-marxa\/","name":"El Grup de treball de g\u00e8nere ja est\u00e0 en marxa! - Esplac","isPartOf":{"@id":"https:\/\/www.esplac.cat\/#website"},"primaryImageOfPage":{"@id":"https:\/\/www.esplac.cat\/el-grup-de-treball-de-genere-ja-esta-en-marxa\/#primaryimage"},"image":{"@id":"https:\/\/www.esplac.cat\/el-grup-de-treball-de-genere-ja-esta-en-marxa\/#primaryimage"},"thumbnailUrl":"https:\/\/www.esplac.cat\/wp-content\/uploads\/2013\/02\/DSC08123.jpg","datePublished":"2013-03-07T14:56:02+00:00","dateModified":"2019-10-15T16:50:44+00:00","breadcrumb":{"@id":"https:\/\/www.esplac.cat\/el-grup-de-treball-de-genere-ja-esta-en-marxa\/#breadcrumb"},"inLanguage":"en-US","potentialAction":[{"@type":"ReadAction","target":["https:\/\/www.esplac.cat\/el-grup-de-treball-de-genere-ja-esta-en-marxa\/"]}]},{"@type":"ImageObject","inLanguage":"en-US","@id":"https:\/\/www.esplac.cat\/el-grup-de-treball-de-genere-ja-esta-en-marxa\/#primaryimage","url":"https:\/\/www.esplac.cat\/wp-content\/uploads\/2013\/02\/DSC08123.jpg","contentUrl":"https:\/\/www.esplac.cat\/wp-content\/uploads\/2013\/02\/DSC08123.jpg","width":3872,"height":2176},{"@type":"BreadcrumbList","@id":"https:\/\/www.esplac.cat\/el-grup-de-treball-de-genere-ja-esta-en-marxa\/#breadcrumb","itemListElement":[{"@type":"ListItem","position":1,"name":"Inici","item":"https:\/\/www.esplac.cat\/en\/"},{"@type":"ListItem","position":2,"name":"El Grup de treball de g\u00e8nere ja est\u00e0 en marxa!"}]},{"@type":"WebSite","@id":"https:\/\/www.esplac.cat\/#website","url":"https:\/\/www.esplac.cat\/","name":"Esplac","description":"Esplais Catalans","publisher":{"@id":"https:\/\/www.esplac.cat\/#organization"},"potentialAction":[{"@type":"SearchAction","target":{"@type":"EntryPoint","urlTemplate":"https:\/\/www.esplac.cat\/?s={search_term_string}"},"query-input":{"@type":"PropertyValueSpecification","valueRequired":true,"valueName":"search_term_string"}}],"inLanguage":"en-US"},{"@type":"Organization","@id":"https:\/\/www.esplac.cat\/#organization","name":"Esplac","url":"https:\/\/www.esplac.cat\/","logo":{"@type":"ImageObject","inLanguage":"en-US","@id":"https:\/\/www.esplac.cat\/#\/schema\/logo\/image\/","url":"https:\/\/www.esplac.cat\/wp-content\/uploads\/2019\/08\/logox2.png","contentUrl":"https:\/\/www.esplac.cat\/wp-content\/uploads\/2019\/08\/logox2.png","width":600,"height":295,"caption":"Esplac"},"image":{"@id":"https:\/\/www.esplac.cat\/#\/schema\/logo\/image\/"}},{"@type":"Person","@id":"https:\/\/www.esplac.cat\/#\/schema\/person\/908383cf240be18b68f8855d0583faca","name":"Comunicaci\u00f3 Esplac","image":{"@type":"ImageObject","inLanguage":"en-US","@id":"https:\/\/secure.gravatar.com\/avatar\/7a4cf8feb412a76ea4a740ca02d95b06b2907b5a6c648c2dd0a1082a093c3141?s=96&d=mm&r=g","url":"https:\/\/secure.gravatar.com\/avatar\/7a4cf8feb412a76ea4a740ca02d95b06b2907b5a6c648c2dd0a1082a093c3141?s=96&d=mm&r=g","contentUrl":"https:\/\/secure.gravatar.com\/avatar\/7a4cf8feb412a76ea4a740ca02d95b06b2907b5a6c648c2dd0a1082a093c3141?s=96&d=mm&r=g","caption":"Comunicaci\u00f3 Esplac"}}]}},"_links":{"self":[{"href":"https:\/\/www.esplac.cat\/en\/wp-json\/wp\/v2\/posts\/25961","targetHints":{"allow":["GET"]}}],"collection":[{"href":"https:\/\/www.esplac.cat\/en\/wp-json\/wp\/v2\/posts"}],"about":[{"href":"https:\/\/www.esplac.cat\/en\/wp-json\/wp\/v2\/types\/post"}],"author":[{"embeddable":true,"href":"https:\/\/www.esplac.cat\/en\/wp-json\/wp\/v2\/users\/3"}],"replies":[{"embeddable":true,"href":"https:\/\/www.esplac.cat\/en\/wp-json\/wp\/v2\/comments?post=25961"}],"version-history":[{"count":0,"href":"https:\/\/www.esplac.cat\/en\/wp-json\/wp\/v2\/posts\/25961\/revisions"}],"wp:featuredmedia":[{"embeddable":true,"href":"https:\/\/www.esplac.cat\/en\/wp-json\/wp\/v2\/media\/25604"}],"wp:attachment":[{"href":"https:\/\/www.esplac.cat\/en\/wp-json\/wp\/v2\/media?parent=25961"}],"wp:term":[{"taxonomy":"category","embeddable":true,"href":"https:\/\/www.esplac.cat\/en\/wp-json\/wp\/v2\/categories?post=25961"},{"taxonomy":"post_tag","embeddable":true,"href":"https:\/\/www.esplac.cat\/en\/wp-json\/wp\/v2\/tags?post=25961"}],"curies":[{"name":"wp","href":"https:\/\/api.w.org\/{rel}","templated":true}]}}