{"id":25982,"date":"2013-02-11T10:00:18","date_gmt":"2013-02-11T08:00:18","guid":{"rendered":"http:\/\/esplac.cat\/?p=2708"},"modified":"2013-02-11T10:00:18","modified_gmt":"2013-02-11T08:00:18","slug":"compartim-dinamiques-per-treballar-el-genere-i-la-diversitat-sexual-a-lesplai-amb-els-mes-petits","status":"publish","type":"post","link":"https:\/\/www.esplac.cat\/en\/compartim-dinamiques-per-treballar-el-genere-i-la-diversitat-sexual-a-lesplai-amb-els-mes-petits\/","title":{"rendered":"Compartim din\u00e0miques per treballar el g\u00e8nere i la diversitat sexual a l&#8217;esplai amb els m\u00e9s petits"},"content":{"rendered":"<p style=\"text-align: left;\" align=\"JUSTIFY\">Us interessa el g\u00e8nere? Ara que tot just a Esplais Catalans est\u00e0 naixent el <strong>grup de treball de g\u00e8nere<\/strong>, i que creix l\u2019<span style=\"color: #000080;\"><span style=\"text-decoration: underline;\"><a href=\"http:\/\/esplac.cat\/va-de-genere-jornade\/\">inter\u00e8s en aquest tema de forma not\u00f2ria entre les monitores i els monitors<\/a><\/span><\/span>, volem compartir amb vosaltres una sessi\u00f3 per con\u00e8ixer el <span style=\"color: #000080;\"><span style=\"text-decoration: underline;\"><a href=\"http:\/\/www.ifm-sei.org\/toolbox\/rainbow-resources\">Rainbow Resources<\/a><\/span><\/span>.<\/p>\n<p style=\"text-align: left;\" align=\"JUSTIFY\"><strong><span style=\"color: #ff6600;\">Qu\u00e8 \u00e9s?<\/span><br \/>\n<\/strong>Doncs un recull d\u2019activitats i tamb\u00e9 d\u2019informaci\u00f3 pr\u00e0ctica per treballar des de ben petits el g\u00e8nere amb els infants. Hi ha molts recursos sobre activitats i din\u00e0miques per treballar aquest tema amb joves i adolescents (el banc de recursos de l\u2019ASSAC n\u2019\u00e9s un exemple), per\u00f2 no n\u2019hi ha tants per treballar-ho amb infants. Aix\u00f2 \u00e9s el que van observar desde l\u2019IFM-SEI (federaci\u00f3 internacional de la que Esplais Catalans en forma part) i van decidir posar-hi remei amb el \u201c<strong>Rainbow Resources<\/strong>\u201d elaborat amb la participaci\u00f3 de les entitats que hi formen part.<\/p>\n<p style=\"text-align: left;\" align=\"JUSTIFY\">Aquesta sessi\u00f3 neix fruit d\u2019una formaci\u00f3 internacional (a c\u00e0rrec d&#8217;aquesta entitat) en la que vam participar el passat mes de novembre tres monitores d\u2019Esplais Catalans, on vam treballar una s\u00e8rie de recursos per treballar el g\u00e8nere amb els m\u00e9s petits (6 a 12 anys).<\/p>\n<p style=\"text-align: left;\" align=\"JUSTIFY\"><strong><span style=\"color: #ff6600;\">Qu\u00e8 pretenem?<\/span><br \/>\n<\/strong> Doncs que tot all\u00f2 que vam aprendre no es quedi nom\u00e9s en el nostre entorn m\u00e9s proper i poder multiplicar l\u2019efecte al m\u00e0xim de gent interessada possible i poder oferir recursos pedag\u00f2gics de forma directa, \u00e9s a dir, activitats per fer amb els infants de l\u2019esplai. Ser\u00e0 una <strong>sessi\u00f3 pr\u00e0ctica de 4h en la qual pretenem investigar i remenar de forma pr\u00e0ctica aquesta eina tant valuosa de l\u2019IFM-SEI<\/strong>.<\/p>\n<ul style=\"text-align: left;\">\n<li>Data: Dissabte 9 de mar\u00e7 de 2013<\/li>\n<li>Horari: 10h a 14h<\/li>\n<li>Lloc: Esplais Catalans (Aviny\u00f3 44, 2n pis \u2013 Barcelona)<\/li>\n<li>Places: m\u00e0xim 20 persones (segons ordre d&#8217;inscripci\u00f3)<\/li>\n<li>Com apuntar-se: si ets moni d&#8217;Esplac, a trav\u00e9s de l&#8217;<span style=\"color: #000080;\"><span style=\"text-decoration: underline;\"><a href=\"http:\/\/assac.esplac.cat\/\">ASSAC online<\/a><\/span><\/span>. Si vas participar a les <span style=\"color: #000080;\"><span style=\"text-decoration: underline;\"><a href=\"http:\/\/lleureisexisme.wordpress.com\/\">Jornades de \u201cLleure i Sexisme\u201d<\/a><\/span><\/span> i no ets d&#8217;Esplais Catalans, fes un mail a <span style=\"color: #000080;\"><span style=\"text-decoration: underline;\"><a href=\"mailto:suportprojectes@esplac.cat\">suportprojectes@esplac.cat<\/a><\/span><\/span><\/li>\n<\/ul>\n<p style=\"text-align: left;\" align=\"JUSTIFY\">Consultes: <span style=\"color: #000080;\"><span style=\"text-decoration: underline;\"><a href=\"mailto:suportprojectes@esplac.cat\">suportprojectes@esplac.cat<\/a><\/span><\/span><\/p>\n","protected":false},"excerpt":{"rendered":"<p>Us interessa el g\u00e8nere? Ara que tot just a Esplais [&hellip;]<\/p>\n","protected":false},"author":3,"featured_media":25983,"comment_status":"open","ping_status":"open","sticky":false,"template":"","format":"standard","meta":{"om_disable_all_campaigns":false,"_monsterinsights_skip_tracking":false,"_monsterinsights_sitenote_active":false,"_monsterinsights_sitenote_note":"","_monsterinsights_sitenote_category":0,"_uf_show_specific_survey":0,"_uf_disable_surveys":false,"footnotes":""},"categories":[1131],"tags":[58],"class_list":["post-25982","post","type-post","status-publish","format-standard","has-post-thumbnail","hentry","category-cursos-formacions","tag-genere"],"yoast_head":"<!-- This site is optimized with the Yoast SEO plugin v27.5 - https:\/\/yoast.com\/product\/yoast-seo-wordpress\/ -->\n<title>Compartim din\u00e0miques per treballar el g\u00e8nere i la diversitat sexual a l&#039;esplai amb els m\u00e9s petits - Esplac<\/title>\n<meta name=\"robots\" content=\"index, follow, max-snippet:-1, max-image-preview:large, max-video-preview:-1\" \/>\n<link rel=\"canonical\" href=\"https:\/\/www.esplac.cat\/compartim-dinamiques-per-treballar-el-genere-i-la-diversitat-sexual-a-lesplai-amb-els-mes-petits\/\" \/>\n<meta property=\"og:locale\" content=\"en_US\" \/>\n<meta property=\"og:type\" content=\"article\" \/>\n<meta property=\"og:title\" content=\"Compartim din\u00e0miques per treballar el g\u00e8nere i la diversitat sexual a l&#039;esplai amb els m\u00e9s petits - Esplac\" \/>\n<meta property=\"og:description\" content=\"Us interessa el g\u00e8nere? Ara que tot just a Esplais [&hellip;]\" \/>\n<meta property=\"og:url\" content=\"https:\/\/www.esplac.cat\/compartim-dinamiques-per-treballar-el-genere-i-la-diversitat-sexual-a-lesplai-amb-els-mes-petits\/\" \/>\n<meta property=\"og:site_name\" content=\"Esplac\" \/>\n<meta property=\"article:published_time\" content=\"2013-02-11T08:00:18+00:00\" \/>\n<meta property=\"og:image\" content=\"https:\/\/www.esplac.cat\/wp-content\/uploads\/2013\/02\/DSC03421-1024x768.jpg\" \/>\n\t<meta property=\"og:image:width\" content=\"1024\" \/>\n\t<meta property=\"og:image:height\" content=\"768\" \/>\n\t<meta property=\"og:image:type\" content=\"image\/jpeg\" \/>\n<meta name=\"author\" content=\"Comunicaci\u00f3 Esplac\" \/>\n<meta name=\"twitter:card\" content=\"summary_large_image\" \/>\n<meta name=\"twitter:label1\" content=\"Written by\" \/>\n\t<meta name=\"twitter:data1\" content=\"Comunicaci\u00f3 Esplac\" \/>\n\t<meta name=\"twitter:label2\" content=\"Est. reading time\" \/>\n\t<meta name=\"twitter:data2\" content=\"2 minutes\" \/>\n<script type=\"application\/ld+json\" class=\"yoast-schema-graph\">{\"@context\":\"https:\\\/\\\/schema.org\",\"@graph\":[{\"@type\":\"Article\",\"@id\":\"https:\\\/\\\/www.esplac.cat\\\/compartim-dinamiques-per-treballar-el-genere-i-la-diversitat-sexual-a-lesplai-amb-els-mes-petits\\\/#article\",\"isPartOf\":{\"@id\":\"https:\\\/\\\/www.esplac.cat\\\/compartim-dinamiques-per-treballar-el-genere-i-la-diversitat-sexual-a-lesplai-amb-els-mes-petits\\\/\"},\"author\":{\"name\":\"Comunicaci\u00f3 Esplac\",\"@id\":\"https:\\\/\\\/www.esplac.cat\\\/#\\\/schema\\\/person\\\/908383cf240be18b68f8855d0583faca\"},\"headline\":\"Compartim din\u00e0miques per treballar el g\u00e8nere i la diversitat sexual a l&#8217;esplai amb els m\u00e9s petits\",\"datePublished\":\"2013-02-11T08:00:18+00:00\",\"mainEntityOfPage\":{\"@id\":\"https:\\\/\\\/www.esplac.cat\\\/compartim-dinamiques-per-treballar-el-genere-i-la-diversitat-sexual-a-lesplai-amb-els-mes-petits\\\/\"},\"wordCount\":367,\"commentCount\":0,\"publisher\":{\"@id\":\"https:\\\/\\\/www.esplac.cat\\\/#organization\"},\"image\":{\"@id\":\"https:\\\/\\\/www.esplac.cat\\\/compartim-dinamiques-per-treballar-el-genere-i-la-diversitat-sexual-a-lesplai-amb-els-mes-petits\\\/#primaryimage\"},\"thumbnailUrl\":\"https:\\\/\\\/www.esplac.cat\\\/wp-content\\\/uploads\\\/2013\\\/02\\\/DSC03421.jpg\",\"keywords\":[\"g\u00e8nere\"],\"articleSection\":[\"Cursos i formacions\"],\"inLanguage\":\"en-US\",\"potentialAction\":[{\"@type\":\"CommentAction\",\"name\":\"Comment\",\"target\":[\"https:\\\/\\\/www.esplac.cat\\\/compartim-dinamiques-per-treballar-el-genere-i-la-diversitat-sexual-a-lesplai-amb-els-mes-petits\\\/#respond\"]}]},{\"@type\":\"WebPage\",\"@id\":\"https:\\\/\\\/www.esplac.cat\\\/compartim-dinamiques-per-treballar-el-genere-i-la-diversitat-sexual-a-lesplai-amb-els-mes-petits\\\/\",\"url\":\"https:\\\/\\\/www.esplac.cat\\\/compartim-dinamiques-per-treballar-el-genere-i-la-diversitat-sexual-a-lesplai-amb-els-mes-petits\\\/\",\"name\":\"Compartim din\u00e0miques per treballar el g\u00e8nere i la diversitat sexual a l'esplai amb els m\u00e9s petits - Esplac\",\"isPartOf\":{\"@id\":\"https:\\\/\\\/www.esplac.cat\\\/#website\"},\"primaryImageOfPage\":{\"@id\":\"https:\\\/\\\/www.esplac.cat\\\/compartim-dinamiques-per-treballar-el-genere-i-la-diversitat-sexual-a-lesplai-amb-els-mes-petits\\\/#primaryimage\"},\"image\":{\"@id\":\"https:\\\/\\\/www.esplac.cat\\\/compartim-dinamiques-per-treballar-el-genere-i-la-diversitat-sexual-a-lesplai-amb-els-mes-petits\\\/#primaryimage\"},\"thumbnailUrl\":\"https:\\\/\\\/www.esplac.cat\\\/wp-content\\\/uploads\\\/2013\\\/02\\\/DSC03421.jpg\",\"datePublished\":\"2013-02-11T08:00:18+00:00\",\"breadcrumb\":{\"@id\":\"https:\\\/\\\/www.esplac.cat\\\/compartim-dinamiques-per-treballar-el-genere-i-la-diversitat-sexual-a-lesplai-amb-els-mes-petits\\\/#breadcrumb\"},\"inLanguage\":\"en-US\",\"potentialAction\":[{\"@type\":\"ReadAction\",\"target\":[\"https:\\\/\\\/www.esplac.cat\\\/compartim-dinamiques-per-treballar-el-genere-i-la-diversitat-sexual-a-lesplai-amb-els-mes-petits\\\/\"]}]},{\"@type\":\"ImageObject\",\"inLanguage\":\"en-US\",\"@id\":\"https:\\\/\\\/www.esplac.cat\\\/compartim-dinamiques-per-treballar-el-genere-i-la-diversitat-sexual-a-lesplai-amb-els-mes-petits\\\/#primaryimage\",\"url\":\"https:\\\/\\\/www.esplac.cat\\\/wp-content\\\/uploads\\\/2013\\\/02\\\/DSC03421.jpg\",\"contentUrl\":\"https:\\\/\\\/www.esplac.cat\\\/wp-content\\\/uploads\\\/2013\\\/02\\\/DSC03421.jpg\",\"width\":4320,\"height\":3240},{\"@type\":\"BreadcrumbList\",\"@id\":\"https:\\\/\\\/www.esplac.cat\\\/compartim-dinamiques-per-treballar-el-genere-i-la-diversitat-sexual-a-lesplai-amb-els-mes-petits\\\/#breadcrumb\",\"itemListElement\":[{\"@type\":\"ListItem\",\"position\":1,\"name\":\"Inici\",\"item\":\"https:\\\/\\\/www.esplac.cat\\\/en\\\/\"},{\"@type\":\"ListItem\",\"position\":2,\"name\":\"Compartim din\u00e0miques per treballar el g\u00e8nere i la diversitat sexual a l&#8217;esplai amb els m\u00e9s petits\"}]},{\"@type\":\"WebSite\",\"@id\":\"https:\\\/\\\/www.esplac.cat\\\/#website\",\"url\":\"https:\\\/\\\/www.esplac.cat\\\/\",\"name\":\"Esplac\",\"description\":\"Esplais Catalans\",\"publisher\":{\"@id\":\"https:\\\/\\\/www.esplac.cat\\\/#organization\"},\"potentialAction\":[{\"@type\":\"SearchAction\",\"target\":{\"@type\":\"EntryPoint\",\"urlTemplate\":\"https:\\\/\\\/www.esplac.cat\\\/?s={search_term_string}\"},\"query-input\":{\"@type\":\"PropertyValueSpecification\",\"valueRequired\":true,\"valueName\":\"search_term_string\"}}],\"inLanguage\":\"en-US\"},{\"@type\":\"Organization\",\"@id\":\"https:\\\/\\\/www.esplac.cat\\\/#organization\",\"name\":\"Esplac\",\"url\":\"https:\\\/\\\/www.esplac.cat\\\/\",\"logo\":{\"@type\":\"ImageObject\",\"inLanguage\":\"en-US\",\"@id\":\"https:\\\/\\\/www.esplac.cat\\\/#\\\/schema\\\/logo\\\/image\\\/\",\"url\":\"https:\\\/\\\/www.esplac.cat\\\/wp-content\\\/uploads\\\/2019\\\/08\\\/logox2.png\",\"contentUrl\":\"https:\\\/\\\/www.esplac.cat\\\/wp-content\\\/uploads\\\/2019\\\/08\\\/logox2.png\",\"width\":600,\"height\":295,\"caption\":\"Esplac\"},\"image\":{\"@id\":\"https:\\\/\\\/www.esplac.cat\\\/#\\\/schema\\\/logo\\\/image\\\/\"}},{\"@type\":\"Person\",\"@id\":\"https:\\\/\\\/www.esplac.cat\\\/#\\\/schema\\\/person\\\/908383cf240be18b68f8855d0583faca\",\"name\":\"Comunicaci\u00f3 Esplac\",\"image\":{\"@type\":\"ImageObject\",\"inLanguage\":\"en-US\",\"@id\":\"https:\\\/\\\/secure.gravatar.com\\\/avatar\\\/7a4cf8feb412a76ea4a740ca02d95b06b2907b5a6c648c2dd0a1082a093c3141?s=96&d=mm&r=g\",\"url\":\"https:\\\/\\\/secure.gravatar.com\\\/avatar\\\/7a4cf8feb412a76ea4a740ca02d95b06b2907b5a6c648c2dd0a1082a093c3141?s=96&d=mm&r=g\",\"contentUrl\":\"https:\\\/\\\/secure.gravatar.com\\\/avatar\\\/7a4cf8feb412a76ea4a740ca02d95b06b2907b5a6c648c2dd0a1082a093c3141?s=96&d=mm&r=g\",\"caption\":\"Comunicaci\u00f3 Esplac\"}}]}<\/script>\n<!-- \/ Yoast SEO plugin. -->","yoast_head_json":{"title":"Compartim din\u00e0miques per treballar el g\u00e8nere i la diversitat sexual a l'esplai amb els m\u00e9s petits - Esplac","robots":{"index":"index","follow":"follow","max-snippet":"max-snippet:-1","max-image-preview":"max-image-preview:large","max-video-preview":"max-video-preview:-1"},"canonical":"https:\/\/www.esplac.cat\/compartim-dinamiques-per-treballar-el-genere-i-la-diversitat-sexual-a-lesplai-amb-els-mes-petits\/","og_locale":"en_US","og_type":"article","og_title":"Compartim din\u00e0miques per treballar el g\u00e8nere i la diversitat sexual a l'esplai amb els m\u00e9s petits - Esplac","og_description":"Us interessa el g\u00e8nere? Ara que tot just a Esplais [&hellip;]","og_url":"https:\/\/www.esplac.cat\/compartim-dinamiques-per-treballar-el-genere-i-la-diversitat-sexual-a-lesplai-amb-els-mes-petits\/","og_site_name":"Esplac","article_published_time":"2013-02-11T08:00:18+00:00","og_image":[{"width":1024,"height":768,"url":"https:\/\/www.esplac.cat\/wp-content\/uploads\/2013\/02\/DSC03421-1024x768.jpg","type":"image\/jpeg"}],"author":"Comunicaci\u00f3 Esplac","twitter_card":"summary_large_image","twitter_misc":{"Written by":"Comunicaci\u00f3 Esplac","Est. reading time":"2 minutes"},"schema":{"@context":"https:\/\/schema.org","@graph":[{"@type":"Article","@id":"https:\/\/www.esplac.cat\/compartim-dinamiques-per-treballar-el-genere-i-la-diversitat-sexual-a-lesplai-amb-els-mes-petits\/#article","isPartOf":{"@id":"https:\/\/www.esplac.cat\/compartim-dinamiques-per-treballar-el-genere-i-la-diversitat-sexual-a-lesplai-amb-els-mes-petits\/"},"author":{"name":"Comunicaci\u00f3 Esplac","@id":"https:\/\/www.esplac.cat\/#\/schema\/person\/908383cf240be18b68f8855d0583faca"},"headline":"Compartim din\u00e0miques per treballar el g\u00e8nere i la diversitat sexual a l&#8217;esplai amb els m\u00e9s petits","datePublished":"2013-02-11T08:00:18+00:00","mainEntityOfPage":{"@id":"https:\/\/www.esplac.cat\/compartim-dinamiques-per-treballar-el-genere-i-la-diversitat-sexual-a-lesplai-amb-els-mes-petits\/"},"wordCount":367,"commentCount":0,"publisher":{"@id":"https:\/\/www.esplac.cat\/#organization"},"image":{"@id":"https:\/\/www.esplac.cat\/compartim-dinamiques-per-treballar-el-genere-i-la-diversitat-sexual-a-lesplai-amb-els-mes-petits\/#primaryimage"},"thumbnailUrl":"https:\/\/www.esplac.cat\/wp-content\/uploads\/2013\/02\/DSC03421.jpg","keywords":["g\u00e8nere"],"articleSection":["Cursos i formacions"],"inLanguage":"en-US","potentialAction":[{"@type":"CommentAction","name":"Comment","target":["https:\/\/www.esplac.cat\/compartim-dinamiques-per-treballar-el-genere-i-la-diversitat-sexual-a-lesplai-amb-els-mes-petits\/#respond"]}]},{"@type":"WebPage","@id":"https:\/\/www.esplac.cat\/compartim-dinamiques-per-treballar-el-genere-i-la-diversitat-sexual-a-lesplai-amb-els-mes-petits\/","url":"https:\/\/www.esplac.cat\/compartim-dinamiques-per-treballar-el-genere-i-la-diversitat-sexual-a-lesplai-amb-els-mes-petits\/","name":"Compartim din\u00e0miques per treballar el g\u00e8nere i la diversitat sexual a l'esplai amb els m\u00e9s petits - Esplac","isPartOf":{"@id":"https:\/\/www.esplac.cat\/#website"},"primaryImageOfPage":{"@id":"https:\/\/www.esplac.cat\/compartim-dinamiques-per-treballar-el-genere-i-la-diversitat-sexual-a-lesplai-amb-els-mes-petits\/#primaryimage"},"image":{"@id":"https:\/\/www.esplac.cat\/compartim-dinamiques-per-treballar-el-genere-i-la-diversitat-sexual-a-lesplai-amb-els-mes-petits\/#primaryimage"},"thumbnailUrl":"https:\/\/www.esplac.cat\/wp-content\/uploads\/2013\/02\/DSC03421.jpg","datePublished":"2013-02-11T08:00:18+00:00","breadcrumb":{"@id":"https:\/\/www.esplac.cat\/compartim-dinamiques-per-treballar-el-genere-i-la-diversitat-sexual-a-lesplai-amb-els-mes-petits\/#breadcrumb"},"inLanguage":"en-US","potentialAction":[{"@type":"ReadAction","target":["https:\/\/www.esplac.cat\/compartim-dinamiques-per-treballar-el-genere-i-la-diversitat-sexual-a-lesplai-amb-els-mes-petits\/"]}]},{"@type":"ImageObject","inLanguage":"en-US","@id":"https:\/\/www.esplac.cat\/compartim-dinamiques-per-treballar-el-genere-i-la-diversitat-sexual-a-lesplai-amb-els-mes-petits\/#primaryimage","url":"https:\/\/www.esplac.cat\/wp-content\/uploads\/2013\/02\/DSC03421.jpg","contentUrl":"https:\/\/www.esplac.cat\/wp-content\/uploads\/2013\/02\/DSC03421.jpg","width":4320,"height":3240},{"@type":"BreadcrumbList","@id":"https:\/\/www.esplac.cat\/compartim-dinamiques-per-treballar-el-genere-i-la-diversitat-sexual-a-lesplai-amb-els-mes-petits\/#breadcrumb","itemListElement":[{"@type":"ListItem","position":1,"name":"Inici","item":"https:\/\/www.esplac.cat\/en\/"},{"@type":"ListItem","position":2,"name":"Compartim din\u00e0miques per treballar el g\u00e8nere i la diversitat sexual a l&#8217;esplai amb els m\u00e9s petits"}]},{"@type":"WebSite","@id":"https:\/\/www.esplac.cat\/#website","url":"https:\/\/www.esplac.cat\/","name":"Esplac","description":"Esplais Catalans","publisher":{"@id":"https:\/\/www.esplac.cat\/#organization"},"potentialAction":[{"@type":"SearchAction","target":{"@type":"EntryPoint","urlTemplate":"https:\/\/www.esplac.cat\/?s={search_term_string}"},"query-input":{"@type":"PropertyValueSpecification","valueRequired":true,"valueName":"search_term_string"}}],"inLanguage":"en-US"},{"@type":"Organization","@id":"https:\/\/www.esplac.cat\/#organization","name":"Esplac","url":"https:\/\/www.esplac.cat\/","logo":{"@type":"ImageObject","inLanguage":"en-US","@id":"https:\/\/www.esplac.cat\/#\/schema\/logo\/image\/","url":"https:\/\/www.esplac.cat\/wp-content\/uploads\/2019\/08\/logox2.png","contentUrl":"https:\/\/www.esplac.cat\/wp-content\/uploads\/2019\/08\/logox2.png","width":600,"height":295,"caption":"Esplac"},"image":{"@id":"https:\/\/www.esplac.cat\/#\/schema\/logo\/image\/"}},{"@type":"Person","@id":"https:\/\/www.esplac.cat\/#\/schema\/person\/908383cf240be18b68f8855d0583faca","name":"Comunicaci\u00f3 Esplac","image":{"@type":"ImageObject","inLanguage":"en-US","@id":"https:\/\/secure.gravatar.com\/avatar\/7a4cf8feb412a76ea4a740ca02d95b06b2907b5a6c648c2dd0a1082a093c3141?s=96&d=mm&r=g","url":"https:\/\/secure.gravatar.com\/avatar\/7a4cf8feb412a76ea4a740ca02d95b06b2907b5a6c648c2dd0a1082a093c3141?s=96&d=mm&r=g","contentUrl":"https:\/\/secure.gravatar.com\/avatar\/7a4cf8feb412a76ea4a740ca02d95b06b2907b5a6c648c2dd0a1082a093c3141?s=96&d=mm&r=g","caption":"Comunicaci\u00f3 Esplac"}}]}},"_links":{"self":[{"href":"https:\/\/www.esplac.cat\/en\/wp-json\/wp\/v2\/posts\/25982","targetHints":{"allow":["GET"]}}],"collection":[{"href":"https:\/\/www.esplac.cat\/en\/wp-json\/wp\/v2\/posts"}],"about":[{"href":"https:\/\/www.esplac.cat\/en\/wp-json\/wp\/v2\/types\/post"}],"author":[{"embeddable":true,"href":"https:\/\/www.esplac.cat\/en\/wp-json\/wp\/v2\/users\/3"}],"replies":[{"embeddable":true,"href":"https:\/\/www.esplac.cat\/en\/wp-json\/wp\/v2\/comments?post=25982"}],"version-history":[{"count":0,"href":"https:\/\/www.esplac.cat\/en\/wp-json\/wp\/v2\/posts\/25982\/revisions"}],"wp:featuredmedia":[{"embeddable":true,"href":"https:\/\/www.esplac.cat\/en\/wp-json\/wp\/v2\/media\/25983"}],"wp:attachment":[{"href":"https:\/\/www.esplac.cat\/en\/wp-json\/wp\/v2\/media?parent=25982"}],"wp:term":[{"taxonomy":"category","embeddable":true,"href":"https:\/\/www.esplac.cat\/en\/wp-json\/wp\/v2\/categories?post=25982"},{"taxonomy":"post_tag","embeddable":true,"href":"https:\/\/www.esplac.cat\/en\/wp-json\/wp\/v2\/tags?post=25982"}],"curies":[{"name":"wp","href":"https:\/\/api.w.org\/{rel}","templated":true}]}}