{"id":25984,"date":"2013-02-08T16:19:00","date_gmt":"2013-02-08T14:19:00","guid":{"rendered":"http:\/\/esplac.cat\/?p=2713"},"modified":"2013-02-08T16:19:00","modified_gmt":"2013-02-08T14:19:00","slug":"activitats-de-formacio-als-baltics","status":"publish","type":"post","link":"https:\/\/www.esplac.cat\/en\/activitats-de-formacio-als-baltics\/","title":{"rendered":"Activitats de formaci\u00f3 als B\u00e0ltics"},"content":{"rendered":"<p style=\"text-align: left;\" lang=\"ca-ES\" align=\"CENTER\">Obertes les places per participar a tres activitats organitzades pels Liepajas Jaunie Vanagi (Let\u00f2nia) i els Lithuanian Young Falcon Union (Litu\u00e0nia).<\/p>\n<ul style=\"text-align: left;\">\n<li>\n<p align=\"JUSTIFY\"><strong>Seminari \u201cRight-wing extremism\u201d<\/strong> (Vilnius, Lithuania), 28 d&#8217;abril \u2013 5 de maig de 2013<\/p>\n<\/li>\n<\/ul>\n<p style=\"text-align: left;\" align=\"JUSTIFY\">Seminari que treballar\u00e0 quins s\u00f3n els or\u00edgens i manifestacions dels moviments d&#8217;extrema dreta a Europe, i com afecta a persones i col\u00b7lectius. Tamb\u00e9 s&#8217;exploraran estrat\u00e8gies de no viol\u00e8ncia per combatre l&#8217;extrema dreta, inclosa una acci\u00f3 al carrer contra el racisme a Vilnius conjuntament amb actors i actrius de carrer. Si us interessa l&#8217;activitat, llegiu el document \u201c<a href=\"http:\/\/esplac.cat\/wp-content\/uploads\/2013\/02\/Call-for-Participants.pdf\">Call for Participants<\/a>\u201d i, si hi voleu participar, ompliu el document \u201c<a href=\"http:\/\/esplac.cat\/wp-content\/uploads\/2013\/02\/Registration-Form-Right-Wing-Extremism.doc\">Registration Form Right Wing Extremism<\/a>\u201d. El termini per enviar la sol\u00b7licitud \u00e9s el 18 de mar\u00e7 de 2013, i cal enviar-la a <a href=\"mailto:internacional@esplac.cat\">internacional@esplac.cat<\/a> i <a href=\"mailto:contact@ifm-sei.org\">contact@ifm-sei.org<\/a>.<\/p>\n<ul style=\"text-align: left;\">\n<li>\n<p align=\"JUSTIFY\"><strong>Curs de formaci\u00f3 \u201cInclude your will power!\u201d<\/strong> (regi\u00f3 de Liepaja, Let\u00f2nia), 23 de mar\u00e7 \u2013 1 d&#8217;abril de 2013<\/p>\n<\/li>\n<\/ul>\n<p style=\"text-align: left;\" align=\"JUSTIFY\">Curs de formaci\u00f3 que te per objectiu treballar eines i coneixements per treballar amb joves en risc social, fent \u00fas d&#8217;eines d&#8217;educaci\u00f3 no formal basades en la inclusi\u00f3 social. Es treballaran temes de drets humans, inclusi\u00f3 social, s&#8217;analitzaran i compartiran problem\u00e0tiques europees, i es treballaran manuals que poden servir per les activitats que monitors i monitors fem als esplais. Esplac pot enviar a 4 participants. Seria ideal que una de les places la cobr\u00eds un mestre d&#8217;educaci\u00f3 formal (aix\u00ed ens ho han demanat els organitzadors). Si us interessa l&#8217;activitat, llegiu el document \u201cInclude your will power invitation\u201d i, si hi voleu participar, ompliu el document \u201c<a href=\"http:\/\/esplac.cat\/wp-content\/uploads\/2013\/02\/Application-Use-your-will-power.doc\">Application Use your will power<\/a>\u201d. El termini per enviar la sol\u00b7licitud \u00e9s el 22 de febrer de 2013, i cal enviar-la a <a href=\"mailto:internacional@esplac.cat\">internacional@esplac.cat<\/a> i <a href=\"mailto:ligad@inbox.lv\">ligad@inbox.lv<\/a><\/p>\n<ul style=\"text-align: left;\">\n<li>\n<p align=\"JUSTIFY\"><strong>Projecte \u201cGather together\u201d<\/strong> (Liepajas, Let\u00f2nia), 1 de juliol \u2013 31 d&#8217;agost de 2013<\/p>\n<\/li>\n<\/ul>\n<p style=\"text-align: left;\" align=\"JUSTIFY\">Voluntariat europeu de curta durada (2 mesos) a l&#8217;entitat Liepajas Jaunie Vanagi. Les 4 persones volunt\u00e0ries (18-30 anys) que pot enviar Esplac organitzaran activitats d&#8217;educaci\u00f3 no formal per a infants en el marc de les activitats d&#8217;estiu de l&#8217;associaci\u00f3 d&#8217;acollida. Les participants hauran de tenir un coneixement b\u00e0sic d&#8217;angl\u00e8s. Si us interessa l&#8217;activitat, podeu llegir m\u00e9s informaci\u00f3 al document \u201c<a href=\"http:\/\/esplac.cat\/wp-content\/uploads\/2013\/02\/Ladies-and-gentlemen-group-EVS.docx\">Ladies and gentlemen group EVS<\/a>\u201d i \u201c<a href=\"http:\/\/esplac.cat\/wp-content\/uploads\/2013\/02\/LJV-Projekta-programma.docx\">LJV Projekta programma<\/a>\u201d. Si voleu participar-hi, heu d&#8217;enviar el vostre curriculum vitae en angl\u00e8s i una carta de motivaci\u00f3 tamb\u00e9 en angl\u00e8s abans del 20 de mar\u00e7 de 2013 a <a href=\"mailto:internacional@esplac.cat\">internacional@esplac.cat<\/a> i <a href=\"mailto:fon_kreslins@inbox.lv\">fon_kreslins@inbox.lv<\/a><\/p>\n<div>\n<p style=\"text-align: left;\">\n<\/div>\n","protected":false},"excerpt":{"rendered":"<p>Obertes les places per participar a tres activitats organitzades pels [&hellip;]<\/p>\n","protected":false},"author":3,"featured_media":0,"comment_status":"open","ping_status":"open","sticky":false,"template":"","format":"standard","meta":{"om_disable_all_campaigns":false,"_monsterinsights_skip_tracking":false,"_monsterinsights_sitenote_active":false,"_monsterinsights_sitenote_note":"","_monsterinsights_sitenote_category":0,"_uf_show_specific_survey":0,"_uf_disable_surveys":false,"footnotes":""},"categories":[1131,1112],"tags":[],"class_list":["post-25984","post","type-post","status-publish","format-standard","hentry","category-cursos-formacions","category-esplac-al-mon"],"yoast_head":"<!-- This site is optimized with the Yoast SEO plugin v27.5 - https:\/\/yoast.com\/product\/yoast-seo-wordpress\/ -->\n<title>Activitats de formaci\u00f3 als B\u00e0ltics - Esplac<\/title>\n<meta name=\"robots\" content=\"index, follow, max-snippet:-1, max-image-preview:large, max-video-preview:-1\" \/>\n<link rel=\"canonical\" href=\"https:\/\/www.esplac.cat\/activitats-de-formacio-als-baltics\/\" \/>\n<meta property=\"og:locale\" content=\"en_US\" \/>\n<meta property=\"og:type\" content=\"article\" \/>\n<meta property=\"og:title\" content=\"Activitats de formaci\u00f3 als B\u00e0ltics - Esplac\" \/>\n<meta property=\"og:description\" content=\"Obertes les places per participar a tres activitats organitzades pels [&hellip;]\" \/>\n<meta property=\"og:url\" content=\"https:\/\/www.esplac.cat\/activitats-de-formacio-als-baltics\/\" \/>\n<meta property=\"og:site_name\" content=\"Esplac\" \/>\n<meta property=\"article:published_time\" content=\"2013-02-08T14:19:00+00:00\" \/>\n<meta property=\"og:image\" content=\"https:\/\/www.esplac.cat\/wp-content\/uploads\/2019\/11\/logo-open.jpg\" \/>\n\t<meta property=\"og:image:width\" content=\"1200\" \/>\n\t<meta property=\"og:image:height\" content=\"630\" \/>\n\t<meta property=\"og:image:type\" content=\"image\/jpeg\" \/>\n<meta name=\"author\" content=\"Comunicaci\u00f3 Esplac\" \/>\n<meta name=\"twitter:card\" content=\"summary_large_image\" \/>\n<meta name=\"twitter:label1\" content=\"Written by\" \/>\n\t<meta name=\"twitter:data1\" content=\"Comunicaci\u00f3 Esplac\" \/>\n\t<meta name=\"twitter:label2\" content=\"Est. reading time\" \/>\n\t<meta name=\"twitter:data2\" content=\"2 minutes\" \/>\n<script type=\"application\/ld+json\" class=\"yoast-schema-graph\">{\"@context\":\"https:\\\/\\\/schema.org\",\"@graph\":[{\"@type\":\"Article\",\"@id\":\"https:\\\/\\\/www.esplac.cat\\\/activitats-de-formacio-als-baltics\\\/#article\",\"isPartOf\":{\"@id\":\"https:\\\/\\\/www.esplac.cat\\\/activitats-de-formacio-als-baltics\\\/\"},\"author\":{\"name\":\"Comunicaci\u00f3 Esplac\",\"@id\":\"https:\\\/\\\/www.esplac.cat\\\/#\\\/schema\\\/person\\\/908383cf240be18b68f8855d0583faca\"},\"headline\":\"Activitats de formaci\u00f3 als B\u00e0ltics\",\"datePublished\":\"2013-02-08T14:19:00+00:00\",\"mainEntityOfPage\":{\"@id\":\"https:\\\/\\\/www.esplac.cat\\\/activitats-de-formacio-als-baltics\\\/\"},\"wordCount\":423,\"commentCount\":0,\"publisher\":{\"@id\":\"https:\\\/\\\/www.esplac.cat\\\/#organization\"},\"articleSection\":[\"Cursos i formacions\",\"Esplac al m\u00f3n\"],\"inLanguage\":\"en-US\",\"potentialAction\":[{\"@type\":\"CommentAction\",\"name\":\"Comment\",\"target\":[\"https:\\\/\\\/www.esplac.cat\\\/activitats-de-formacio-als-baltics\\\/#respond\"]}]},{\"@type\":\"WebPage\",\"@id\":\"https:\\\/\\\/www.esplac.cat\\\/activitats-de-formacio-als-baltics\\\/\",\"url\":\"https:\\\/\\\/www.esplac.cat\\\/activitats-de-formacio-als-baltics\\\/\",\"name\":\"Activitats de formaci\u00f3 als B\u00e0ltics - Esplac\",\"isPartOf\":{\"@id\":\"https:\\\/\\\/www.esplac.cat\\\/#website\"},\"datePublished\":\"2013-02-08T14:19:00+00:00\",\"breadcrumb\":{\"@id\":\"https:\\\/\\\/www.esplac.cat\\\/activitats-de-formacio-als-baltics\\\/#breadcrumb\"},\"inLanguage\":\"en-US\",\"potentialAction\":[{\"@type\":\"ReadAction\",\"target\":[\"https:\\\/\\\/www.esplac.cat\\\/activitats-de-formacio-als-baltics\\\/\"]}]},{\"@type\":\"BreadcrumbList\",\"@id\":\"https:\\\/\\\/www.esplac.cat\\\/activitats-de-formacio-als-baltics\\\/#breadcrumb\",\"itemListElement\":[{\"@type\":\"ListItem\",\"position\":1,\"name\":\"Inici\",\"item\":\"https:\\\/\\\/www.esplac.cat\\\/en\\\/\"},{\"@type\":\"ListItem\",\"position\":2,\"name\":\"Activitats de formaci\u00f3 als B\u00e0ltics\"}]},{\"@type\":\"WebSite\",\"@id\":\"https:\\\/\\\/www.esplac.cat\\\/#website\",\"url\":\"https:\\\/\\\/www.esplac.cat\\\/\",\"name\":\"Esplac\",\"description\":\"Esplais Catalans\",\"publisher\":{\"@id\":\"https:\\\/\\\/www.esplac.cat\\\/#organization\"},\"potentialAction\":[{\"@type\":\"SearchAction\",\"target\":{\"@type\":\"EntryPoint\",\"urlTemplate\":\"https:\\\/\\\/www.esplac.cat\\\/?s={search_term_string}\"},\"query-input\":{\"@type\":\"PropertyValueSpecification\",\"valueRequired\":true,\"valueName\":\"search_term_string\"}}],\"inLanguage\":\"en-US\"},{\"@type\":\"Organization\",\"@id\":\"https:\\\/\\\/www.esplac.cat\\\/#organization\",\"name\":\"Esplac\",\"url\":\"https:\\\/\\\/www.esplac.cat\\\/\",\"logo\":{\"@type\":\"ImageObject\",\"inLanguage\":\"en-US\",\"@id\":\"https:\\\/\\\/www.esplac.cat\\\/#\\\/schema\\\/logo\\\/image\\\/\",\"url\":\"https:\\\/\\\/www.esplac.cat\\\/wp-content\\\/uploads\\\/2019\\\/08\\\/logox2.png\",\"contentUrl\":\"https:\\\/\\\/www.esplac.cat\\\/wp-content\\\/uploads\\\/2019\\\/08\\\/logox2.png\",\"width\":600,\"height\":295,\"caption\":\"Esplac\"},\"image\":{\"@id\":\"https:\\\/\\\/www.esplac.cat\\\/#\\\/schema\\\/logo\\\/image\\\/\"}},{\"@type\":\"Person\",\"@id\":\"https:\\\/\\\/www.esplac.cat\\\/#\\\/schema\\\/person\\\/908383cf240be18b68f8855d0583faca\",\"name\":\"Comunicaci\u00f3 Esplac\",\"image\":{\"@type\":\"ImageObject\",\"inLanguage\":\"en-US\",\"@id\":\"https:\\\/\\\/secure.gravatar.com\\\/avatar\\\/7a4cf8feb412a76ea4a740ca02d95b06b2907b5a6c648c2dd0a1082a093c3141?s=96&d=mm&r=g\",\"url\":\"https:\\\/\\\/secure.gravatar.com\\\/avatar\\\/7a4cf8feb412a76ea4a740ca02d95b06b2907b5a6c648c2dd0a1082a093c3141?s=96&d=mm&r=g\",\"contentUrl\":\"https:\\\/\\\/secure.gravatar.com\\\/avatar\\\/7a4cf8feb412a76ea4a740ca02d95b06b2907b5a6c648c2dd0a1082a093c3141?s=96&d=mm&r=g\",\"caption\":\"Comunicaci\u00f3 Esplac\"}}]}<\/script>\n<!-- \/ Yoast SEO plugin. -->","yoast_head_json":{"title":"Activitats de formaci\u00f3 als B\u00e0ltics - Esplac","robots":{"index":"index","follow":"follow","max-snippet":"max-snippet:-1","max-image-preview":"max-image-preview:large","max-video-preview":"max-video-preview:-1"},"canonical":"https:\/\/www.esplac.cat\/activitats-de-formacio-als-baltics\/","og_locale":"en_US","og_type":"article","og_title":"Activitats de formaci\u00f3 als B\u00e0ltics - Esplac","og_description":"Obertes les places per participar a tres activitats organitzades pels [&hellip;]","og_url":"https:\/\/www.esplac.cat\/activitats-de-formacio-als-baltics\/","og_site_name":"Esplac","article_published_time":"2013-02-08T14:19:00+00:00","og_image":[{"width":1200,"height":630,"url":"https:\/\/www.esplac.cat\/wp-content\/uploads\/2019\/11\/logo-open.jpg","type":"image\/jpeg"}],"author":"Comunicaci\u00f3 Esplac","twitter_card":"summary_large_image","twitter_misc":{"Written by":"Comunicaci\u00f3 Esplac","Est. reading time":"2 minutes"},"schema":{"@context":"https:\/\/schema.org","@graph":[{"@type":"Article","@id":"https:\/\/www.esplac.cat\/activitats-de-formacio-als-baltics\/#article","isPartOf":{"@id":"https:\/\/www.esplac.cat\/activitats-de-formacio-als-baltics\/"},"author":{"name":"Comunicaci\u00f3 Esplac","@id":"https:\/\/www.esplac.cat\/#\/schema\/person\/908383cf240be18b68f8855d0583faca"},"headline":"Activitats de formaci\u00f3 als B\u00e0ltics","datePublished":"2013-02-08T14:19:00+00:00","mainEntityOfPage":{"@id":"https:\/\/www.esplac.cat\/activitats-de-formacio-als-baltics\/"},"wordCount":423,"commentCount":0,"publisher":{"@id":"https:\/\/www.esplac.cat\/#organization"},"articleSection":["Cursos i formacions","Esplac al m\u00f3n"],"inLanguage":"en-US","potentialAction":[{"@type":"CommentAction","name":"Comment","target":["https:\/\/www.esplac.cat\/activitats-de-formacio-als-baltics\/#respond"]}]},{"@type":"WebPage","@id":"https:\/\/www.esplac.cat\/activitats-de-formacio-als-baltics\/","url":"https:\/\/www.esplac.cat\/activitats-de-formacio-als-baltics\/","name":"Activitats de formaci\u00f3 als B\u00e0ltics - Esplac","isPartOf":{"@id":"https:\/\/www.esplac.cat\/#website"},"datePublished":"2013-02-08T14:19:00+00:00","breadcrumb":{"@id":"https:\/\/www.esplac.cat\/activitats-de-formacio-als-baltics\/#breadcrumb"},"inLanguage":"en-US","potentialAction":[{"@type":"ReadAction","target":["https:\/\/www.esplac.cat\/activitats-de-formacio-als-baltics\/"]}]},{"@type":"BreadcrumbList","@id":"https:\/\/www.esplac.cat\/activitats-de-formacio-als-baltics\/#breadcrumb","itemListElement":[{"@type":"ListItem","position":1,"name":"Inici","item":"https:\/\/www.esplac.cat\/en\/"},{"@type":"ListItem","position":2,"name":"Activitats de formaci\u00f3 als B\u00e0ltics"}]},{"@type":"WebSite","@id":"https:\/\/www.esplac.cat\/#website","url":"https:\/\/www.esplac.cat\/","name":"Esplac","description":"Esplais Catalans","publisher":{"@id":"https:\/\/www.esplac.cat\/#organization"},"potentialAction":[{"@type":"SearchAction","target":{"@type":"EntryPoint","urlTemplate":"https:\/\/www.esplac.cat\/?s={search_term_string}"},"query-input":{"@type":"PropertyValueSpecification","valueRequired":true,"valueName":"search_term_string"}}],"inLanguage":"en-US"},{"@type":"Organization","@id":"https:\/\/www.esplac.cat\/#organization","name":"Esplac","url":"https:\/\/www.esplac.cat\/","logo":{"@type":"ImageObject","inLanguage":"en-US","@id":"https:\/\/www.esplac.cat\/#\/schema\/logo\/image\/","url":"https:\/\/www.esplac.cat\/wp-content\/uploads\/2019\/08\/logox2.png","contentUrl":"https:\/\/www.esplac.cat\/wp-content\/uploads\/2019\/08\/logox2.png","width":600,"height":295,"caption":"Esplac"},"image":{"@id":"https:\/\/www.esplac.cat\/#\/schema\/logo\/image\/"}},{"@type":"Person","@id":"https:\/\/www.esplac.cat\/#\/schema\/person\/908383cf240be18b68f8855d0583faca","name":"Comunicaci\u00f3 Esplac","image":{"@type":"ImageObject","inLanguage":"en-US","@id":"https:\/\/secure.gravatar.com\/avatar\/7a4cf8feb412a76ea4a740ca02d95b06b2907b5a6c648c2dd0a1082a093c3141?s=96&d=mm&r=g","url":"https:\/\/secure.gravatar.com\/avatar\/7a4cf8feb412a76ea4a740ca02d95b06b2907b5a6c648c2dd0a1082a093c3141?s=96&d=mm&r=g","contentUrl":"https:\/\/secure.gravatar.com\/avatar\/7a4cf8feb412a76ea4a740ca02d95b06b2907b5a6c648c2dd0a1082a093c3141?s=96&d=mm&r=g","caption":"Comunicaci\u00f3 Esplac"}}]}},"_links":{"self":[{"href":"https:\/\/www.esplac.cat\/en\/wp-json\/wp\/v2\/posts\/25984","targetHints":{"allow":["GET"]}}],"collection":[{"href":"https:\/\/www.esplac.cat\/en\/wp-json\/wp\/v2\/posts"}],"about":[{"href":"https:\/\/www.esplac.cat\/en\/wp-json\/wp\/v2\/types\/post"}],"author":[{"embeddable":true,"href":"https:\/\/www.esplac.cat\/en\/wp-json\/wp\/v2\/users\/3"}],"replies":[{"embeddable":true,"href":"https:\/\/www.esplac.cat\/en\/wp-json\/wp\/v2\/comments?post=25984"}],"version-history":[{"count":0,"href":"https:\/\/www.esplac.cat\/en\/wp-json\/wp\/v2\/posts\/25984\/revisions"}],"wp:attachment":[{"href":"https:\/\/www.esplac.cat\/en\/wp-json\/wp\/v2\/media?parent=25984"}],"wp:term":[{"taxonomy":"category","embeddable":true,"href":"https:\/\/www.esplac.cat\/en\/wp-json\/wp\/v2\/categories?post=25984"},{"taxonomy":"post_tag","embeddable":true,"href":"https:\/\/www.esplac.cat\/en\/wp-json\/wp\/v2\/tags?post=25984"}],"curies":[{"name":"wp","href":"https:\/\/api.w.org\/{rel}","templated":true}]}}