{"id":26011,"date":"2012-12-07T10:14:56","date_gmt":"2012-12-07T08:14:56","guid":{"rendered":"http:\/\/esplac.cat\/?p=2577"},"modified":"2019-11-14T12:01:51","modified_gmt":"2019-11-14T10:01:51","slug":"va-de-genere-jornade","status":"publish","type":"post","link":"https:\/\/www.esplac.cat\/en\/va-de-genere-jornade\/","title":{"rendered":"Va de g\u00e8nere: Jornades de lleure i sexisme i m\u00e9s"},"content":{"rendered":"<p>Despr\u00e9s que a les conclusions de l&#8217;Escola de Dirigents es mencion\u00e9s m\u00e9s d&#8217;una vegada\u00a0 la necessitat d&#8217;aprofundir als esplais sobre temes de g\u00e8nere, tenim diverses not\u00edcies que compartir amb vosaltres que us resultaran interessants.<\/p>\n<p>Ja estan obertes les inscripcions per les<strong> Terceres Jornades de Lleure i Sexisme<\/strong>, que aquest curs es duran a terme el 19 de gener de 2012. El seu <a href=\"http:\/\/esplac.cat\/wp-content\/uploads\/2012\/12\/programa-sexisme-2013.pdf\">programa<\/a>\u00a0girar\u00e0 al voltant del tema de l<strong>&#8216;autoestima<\/strong> com element rellevant en el treball coeducatiu que fem a les entitats d&#8217;associacionisme educatiu. Els i les monis d&#8217;Esplac podeu fer la inscripci\u00f3 directament per l&#8217;<a title=\"assac on-line esplais catalans\" href=\"http:\/\/assac.esplac.cat\" target=\"_blank\" rel=\"noopener noreferrer\">ASSAC on-lin<\/a>e i, tot i que no es preveu tancar-les fins a dues setmanes abans, no trigueu en inscriure-us perqu\u00e8 les places s\u00f3n limitades!<\/p>\n<p>I recordeu que el mes passat us parl\u00e0vem de l&#8217;IFM (la xarxa internacional de la que Esplac forma part)? En concret, us present\u00e0vem els seus recursos pedag\u00f2gics, un d&#8217;ells per treballar el g\u00e8nere: <a href=\"http:\/\/esplac.cat\/novetats_prestec_recursos_pedagogics_internacionalitzen\/\">Rainbow Resources<\/a>. Si voleu saber-ne m\u00e9s, tres monitores d&#8217;Esplac van participar en una formaci\u00f3 internacional per a con\u00e8ixer millor l&#8217;eina i en breu programaran una petita sessi\u00f3 per donar-lo a con\u00e8ixer a tothom a qui li interessi! Estigueu pendents al web o feu un mail a <a href=\"mailto:suportprojectes@esplac.cat\">suportprojectes@esplac.cat<\/a>.<\/p>\n<p>A m\u00e9s, l&#8217;IFM enceta un nou projecte: ECOS FEMINISTES INTERNACIONALS. Aquest projecte vol fer ress\u00f2 de les veus de les dones joves en les diferents comunitats on viuen, a trav\u00e9s d&#8217;un bloc on es recolliran articles escrits per les joves de les organitzacions de l&#8217;IFM sobre qualsevol tema vinculat a les dones que contribueixi al seu creixement personal i comunitari (viol\u00e8ncia contra les dones, participaci\u00f3 pol\u00edtica de les dones i l&#8217;educaci\u00f3 de les nenes, el feminisme i la igualtat de g\u00e8nere i la sexualitat&#8230;). Si est\u00e0s interessada en el projecte, envia els teus articles a <a href=\"mailto:feministechoes@gmail.com\">feministechoes@gmail.com <\/a>i informa&#8217;ns tamb\u00e9 a nosaltres posant-te en contacte amb l&#8217;Elena (<a href=\"mailto:suportprojectes@esplac.cat\">suportprojectes@esplac.cat<\/a>).<\/p>\n","protected":false},"excerpt":{"rendered":"<p>Despr\u00e9s que a les conclusions de l&#8217;Escola de Dirigents es [&hellip;]<\/p>\n","protected":false},"author":3,"featured_media":26012,"comment_status":"open","ping_status":"open","sticky":false,"template":"","format":"standard","meta":{"om_disable_all_campaigns":false,"_monsterinsights_skip_tracking":false,"_monsterinsights_sitenote_active":false,"_monsterinsights_sitenote_note":"","_monsterinsights_sitenote_category":0,"_uf_show_specific_survey":0,"_uf_disable_surveys":false,"footnotes":""},"categories":[1111,1158],"tags":[58,73],"class_list":["post-26011","post","type-post","status-publish","format-standard","has-post-thumbnail","hentry","category-activitats-esplac","category-jornades-lleure-feminismes","tag-genere","tag-sexualitat"],"yoast_head":"<!-- This site is optimized with the Yoast SEO plugin v27.5 - https:\/\/yoast.com\/product\/yoast-seo-wordpress\/ -->\n<title>Va de g\u00e8nere: Jornades de lleure i sexisme i m\u00e9s - Esplac<\/title>\n<meta name=\"robots\" content=\"index, follow, max-snippet:-1, max-image-preview:large, max-video-preview:-1\" \/>\n<link rel=\"canonical\" href=\"https:\/\/www.esplac.cat\/va-de-genere-jornade\/\" \/>\n<meta property=\"og:locale\" content=\"en_US\" \/>\n<meta property=\"og:type\" content=\"article\" \/>\n<meta property=\"og:title\" content=\"Va de g\u00e8nere: Jornades de lleure i sexisme i m\u00e9s - Esplac\" \/>\n<meta property=\"og:description\" content=\"Despr\u00e9s que a les conclusions de l&#8217;Escola de Dirigents es [&hellip;]\" \/>\n<meta property=\"og:url\" content=\"https:\/\/www.esplac.cat\/va-de-genere-jornade\/\" \/>\n<meta property=\"og:site_name\" content=\"Esplac\" \/>\n<meta property=\"article:published_time\" content=\"2012-12-07T08:14:56+00:00\" \/>\n<meta property=\"article:modified_time\" content=\"2019-11-14T10:01:51+00:00\" \/>\n<meta property=\"og:image\" content=\"https:\/\/www.esplac.cat\/wp-content\/uploads\/2012\/12\/genere_esplai-1024x682.jpg\" \/>\n\t<meta property=\"og:image:width\" content=\"1024\" \/>\n\t<meta property=\"og:image:height\" content=\"682\" \/>\n\t<meta property=\"og:image:type\" content=\"image\/jpeg\" \/>\n<meta name=\"author\" content=\"Comunicaci\u00f3 Esplac\" \/>\n<meta name=\"twitter:card\" content=\"summary_large_image\" \/>\n<meta name=\"twitter:label1\" content=\"Written by\" \/>\n\t<meta name=\"twitter:data1\" content=\"Comunicaci\u00f3 Esplac\" \/>\n\t<meta name=\"twitter:label2\" content=\"Est. reading time\" \/>\n\t<meta name=\"twitter:data2\" content=\"2 minutes\" \/>\n<script type=\"application\/ld+json\" class=\"yoast-schema-graph\">{\"@context\":\"https:\\\/\\\/schema.org\",\"@graph\":[{\"@type\":\"Article\",\"@id\":\"https:\\\/\\\/www.esplac.cat\\\/va-de-genere-jornade\\\/#article\",\"isPartOf\":{\"@id\":\"https:\\\/\\\/www.esplac.cat\\\/va-de-genere-jornade\\\/\"},\"author\":{\"name\":\"Comunicaci\u00f3 Esplac\",\"@id\":\"https:\\\/\\\/www.esplac.cat\\\/#\\\/schema\\\/person\\\/908383cf240be18b68f8855d0583faca\"},\"headline\":\"Va de g\u00e8nere: Jornades de lleure i sexisme i m\u00e9s\",\"datePublished\":\"2012-12-07T08:14:56+00:00\",\"dateModified\":\"2019-11-14T10:01:51+00:00\",\"mainEntityOfPage\":{\"@id\":\"https:\\\/\\\/www.esplac.cat\\\/va-de-genere-jornade\\\/\"},\"wordCount\":358,\"commentCount\":0,\"publisher\":{\"@id\":\"https:\\\/\\\/www.esplac.cat\\\/#organization\"},\"image\":{\"@id\":\"https:\\\/\\\/www.esplac.cat\\\/va-de-genere-jornade\\\/#primaryimage\"},\"thumbnailUrl\":\"https:\\\/\\\/www.esplac.cat\\\/wp-content\\\/uploads\\\/2012\\\/12\\\/genere_esplai.jpg\",\"keywords\":[\"g\u00e8nere\",\"sexualitat\"],\"articleSection\":[\"Activitats esplac\",\"Jornades de Lleure i Feminismes\"],\"inLanguage\":\"en-US\",\"potentialAction\":[{\"@type\":\"CommentAction\",\"name\":\"Comment\",\"target\":[\"https:\\\/\\\/www.esplac.cat\\\/va-de-genere-jornade\\\/#respond\"]}]},{\"@type\":\"WebPage\",\"@id\":\"https:\\\/\\\/www.esplac.cat\\\/va-de-genere-jornade\\\/\",\"url\":\"https:\\\/\\\/www.esplac.cat\\\/va-de-genere-jornade\\\/\",\"name\":\"Va de g\u00e8nere: Jornades de lleure i sexisme i m\u00e9s - Esplac\",\"isPartOf\":{\"@id\":\"https:\\\/\\\/www.esplac.cat\\\/#website\"},\"primaryImageOfPage\":{\"@id\":\"https:\\\/\\\/www.esplac.cat\\\/va-de-genere-jornade\\\/#primaryimage\"},\"image\":{\"@id\":\"https:\\\/\\\/www.esplac.cat\\\/va-de-genere-jornade\\\/#primaryimage\"},\"thumbnailUrl\":\"https:\\\/\\\/www.esplac.cat\\\/wp-content\\\/uploads\\\/2012\\\/12\\\/genere_esplai.jpg\",\"datePublished\":\"2012-12-07T08:14:56+00:00\",\"dateModified\":\"2019-11-14T10:01:51+00:00\",\"breadcrumb\":{\"@id\":\"https:\\\/\\\/www.esplac.cat\\\/va-de-genere-jornade\\\/#breadcrumb\"},\"inLanguage\":\"en-US\",\"potentialAction\":[{\"@type\":\"ReadAction\",\"target\":[\"https:\\\/\\\/www.esplac.cat\\\/va-de-genere-jornade\\\/\"]}]},{\"@type\":\"ImageObject\",\"inLanguage\":\"en-US\",\"@id\":\"https:\\\/\\\/www.esplac.cat\\\/va-de-genere-jornade\\\/#primaryimage\",\"url\":\"https:\\\/\\\/www.esplac.cat\\\/wp-content\\\/uploads\\\/2012\\\/12\\\/genere_esplai.jpg\",\"contentUrl\":\"https:\\\/\\\/www.esplac.cat\\\/wp-content\\\/uploads\\\/2012\\\/12\\\/genere_esplai.jpg\",\"width\":3088,\"height\":2056},{\"@type\":\"BreadcrumbList\",\"@id\":\"https:\\\/\\\/www.esplac.cat\\\/va-de-genere-jornade\\\/#breadcrumb\",\"itemListElement\":[{\"@type\":\"ListItem\",\"position\":1,\"name\":\"Inici\",\"item\":\"https:\\\/\\\/www.esplac.cat\\\/en\\\/\"},{\"@type\":\"ListItem\",\"position\":2,\"name\":\"Va de g\u00e8nere: Jornades de lleure i sexisme i m\u00e9s\"}]},{\"@type\":\"WebSite\",\"@id\":\"https:\\\/\\\/www.esplac.cat\\\/#website\",\"url\":\"https:\\\/\\\/www.esplac.cat\\\/\",\"name\":\"Esplac\",\"description\":\"Esplais Catalans\",\"publisher\":{\"@id\":\"https:\\\/\\\/www.esplac.cat\\\/#organization\"},\"potentialAction\":[{\"@type\":\"SearchAction\",\"target\":{\"@type\":\"EntryPoint\",\"urlTemplate\":\"https:\\\/\\\/www.esplac.cat\\\/?s={search_term_string}\"},\"query-input\":{\"@type\":\"PropertyValueSpecification\",\"valueRequired\":true,\"valueName\":\"search_term_string\"}}],\"inLanguage\":\"en-US\"},{\"@type\":\"Organization\",\"@id\":\"https:\\\/\\\/www.esplac.cat\\\/#organization\",\"name\":\"Esplac\",\"url\":\"https:\\\/\\\/www.esplac.cat\\\/\",\"logo\":{\"@type\":\"ImageObject\",\"inLanguage\":\"en-US\",\"@id\":\"https:\\\/\\\/www.esplac.cat\\\/#\\\/schema\\\/logo\\\/image\\\/\",\"url\":\"https:\\\/\\\/www.esplac.cat\\\/wp-content\\\/uploads\\\/2019\\\/08\\\/logox2.png\",\"contentUrl\":\"https:\\\/\\\/www.esplac.cat\\\/wp-content\\\/uploads\\\/2019\\\/08\\\/logox2.png\",\"width\":600,\"height\":295,\"caption\":\"Esplac\"},\"image\":{\"@id\":\"https:\\\/\\\/www.esplac.cat\\\/#\\\/schema\\\/logo\\\/image\\\/\"}},{\"@type\":\"Person\",\"@id\":\"https:\\\/\\\/www.esplac.cat\\\/#\\\/schema\\\/person\\\/908383cf240be18b68f8855d0583faca\",\"name\":\"Comunicaci\u00f3 Esplac\",\"image\":{\"@type\":\"ImageObject\",\"inLanguage\":\"en-US\",\"@id\":\"https:\\\/\\\/secure.gravatar.com\\\/avatar\\\/7a4cf8feb412a76ea4a740ca02d95b06b2907b5a6c648c2dd0a1082a093c3141?s=96&d=mm&r=g\",\"url\":\"https:\\\/\\\/secure.gravatar.com\\\/avatar\\\/7a4cf8feb412a76ea4a740ca02d95b06b2907b5a6c648c2dd0a1082a093c3141?s=96&d=mm&r=g\",\"contentUrl\":\"https:\\\/\\\/secure.gravatar.com\\\/avatar\\\/7a4cf8feb412a76ea4a740ca02d95b06b2907b5a6c648c2dd0a1082a093c3141?s=96&d=mm&r=g\",\"caption\":\"Comunicaci\u00f3 Esplac\"}}]}<\/script>\n<!-- \/ Yoast SEO plugin. -->","yoast_head_json":{"title":"Va de g\u00e8nere: Jornades de lleure i sexisme i m\u00e9s - Esplac","robots":{"index":"index","follow":"follow","max-snippet":"max-snippet:-1","max-image-preview":"max-image-preview:large","max-video-preview":"max-video-preview:-1"},"canonical":"https:\/\/www.esplac.cat\/va-de-genere-jornade\/","og_locale":"en_US","og_type":"article","og_title":"Va de g\u00e8nere: Jornades de lleure i sexisme i m\u00e9s - Esplac","og_description":"Despr\u00e9s que a les conclusions de l&#8217;Escola de Dirigents es [&hellip;]","og_url":"https:\/\/www.esplac.cat\/va-de-genere-jornade\/","og_site_name":"Esplac","article_published_time":"2012-12-07T08:14:56+00:00","article_modified_time":"2019-11-14T10:01:51+00:00","og_image":[{"width":1024,"height":682,"url":"https:\/\/www.esplac.cat\/wp-content\/uploads\/2012\/12\/genere_esplai-1024x682.jpg","type":"image\/jpeg"}],"author":"Comunicaci\u00f3 Esplac","twitter_card":"summary_large_image","twitter_misc":{"Written by":"Comunicaci\u00f3 Esplac","Est. reading time":"2 minutes"},"schema":{"@context":"https:\/\/schema.org","@graph":[{"@type":"Article","@id":"https:\/\/www.esplac.cat\/va-de-genere-jornade\/#article","isPartOf":{"@id":"https:\/\/www.esplac.cat\/va-de-genere-jornade\/"},"author":{"name":"Comunicaci\u00f3 Esplac","@id":"https:\/\/www.esplac.cat\/#\/schema\/person\/908383cf240be18b68f8855d0583faca"},"headline":"Va de g\u00e8nere: Jornades de lleure i sexisme i m\u00e9s","datePublished":"2012-12-07T08:14:56+00:00","dateModified":"2019-11-14T10:01:51+00:00","mainEntityOfPage":{"@id":"https:\/\/www.esplac.cat\/va-de-genere-jornade\/"},"wordCount":358,"commentCount":0,"publisher":{"@id":"https:\/\/www.esplac.cat\/#organization"},"image":{"@id":"https:\/\/www.esplac.cat\/va-de-genere-jornade\/#primaryimage"},"thumbnailUrl":"https:\/\/www.esplac.cat\/wp-content\/uploads\/2012\/12\/genere_esplai.jpg","keywords":["g\u00e8nere","sexualitat"],"articleSection":["Activitats esplac","Jornades de Lleure i Feminismes"],"inLanguage":"en-US","potentialAction":[{"@type":"CommentAction","name":"Comment","target":["https:\/\/www.esplac.cat\/va-de-genere-jornade\/#respond"]}]},{"@type":"WebPage","@id":"https:\/\/www.esplac.cat\/va-de-genere-jornade\/","url":"https:\/\/www.esplac.cat\/va-de-genere-jornade\/","name":"Va de g\u00e8nere: Jornades de lleure i sexisme i m\u00e9s - Esplac","isPartOf":{"@id":"https:\/\/www.esplac.cat\/#website"},"primaryImageOfPage":{"@id":"https:\/\/www.esplac.cat\/va-de-genere-jornade\/#primaryimage"},"image":{"@id":"https:\/\/www.esplac.cat\/va-de-genere-jornade\/#primaryimage"},"thumbnailUrl":"https:\/\/www.esplac.cat\/wp-content\/uploads\/2012\/12\/genere_esplai.jpg","datePublished":"2012-12-07T08:14:56+00:00","dateModified":"2019-11-14T10:01:51+00:00","breadcrumb":{"@id":"https:\/\/www.esplac.cat\/va-de-genere-jornade\/#breadcrumb"},"inLanguage":"en-US","potentialAction":[{"@type":"ReadAction","target":["https:\/\/www.esplac.cat\/va-de-genere-jornade\/"]}]},{"@type":"ImageObject","inLanguage":"en-US","@id":"https:\/\/www.esplac.cat\/va-de-genere-jornade\/#primaryimage","url":"https:\/\/www.esplac.cat\/wp-content\/uploads\/2012\/12\/genere_esplai.jpg","contentUrl":"https:\/\/www.esplac.cat\/wp-content\/uploads\/2012\/12\/genere_esplai.jpg","width":3088,"height":2056},{"@type":"BreadcrumbList","@id":"https:\/\/www.esplac.cat\/va-de-genere-jornade\/#breadcrumb","itemListElement":[{"@type":"ListItem","position":1,"name":"Inici","item":"https:\/\/www.esplac.cat\/en\/"},{"@type":"ListItem","position":2,"name":"Va de g\u00e8nere: Jornades de lleure i sexisme i m\u00e9s"}]},{"@type":"WebSite","@id":"https:\/\/www.esplac.cat\/#website","url":"https:\/\/www.esplac.cat\/","name":"Esplac","description":"Esplais Catalans","publisher":{"@id":"https:\/\/www.esplac.cat\/#organization"},"potentialAction":[{"@type":"SearchAction","target":{"@type":"EntryPoint","urlTemplate":"https:\/\/www.esplac.cat\/?s={search_term_string}"},"query-input":{"@type":"PropertyValueSpecification","valueRequired":true,"valueName":"search_term_string"}}],"inLanguage":"en-US"},{"@type":"Organization","@id":"https:\/\/www.esplac.cat\/#organization","name":"Esplac","url":"https:\/\/www.esplac.cat\/","logo":{"@type":"ImageObject","inLanguage":"en-US","@id":"https:\/\/www.esplac.cat\/#\/schema\/logo\/image\/","url":"https:\/\/www.esplac.cat\/wp-content\/uploads\/2019\/08\/logox2.png","contentUrl":"https:\/\/www.esplac.cat\/wp-content\/uploads\/2019\/08\/logox2.png","width":600,"height":295,"caption":"Esplac"},"image":{"@id":"https:\/\/www.esplac.cat\/#\/schema\/logo\/image\/"}},{"@type":"Person","@id":"https:\/\/www.esplac.cat\/#\/schema\/person\/908383cf240be18b68f8855d0583faca","name":"Comunicaci\u00f3 Esplac","image":{"@type":"ImageObject","inLanguage":"en-US","@id":"https:\/\/secure.gravatar.com\/avatar\/7a4cf8feb412a76ea4a740ca02d95b06b2907b5a6c648c2dd0a1082a093c3141?s=96&d=mm&r=g","url":"https:\/\/secure.gravatar.com\/avatar\/7a4cf8feb412a76ea4a740ca02d95b06b2907b5a6c648c2dd0a1082a093c3141?s=96&d=mm&r=g","contentUrl":"https:\/\/secure.gravatar.com\/avatar\/7a4cf8feb412a76ea4a740ca02d95b06b2907b5a6c648c2dd0a1082a093c3141?s=96&d=mm&r=g","caption":"Comunicaci\u00f3 Esplac"}}]}},"_links":{"self":[{"href":"https:\/\/www.esplac.cat\/en\/wp-json\/wp\/v2\/posts\/26011","targetHints":{"allow":["GET"]}}],"collection":[{"href":"https:\/\/www.esplac.cat\/en\/wp-json\/wp\/v2\/posts"}],"about":[{"href":"https:\/\/www.esplac.cat\/en\/wp-json\/wp\/v2\/types\/post"}],"author":[{"embeddable":true,"href":"https:\/\/www.esplac.cat\/en\/wp-json\/wp\/v2\/users\/3"}],"replies":[{"embeddable":true,"href":"https:\/\/www.esplac.cat\/en\/wp-json\/wp\/v2\/comments?post=26011"}],"version-history":[{"count":0,"href":"https:\/\/www.esplac.cat\/en\/wp-json\/wp\/v2\/posts\/26011\/revisions"}],"wp:featuredmedia":[{"embeddable":true,"href":"https:\/\/www.esplac.cat\/en\/wp-json\/wp\/v2\/media\/26012"}],"wp:attachment":[{"href":"https:\/\/www.esplac.cat\/en\/wp-json\/wp\/v2\/media?parent=26011"}],"wp:term":[{"taxonomy":"category","embeddable":true,"href":"https:\/\/www.esplac.cat\/en\/wp-json\/wp\/v2\/categories?post=26011"},{"taxonomy":"post_tag","embeddable":true,"href":"https:\/\/www.esplac.cat\/en\/wp-json\/wp\/v2\/tags?post=26011"}],"curies":[{"name":"wp","href":"https:\/\/api.w.org\/{rel}","templated":true}]}}